{"id":19494,"date":"2024-01-06T19:34:39","date_gmt":"2024-01-06T18:34:39","guid":{"rendered":"https:\/\/www.ladiagonale.net\/?p=19494"},"modified":"2024-01-06T19:39:43","modified_gmt":"2024-01-06T18:39:43","slug":"le-groupe-monegasque-kehrer-present-quatre-joueurs-du-groupe-elite-convoques","status":"publish","type":"post","link":"https:\/\/www.ladiagonale.net\/index.php\/2024\/01\/06\/le-groupe-monegasque-kehrer-present-quatre-joueurs-du-groupe-elite-convoques\/","title":{"rendered":"Le groupe mon\u00e9gasque : Kehrer pr\u00e9sent, quatre joueurs du Groupe \u00c9lite convoqu\u00e9s"},"content":{"rendered":"\n\n\n<p>Entre les blessures, les appel\u00e9s en s\u00e9lection et le suspendu, Adi H\u00fctter a \u00e9t\u00e9 contraint dans puiser dans le vivier de l&rsquo;Academy et du Groupe \u00c9lite pour pouvoir convoquer 21 joueurs pour le d\u00e9placement \u00e0 Lens de ce dimanche (14h30). Si Kehrer est pr\u00eat \u00e0 jouer, selon l&rsquo;Autrichien, et est d\u00e9j\u00e0 dans le groupe sit\u00f4t arriv\u00e9, de nombreux jeunes ont \u00e9t\u00e9 appel\u00e9.<\/p>\n\n\n\n<p>En d\u00e9fense, Antonin Cartillier, lat\u00e9ral gauche, et Aur\u00e9lien Platret, lat\u00e9raux droit et pour qui c&rsquo;est la premi\u00e8re convocation en \u00e9quipe premi\u00e8re, feront office de doublures de Kassoum Ouattara et Vanderson. Au milieu, avec les absences de Mohamed Camara, Eliot Matazo et Aleksandr Golovin, Mamadou Coulibaly et Sa\u00efmon Bouabr\u00e9 ont \u00e9t\u00e9 convoqu\u00e9s.<\/p>\n\n\n\n<p>Le groupe mon\u00e9gasque<\/p>\n\n\n\n<ul><li><strong>Gardiens :<\/strong> K\u00f6hn, Lienard, Majecki.<\/li><li><strong>D\u00e9fenseurs :<\/strong> Cartillier, Kehrer, Magassa, Maripan, Matsima, Ouattara, Platret, Vanderson.<\/li><li><strong>Milieux :<\/strong> Akliouche, Bouabr\u00e9, Coulibaly, Diop, Fofana, Zakaria.<\/li><li><strong>Attaquants : <\/strong>Balogun, Ben Yedder, Boadu, Efekele.<\/li><\/ul>\n\n\n\n<p><em>Absents : <\/em>Golovin (suspendu), Matazo, Embolo, C. Henrique (bless\u00e9s), Ben Seghir (reprise), Camara, Diatta, Jakobs, Minamino, Salisu, Singo (s\u00e9lection)<\/p>\n","protected":false},"excerpt":{"rendered":"<p>Entre les blessures, les appel\u00e9s en s\u00e9lection et le suspendu, Adi H\u00fctter a \u00e9t\u00e9 contraint dans puiser dans le vivier de l&rsquo;Academy et du Groupe \u00c9lite pour pouvoir convoquer 21 joueurs pour le d\u00e9placement \u00e0 Lens de ce dimanche (14h30). Si Kehrer est pr\u00eat \u00e0 jouer, selon l&rsquo;Autrichien, et est d\u00e9j\u00e0 dans le groupe sit\u00f4t [&#8230;]\n","protected":false},"author":2,"featured_media":0,"comment_status":"open","ping_status":"open","sticky":false,"template":"","format":"standard","meta":[],"categories":[4,6],"tags":[86,232,225,499],"yoast_head":"<!-- This site is optimized with the Yoast SEO plugin v19.8 - https:\/\/yoast.com\/wordpress\/plugins\/seo\/ -->\n<title>Le groupe mon\u00e9gasque : Kehrer pr\u00e9sent, quatre joueurs du Groupe \u00c9lite convoqu\u00e9s - La Diagonale<\/title>\n<meta name=\"robots\" content=\"index, follow, max-snippet:-1, max-image-preview:large, max-video-preview:-1\" \/>\n<link rel=\"canonical\" href=\"https:\/\/www.ladiagonale.net\/index.php\/2024\/01\/06\/le-groupe-monegasque-kehrer-present-quatre-joueurs-du-groupe-elite-convoques\/\" \/>\n<meta property=\"og:locale\" content=\"fr_FR\" \/>\n<meta property=\"og:type\" content=\"article\" \/>\n<meta property=\"og:title\" content=\"Le groupe mon\u00e9gasque : Kehrer pr\u00e9sent, quatre joueurs du Groupe \u00c9lite convoqu\u00e9s - La Diagonale\" \/>\n<meta property=\"og:description\" content=\"Entre les blessures, les appel\u00e9s en s\u00e9lection et le suspendu, Adi H\u00fctter a \u00e9t\u00e9 contraint dans puiser dans le vivier de l&rsquo;Academy et du Groupe \u00c9lite pour pouvoir convoquer 21 joueurs pour le d\u00e9placement \u00e0 Lens de ce dimanche (14h30). Si Kehrer est pr\u00eat \u00e0 jouer, selon l&rsquo;Autrichien, et est d\u00e9j\u00e0 dans le groupe sit\u00f4t [...]\" \/>\n<meta property=\"og:url\" content=\"https:\/\/www.ladiagonale.net\/index.php\/2024\/01\/06\/le-groupe-monegasque-kehrer-present-quatre-joueurs-du-groupe-elite-convoques\/\" \/>\n<meta property=\"og:site_name\" content=\"La Diagonale\" \/>\n<meta property=\"article:published_time\" content=\"2024-01-06T18:34:39+00:00\" \/>\n<meta property=\"article:modified_time\" content=\"2024-01-06T18:39:43+00:00\" \/>\n<meta property=\"og:image\" content=\"https:\/\/www.ladiagonale.net\/wp-content\/uploads\/2024\/01\/dsc4113.jpg\" \/>\n\t<meta property=\"og:image:width\" content=\"1160\" \/>\n\t<meta property=\"og:image:height\" content=\"650\" \/>\n\t<meta property=\"og:image:type\" content=\"image\/jpeg\" \/>\n<meta name=\"author\" content=\"Damien Dellerba\" \/>\n<meta name=\"twitter:card\" content=\"summary_large_image\" \/>\n<meta name=\"twitter:image\" content=\"https:\/\/www.ladiagonale.net\/wp-content\/uploads\/2024\/01\/dsc4113.jpg\" \/>\n<meta name=\"twitter:label1\" content=\"\u00c9crit par\" \/>\n\t<meta name=\"twitter:data1\" content=\"Damien Dellerba\" \/>\n\t<meta name=\"twitter:label2\" content=\"Dur\u00e9e de lecture estim\u00e9e\" \/>\n\t<meta name=\"twitter:data2\" content=\"1 minute\" \/>\n<script type=\"application\/ld+json\" class=\"yoast-schema-graph\">{\"@context\":\"https:\/\/schema.org\",\"@graph\":[{\"@type\":\"WebPage\",\"@id\":\"https:\/\/www.ladiagonale.net\/index.php\/2024\/01\/06\/le-groupe-monegasque-kehrer-present-quatre-joueurs-du-groupe-elite-convoques\/\",\"url\":\"https:\/\/www.ladiagonale.net\/index.php\/2024\/01\/06\/le-groupe-monegasque-kehrer-present-quatre-joueurs-du-groupe-elite-convoques\/\",\"name\":\"Le groupe mon\u00e9gasque : Kehrer pr\u00e9sent, quatre joueurs du Groupe \u00c9lite convoqu\u00e9s - La Diagonale\",\"isPartOf\":{\"@id\":\"https:\/\/www.ladiagonale.net\/#website\"},\"datePublished\":\"2024-01-06T18:34:39+00:00\",\"dateModified\":\"2024-01-06T18:39:43+00:00\",\"author\":{\"@id\":\"https:\/\/www.ladiagonale.net\/#\/schema\/person\/79ff1e7b0853ed01b2aa26e64ad300bf\"},\"breadcrumb\":{\"@id\":\"https:\/\/www.ladiagonale.net\/index.php\/2024\/01\/06\/le-groupe-monegasque-kehrer-present-quatre-joueurs-du-groupe-elite-convoques\/#breadcrumb\"},\"inLanguage\":\"fr-FR\",\"potentialAction\":[{\"@type\":\"ReadAction\",\"target\":[\"https:\/\/www.ladiagonale.net\/index.php\/2024\/01\/06\/le-groupe-monegasque-kehrer-present-quatre-joueurs-du-groupe-elite-convoques\/\"]}]},{\"@type\":\"BreadcrumbList\",\"@id\":\"https:\/\/www.ladiagonale.net\/index.php\/2024\/01\/06\/le-groupe-monegasque-kehrer-present-quatre-joueurs-du-groupe-elite-convoques\/#breadcrumb\",\"itemListElement\":[{\"@type\":\"ListItem\",\"position\":1,\"name\":\"Accueil\",\"item\":\"https:\/\/www.ladiagonale.net\/\"},{\"@type\":\"ListItem\",\"position\":2,\"name\":\"Le groupe mon\u00e9gasque : Kehrer pr\u00e9sent, quatre joueurs du Groupe \u00c9lite convoqu\u00e9s\"}]},{\"@type\":\"WebSite\",\"@id\":\"https:\/\/www.ladiagonale.net\/#website\",\"url\":\"https:\/\/www.ladiagonale.net\/\",\"name\":\"La Diagonale\",\"description\":\"Le site des supporters de l&#039;AS Monaco FC\",\"potentialAction\":[{\"@type\":\"SearchAction\",\"target\":{\"@type\":\"EntryPoint\",\"urlTemplate\":\"https:\/\/www.ladiagonale.net\/?s={search_term_string}\"},\"query-input\":\"required name=search_term_string\"}],\"inLanguage\":\"fr-FR\"},{\"@type\":\"Person\",\"@id\":\"https:\/\/www.ladiagonale.net\/#\/schema\/person\/79ff1e7b0853ed01b2aa26e64ad300bf\",\"name\":\"Damien Dellerba\",\"image\":{\"@type\":\"ImageObject\",\"inLanguage\":\"fr-FR\",\"@id\":\"https:\/\/www.ladiagonale.net\/#\/schema\/person\/image\/\",\"url\":\"https:\/\/secure.gravatar.com\/avatar\/c7850e06d3ff63cdbaee88b7fc16e2f0?s=96&d=mm&r=g\",\"contentUrl\":\"https:\/\/secure.gravatar.com\/avatar\/c7850e06d3ff63cdbaee88b7fc16e2f0?s=96&d=mm&r=g\",\"caption\":\"Damien Dellerba\"},\"url\":\"https:\/\/www.ladiagonale.net\/index.php\/author\/damien\/\"}]}<\/script>\n<!-- \/ Yoast SEO plugin. -->","yoast_head_json":{"title":"Le groupe mon\u00e9gasque : Kehrer pr\u00e9sent, quatre joueurs du Groupe \u00c9lite convoqu\u00e9s - La Diagonale","robots":{"index":"index","follow":"follow","max-snippet":"max-snippet:-1","max-image-preview":"max-image-preview:large","max-video-preview":"max-video-preview:-1"},"canonical":"https:\/\/www.ladiagonale.net\/index.php\/2024\/01\/06\/le-groupe-monegasque-kehrer-present-quatre-joueurs-du-groupe-elite-convoques\/","og_locale":"fr_FR","og_type":"article","og_title":"Le groupe mon\u00e9gasque : Kehrer pr\u00e9sent, quatre joueurs du Groupe \u00c9lite convoqu\u00e9s - La Diagonale","og_description":"Entre les blessures, les appel\u00e9s en s\u00e9lection et le suspendu, Adi H\u00fctter a \u00e9t\u00e9 contraint dans puiser dans le vivier de l&rsquo;Academy et du Groupe \u00c9lite pour pouvoir convoquer 21 joueurs pour le d\u00e9placement \u00e0 Lens de ce dimanche (14h30). Si Kehrer est pr\u00eat \u00e0 jouer, selon l&rsquo;Autrichien, et est d\u00e9j\u00e0 dans le groupe sit\u00f4t [...]","og_url":"https:\/\/www.ladiagonale.net\/index.php\/2024\/01\/06\/le-groupe-monegasque-kehrer-present-quatre-joueurs-du-groupe-elite-convoques\/","og_site_name":"La Diagonale","article_published_time":"2024-01-06T18:34:39+00:00","article_modified_time":"2024-01-06T18:39:43+00:00","og_image":[{"width":1160,"height":650,"url":"https:\/\/www.ladiagonale.net\/wp-content\/uploads\/2024\/01\/dsc4113.jpg","type":"image\/jpeg"}],"author":"Damien Dellerba","twitter_card":"summary_large_image","twitter_image":"https:\/\/www.ladiagonale.net\/wp-content\/uploads\/2024\/01\/dsc4113.jpg","twitter_misc":{"\u00c9crit par":"Damien Dellerba","Dur\u00e9e de lecture estim\u00e9e":"1 minute"},"schema":{"@context":"https:\/\/schema.org","@graph":[{"@type":"WebPage","@id":"https:\/\/www.ladiagonale.net\/index.php\/2024\/01\/06\/le-groupe-monegasque-kehrer-present-quatre-joueurs-du-groupe-elite-convoques\/","url":"https:\/\/www.ladiagonale.net\/index.php\/2024\/01\/06\/le-groupe-monegasque-kehrer-present-quatre-joueurs-du-groupe-elite-convoques\/","name":"Le groupe mon\u00e9gasque : Kehrer pr\u00e9sent, quatre joueurs du Groupe \u00c9lite convoqu\u00e9s - La Diagonale","isPartOf":{"@id":"https:\/\/www.ladiagonale.net\/#website"},"datePublished":"2024-01-06T18:34:39+00:00","dateModified":"2024-01-06T18:39:43+00:00","author":{"@id":"https:\/\/www.ladiagonale.net\/#\/schema\/person\/79ff1e7b0853ed01b2aa26e64ad300bf"},"breadcrumb":{"@id":"https:\/\/www.ladiagonale.net\/index.php\/2024\/01\/06\/le-groupe-monegasque-kehrer-present-quatre-joueurs-du-groupe-elite-convoques\/#breadcrumb"},"inLanguage":"fr-FR","potentialAction":[{"@type":"ReadAction","target":["https:\/\/www.ladiagonale.net\/index.php\/2024\/01\/06\/le-groupe-monegasque-kehrer-present-quatre-joueurs-du-groupe-elite-convoques\/"]}]},{"@type":"BreadcrumbList","@id":"https:\/\/www.ladiagonale.net\/index.php\/2024\/01\/06\/le-groupe-monegasque-kehrer-present-quatre-joueurs-du-groupe-elite-convoques\/#breadcrumb","itemListElement":[{"@type":"ListItem","position":1,"name":"Accueil","item":"https:\/\/www.ladiagonale.net\/"},{"@type":"ListItem","position":2,"name":"Le groupe mon\u00e9gasque : Kehrer pr\u00e9sent, quatre joueurs du Groupe \u00c9lite convoqu\u00e9s"}]},{"@type":"WebSite","@id":"https:\/\/www.ladiagonale.net\/#website","url":"https:\/\/www.ladiagonale.net\/","name":"La Diagonale","description":"Le site des supporters de l&#039;AS Monaco FC","potentialAction":[{"@type":"SearchAction","target":{"@type":"EntryPoint","urlTemplate":"https:\/\/www.ladiagonale.net\/?s={search_term_string}"},"query-input":"required name=search_term_string"}],"inLanguage":"fr-FR"},{"@type":"Person","@id":"https:\/\/www.ladiagonale.net\/#\/schema\/person\/79ff1e7b0853ed01b2aa26e64ad300bf","name":"Damien Dellerba","image":{"@type":"ImageObject","inLanguage":"fr-FR","@id":"https:\/\/www.ladiagonale.net\/#\/schema\/person\/image\/","url":"https:\/\/secure.gravatar.com\/avatar\/c7850e06d3ff63cdbaee88b7fc16e2f0?s=96&d=mm&r=g","contentUrl":"https:\/\/secure.gravatar.com\/avatar\/c7850e06d3ff63cdbaee88b7fc16e2f0?s=96&d=mm&r=g","caption":"Damien Dellerba"},"url":"https:\/\/www.ladiagonale.net\/index.php\/author\/damien\/"}]}},"_links":{"self":[{"href":"https:\/\/www.ladiagonale.net\/index.php\/wp-json\/wp\/v2\/posts\/19494"}],"collection":[{"href":"https:\/\/www.ladiagonale.net\/index.php\/wp-json\/wp\/v2\/posts"}],"about":[{"href":"https:\/\/www.ladiagonale.net\/index.php\/wp-json\/wp\/v2\/types\/post"}],"author":[{"embeddable":true,"href":"https:\/\/www.ladiagonale.net\/index.php\/wp-json\/wp\/v2\/users\/2"}],"replies":[{"embeddable":true,"href":"https:\/\/www.ladiagonale.net\/index.php\/wp-json\/wp\/v2\/comments?post=19494"}],"version-history":[{"count":3,"href":"https:\/\/www.ladiagonale.net\/index.php\/wp-json\/wp\/v2\/posts\/19494\/revisions"}],"predecessor-version":[{"id":19499,"href":"https:\/\/www.ladiagonale.net\/index.php\/wp-json\/wp\/v2\/posts\/19494\/revisions\/19499"}],"wp:attachment":[{"href":"https:\/\/www.ladiagonale.net\/index.php\/wp-json\/wp\/v2\/media?parent=19494"}],"wp:term":[{"taxonomy":"category","embeddable":true,"href":"https:\/\/www.ladiagonale.net\/index.php\/wp-json\/wp\/v2\/categories?post=19494"},{"taxonomy":"post_tag","embeddable":true,"href":"https:\/\/www.ladiagonale.net\/index.php\/wp-json\/wp\/v2\/tags?post=19494"}],"curies":[{"name":"wp","href":"https:\/\/api.w.org\/{rel}","templated":true}]}}