{"id":19502,"date":"2024-01-07T08:36:00","date_gmt":"2024-01-07T07:36:00","guid":{"rendered":"https:\/\/www.ladiagonale.net\/?p=19502"},"modified":"2024-01-07T01:36:34","modified_gmt":"2024-01-07T00:36:34","slug":"un-veritable-objectif","status":"publish","type":"post","link":"https:\/\/www.ladiagonale.net\/index.php\/2024\/01\/07\/un-veritable-objectif\/","title":{"rendered":"Un v\u00e9ritable objectif ?"},"content":{"rendered":"\n\n\n<p><strong>L\u2019AS Monaco n\u2019a pas \u00e9t\u00e9 g\u00e2t\u00e9e pour son entr\u00e9e en lice en Coupe de France. Le club de la Principaut\u00e9 doit se rendre ce dimanche \u00e0 Lens pour les 32<sup>es<\/sup> de finale o\u00f9 elle n&rsquo;aura pas vraiment de statut de favori.<\/strong><\/p>\n\n\n\n<p>L\u2019aventure de la Coupe de France avait tourn\u00e9 court la saison derni\u00e8re pour l&rsquo;ASM, avec une \u00e9limination d\u00e8s son entr\u00e9e en lice \u00e0 ce stade de la comp\u00e9tition aux tirs au but contre une faible \u00e9quipe de Rodez. Les hommes de Philippe Clement ne semblaient pas totalement concern\u00e9s par l&rsquo;enjeu de la rencontre et s&rsquo;\u00e9taient fait pi\u00e9ger. Mais Jouer \u00e0 Lens sera toutefois bien diff\u00e9rent que de recevoir le 17e de Ligue 2 et la marge sera quasi inexistante. Surtout, les Mon\u00e9gasques ne pourront pas se baser sur la brillante victoire acquise fin ao\u00fbt face \u00e0 la formation art\u00e9sienne. Non pas qu&rsquo;elle f\u00fbt en trompe-l\u2019\u0153il, mais surtout que les dynamiques d&rsquo;aujourd&rsquo;hui sont tr\u00e8s diff\u00e9rentes de ce qu&rsquo;elles \u00e9taient alors.<\/p>\n\n\n\n<div class=\"wp-container-1 wp-block-buttons\">\n<div class=\"wp-block-button aligncenter is-style-outline\"><a class=\"wp-block-button__link has-very-light-gray-to-cyan-bluish-gray-gradient-background has-background\" href=\"https:\/\/www.ladiagonale.net\/index.php\/2024\/01\/06\/lens-a-bien-redresse-la-barre\/\" target=\"_blank\" rel=\"noreferrer noopener\">L&rsquo;adversaire<\/a><\/div>\n<\/div>\n\n\n\n<p>Le RC Lens va beaucoup mieux quand Monaco a perdu de sa superbe. Ce dimanche, ce seront deux \u00e9quipes un peu en miroir qui s&rsquo;affronteront, avec des principes de jeu qui comportent quelques similitudes, m\u00eame si pour cette fois, Franck Haise devrait renoncer \u00e0 son 3-4-3 <a href=\"https:\/\/www.ladiagonale.net\/index.php\/2024\/01\/06\/le-groupe-lensois-sans-de-nombreux-joueurs\/\" target=\"_blank\" rel=\"noreferrer noopener\">en raison des nombreuses absences<\/a>. \u00ab\u00a0<em>Jouer \u00e0 Lens est un des matches les plus difficiles \u00e0 jouer en France, <\/em>a estim\u00e9 H\u00fctter.<em> Ils ont montr\u00e9 qu\u2019ils \u00e9taient dans une bonne forme et c\u2019est une \u00e9quipe qui me pla\u00eet beaucoup. Le style de Franck Haise est un peu similaire au n\u00f4tre, qui joue de l\u2019avant et d\u00e9fend tr\u00e8s haut. On s\u2019attend \u00e0 un match difficile. C\u2019est une autre opportunit\u00e9 d\u2019aller en Europe donc il faudra gagner. Il n\u2019y aura qu\u2019une \u00e9quipe heureuse \u00e0 la fin.<\/em>\u00a0\u00bb<\/p>\n\n\n\n<div class=\"wp-container-2 wp-block-buttons\">\n<div class=\"wp-block-button aligncenter is-style-outline\"><a class=\"wp-block-button__link has-very-light-gray-to-cyan-bluish-gray-gradient-background has-background\" href=\"https:\/\/www.ladiagonale.net\/index.php\/2024\/01\/05\/monaco-jamais-elimine-par-lens-en-coupe-de-france\/\" target=\"_blank\" rel=\"noreferrer noopener\">L&rsquo;historique<\/a><\/div>\n<\/div>\n\n\n\n<p>L&rsquo;objectif assum\u00e9 des Mon\u00e9gasques a toujours \u00e9t\u00e9 de retrouver la Ligue des champions en finissant au moins troisi\u00e8me en Ligue 1. Mais on sent que les Rouge et Blanc veulent agr\u00e9menter leur saison d&rsquo;un petit frisson. Au cours des derniers mois, on sentait l&rsquo;envie d&rsquo;aller titiller le PSG en Ligue 1 et lors de sa pr\u00e9sentation devant la presse vendredi, Thilo Kehrer a convenu qu&rsquo;il serait b\u00eate de se limiter dans ses ambitions et de ne pas essayer de viser plus haut. Alors pourquoi pas la Coupe de France ? Elle n&rsquo;apportera pas de Ligue des champions la saison prochaine, mais gagner un troph\u00e9e n&rsquo;est jamais n\u00e9gligeable, surtout quand Thiago Scuro r\u00e9p\u00e8te avec insistance qu&rsquo;il fallait \u00e9lever le niveau d&rsquo;ambition au sein du club et que ses recrues avaient pour vocation de mettre ce discours en pratique. Pour le reste, c&rsquo;est une question de priorit\u00e9. Reste \u00e0 savoir si la <em>Vieille Dame<\/em> deviendra celle de l&rsquo;ASM dans les semaines \u00e0 venir.<\/p>\n","protected":false},"excerpt":{"rendered":"<p>L\u2019AS Monaco n\u2019a pas \u00e9t\u00e9 g\u00e2t\u00e9e pour son entr\u00e9e en lice en Coupe de France. Le club de la Principaut\u00e9 doit se rendre ce dimanche \u00e0 Lens pour les 32es de finale o\u00f9 elle n&rsquo;aura pas vraiment de statut de favori. L\u2019aventure de la Coupe de France avait tourn\u00e9 court la saison derni\u00e8re pour l&rsquo;ASM, [&#8230;]\n","protected":false},"author":2,"featured_media":19505,"comment_status":"open","ping_status":"open","sticky":false,"template":"","format":"standard","meta":[],"categories":[5,6],"tags":[86,232,499],"yoast_head":"<!-- This site is optimized with the Yoast SEO plugin v19.8 - https:\/\/yoast.com\/wordpress\/plugins\/seo\/ -->\n<title>Un v\u00e9ritable objectif ? - La Diagonale<\/title>\n<meta name=\"robots\" content=\"index, follow, max-snippet:-1, max-image-preview:large, max-video-preview:-1\" \/>\n<link rel=\"canonical\" href=\"https:\/\/www.ladiagonale.net\/index.php\/2024\/01\/07\/un-veritable-objectif\/\" \/>\n<meta property=\"og:locale\" content=\"fr_FR\" \/>\n<meta property=\"og:type\" content=\"article\" \/>\n<meta property=\"og:title\" content=\"Un v\u00e9ritable objectif ? - La Diagonale\" \/>\n<meta property=\"og:description\" content=\"L\u2019AS Monaco n\u2019a pas \u00e9t\u00e9 g\u00e2t\u00e9e pour son entr\u00e9e en lice en Coupe de France. Le club de la Principaut\u00e9 doit se rendre ce dimanche \u00e0 Lens pour les 32es de finale o\u00f9 elle n&rsquo;aura pas vraiment de statut de favori. L\u2019aventure de la Coupe de France avait tourn\u00e9 court la saison derni\u00e8re pour l&rsquo;ASM, [...]\" \/>\n<meta property=\"og:url\" content=\"https:\/\/www.ladiagonale.net\/index.php\/2024\/01\/07\/un-veritable-objectif\/\" \/>\n<meta property=\"og:site_name\" content=\"La Diagonale\" \/>\n<meta property=\"article:published_time\" content=\"2024-01-07T07:36:00+00:00\" \/>\n<meta property=\"article:modified_time\" content=\"2024-01-07T00:36:34+00:00\" \/>\n<meta property=\"og:image\" content=\"https:\/\/www.ladiagonale.net\/wp-content\/uploads\/2024\/01\/maj.png\" \/>\n\t<meta property=\"og:image:width\" content=\"1160\" \/>\n\t<meta property=\"og:image:height\" content=\"650\" \/>\n\t<meta property=\"og:image:type\" content=\"image\/png\" \/>\n<meta name=\"author\" content=\"Damien Dellerba\" \/>\n<meta name=\"twitter:card\" content=\"summary_large_image\" \/>\n<meta name=\"twitter:image\" content=\"https:\/\/www.ladiagonale.net\/wp-content\/uploads\/2024\/01\/maj.png\" \/>\n<meta name=\"twitter:label1\" content=\"\u00c9crit par\" \/>\n\t<meta name=\"twitter:data1\" content=\"Damien Dellerba\" \/>\n\t<meta name=\"twitter:label2\" content=\"Dur\u00e9e de lecture estim\u00e9e\" \/>\n\t<meta name=\"twitter:data2\" content=\"3 minutes\" \/>\n<script type=\"application\/ld+json\" class=\"yoast-schema-graph\">{\"@context\":\"https:\/\/schema.org\",\"@graph\":[{\"@type\":\"WebPage\",\"@id\":\"https:\/\/www.ladiagonale.net\/index.php\/2024\/01\/07\/un-veritable-objectif\/\",\"url\":\"https:\/\/www.ladiagonale.net\/index.php\/2024\/01\/07\/un-veritable-objectif\/\",\"name\":\"Un v\u00e9ritable objectif ? - La Diagonale\",\"isPartOf\":{\"@id\":\"https:\/\/www.ladiagonale.net\/#website\"},\"datePublished\":\"2024-01-07T07:36:00+00:00\",\"dateModified\":\"2024-01-07T00:36:34+00:00\",\"author\":{\"@id\":\"https:\/\/www.ladiagonale.net\/#\/schema\/person\/79ff1e7b0853ed01b2aa26e64ad300bf\"},\"breadcrumb\":{\"@id\":\"https:\/\/www.ladiagonale.net\/index.php\/2024\/01\/07\/un-veritable-objectif\/#breadcrumb\"},\"inLanguage\":\"fr-FR\",\"potentialAction\":[{\"@type\":\"ReadAction\",\"target\":[\"https:\/\/www.ladiagonale.net\/index.php\/2024\/01\/07\/un-veritable-objectif\/\"]}]},{\"@type\":\"BreadcrumbList\",\"@id\":\"https:\/\/www.ladiagonale.net\/index.php\/2024\/01\/07\/un-veritable-objectif\/#breadcrumb\",\"itemListElement\":[{\"@type\":\"ListItem\",\"position\":1,\"name\":\"Accueil\",\"item\":\"https:\/\/www.ladiagonale.net\/\"},{\"@type\":\"ListItem\",\"position\":2,\"name\":\"Un v\u00e9ritable objectif ?\"}]},{\"@type\":\"WebSite\",\"@id\":\"https:\/\/www.ladiagonale.net\/#website\",\"url\":\"https:\/\/www.ladiagonale.net\/\",\"name\":\"La Diagonale\",\"description\":\"Le site des supporters de l&#039;AS Monaco FC\",\"potentialAction\":[{\"@type\":\"SearchAction\",\"target\":{\"@type\":\"EntryPoint\",\"urlTemplate\":\"https:\/\/www.ladiagonale.net\/?s={search_term_string}\"},\"query-input\":\"required name=search_term_string\"}],\"inLanguage\":\"fr-FR\"},{\"@type\":\"Person\",\"@id\":\"https:\/\/www.ladiagonale.net\/#\/schema\/person\/79ff1e7b0853ed01b2aa26e64ad300bf\",\"name\":\"Damien Dellerba\",\"image\":{\"@type\":\"ImageObject\",\"inLanguage\":\"fr-FR\",\"@id\":\"https:\/\/www.ladiagonale.net\/#\/schema\/person\/image\/\",\"url\":\"https:\/\/secure.gravatar.com\/avatar\/c7850e06d3ff63cdbaee88b7fc16e2f0?s=96&d=mm&r=g\",\"contentUrl\":\"https:\/\/secure.gravatar.com\/avatar\/c7850e06d3ff63cdbaee88b7fc16e2f0?s=96&d=mm&r=g\",\"caption\":\"Damien Dellerba\"},\"url\":\"https:\/\/www.ladiagonale.net\/index.php\/author\/damien\/\"}]}<\/script>\n<!-- \/ Yoast SEO plugin. -->","yoast_head_json":{"title":"Un v\u00e9ritable objectif ? - La Diagonale","robots":{"index":"index","follow":"follow","max-snippet":"max-snippet:-1","max-image-preview":"max-image-preview:large","max-video-preview":"max-video-preview:-1"},"canonical":"https:\/\/www.ladiagonale.net\/index.php\/2024\/01\/07\/un-veritable-objectif\/","og_locale":"fr_FR","og_type":"article","og_title":"Un v\u00e9ritable objectif ? - La Diagonale","og_description":"L\u2019AS Monaco n\u2019a pas \u00e9t\u00e9 g\u00e2t\u00e9e pour son entr\u00e9e en lice en Coupe de France. Le club de la Principaut\u00e9 doit se rendre ce dimanche \u00e0 Lens pour les 32es de finale o\u00f9 elle n&rsquo;aura pas vraiment de statut de favori. L\u2019aventure de la Coupe de France avait tourn\u00e9 court la saison derni\u00e8re pour l&rsquo;ASM, [...]","og_url":"https:\/\/www.ladiagonale.net\/index.php\/2024\/01\/07\/un-veritable-objectif\/","og_site_name":"La Diagonale","article_published_time":"2024-01-07T07:36:00+00:00","article_modified_time":"2024-01-07T00:36:34+00:00","og_image":[{"width":1160,"height":650,"url":"https:\/\/www.ladiagonale.net\/wp-content\/uploads\/2024\/01\/maj.png","type":"image\/png"}],"author":"Damien Dellerba","twitter_card":"summary_large_image","twitter_image":"https:\/\/www.ladiagonale.net\/wp-content\/uploads\/2024\/01\/maj.png","twitter_misc":{"\u00c9crit par":"Damien Dellerba","Dur\u00e9e de lecture estim\u00e9e":"3 minutes"},"schema":{"@context":"https:\/\/schema.org","@graph":[{"@type":"WebPage","@id":"https:\/\/www.ladiagonale.net\/index.php\/2024\/01\/07\/un-veritable-objectif\/","url":"https:\/\/www.ladiagonale.net\/index.php\/2024\/01\/07\/un-veritable-objectif\/","name":"Un v\u00e9ritable objectif ? - La Diagonale","isPartOf":{"@id":"https:\/\/www.ladiagonale.net\/#website"},"datePublished":"2024-01-07T07:36:00+00:00","dateModified":"2024-01-07T00:36:34+00:00","author":{"@id":"https:\/\/www.ladiagonale.net\/#\/schema\/person\/79ff1e7b0853ed01b2aa26e64ad300bf"},"breadcrumb":{"@id":"https:\/\/www.ladiagonale.net\/index.php\/2024\/01\/07\/un-veritable-objectif\/#breadcrumb"},"inLanguage":"fr-FR","potentialAction":[{"@type":"ReadAction","target":["https:\/\/www.ladiagonale.net\/index.php\/2024\/01\/07\/un-veritable-objectif\/"]}]},{"@type":"BreadcrumbList","@id":"https:\/\/www.ladiagonale.net\/index.php\/2024\/01\/07\/un-veritable-objectif\/#breadcrumb","itemListElement":[{"@type":"ListItem","position":1,"name":"Accueil","item":"https:\/\/www.ladiagonale.net\/"},{"@type":"ListItem","position":2,"name":"Un v\u00e9ritable objectif ?"}]},{"@type":"WebSite","@id":"https:\/\/www.ladiagonale.net\/#website","url":"https:\/\/www.ladiagonale.net\/","name":"La Diagonale","description":"Le site des supporters de l&#039;AS Monaco FC","potentialAction":[{"@type":"SearchAction","target":{"@type":"EntryPoint","urlTemplate":"https:\/\/www.ladiagonale.net\/?s={search_term_string}"},"query-input":"required name=search_term_string"}],"inLanguage":"fr-FR"},{"@type":"Person","@id":"https:\/\/www.ladiagonale.net\/#\/schema\/person\/79ff1e7b0853ed01b2aa26e64ad300bf","name":"Damien Dellerba","image":{"@type":"ImageObject","inLanguage":"fr-FR","@id":"https:\/\/www.ladiagonale.net\/#\/schema\/person\/image\/","url":"https:\/\/secure.gravatar.com\/avatar\/c7850e06d3ff63cdbaee88b7fc16e2f0?s=96&d=mm&r=g","contentUrl":"https:\/\/secure.gravatar.com\/avatar\/c7850e06d3ff63cdbaee88b7fc16e2f0?s=96&d=mm&r=g","caption":"Damien Dellerba"},"url":"https:\/\/www.ladiagonale.net\/index.php\/author\/damien\/"}]}},"_links":{"self":[{"href":"https:\/\/www.ladiagonale.net\/index.php\/wp-json\/wp\/v2\/posts\/19502"}],"collection":[{"href":"https:\/\/www.ladiagonale.net\/index.php\/wp-json\/wp\/v2\/posts"}],"about":[{"href":"https:\/\/www.ladiagonale.net\/index.php\/wp-json\/wp\/v2\/types\/post"}],"author":[{"embeddable":true,"href":"https:\/\/www.ladiagonale.net\/index.php\/wp-json\/wp\/v2\/users\/2"}],"replies":[{"embeddable":true,"href":"https:\/\/www.ladiagonale.net\/index.php\/wp-json\/wp\/v2\/comments?post=19502"}],"version-history":[{"count":3,"href":"https:\/\/www.ladiagonale.net\/index.php\/wp-json\/wp\/v2\/posts\/19502\/revisions"}],"predecessor-version":[{"id":19506,"href":"https:\/\/www.ladiagonale.net\/index.php\/wp-json\/wp\/v2\/posts\/19502\/revisions\/19506"}],"wp:featuredmedia":[{"embeddable":true,"href":"https:\/\/www.ladiagonale.net\/index.php\/wp-json\/wp\/v2\/media\/19505"}],"wp:attachment":[{"href":"https:\/\/www.ladiagonale.net\/index.php\/wp-json\/wp\/v2\/media?parent=19502"}],"wp:term":[{"taxonomy":"category","embeddable":true,"href":"https:\/\/www.ladiagonale.net\/index.php\/wp-json\/wp\/v2\/categories?post=19502"},{"taxonomy":"post_tag","embeddable":true,"href":"https:\/\/www.ladiagonale.net\/index.php\/wp-json\/wp\/v2\/tags?post=19502"}],"curies":[{"name":"wp","href":"https:\/\/api.w.org\/{rel}","templated":true}]}}