{"id":19568,"date":"2024-01-09T18:59:30","date_gmt":"2024-01-09T17:59:30","guid":{"rendered":"https:\/\/www.ladiagonale.net\/?p=19568"},"modified":"2024-01-09T19:04:26","modified_gmt":"2024-01-09T18:04:26","slug":"la-programmation-de-rodez-monaco-est-connue","status":"publish","type":"post","link":"https:\/\/www.ladiagonale.net\/index.php\/2024\/01\/09\/la-programmation-de-rodez-monaco-est-connue\/","title":{"rendered":"La programmation de Rodez\u2014Monaco est connue"},"content":{"rendered":"\n<p>Le tirage au sort des 16<sup>es<\/sup> de finale de la Coupe de France, qui s\u2019est d\u00e9roul\u00e9 lundi soir sur <em>beIN Sports<\/em>, \u00e0 offert \u00e0 l\u2019AS Monaco l\u2019opportunit\u00e9 de prendre sa revanche contre le Rodez AF. Sa programmation a \u00e9t\u00e9 d\u00e9voil\u00e9e par la FFF ce mardi et les Rouge et Blanc d\u00e9fieront les Ruth\u00e9nois le samedi 20 janvier, \u00e0 17h30. <\/p>\n\n\n\n<p>La rencontre sera retransmise sur <em>beIN Sports<\/em>, qui poss\u00e8de les droits de diffusion pour toutes les rencontres, dans le cadre d\u2019un multiplex. Mais elle sera \u00e9galement \u00e0 voir sur un des canaux d\u00e9di\u00e9s de la cha\u00eene. Contrairement \u00e0 la rencontre qui avait eu lieu l\u2019an dernier, elle se d\u00e9roulera cette fois \u00e0 l\u2019ext\u00e9rieur pour les Mon\u00e9gasques, intercal\u00e9e entre la r\u00e9ception de Reims et un d\u00e9placement \u00e0 Marseille.<\/p>\n","protected":false},"excerpt":{"rendered":"<p>Le tirage au sort des 16es de finale de la Coupe de France, qui s\u2019est d\u00e9roul\u00e9 lundi soir sur beIN Sports, \u00e0 offert \u00e0 l\u2019AS Monaco l\u2019opportunit\u00e9 de prendre sa revanche contre le Rodez AF. Sa programmation a \u00e9t\u00e9 d\u00e9voil\u00e9e par la FFF ce mardi et les Rouge et Blanc d\u00e9fieront les Ruth\u00e9nois le samedi [&#8230;]\n","protected":false},"author":2,"featured_media":0,"comment_status":"open","ping_status":"open","sticky":false,"template":"","format":"standard","meta":[],"categories":[4,6],"tags":[86,232,235,172,763],"yoast_head":"<!-- This site is optimized with the Yoast SEO plugin v19.8 - https:\/\/yoast.com\/wordpress\/plugins\/seo\/ -->\n<title>La programmation de Rodez\u2014Monaco est connue - La Diagonale<\/title>\n<meta name=\"robots\" content=\"index, follow, max-snippet:-1, max-image-preview:large, max-video-preview:-1\" \/>\n<link rel=\"canonical\" href=\"https:\/\/www.ladiagonale.net\/index.php\/2024\/01\/09\/la-programmation-de-rodez-monaco-est-connue\/\" \/>\n<meta property=\"og:locale\" content=\"fr_FR\" \/>\n<meta property=\"og:type\" content=\"article\" \/>\n<meta property=\"og:title\" content=\"La programmation de Rodez\u2014Monaco est connue - La Diagonale\" \/>\n<meta property=\"og:description\" content=\"Le tirage au sort des 16es de finale de la Coupe de France, qui s\u2019est d\u00e9roul\u00e9 lundi soir sur beIN Sports, \u00e0 offert \u00e0 l\u2019AS Monaco l\u2019opportunit\u00e9 de prendre sa revanche contre le Rodez AF. Sa programmation a \u00e9t\u00e9 d\u00e9voil\u00e9e par la FFF ce mardi et les Rouge et Blanc d\u00e9fieront les Ruth\u00e9nois le samedi [...]\" \/>\n<meta property=\"og:url\" content=\"https:\/\/www.ladiagonale.net\/index.php\/2024\/01\/09\/la-programmation-de-rodez-monaco-est-connue\/\" \/>\n<meta property=\"og:site_name\" content=\"La Diagonale\" \/>\n<meta property=\"article:published_time\" content=\"2024-01-09T17:59:30+00:00\" \/>\n<meta property=\"article:modified_time\" content=\"2024-01-09T18:04:26+00:00\" \/>\n<meta property=\"og:image\" content=\"https:\/\/www.ladiagonale.net\/wp-content\/uploads\/2022\/12\/coupe-de-france.png\" \/>\n\t<meta property=\"og:image:width\" content=\"1160\" \/>\n\t<meta property=\"og:image:height\" content=\"650\" \/>\n\t<meta property=\"og:image:type\" content=\"image\/png\" \/>\n<meta name=\"author\" content=\"Damien Dellerba\" \/>\n<meta name=\"twitter:card\" content=\"summary_large_image\" \/>\n<meta name=\"twitter:image\" content=\"https:\/\/www.ladiagonale.net\/wp-content\/uploads\/2022\/12\/coupe-de-france.png\" \/>\n<meta name=\"twitter:label1\" content=\"\u00c9crit par\" \/>\n\t<meta name=\"twitter:data1\" content=\"Damien Dellerba\" \/>\n\t<meta name=\"twitter:label2\" content=\"Dur\u00e9e de lecture estim\u00e9e\" \/>\n\t<meta name=\"twitter:data2\" content=\"1 minute\" \/>\n<script type=\"application\/ld+json\" class=\"yoast-schema-graph\">{\"@context\":\"https:\/\/schema.org\",\"@graph\":[{\"@type\":\"WebPage\",\"@id\":\"https:\/\/www.ladiagonale.net\/index.php\/2024\/01\/09\/la-programmation-de-rodez-monaco-est-connue\/\",\"url\":\"https:\/\/www.ladiagonale.net\/index.php\/2024\/01\/09\/la-programmation-de-rodez-monaco-est-connue\/\",\"name\":\"La programmation de Rodez\u2014Monaco est connue - La Diagonale\",\"isPartOf\":{\"@id\":\"https:\/\/www.ladiagonale.net\/#website\"},\"datePublished\":\"2024-01-09T17:59:30+00:00\",\"dateModified\":\"2024-01-09T18:04:26+00:00\",\"author\":{\"@id\":\"https:\/\/www.ladiagonale.net\/#\/schema\/person\/79ff1e7b0853ed01b2aa26e64ad300bf\"},\"breadcrumb\":{\"@id\":\"https:\/\/www.ladiagonale.net\/index.php\/2024\/01\/09\/la-programmation-de-rodez-monaco-est-connue\/#breadcrumb\"},\"inLanguage\":\"fr-FR\",\"potentialAction\":[{\"@type\":\"ReadAction\",\"target\":[\"https:\/\/www.ladiagonale.net\/index.php\/2024\/01\/09\/la-programmation-de-rodez-monaco-est-connue\/\"]}]},{\"@type\":\"BreadcrumbList\",\"@id\":\"https:\/\/www.ladiagonale.net\/index.php\/2024\/01\/09\/la-programmation-de-rodez-monaco-est-connue\/#breadcrumb\",\"itemListElement\":[{\"@type\":\"ListItem\",\"position\":1,\"name\":\"Accueil\",\"item\":\"https:\/\/www.ladiagonale.net\/\"},{\"@type\":\"ListItem\",\"position\":2,\"name\":\"La programmation de Rodez\u2014Monaco est connue\"}]},{\"@type\":\"WebSite\",\"@id\":\"https:\/\/www.ladiagonale.net\/#website\",\"url\":\"https:\/\/www.ladiagonale.net\/\",\"name\":\"La Diagonale\",\"description\":\"Le site des supporters de l&#039;AS Monaco FC\",\"potentialAction\":[{\"@type\":\"SearchAction\",\"target\":{\"@type\":\"EntryPoint\",\"urlTemplate\":\"https:\/\/www.ladiagonale.net\/?s={search_term_string}\"},\"query-input\":\"required name=search_term_string\"}],\"inLanguage\":\"fr-FR\"},{\"@type\":\"Person\",\"@id\":\"https:\/\/www.ladiagonale.net\/#\/schema\/person\/79ff1e7b0853ed01b2aa26e64ad300bf\",\"name\":\"Damien Dellerba\",\"image\":{\"@type\":\"ImageObject\",\"inLanguage\":\"fr-FR\",\"@id\":\"https:\/\/www.ladiagonale.net\/#\/schema\/person\/image\/\",\"url\":\"https:\/\/secure.gravatar.com\/avatar\/c7850e06d3ff63cdbaee88b7fc16e2f0?s=96&d=mm&r=g\",\"contentUrl\":\"https:\/\/secure.gravatar.com\/avatar\/c7850e06d3ff63cdbaee88b7fc16e2f0?s=96&d=mm&r=g\",\"caption\":\"Damien Dellerba\"},\"url\":\"https:\/\/www.ladiagonale.net\/index.php\/author\/damien\/\"}]}<\/script>\n<!-- \/ Yoast SEO plugin. -->","yoast_head_json":{"title":"La programmation de Rodez\u2014Monaco est connue - La Diagonale","robots":{"index":"index","follow":"follow","max-snippet":"max-snippet:-1","max-image-preview":"max-image-preview:large","max-video-preview":"max-video-preview:-1"},"canonical":"https:\/\/www.ladiagonale.net\/index.php\/2024\/01\/09\/la-programmation-de-rodez-monaco-est-connue\/","og_locale":"fr_FR","og_type":"article","og_title":"La programmation de Rodez\u2014Monaco est connue - La Diagonale","og_description":"Le tirage au sort des 16es de finale de la Coupe de France, qui s\u2019est d\u00e9roul\u00e9 lundi soir sur beIN Sports, \u00e0 offert \u00e0 l\u2019AS Monaco l\u2019opportunit\u00e9 de prendre sa revanche contre le Rodez AF. Sa programmation a \u00e9t\u00e9 d\u00e9voil\u00e9e par la FFF ce mardi et les Rouge et Blanc d\u00e9fieront les Ruth\u00e9nois le samedi [...]","og_url":"https:\/\/www.ladiagonale.net\/index.php\/2024\/01\/09\/la-programmation-de-rodez-monaco-est-connue\/","og_site_name":"La Diagonale","article_published_time":"2024-01-09T17:59:30+00:00","article_modified_time":"2024-01-09T18:04:26+00:00","og_image":[{"width":1160,"height":650,"url":"https:\/\/www.ladiagonale.net\/wp-content\/uploads\/2022\/12\/coupe-de-france.png","type":"image\/png"}],"author":"Damien Dellerba","twitter_card":"summary_large_image","twitter_image":"https:\/\/www.ladiagonale.net\/wp-content\/uploads\/2022\/12\/coupe-de-france.png","twitter_misc":{"\u00c9crit par":"Damien Dellerba","Dur\u00e9e de lecture estim\u00e9e":"1 minute"},"schema":{"@context":"https:\/\/schema.org","@graph":[{"@type":"WebPage","@id":"https:\/\/www.ladiagonale.net\/index.php\/2024\/01\/09\/la-programmation-de-rodez-monaco-est-connue\/","url":"https:\/\/www.ladiagonale.net\/index.php\/2024\/01\/09\/la-programmation-de-rodez-monaco-est-connue\/","name":"La programmation de Rodez\u2014Monaco est connue - La Diagonale","isPartOf":{"@id":"https:\/\/www.ladiagonale.net\/#website"},"datePublished":"2024-01-09T17:59:30+00:00","dateModified":"2024-01-09T18:04:26+00:00","author":{"@id":"https:\/\/www.ladiagonale.net\/#\/schema\/person\/79ff1e7b0853ed01b2aa26e64ad300bf"},"breadcrumb":{"@id":"https:\/\/www.ladiagonale.net\/index.php\/2024\/01\/09\/la-programmation-de-rodez-monaco-est-connue\/#breadcrumb"},"inLanguage":"fr-FR","potentialAction":[{"@type":"ReadAction","target":["https:\/\/www.ladiagonale.net\/index.php\/2024\/01\/09\/la-programmation-de-rodez-monaco-est-connue\/"]}]},{"@type":"BreadcrumbList","@id":"https:\/\/www.ladiagonale.net\/index.php\/2024\/01\/09\/la-programmation-de-rodez-monaco-est-connue\/#breadcrumb","itemListElement":[{"@type":"ListItem","position":1,"name":"Accueil","item":"https:\/\/www.ladiagonale.net\/"},{"@type":"ListItem","position":2,"name":"La programmation de Rodez\u2014Monaco est connue"}]},{"@type":"WebSite","@id":"https:\/\/www.ladiagonale.net\/#website","url":"https:\/\/www.ladiagonale.net\/","name":"La Diagonale","description":"Le site des supporters de l&#039;AS Monaco FC","potentialAction":[{"@type":"SearchAction","target":{"@type":"EntryPoint","urlTemplate":"https:\/\/www.ladiagonale.net\/?s={search_term_string}"},"query-input":"required name=search_term_string"}],"inLanguage":"fr-FR"},{"@type":"Person","@id":"https:\/\/www.ladiagonale.net\/#\/schema\/person\/79ff1e7b0853ed01b2aa26e64ad300bf","name":"Damien Dellerba","image":{"@type":"ImageObject","inLanguage":"fr-FR","@id":"https:\/\/www.ladiagonale.net\/#\/schema\/person\/image\/","url":"https:\/\/secure.gravatar.com\/avatar\/c7850e06d3ff63cdbaee88b7fc16e2f0?s=96&d=mm&r=g","contentUrl":"https:\/\/secure.gravatar.com\/avatar\/c7850e06d3ff63cdbaee88b7fc16e2f0?s=96&d=mm&r=g","caption":"Damien Dellerba"},"url":"https:\/\/www.ladiagonale.net\/index.php\/author\/damien\/"}]}},"_links":{"self":[{"href":"https:\/\/www.ladiagonale.net\/index.php\/wp-json\/wp\/v2\/posts\/19568"}],"collection":[{"href":"https:\/\/www.ladiagonale.net\/index.php\/wp-json\/wp\/v2\/posts"}],"about":[{"href":"https:\/\/www.ladiagonale.net\/index.php\/wp-json\/wp\/v2\/types\/post"}],"author":[{"embeddable":true,"href":"https:\/\/www.ladiagonale.net\/index.php\/wp-json\/wp\/v2\/users\/2"}],"replies":[{"embeddable":true,"href":"https:\/\/www.ladiagonale.net\/index.php\/wp-json\/wp\/v2\/comments?post=19568"}],"version-history":[{"count":3,"href":"https:\/\/www.ladiagonale.net\/index.php\/wp-json\/wp\/v2\/posts\/19568\/revisions"}],"predecessor-version":[{"id":19571,"href":"https:\/\/www.ladiagonale.net\/index.php\/wp-json\/wp\/v2\/posts\/19568\/revisions\/19571"}],"wp:attachment":[{"href":"https:\/\/www.ladiagonale.net\/index.php\/wp-json\/wp\/v2\/media?parent=19568"}],"wp:term":[{"taxonomy":"category","embeddable":true,"href":"https:\/\/www.ladiagonale.net\/index.php\/wp-json\/wp\/v2\/categories?post=19568"},{"taxonomy":"post_tag","embeddable":true,"href":"https:\/\/www.ladiagonale.net\/index.php\/wp-json\/wp\/v2\/tags?post=19568"}],"curies":[{"name":"wp","href":"https:\/\/api.w.org\/{rel}","templated":true}]}}