{"id":19763,"date":"2024-01-16T19:09:27","date_gmt":"2024-01-16T18:09:27","guid":{"rendered":"https:\/\/www.ladiagonale.net\/?p=19763"},"modified":"2024-01-16T19:09:31","modified_gmt":"2024-01-16T18:09:31","slug":"deux-monegasques-convoques-avec-la-france-u17","status":"publish","type":"post","link":"https:\/\/www.ladiagonale.net\/index.php\/2024\/01\/16\/deux-monegasques-convoques-avec-la-france-u17\/","title":{"rendered":"Deux Mon\u00e9gasques convoqu\u00e9s avec la France U17"},"content":{"rendered":"\n\n\n<p>Du 22 au 25 janvier, l&rsquo;\u00e9quipe de France U17 va se rassembler au Centre technique Henri-Gu\u00e9rin de Ploufragan afin de pr\u00e9parer le Tour \u00c9lite pr\u00e9vu en mars, en vue de se qualifier pour l&rsquo;Euro U17. Pape Cabral et Nick Mokabakila ont tous deux \u00e9t\u00e9 s\u00e9lectionn\u00e9s par Jos\u00e9 Alcocer pour ce court stage qui verra les jeunes tricolores affronter les U19 du Stade Rennais puis ceux de l\u2019En Avant Guingamp le 24 janvier.<\/p>\n\n\n\n<p>Nick Mokabakila, qui compte six s\u00e9lections avec l&rsquo;\u00e9quipe de France U16, se voit convoquer avec les U17 pour la seconde fois <a href=\"https:\/\/www.ladiagonale.net\/index.php\/2023\/08\/15\/trois-joueurs-de-lacademy-en-selection\/\" target=\"_blank\" rel=\"noreferrer noopener\">apr\u00e8s un stage qui avait eu lieu fin ao\u00fbt<\/a>, mais il ne compte toutefois aucune s\u00e9lection officielle dans cette cat\u00e9gorie. Ce n&rsquo;est pas le cas de Pape Cabral <em>(3 s\u00e9lections)<\/em>, r\u00e9guli\u00e8rement appel\u00e9 par Jos\u00e9 Alcocer et notamment en novembre pour disputer le 1er tour qualificatif.<\/p>\n","protected":false},"excerpt":{"rendered":"<p>Du 22 au 25 janvier, l&rsquo;\u00e9quipe de France U17 va se rassembler au Centre technique Henri-Gu\u00e9rin de Ploufragan afin de pr\u00e9parer le Tour \u00c9lite pr\u00e9vu en mars, en vue de se qualifier pour l&rsquo;Euro U17. Pape Cabral et Nick Mokabakila ont tous deux \u00e9t\u00e9 s\u00e9lectionn\u00e9s par Jos\u00e9 Alcocer pour ce court stage qui verra les [&#8230;]\n","protected":false},"author":2,"featured_media":0,"comment_status":"open","ping_status":"open","sticky":false,"template":"","format":"standard","meta":[],"categories":[6],"tags":[76,86,93,325,268,116],"yoast_head":"<!-- This site is optimized with the Yoast SEO plugin v19.8 - https:\/\/yoast.com\/wordpress\/plugins\/seo\/ -->\n<title>Deux Mon\u00e9gasques convoqu\u00e9s avec la France U17 - La Diagonale<\/title>\n<meta name=\"robots\" content=\"index, follow, max-snippet:-1, max-image-preview:large, max-video-preview:-1\" \/>\n<link rel=\"canonical\" href=\"https:\/\/www.ladiagonale.net\/index.php\/2024\/01\/16\/deux-monegasques-convoques-avec-la-france-u17\/\" \/>\n<meta property=\"og:locale\" content=\"fr_FR\" \/>\n<meta property=\"og:type\" content=\"article\" \/>\n<meta property=\"og:title\" content=\"Deux Mon\u00e9gasques convoqu\u00e9s avec la France U17 - La Diagonale\" \/>\n<meta property=\"og:description\" content=\"Du 22 au 25 janvier, l&rsquo;\u00e9quipe de France U17 va se rassembler au Centre technique Henri-Gu\u00e9rin de Ploufragan afin de pr\u00e9parer le Tour \u00c9lite pr\u00e9vu en mars, en vue de se qualifier pour l&rsquo;Euro U17. Pape Cabral et Nick Mokabakila ont tous deux \u00e9t\u00e9 s\u00e9lectionn\u00e9s par Jos\u00e9 Alcocer pour ce court stage qui verra les [...]\" \/>\n<meta property=\"og:url\" content=\"https:\/\/www.ladiagonale.net\/index.php\/2024\/01\/16\/deux-monegasques-convoques-avec-la-france-u17\/\" \/>\n<meta property=\"og:site_name\" content=\"La Diagonale\" \/>\n<meta property=\"article:published_time\" content=\"2024-01-16T18:09:27+00:00\" \/>\n<meta property=\"article:modified_time\" content=\"2024-01-16T18:09:31+00:00\" \/>\n<meta property=\"og:image\" content=\"https:\/\/www.ladiagonale.net\/wp-content\/uploads\/2023\/04\/mokabakila-france.png\" \/>\n\t<meta property=\"og:image:width\" content=\"1160\" \/>\n\t<meta property=\"og:image:height\" content=\"650\" \/>\n\t<meta property=\"og:image:type\" content=\"image\/png\" \/>\n<meta name=\"author\" content=\"Damien Dellerba\" \/>\n<meta name=\"twitter:card\" content=\"summary_large_image\" \/>\n<meta name=\"twitter:image\" content=\"https:\/\/www.ladiagonale.net\/wp-content\/uploads\/2023\/04\/mokabakila-france.png\" \/>\n<meta name=\"twitter:label1\" content=\"\u00c9crit par\" \/>\n\t<meta name=\"twitter:data1\" content=\"Damien Dellerba\" \/>\n\t<meta name=\"twitter:label2\" content=\"Dur\u00e9e de lecture estim\u00e9e\" \/>\n\t<meta name=\"twitter:data2\" content=\"1 minute\" \/>\n<script type=\"application\/ld+json\" class=\"yoast-schema-graph\">{\"@context\":\"https:\/\/schema.org\",\"@graph\":[{\"@type\":\"WebPage\",\"@id\":\"https:\/\/www.ladiagonale.net\/index.php\/2024\/01\/16\/deux-monegasques-convoques-avec-la-france-u17\/\",\"url\":\"https:\/\/www.ladiagonale.net\/index.php\/2024\/01\/16\/deux-monegasques-convoques-avec-la-france-u17\/\",\"name\":\"Deux Mon\u00e9gasques convoqu\u00e9s avec la France U17 - La Diagonale\",\"isPartOf\":{\"@id\":\"https:\/\/www.ladiagonale.net\/#website\"},\"datePublished\":\"2024-01-16T18:09:27+00:00\",\"dateModified\":\"2024-01-16T18:09:31+00:00\",\"author\":{\"@id\":\"https:\/\/www.ladiagonale.net\/#\/schema\/person\/79ff1e7b0853ed01b2aa26e64ad300bf\"},\"breadcrumb\":{\"@id\":\"https:\/\/www.ladiagonale.net\/index.php\/2024\/01\/16\/deux-monegasques-convoques-avec-la-france-u17\/#breadcrumb\"},\"inLanguage\":\"fr-FR\",\"potentialAction\":[{\"@type\":\"ReadAction\",\"target\":[\"https:\/\/www.ladiagonale.net\/index.php\/2024\/01\/16\/deux-monegasques-convoques-avec-la-france-u17\/\"]}]},{\"@type\":\"BreadcrumbList\",\"@id\":\"https:\/\/www.ladiagonale.net\/index.php\/2024\/01\/16\/deux-monegasques-convoques-avec-la-france-u17\/#breadcrumb\",\"itemListElement\":[{\"@type\":\"ListItem\",\"position\":1,\"name\":\"Accueil\",\"item\":\"https:\/\/www.ladiagonale.net\/\"},{\"@type\":\"ListItem\",\"position\":2,\"name\":\"Deux Mon\u00e9gasques convoqu\u00e9s avec la France U17\"}]},{\"@type\":\"WebSite\",\"@id\":\"https:\/\/www.ladiagonale.net\/#website\",\"url\":\"https:\/\/www.ladiagonale.net\/\",\"name\":\"La Diagonale\",\"description\":\"Le site des supporters de l&#039;AS Monaco FC\",\"potentialAction\":[{\"@type\":\"SearchAction\",\"target\":{\"@type\":\"EntryPoint\",\"urlTemplate\":\"https:\/\/www.ladiagonale.net\/?s={search_term_string}\"},\"query-input\":\"required name=search_term_string\"}],\"inLanguage\":\"fr-FR\"},{\"@type\":\"Person\",\"@id\":\"https:\/\/www.ladiagonale.net\/#\/schema\/person\/79ff1e7b0853ed01b2aa26e64ad300bf\",\"name\":\"Damien Dellerba\",\"image\":{\"@type\":\"ImageObject\",\"inLanguage\":\"fr-FR\",\"@id\":\"https:\/\/www.ladiagonale.net\/#\/schema\/person\/image\/\",\"url\":\"https:\/\/secure.gravatar.com\/avatar\/c7850e06d3ff63cdbaee88b7fc16e2f0?s=96&d=mm&r=g\",\"contentUrl\":\"https:\/\/secure.gravatar.com\/avatar\/c7850e06d3ff63cdbaee88b7fc16e2f0?s=96&d=mm&r=g\",\"caption\":\"Damien Dellerba\"},\"url\":\"https:\/\/www.ladiagonale.net\/index.php\/author\/damien\/\"}]}<\/script>\n<!-- \/ Yoast SEO plugin. -->","yoast_head_json":{"title":"Deux Mon\u00e9gasques convoqu\u00e9s avec la France U17 - La Diagonale","robots":{"index":"index","follow":"follow","max-snippet":"max-snippet:-1","max-image-preview":"max-image-preview:large","max-video-preview":"max-video-preview:-1"},"canonical":"https:\/\/www.ladiagonale.net\/index.php\/2024\/01\/16\/deux-monegasques-convoques-avec-la-france-u17\/","og_locale":"fr_FR","og_type":"article","og_title":"Deux Mon\u00e9gasques convoqu\u00e9s avec la France U17 - La Diagonale","og_description":"Du 22 au 25 janvier, l&rsquo;\u00e9quipe de France U17 va se rassembler au Centre technique Henri-Gu\u00e9rin de Ploufragan afin de pr\u00e9parer le Tour \u00c9lite pr\u00e9vu en mars, en vue de se qualifier pour l&rsquo;Euro U17. Pape Cabral et Nick Mokabakila ont tous deux \u00e9t\u00e9 s\u00e9lectionn\u00e9s par Jos\u00e9 Alcocer pour ce court stage qui verra les [...]","og_url":"https:\/\/www.ladiagonale.net\/index.php\/2024\/01\/16\/deux-monegasques-convoques-avec-la-france-u17\/","og_site_name":"La Diagonale","article_published_time":"2024-01-16T18:09:27+00:00","article_modified_time":"2024-01-16T18:09:31+00:00","og_image":[{"width":1160,"height":650,"url":"https:\/\/www.ladiagonale.net\/wp-content\/uploads\/2023\/04\/mokabakila-france.png","type":"image\/png"}],"author":"Damien Dellerba","twitter_card":"summary_large_image","twitter_image":"https:\/\/www.ladiagonale.net\/wp-content\/uploads\/2023\/04\/mokabakila-france.png","twitter_misc":{"\u00c9crit par":"Damien Dellerba","Dur\u00e9e de lecture estim\u00e9e":"1 minute"},"schema":{"@context":"https:\/\/schema.org","@graph":[{"@type":"WebPage","@id":"https:\/\/www.ladiagonale.net\/index.php\/2024\/01\/16\/deux-monegasques-convoques-avec-la-france-u17\/","url":"https:\/\/www.ladiagonale.net\/index.php\/2024\/01\/16\/deux-monegasques-convoques-avec-la-france-u17\/","name":"Deux Mon\u00e9gasques convoqu\u00e9s avec la France U17 - La Diagonale","isPartOf":{"@id":"https:\/\/www.ladiagonale.net\/#website"},"datePublished":"2024-01-16T18:09:27+00:00","dateModified":"2024-01-16T18:09:31+00:00","author":{"@id":"https:\/\/www.ladiagonale.net\/#\/schema\/person\/79ff1e7b0853ed01b2aa26e64ad300bf"},"breadcrumb":{"@id":"https:\/\/www.ladiagonale.net\/index.php\/2024\/01\/16\/deux-monegasques-convoques-avec-la-france-u17\/#breadcrumb"},"inLanguage":"fr-FR","potentialAction":[{"@type":"ReadAction","target":["https:\/\/www.ladiagonale.net\/index.php\/2024\/01\/16\/deux-monegasques-convoques-avec-la-france-u17\/"]}]},{"@type":"BreadcrumbList","@id":"https:\/\/www.ladiagonale.net\/index.php\/2024\/01\/16\/deux-monegasques-convoques-avec-la-france-u17\/#breadcrumb","itemListElement":[{"@type":"ListItem","position":1,"name":"Accueil","item":"https:\/\/www.ladiagonale.net\/"},{"@type":"ListItem","position":2,"name":"Deux Mon\u00e9gasques convoqu\u00e9s avec la France U17"}]},{"@type":"WebSite","@id":"https:\/\/www.ladiagonale.net\/#website","url":"https:\/\/www.ladiagonale.net\/","name":"La Diagonale","description":"Le site des supporters de l&#039;AS Monaco FC","potentialAction":[{"@type":"SearchAction","target":{"@type":"EntryPoint","urlTemplate":"https:\/\/www.ladiagonale.net\/?s={search_term_string}"},"query-input":"required name=search_term_string"}],"inLanguage":"fr-FR"},{"@type":"Person","@id":"https:\/\/www.ladiagonale.net\/#\/schema\/person\/79ff1e7b0853ed01b2aa26e64ad300bf","name":"Damien Dellerba","image":{"@type":"ImageObject","inLanguage":"fr-FR","@id":"https:\/\/www.ladiagonale.net\/#\/schema\/person\/image\/","url":"https:\/\/secure.gravatar.com\/avatar\/c7850e06d3ff63cdbaee88b7fc16e2f0?s=96&d=mm&r=g","contentUrl":"https:\/\/secure.gravatar.com\/avatar\/c7850e06d3ff63cdbaee88b7fc16e2f0?s=96&d=mm&r=g","caption":"Damien Dellerba"},"url":"https:\/\/www.ladiagonale.net\/index.php\/author\/damien\/"}]}},"_links":{"self":[{"href":"https:\/\/www.ladiagonale.net\/index.php\/wp-json\/wp\/v2\/posts\/19763"}],"collection":[{"href":"https:\/\/www.ladiagonale.net\/index.php\/wp-json\/wp\/v2\/posts"}],"about":[{"href":"https:\/\/www.ladiagonale.net\/index.php\/wp-json\/wp\/v2\/types\/post"}],"author":[{"embeddable":true,"href":"https:\/\/www.ladiagonale.net\/index.php\/wp-json\/wp\/v2\/users\/2"}],"replies":[{"embeddable":true,"href":"https:\/\/www.ladiagonale.net\/index.php\/wp-json\/wp\/v2\/comments?post=19763"}],"version-history":[{"count":1,"href":"https:\/\/www.ladiagonale.net\/index.php\/wp-json\/wp\/v2\/posts\/19763\/revisions"}],"predecessor-version":[{"id":19765,"href":"https:\/\/www.ladiagonale.net\/index.php\/wp-json\/wp\/v2\/posts\/19763\/revisions\/19765"}],"wp:attachment":[{"href":"https:\/\/www.ladiagonale.net\/index.php\/wp-json\/wp\/v2\/media?parent=19763"}],"wp:term":[{"taxonomy":"category","embeddable":true,"href":"https:\/\/www.ladiagonale.net\/index.php\/wp-json\/wp\/v2\/categories?post=19763"},{"taxonomy":"post_tag","embeddable":true,"href":"https:\/\/www.ladiagonale.net\/index.php\/wp-json\/wp\/v2\/tags?post=19763"}],"curies":[{"name":"wp","href":"https:\/\/api.w.org\/{rel}","templated":true}]}}