{"id":19768,"date":"2024-01-16T23:20:15","date_gmt":"2024-01-16T22:20:15","guid":{"rendered":"https:\/\/www.ladiagonale.net\/?p=19768"},"modified":"2024-01-16T23:27:18","modified_gmt":"2024-01-16T22:27:18","slug":"camara-absent-pour-lentree-en-lice-du-mali-a-la-can","status":"publish","type":"post","link":"https:\/\/www.ladiagonale.net\/index.php\/2024\/01\/16\/camara-absent-pour-lentree-en-lice-du-mali-a-la-can\/","title":{"rendered":"Camara absent pour l&rsquo;entr\u00e9e en lice du Mali \u00e0 la CAN"},"content":{"rendered":"\n\n\n<p>Ce mardi, le Mali a fait ses d\u00e9buts \u00e0 la Coupe d&rsquo;Afrique avec une victoire contre l&rsquo;Afrique du Sud (2-0). Sans Mohamed Camara, insuffisamment remis de sa blessure \u00e0 l&rsquo;ischio-jambier droit contract\u00e9e contre Lyon <em>(le 15 d\u00e9cembre)<\/em>, et qui n&rsquo;\u00e9tait donc pas sur la feuille de match. L&rsquo;incertitude \u00e9tait de mise concernant le milieu de terrain de l&rsquo;AS Monaco, qui a pass\u00e9 une IRM de contr\u00f4le \u00e0 Abidjan la veille du match, mais s&rsquo;\u00e9tait n\u00e9anmoins entra\u00een\u00e9 avec le groupe dans la soir\u00e9e, comme rapport\u00e9 par <em>RFI<\/em>. Finalement, le Malien de 24 ans a d\u00fb renoncer.<\/p>\n\n\n\n<blockquote class=\"twitter-tweet\"><p lang=\"fr\" dir=\"ltr\">Annonc\u00e9 incertain pour le match de sa s\u00e9lection du Mali contre l\u2019Afrique du Sud demain, le milieu de terrain de Monaco Mohamed Camara participe au dernier entra\u00eenement des Aigles \u00e0 Korhogo, apr\u00e8s un voyage \u00e0 Abidjan pour passer une IRM. <a href=\"https:\/\/twitter.com\/hashtag\/CAN2023?src=hash&amp;ref_src=twsrc%5Etfw\">#CAN2023<\/a> <a href=\"https:\/\/twitter.com\/hashtag\/AFCON2023?src=hash&amp;ref_src=twsrc%5Etfw\">#AFCON2023<\/a> <a href=\"https:\/\/twitter.com\/hashtag\/Aigles?src=hash&amp;ref_src=twsrc%5Etfw\">#Aigles<\/a> <a href=\"https:\/\/twitter.com\/hashtag\/Mali?src=hash&amp;ref_src=twsrc%5Etfw\">#Mali<\/a> <a href=\"https:\/\/t.co\/gvvOUlodO3\">pic.twitter.com\/gvvOUlodO3<\/a><\/p>\u2014 Thomas-Sean de Saint Leger (@ThomasdeStLeger) <a href=\"https:\/\/twitter.com\/ThomasdeStLeger\/status\/1746969554406842573?ref_src=twsrc%5Etfw\">January 15, 2024<\/a><\/blockquote> <script async=\"\" src=\"https:\/\/platform.twitter.com\/widgets.js\" charset=\"utf-8\"><\/script>\n\n\n\n<p>Avant d&rsquo;affronter Toulouse, le 20 d\u00e9cembre, son entra\u00eeneur Adi H\u00fctter avait d\u00e9j\u00e0 <a href=\"https:\/\/www.ladiagonale.net\/index.php\/2023\/12\/19\/monaco-ne-retiendra-pas-salisu-pour-la-can\/#\" target=\"_blank\" rel=\"noreferrer noopener\">\u00e9mis quelques doutes<\/a> sur la capacit\u00e9 de Camara a pouvoir disputer le premier match du Mali dans cette CAN. \u00ab&nbsp;<em>Quand vous parlez avec lui, il se sent pr\u00eat \u00e0 jouer le premier match mais nous devons faire attention avec ce genre de blessure<\/em>, avait indiqu\u00e9 l&rsquo;Autrichien<em>. Apr\u00e8s 10-15 jours, tu penses \u00eatre pr\u00eat alors que tu ne l\u2019es pas forc\u00e9ment.<\/em>&nbsp;\u00bb Reste \u00e0 savoir si le Mon\u00e9gasque pourra tenir sa place \u00e0 l&rsquo;occasion de la deuxi\u00e8me rencontre de la phase de groupe contre la Tunisie qui doit se tenir samedi.<\/p>\n","protected":false},"excerpt":{"rendered":"<p>Ce mardi, le Mali a fait ses d\u00e9buts \u00e0 la Coupe d&rsquo;Afrique avec une victoire contre l&rsquo;Afrique du Sud (2-0). Sans Mohamed Camara, insuffisamment remis de sa blessure \u00e0 l&rsquo;ischio-jambier droit contract\u00e9e contre Lyon (le 15 d\u00e9cembre), et qui n&rsquo;\u00e9tait donc pas sur la feuille de match. L&rsquo;incertitude \u00e9tait de mise concernant le milieu de [&#8230;]\n","protected":false},"author":2,"featured_media":0,"comment_status":"open","ping_status":"open","sticky":false,"template":"","format":"standard","meta":[],"categories":[6],"tags":[86,745,144,143,116],"yoast_head":"<!-- This site is optimized with the Yoast SEO plugin v19.8 - https:\/\/yoast.com\/wordpress\/plugins\/seo\/ -->\n<title>Camara absent pour l&#039;entr\u00e9e en lice du Mali \u00e0 la CAN - La Diagonale<\/title>\n<meta name=\"robots\" content=\"index, follow, max-snippet:-1, max-image-preview:large, max-video-preview:-1\" \/>\n<link rel=\"canonical\" href=\"https:\/\/www.ladiagonale.net\/index.php\/2024\/01\/16\/camara-absent-pour-lentree-en-lice-du-mali-a-la-can\/\" \/>\n<meta property=\"og:locale\" content=\"fr_FR\" \/>\n<meta property=\"og:type\" content=\"article\" \/>\n<meta property=\"og:title\" content=\"Camara absent pour l&#039;entr\u00e9e en lice du Mali \u00e0 la CAN - La Diagonale\" \/>\n<meta property=\"og:description\" content=\"Ce mardi, le Mali a fait ses d\u00e9buts \u00e0 la Coupe d&rsquo;Afrique avec une victoire contre l&rsquo;Afrique du Sud (2-0). Sans Mohamed Camara, insuffisamment remis de sa blessure \u00e0 l&rsquo;ischio-jambier droit contract\u00e9e contre Lyon (le 15 d\u00e9cembre), et qui n&rsquo;\u00e9tait donc pas sur la feuille de match. L&rsquo;incertitude \u00e9tait de mise concernant le milieu de [...]\" \/>\n<meta property=\"og:url\" content=\"https:\/\/www.ladiagonale.net\/index.php\/2024\/01\/16\/camara-absent-pour-lentree-en-lice-du-mali-a-la-can\/\" \/>\n<meta property=\"og:site_name\" content=\"La Diagonale\" \/>\n<meta property=\"article:published_time\" content=\"2024-01-16T22:20:15+00:00\" \/>\n<meta property=\"article:modified_time\" content=\"2024-01-16T22:27:18+00:00\" \/>\n<meta property=\"og:image\" content=\"https:\/\/www.ladiagonale.net\/wp-content\/uploads\/2023\/03\/camara-mali.png\" \/>\n\t<meta property=\"og:image:width\" content=\"1160\" \/>\n\t<meta property=\"og:image:height\" content=\"650\" \/>\n\t<meta property=\"og:image:type\" content=\"image\/png\" \/>\n<meta name=\"author\" content=\"Damien Dellerba\" \/>\n<meta name=\"twitter:card\" content=\"summary_large_image\" \/>\n<meta name=\"twitter:image\" content=\"https:\/\/www.ladiagonale.net\/wp-content\/uploads\/2023\/03\/camara-mali.png\" \/>\n<meta name=\"twitter:label1\" content=\"\u00c9crit par\" \/>\n\t<meta name=\"twitter:data1\" content=\"Damien Dellerba\" \/>\n\t<meta name=\"twitter:label2\" content=\"Dur\u00e9e de lecture estim\u00e9e\" \/>\n\t<meta name=\"twitter:data2\" content=\"2 minutes\" \/>\n<script type=\"application\/ld+json\" class=\"yoast-schema-graph\">{\"@context\":\"https:\/\/schema.org\",\"@graph\":[{\"@type\":\"WebPage\",\"@id\":\"https:\/\/www.ladiagonale.net\/index.php\/2024\/01\/16\/camara-absent-pour-lentree-en-lice-du-mali-a-la-can\/\",\"url\":\"https:\/\/www.ladiagonale.net\/index.php\/2024\/01\/16\/camara-absent-pour-lentree-en-lice-du-mali-a-la-can\/\",\"name\":\"Camara absent pour l'entr\u00e9e en lice du Mali \u00e0 la CAN - La Diagonale\",\"isPartOf\":{\"@id\":\"https:\/\/www.ladiagonale.net\/#website\"},\"datePublished\":\"2024-01-16T22:20:15+00:00\",\"dateModified\":\"2024-01-16T22:27:18+00:00\",\"author\":{\"@id\":\"https:\/\/www.ladiagonale.net\/#\/schema\/person\/79ff1e7b0853ed01b2aa26e64ad300bf\"},\"breadcrumb\":{\"@id\":\"https:\/\/www.ladiagonale.net\/index.php\/2024\/01\/16\/camara-absent-pour-lentree-en-lice-du-mali-a-la-can\/#breadcrumb\"},\"inLanguage\":\"fr-FR\",\"potentialAction\":[{\"@type\":\"ReadAction\",\"target\":[\"https:\/\/www.ladiagonale.net\/index.php\/2024\/01\/16\/camara-absent-pour-lentree-en-lice-du-mali-a-la-can\/\"]}]},{\"@type\":\"BreadcrumbList\",\"@id\":\"https:\/\/www.ladiagonale.net\/index.php\/2024\/01\/16\/camara-absent-pour-lentree-en-lice-du-mali-a-la-can\/#breadcrumb\",\"itemListElement\":[{\"@type\":\"ListItem\",\"position\":1,\"name\":\"Accueil\",\"item\":\"https:\/\/www.ladiagonale.net\/\"},{\"@type\":\"ListItem\",\"position\":2,\"name\":\"Camara absent pour l&rsquo;entr\u00e9e en lice du Mali \u00e0 la CAN\"}]},{\"@type\":\"WebSite\",\"@id\":\"https:\/\/www.ladiagonale.net\/#website\",\"url\":\"https:\/\/www.ladiagonale.net\/\",\"name\":\"La Diagonale\",\"description\":\"Le site des supporters de l&#039;AS Monaco FC\",\"potentialAction\":[{\"@type\":\"SearchAction\",\"target\":{\"@type\":\"EntryPoint\",\"urlTemplate\":\"https:\/\/www.ladiagonale.net\/?s={search_term_string}\"},\"query-input\":\"required name=search_term_string\"}],\"inLanguage\":\"fr-FR\"},{\"@type\":\"Person\",\"@id\":\"https:\/\/www.ladiagonale.net\/#\/schema\/person\/79ff1e7b0853ed01b2aa26e64ad300bf\",\"name\":\"Damien Dellerba\",\"image\":{\"@type\":\"ImageObject\",\"inLanguage\":\"fr-FR\",\"@id\":\"https:\/\/www.ladiagonale.net\/#\/schema\/person\/image\/\",\"url\":\"https:\/\/secure.gravatar.com\/avatar\/c7850e06d3ff63cdbaee88b7fc16e2f0?s=96&d=mm&r=g\",\"contentUrl\":\"https:\/\/secure.gravatar.com\/avatar\/c7850e06d3ff63cdbaee88b7fc16e2f0?s=96&d=mm&r=g\",\"caption\":\"Damien Dellerba\"},\"url\":\"https:\/\/www.ladiagonale.net\/index.php\/author\/damien\/\"}]}<\/script>\n<!-- \/ Yoast SEO plugin. -->","yoast_head_json":{"title":"Camara absent pour l'entr\u00e9e en lice du Mali \u00e0 la CAN - La Diagonale","robots":{"index":"index","follow":"follow","max-snippet":"max-snippet:-1","max-image-preview":"max-image-preview:large","max-video-preview":"max-video-preview:-1"},"canonical":"https:\/\/www.ladiagonale.net\/index.php\/2024\/01\/16\/camara-absent-pour-lentree-en-lice-du-mali-a-la-can\/","og_locale":"fr_FR","og_type":"article","og_title":"Camara absent pour l'entr\u00e9e en lice du Mali \u00e0 la CAN - La Diagonale","og_description":"Ce mardi, le Mali a fait ses d\u00e9buts \u00e0 la Coupe d&rsquo;Afrique avec une victoire contre l&rsquo;Afrique du Sud (2-0). Sans Mohamed Camara, insuffisamment remis de sa blessure \u00e0 l&rsquo;ischio-jambier droit contract\u00e9e contre Lyon (le 15 d\u00e9cembre), et qui n&rsquo;\u00e9tait donc pas sur la feuille de match. L&rsquo;incertitude \u00e9tait de mise concernant le milieu de [...]","og_url":"https:\/\/www.ladiagonale.net\/index.php\/2024\/01\/16\/camara-absent-pour-lentree-en-lice-du-mali-a-la-can\/","og_site_name":"La Diagonale","article_published_time":"2024-01-16T22:20:15+00:00","article_modified_time":"2024-01-16T22:27:18+00:00","og_image":[{"width":1160,"height":650,"url":"https:\/\/www.ladiagonale.net\/wp-content\/uploads\/2023\/03\/camara-mali.png","type":"image\/png"}],"author":"Damien Dellerba","twitter_card":"summary_large_image","twitter_image":"https:\/\/www.ladiagonale.net\/wp-content\/uploads\/2023\/03\/camara-mali.png","twitter_misc":{"\u00c9crit par":"Damien Dellerba","Dur\u00e9e de lecture estim\u00e9e":"2 minutes"},"schema":{"@context":"https:\/\/schema.org","@graph":[{"@type":"WebPage","@id":"https:\/\/www.ladiagonale.net\/index.php\/2024\/01\/16\/camara-absent-pour-lentree-en-lice-du-mali-a-la-can\/","url":"https:\/\/www.ladiagonale.net\/index.php\/2024\/01\/16\/camara-absent-pour-lentree-en-lice-du-mali-a-la-can\/","name":"Camara absent pour l'entr\u00e9e en lice du Mali \u00e0 la CAN - La Diagonale","isPartOf":{"@id":"https:\/\/www.ladiagonale.net\/#website"},"datePublished":"2024-01-16T22:20:15+00:00","dateModified":"2024-01-16T22:27:18+00:00","author":{"@id":"https:\/\/www.ladiagonale.net\/#\/schema\/person\/79ff1e7b0853ed01b2aa26e64ad300bf"},"breadcrumb":{"@id":"https:\/\/www.ladiagonale.net\/index.php\/2024\/01\/16\/camara-absent-pour-lentree-en-lice-du-mali-a-la-can\/#breadcrumb"},"inLanguage":"fr-FR","potentialAction":[{"@type":"ReadAction","target":["https:\/\/www.ladiagonale.net\/index.php\/2024\/01\/16\/camara-absent-pour-lentree-en-lice-du-mali-a-la-can\/"]}]},{"@type":"BreadcrumbList","@id":"https:\/\/www.ladiagonale.net\/index.php\/2024\/01\/16\/camara-absent-pour-lentree-en-lice-du-mali-a-la-can\/#breadcrumb","itemListElement":[{"@type":"ListItem","position":1,"name":"Accueil","item":"https:\/\/www.ladiagonale.net\/"},{"@type":"ListItem","position":2,"name":"Camara absent pour l&rsquo;entr\u00e9e en lice du Mali \u00e0 la CAN"}]},{"@type":"WebSite","@id":"https:\/\/www.ladiagonale.net\/#website","url":"https:\/\/www.ladiagonale.net\/","name":"La Diagonale","description":"Le site des supporters de l&#039;AS Monaco FC","potentialAction":[{"@type":"SearchAction","target":{"@type":"EntryPoint","urlTemplate":"https:\/\/www.ladiagonale.net\/?s={search_term_string}"},"query-input":"required name=search_term_string"}],"inLanguage":"fr-FR"},{"@type":"Person","@id":"https:\/\/www.ladiagonale.net\/#\/schema\/person\/79ff1e7b0853ed01b2aa26e64ad300bf","name":"Damien Dellerba","image":{"@type":"ImageObject","inLanguage":"fr-FR","@id":"https:\/\/www.ladiagonale.net\/#\/schema\/person\/image\/","url":"https:\/\/secure.gravatar.com\/avatar\/c7850e06d3ff63cdbaee88b7fc16e2f0?s=96&d=mm&r=g","contentUrl":"https:\/\/secure.gravatar.com\/avatar\/c7850e06d3ff63cdbaee88b7fc16e2f0?s=96&d=mm&r=g","caption":"Damien Dellerba"},"url":"https:\/\/www.ladiagonale.net\/index.php\/author\/damien\/"}]}},"_links":{"self":[{"href":"https:\/\/www.ladiagonale.net\/index.php\/wp-json\/wp\/v2\/posts\/19768"}],"collection":[{"href":"https:\/\/www.ladiagonale.net\/index.php\/wp-json\/wp\/v2\/posts"}],"about":[{"href":"https:\/\/www.ladiagonale.net\/index.php\/wp-json\/wp\/v2\/types\/post"}],"author":[{"embeddable":true,"href":"https:\/\/www.ladiagonale.net\/index.php\/wp-json\/wp\/v2\/users\/2"}],"replies":[{"embeddable":true,"href":"https:\/\/www.ladiagonale.net\/index.php\/wp-json\/wp\/v2\/comments?post=19768"}],"version-history":[{"count":6,"href":"https:\/\/www.ladiagonale.net\/index.php\/wp-json\/wp\/v2\/posts\/19768\/revisions"}],"predecessor-version":[{"id":19776,"href":"https:\/\/www.ladiagonale.net\/index.php\/wp-json\/wp\/v2\/posts\/19768\/revisions\/19776"}],"wp:attachment":[{"href":"https:\/\/www.ladiagonale.net\/index.php\/wp-json\/wp\/v2\/media?parent=19768"}],"wp:term":[{"taxonomy":"category","embeddable":true,"href":"https:\/\/www.ladiagonale.net\/index.php\/wp-json\/wp\/v2\/categories?post=19768"},{"taxonomy":"post_tag","embeddable":true,"href":"https:\/\/www.ladiagonale.net\/index.php\/wp-json\/wp\/v2\/tags?post=19768"}],"curies":[{"name":"wp","href":"https:\/\/api.w.org\/{rel}","templated":true}]}}