{"id":19779,"date":"2024-01-17T19:09:07","date_gmt":"2024-01-17T18:09:07","guid":{"rendered":"https:\/\/www.ladiagonale.net\/?p=19779"},"modified":"2024-01-17T19:09:11","modified_gmt":"2024-01-17T18:09:11","slug":"jeremy-stinat-designe-pour-rodez-monaco","status":"publish","type":"post","link":"https:\/\/www.ladiagonale.net\/index.php\/2024\/01\/17\/jeremy-stinat-designe-pour-rodez-monaco\/","title":{"rendered":"J\u00e9r\u00e9my Stinat d\u00e9sign\u00e9 pour Rodez-Monaco"},"content":{"rendered":"\n\n\n<p>Ce samedi (17h30), Monaco se rendra \u00e0 Rodez pour disputer son 16<sup>e<\/sup> de finale de la Coupe de France. Pour arbitrer cette rencontre, c&rsquo;est J\u00e9r\u00e9my Stinat qui a \u00e9t\u00e9 d\u00e9sign\u00e9 par la FFF et il sera assist\u00e9 par Fran\u00e7ois Boudikian et C\u00e9dric Favre sur la touche. Comme lors du tour pr\u00e9c\u00e9dent contre Lens, il n&rsquo;y aura pas d&rsquo;arbitrage vid\u00e9o pr\u00e9vu puisque celui-ci n&rsquo;est mis en place qu&rsquo;\u00e0 partir des quarts de finale de la comp\u00e9tition.<\/p>\n\n\n\n<p>Cette saison, J\u00e9r\u00e9my Stinat a arbitr\u00e9 l&rsquo;AS Monaco une fois, lors de la victoire contre Montpellier <em>(2-0, le 3 d\u00e9cembre)<\/em>. \u00c0 cette occasion, il avait notamment sorti le carton rouge \u00e0 l&rsquo;encontre de Kouyat\u00e9.<\/p>\n","protected":false},"excerpt":{"rendered":"<p>Ce samedi (17h30), Monaco se rendra \u00e0 Rodez pour disputer son 16e de finale de la Coupe de France. Pour arbitrer cette rencontre, c&rsquo;est J\u00e9r\u00e9my Stinat qui a \u00e9t\u00e9 d\u00e9sign\u00e9 par la FFF et il sera assist\u00e9 par Fran\u00e7ois Boudikian et C\u00e9dric Favre sur la touche. Comme lors du tour pr\u00e9c\u00e9dent contre Lens, il n&rsquo;y [&#8230;]\n","protected":false},"author":2,"featured_media":0,"comment_status":"open","ping_status":"open","sticky":false,"template":"","format":"standard","meta":[],"categories":[6],"tags":[156,86,232,444,763],"yoast_head":"<!-- This site is optimized with the Yoast SEO plugin v19.8 - https:\/\/yoast.com\/wordpress\/plugins\/seo\/ -->\n<title>J\u00e9r\u00e9my Stinat d\u00e9sign\u00e9 pour Rodez-Monaco - La Diagonale<\/title>\n<meta name=\"robots\" content=\"index, follow, max-snippet:-1, max-image-preview:large, max-video-preview:-1\" \/>\n<link rel=\"canonical\" href=\"https:\/\/www.ladiagonale.net\/index.php\/2024\/01\/17\/jeremy-stinat-designe-pour-rodez-monaco\/\" \/>\n<meta property=\"og:locale\" content=\"fr_FR\" \/>\n<meta property=\"og:type\" content=\"article\" \/>\n<meta property=\"og:title\" content=\"J\u00e9r\u00e9my Stinat d\u00e9sign\u00e9 pour Rodez-Monaco - La Diagonale\" \/>\n<meta property=\"og:description\" content=\"Ce samedi (17h30), Monaco se rendra \u00e0 Rodez pour disputer son 16e de finale de la Coupe de France. Pour arbitrer cette rencontre, c&rsquo;est J\u00e9r\u00e9my Stinat qui a \u00e9t\u00e9 d\u00e9sign\u00e9 par la FFF et il sera assist\u00e9 par Fran\u00e7ois Boudikian et C\u00e9dric Favre sur la touche. Comme lors du tour pr\u00e9c\u00e9dent contre Lens, il n&rsquo;y [...]\" \/>\n<meta property=\"og:url\" content=\"https:\/\/www.ladiagonale.net\/index.php\/2024\/01\/17\/jeremy-stinat-designe-pour-rodez-monaco\/\" \/>\n<meta property=\"og:site_name\" content=\"La Diagonale\" \/>\n<meta property=\"article:published_time\" content=\"2024-01-17T18:09:07+00:00\" \/>\n<meta property=\"article:modified_time\" content=\"2024-01-17T18:09:11+00:00\" \/>\n<meta property=\"og:image\" content=\"https:\/\/www.ladiagonale.net\/wp-content\/uploads\/2022\/12\/stinat.png\" \/>\n\t<meta property=\"og:image:width\" content=\"1160\" \/>\n\t<meta property=\"og:image:height\" content=\"650\" \/>\n\t<meta property=\"og:image:type\" content=\"image\/png\" \/>\n<meta name=\"author\" content=\"Damien Dellerba\" \/>\n<meta name=\"twitter:card\" content=\"summary_large_image\" \/>\n<meta name=\"twitter:image\" content=\"https:\/\/www.ladiagonale.net\/wp-content\/uploads\/2022\/12\/stinat.png\" \/>\n<meta name=\"twitter:label1\" content=\"\u00c9crit par\" \/>\n\t<meta name=\"twitter:data1\" content=\"Damien Dellerba\" \/>\n\t<meta name=\"twitter:label2\" content=\"Dur\u00e9e de lecture estim\u00e9e\" \/>\n\t<meta name=\"twitter:data2\" content=\"1 minute\" \/>\n<script type=\"application\/ld+json\" class=\"yoast-schema-graph\">{\"@context\":\"https:\/\/schema.org\",\"@graph\":[{\"@type\":\"WebPage\",\"@id\":\"https:\/\/www.ladiagonale.net\/index.php\/2024\/01\/17\/jeremy-stinat-designe-pour-rodez-monaco\/\",\"url\":\"https:\/\/www.ladiagonale.net\/index.php\/2024\/01\/17\/jeremy-stinat-designe-pour-rodez-monaco\/\",\"name\":\"J\u00e9r\u00e9my Stinat d\u00e9sign\u00e9 pour Rodez-Monaco - La Diagonale\",\"isPartOf\":{\"@id\":\"https:\/\/www.ladiagonale.net\/#website\"},\"datePublished\":\"2024-01-17T18:09:07+00:00\",\"dateModified\":\"2024-01-17T18:09:11+00:00\",\"author\":{\"@id\":\"https:\/\/www.ladiagonale.net\/#\/schema\/person\/79ff1e7b0853ed01b2aa26e64ad300bf\"},\"breadcrumb\":{\"@id\":\"https:\/\/www.ladiagonale.net\/index.php\/2024\/01\/17\/jeremy-stinat-designe-pour-rodez-monaco\/#breadcrumb\"},\"inLanguage\":\"fr-FR\",\"potentialAction\":[{\"@type\":\"ReadAction\",\"target\":[\"https:\/\/www.ladiagonale.net\/index.php\/2024\/01\/17\/jeremy-stinat-designe-pour-rodez-monaco\/\"]}]},{\"@type\":\"BreadcrumbList\",\"@id\":\"https:\/\/www.ladiagonale.net\/index.php\/2024\/01\/17\/jeremy-stinat-designe-pour-rodez-monaco\/#breadcrumb\",\"itemListElement\":[{\"@type\":\"ListItem\",\"position\":1,\"name\":\"Accueil\",\"item\":\"https:\/\/www.ladiagonale.net\/\"},{\"@type\":\"ListItem\",\"position\":2,\"name\":\"J\u00e9r\u00e9my Stinat d\u00e9sign\u00e9 pour Rodez-Monaco\"}]},{\"@type\":\"WebSite\",\"@id\":\"https:\/\/www.ladiagonale.net\/#website\",\"url\":\"https:\/\/www.ladiagonale.net\/\",\"name\":\"La Diagonale\",\"description\":\"Le site des supporters de l&#039;AS Monaco FC\",\"potentialAction\":[{\"@type\":\"SearchAction\",\"target\":{\"@type\":\"EntryPoint\",\"urlTemplate\":\"https:\/\/www.ladiagonale.net\/?s={search_term_string}\"},\"query-input\":\"required name=search_term_string\"}],\"inLanguage\":\"fr-FR\"},{\"@type\":\"Person\",\"@id\":\"https:\/\/www.ladiagonale.net\/#\/schema\/person\/79ff1e7b0853ed01b2aa26e64ad300bf\",\"name\":\"Damien Dellerba\",\"image\":{\"@type\":\"ImageObject\",\"inLanguage\":\"fr-FR\",\"@id\":\"https:\/\/www.ladiagonale.net\/#\/schema\/person\/image\/\",\"url\":\"https:\/\/secure.gravatar.com\/avatar\/c7850e06d3ff63cdbaee88b7fc16e2f0?s=96&d=mm&r=g\",\"contentUrl\":\"https:\/\/secure.gravatar.com\/avatar\/c7850e06d3ff63cdbaee88b7fc16e2f0?s=96&d=mm&r=g\",\"caption\":\"Damien Dellerba\"},\"url\":\"https:\/\/www.ladiagonale.net\/index.php\/author\/damien\/\"}]}<\/script>\n<!-- \/ Yoast SEO plugin. -->","yoast_head_json":{"title":"J\u00e9r\u00e9my Stinat d\u00e9sign\u00e9 pour Rodez-Monaco - La Diagonale","robots":{"index":"index","follow":"follow","max-snippet":"max-snippet:-1","max-image-preview":"max-image-preview:large","max-video-preview":"max-video-preview:-1"},"canonical":"https:\/\/www.ladiagonale.net\/index.php\/2024\/01\/17\/jeremy-stinat-designe-pour-rodez-monaco\/","og_locale":"fr_FR","og_type":"article","og_title":"J\u00e9r\u00e9my Stinat d\u00e9sign\u00e9 pour Rodez-Monaco - La Diagonale","og_description":"Ce samedi (17h30), Monaco se rendra \u00e0 Rodez pour disputer son 16e de finale de la Coupe de France. Pour arbitrer cette rencontre, c&rsquo;est J\u00e9r\u00e9my Stinat qui a \u00e9t\u00e9 d\u00e9sign\u00e9 par la FFF et il sera assist\u00e9 par Fran\u00e7ois Boudikian et C\u00e9dric Favre sur la touche. Comme lors du tour pr\u00e9c\u00e9dent contre Lens, il n&rsquo;y [...]","og_url":"https:\/\/www.ladiagonale.net\/index.php\/2024\/01\/17\/jeremy-stinat-designe-pour-rodez-monaco\/","og_site_name":"La Diagonale","article_published_time":"2024-01-17T18:09:07+00:00","article_modified_time":"2024-01-17T18:09:11+00:00","og_image":[{"width":1160,"height":650,"url":"https:\/\/www.ladiagonale.net\/wp-content\/uploads\/2022\/12\/stinat.png","type":"image\/png"}],"author":"Damien Dellerba","twitter_card":"summary_large_image","twitter_image":"https:\/\/www.ladiagonale.net\/wp-content\/uploads\/2022\/12\/stinat.png","twitter_misc":{"\u00c9crit par":"Damien Dellerba","Dur\u00e9e de lecture estim\u00e9e":"1 minute"},"schema":{"@context":"https:\/\/schema.org","@graph":[{"@type":"WebPage","@id":"https:\/\/www.ladiagonale.net\/index.php\/2024\/01\/17\/jeremy-stinat-designe-pour-rodez-monaco\/","url":"https:\/\/www.ladiagonale.net\/index.php\/2024\/01\/17\/jeremy-stinat-designe-pour-rodez-monaco\/","name":"J\u00e9r\u00e9my Stinat d\u00e9sign\u00e9 pour Rodez-Monaco - La Diagonale","isPartOf":{"@id":"https:\/\/www.ladiagonale.net\/#website"},"datePublished":"2024-01-17T18:09:07+00:00","dateModified":"2024-01-17T18:09:11+00:00","author":{"@id":"https:\/\/www.ladiagonale.net\/#\/schema\/person\/79ff1e7b0853ed01b2aa26e64ad300bf"},"breadcrumb":{"@id":"https:\/\/www.ladiagonale.net\/index.php\/2024\/01\/17\/jeremy-stinat-designe-pour-rodez-monaco\/#breadcrumb"},"inLanguage":"fr-FR","potentialAction":[{"@type":"ReadAction","target":["https:\/\/www.ladiagonale.net\/index.php\/2024\/01\/17\/jeremy-stinat-designe-pour-rodez-monaco\/"]}]},{"@type":"BreadcrumbList","@id":"https:\/\/www.ladiagonale.net\/index.php\/2024\/01\/17\/jeremy-stinat-designe-pour-rodez-monaco\/#breadcrumb","itemListElement":[{"@type":"ListItem","position":1,"name":"Accueil","item":"https:\/\/www.ladiagonale.net\/"},{"@type":"ListItem","position":2,"name":"J\u00e9r\u00e9my Stinat d\u00e9sign\u00e9 pour Rodez-Monaco"}]},{"@type":"WebSite","@id":"https:\/\/www.ladiagonale.net\/#website","url":"https:\/\/www.ladiagonale.net\/","name":"La Diagonale","description":"Le site des supporters de l&#039;AS Monaco FC","potentialAction":[{"@type":"SearchAction","target":{"@type":"EntryPoint","urlTemplate":"https:\/\/www.ladiagonale.net\/?s={search_term_string}"},"query-input":"required name=search_term_string"}],"inLanguage":"fr-FR"},{"@type":"Person","@id":"https:\/\/www.ladiagonale.net\/#\/schema\/person\/79ff1e7b0853ed01b2aa26e64ad300bf","name":"Damien Dellerba","image":{"@type":"ImageObject","inLanguage":"fr-FR","@id":"https:\/\/www.ladiagonale.net\/#\/schema\/person\/image\/","url":"https:\/\/secure.gravatar.com\/avatar\/c7850e06d3ff63cdbaee88b7fc16e2f0?s=96&d=mm&r=g","contentUrl":"https:\/\/secure.gravatar.com\/avatar\/c7850e06d3ff63cdbaee88b7fc16e2f0?s=96&d=mm&r=g","caption":"Damien Dellerba"},"url":"https:\/\/www.ladiagonale.net\/index.php\/author\/damien\/"}]}},"_links":{"self":[{"href":"https:\/\/www.ladiagonale.net\/index.php\/wp-json\/wp\/v2\/posts\/19779"}],"collection":[{"href":"https:\/\/www.ladiagonale.net\/index.php\/wp-json\/wp\/v2\/posts"}],"about":[{"href":"https:\/\/www.ladiagonale.net\/index.php\/wp-json\/wp\/v2\/types\/post"}],"author":[{"embeddable":true,"href":"https:\/\/www.ladiagonale.net\/index.php\/wp-json\/wp\/v2\/users\/2"}],"replies":[{"embeddable":true,"href":"https:\/\/www.ladiagonale.net\/index.php\/wp-json\/wp\/v2\/comments?post=19779"}],"version-history":[{"count":1,"href":"https:\/\/www.ladiagonale.net\/index.php\/wp-json\/wp\/v2\/posts\/19779\/revisions"}],"predecessor-version":[{"id":19780,"href":"https:\/\/www.ladiagonale.net\/index.php\/wp-json\/wp\/v2\/posts\/19779\/revisions\/19780"}],"wp:attachment":[{"href":"https:\/\/www.ladiagonale.net\/index.php\/wp-json\/wp\/v2\/media?parent=19779"}],"wp:term":[{"taxonomy":"category","embeddable":true,"href":"https:\/\/www.ladiagonale.net\/index.php\/wp-json\/wp\/v2\/categories?post=19779"},{"taxonomy":"post_tag","embeddable":true,"href":"https:\/\/www.ladiagonale.net\/index.php\/wp-json\/wp\/v2\/tags?post=19779"}],"curies":[{"name":"wp","href":"https:\/\/api.w.org\/{rel}","templated":true}]}}