{"id":19796,"date":"2024-01-18T18:13:44","date_gmt":"2024-01-18T17:13:44","guid":{"rendered":"https:\/\/www.ladiagonale.net\/?p=19796"},"modified":"2024-01-19T11:19:23","modified_gmt":"2024-01-19T10:19:23","slug":"hutter-ne-devrait-pas-convoquer-ben-seghir-pour-rodez","status":"publish","type":"post","link":"https:\/\/www.ladiagonale.net\/index.php\/2024\/01\/18\/hutter-ne-devrait-pas-convoquer-ben-seghir-pour-rodez\/","title":{"rendered":"H\u00fctter ne devrait pas convoquer Ben Seghir pour Rodez"},"content":{"rendered":"\n\n\n<p>La rencontre des 16<sup>es<\/sup> de finale de la Coupe de France contre Rodez devrait se jouer sans Eliesse Ben Seghir. Le jeune milieu offensif de 18 ans est couv\u00e9 par Adi H\u00fctter, qui a indiqu\u00e9 qu&rsquo;il n&rsquo;\u00e9tait pas encore 100% pr\u00eat pour jouer, m\u00eame si ce jour \u00e9tait proche.<\/p>\n\n\n\n<p>\u00ab&nbsp;<em>Eliesse n\u2019est pas loin de l\u2019\u00e9quipe mais aujourd\u2019hui (jeudi) il s\u2019est entra\u00een\u00e9 en int\u00e9rieur, car nous devons faire attention \u00e0 lui. Je pense que dans quelques jours il sera vraiment de retour. (&#8230;) Il veut jouer tous les matchs apr\u00e8s avoir pass\u00e9 six mois sans jouer et m\u00eame apr\u00e8s son premier entra\u00eenement (sourire). <\/em>\u00bb&nbsp;<\/p>\n\n\n\n<p>Au milieu de terrain, la r\u00e9athl\u00e9tisation d&rsquo;Eliot Matazo, touch\u00e9 \u00e0 un quadriceps, semble bien avancer. Il est attendu pour reprendre fin janvier ou d\u00e9but f\u00e9vrier et Adi H\u00fctter s&rsquo;est simplement content\u00e9 de dire que le Belge \u00e9tait lui aussi \u00ab <em>sur la bonne voie<\/em> \u00bb.<\/p>\n","protected":false},"excerpt":{"rendered":"<p>La rencontre des 16es de finale de la Coupe de France contre Rodez devrait se jouer sans Eliesse Ben Seghir. Le jeune milieu offensif de 18 ans est couv\u00e9 par Adi H\u00fctter, qui a indiqu\u00e9 qu&rsquo;il n&rsquo;\u00e9tait pas encore 100% pr\u00eat pour jouer, m\u00eame si ce jour \u00e9tait proche. \u00ab&nbsp;Eliesse n\u2019est pas loin de l\u2019\u00e9quipe [&#8230;]\n","protected":false},"author":2,"featured_media":0,"comment_status":"open","ping_status":"open","sticky":false,"template":"","format":"standard","meta":[],"categories":[6],"tags":[86,286,145,196],"yoast_head":"<!-- This site is optimized with the Yoast SEO plugin v19.8 - https:\/\/yoast.com\/wordpress\/plugins\/seo\/ -->\n<title>H\u00fctter ne devrait pas convoquer Ben Seghir pour Rodez - La Diagonale<\/title>\n<meta name=\"robots\" content=\"index, follow, max-snippet:-1, max-image-preview:large, max-video-preview:-1\" \/>\n<link rel=\"canonical\" href=\"https:\/\/www.ladiagonale.net\/index.php\/2024\/01\/18\/hutter-ne-devrait-pas-convoquer-ben-seghir-pour-rodez\/\" \/>\n<meta property=\"og:locale\" content=\"fr_FR\" \/>\n<meta property=\"og:type\" content=\"article\" \/>\n<meta property=\"og:title\" content=\"H\u00fctter ne devrait pas convoquer Ben Seghir pour Rodez - La Diagonale\" \/>\n<meta property=\"og:description\" content=\"La rencontre des 16es de finale de la Coupe de France contre Rodez devrait se jouer sans Eliesse Ben Seghir. Le jeune milieu offensif de 18 ans est couv\u00e9 par Adi H\u00fctter, qui a indiqu\u00e9 qu&rsquo;il n&rsquo;\u00e9tait pas encore 100% pr\u00eat pour jouer, m\u00eame si ce jour \u00e9tait proche. \u00ab&nbsp;Eliesse n\u2019est pas loin de l\u2019\u00e9quipe [...]\" \/>\n<meta property=\"og:url\" content=\"https:\/\/www.ladiagonale.net\/index.php\/2024\/01\/18\/hutter-ne-devrait-pas-convoquer-ben-seghir-pour-rodez\/\" \/>\n<meta property=\"og:site_name\" content=\"La Diagonale\" \/>\n<meta property=\"article:published_time\" content=\"2024-01-18T17:13:44+00:00\" \/>\n<meta property=\"article:modified_time\" content=\"2024-01-19T10:19:23+00:00\" \/>\n<meta property=\"og:image\" content=\"https:\/\/www.ladiagonale.net\/wp-content\/uploads\/2023\/10\/ben-seghir-ge.png\" \/>\n\t<meta property=\"og:image:width\" content=\"1160\" \/>\n\t<meta property=\"og:image:height\" content=\"650\" \/>\n\t<meta property=\"og:image:type\" content=\"image\/png\" \/>\n<meta name=\"author\" content=\"Damien Dellerba\" \/>\n<meta name=\"twitter:card\" content=\"summary_large_image\" \/>\n<meta name=\"twitter:image\" content=\"https:\/\/www.ladiagonale.net\/wp-content\/uploads\/2023\/10\/ben-seghir-ge.png\" \/>\n<meta name=\"twitter:label1\" content=\"\u00c9crit par\" \/>\n\t<meta name=\"twitter:data1\" content=\"Damien Dellerba\" \/>\n\t<meta name=\"twitter:label2\" content=\"Dur\u00e9e de lecture estim\u00e9e\" \/>\n\t<meta name=\"twitter:data2\" content=\"1 minute\" \/>\n<script type=\"application\/ld+json\" class=\"yoast-schema-graph\">{\"@context\":\"https:\/\/schema.org\",\"@graph\":[{\"@type\":\"WebPage\",\"@id\":\"https:\/\/www.ladiagonale.net\/index.php\/2024\/01\/18\/hutter-ne-devrait-pas-convoquer-ben-seghir-pour-rodez\/\",\"url\":\"https:\/\/www.ladiagonale.net\/index.php\/2024\/01\/18\/hutter-ne-devrait-pas-convoquer-ben-seghir-pour-rodez\/\",\"name\":\"H\u00fctter ne devrait pas convoquer Ben Seghir pour Rodez - La Diagonale\",\"isPartOf\":{\"@id\":\"https:\/\/www.ladiagonale.net\/#website\"},\"datePublished\":\"2024-01-18T17:13:44+00:00\",\"dateModified\":\"2024-01-19T10:19:23+00:00\",\"author\":{\"@id\":\"https:\/\/www.ladiagonale.net\/#\/schema\/person\/79ff1e7b0853ed01b2aa26e64ad300bf\"},\"breadcrumb\":{\"@id\":\"https:\/\/www.ladiagonale.net\/index.php\/2024\/01\/18\/hutter-ne-devrait-pas-convoquer-ben-seghir-pour-rodez\/#breadcrumb\"},\"inLanguage\":\"fr-FR\",\"potentialAction\":[{\"@type\":\"ReadAction\",\"target\":[\"https:\/\/www.ladiagonale.net\/index.php\/2024\/01\/18\/hutter-ne-devrait-pas-convoquer-ben-seghir-pour-rodez\/\"]}]},{\"@type\":\"BreadcrumbList\",\"@id\":\"https:\/\/www.ladiagonale.net\/index.php\/2024\/01\/18\/hutter-ne-devrait-pas-convoquer-ben-seghir-pour-rodez\/#breadcrumb\",\"itemListElement\":[{\"@type\":\"ListItem\",\"position\":1,\"name\":\"Accueil\",\"item\":\"https:\/\/www.ladiagonale.net\/\"},{\"@type\":\"ListItem\",\"position\":2,\"name\":\"H\u00fctter ne devrait pas convoquer Ben Seghir pour Rodez\"}]},{\"@type\":\"WebSite\",\"@id\":\"https:\/\/www.ladiagonale.net\/#website\",\"url\":\"https:\/\/www.ladiagonale.net\/\",\"name\":\"La Diagonale\",\"description\":\"Le site des supporters de l&#039;AS Monaco FC\",\"potentialAction\":[{\"@type\":\"SearchAction\",\"target\":{\"@type\":\"EntryPoint\",\"urlTemplate\":\"https:\/\/www.ladiagonale.net\/?s={search_term_string}\"},\"query-input\":\"required name=search_term_string\"}],\"inLanguage\":\"fr-FR\"},{\"@type\":\"Person\",\"@id\":\"https:\/\/www.ladiagonale.net\/#\/schema\/person\/79ff1e7b0853ed01b2aa26e64ad300bf\",\"name\":\"Damien Dellerba\",\"image\":{\"@type\":\"ImageObject\",\"inLanguage\":\"fr-FR\",\"@id\":\"https:\/\/www.ladiagonale.net\/#\/schema\/person\/image\/\",\"url\":\"https:\/\/secure.gravatar.com\/avatar\/c7850e06d3ff63cdbaee88b7fc16e2f0?s=96&d=mm&r=g\",\"contentUrl\":\"https:\/\/secure.gravatar.com\/avatar\/c7850e06d3ff63cdbaee88b7fc16e2f0?s=96&d=mm&r=g\",\"caption\":\"Damien Dellerba\"},\"url\":\"https:\/\/www.ladiagonale.net\/index.php\/author\/damien\/\"}]}<\/script>\n<!-- \/ Yoast SEO plugin. -->","yoast_head_json":{"title":"H\u00fctter ne devrait pas convoquer Ben Seghir pour Rodez - La Diagonale","robots":{"index":"index","follow":"follow","max-snippet":"max-snippet:-1","max-image-preview":"max-image-preview:large","max-video-preview":"max-video-preview:-1"},"canonical":"https:\/\/www.ladiagonale.net\/index.php\/2024\/01\/18\/hutter-ne-devrait-pas-convoquer-ben-seghir-pour-rodez\/","og_locale":"fr_FR","og_type":"article","og_title":"H\u00fctter ne devrait pas convoquer Ben Seghir pour Rodez - La Diagonale","og_description":"La rencontre des 16es de finale de la Coupe de France contre Rodez devrait se jouer sans Eliesse Ben Seghir. Le jeune milieu offensif de 18 ans est couv\u00e9 par Adi H\u00fctter, qui a indiqu\u00e9 qu&rsquo;il n&rsquo;\u00e9tait pas encore 100% pr\u00eat pour jouer, m\u00eame si ce jour \u00e9tait proche. \u00ab&nbsp;Eliesse n\u2019est pas loin de l\u2019\u00e9quipe [...]","og_url":"https:\/\/www.ladiagonale.net\/index.php\/2024\/01\/18\/hutter-ne-devrait-pas-convoquer-ben-seghir-pour-rodez\/","og_site_name":"La Diagonale","article_published_time":"2024-01-18T17:13:44+00:00","article_modified_time":"2024-01-19T10:19:23+00:00","og_image":[{"width":1160,"height":650,"url":"https:\/\/www.ladiagonale.net\/wp-content\/uploads\/2023\/10\/ben-seghir-ge.png","type":"image\/png"}],"author":"Damien Dellerba","twitter_card":"summary_large_image","twitter_image":"https:\/\/www.ladiagonale.net\/wp-content\/uploads\/2023\/10\/ben-seghir-ge.png","twitter_misc":{"\u00c9crit par":"Damien Dellerba","Dur\u00e9e de lecture estim\u00e9e":"1 minute"},"schema":{"@context":"https:\/\/schema.org","@graph":[{"@type":"WebPage","@id":"https:\/\/www.ladiagonale.net\/index.php\/2024\/01\/18\/hutter-ne-devrait-pas-convoquer-ben-seghir-pour-rodez\/","url":"https:\/\/www.ladiagonale.net\/index.php\/2024\/01\/18\/hutter-ne-devrait-pas-convoquer-ben-seghir-pour-rodez\/","name":"H\u00fctter ne devrait pas convoquer Ben Seghir pour Rodez - La Diagonale","isPartOf":{"@id":"https:\/\/www.ladiagonale.net\/#website"},"datePublished":"2024-01-18T17:13:44+00:00","dateModified":"2024-01-19T10:19:23+00:00","author":{"@id":"https:\/\/www.ladiagonale.net\/#\/schema\/person\/79ff1e7b0853ed01b2aa26e64ad300bf"},"breadcrumb":{"@id":"https:\/\/www.ladiagonale.net\/index.php\/2024\/01\/18\/hutter-ne-devrait-pas-convoquer-ben-seghir-pour-rodez\/#breadcrumb"},"inLanguage":"fr-FR","potentialAction":[{"@type":"ReadAction","target":["https:\/\/www.ladiagonale.net\/index.php\/2024\/01\/18\/hutter-ne-devrait-pas-convoquer-ben-seghir-pour-rodez\/"]}]},{"@type":"BreadcrumbList","@id":"https:\/\/www.ladiagonale.net\/index.php\/2024\/01\/18\/hutter-ne-devrait-pas-convoquer-ben-seghir-pour-rodez\/#breadcrumb","itemListElement":[{"@type":"ListItem","position":1,"name":"Accueil","item":"https:\/\/www.ladiagonale.net\/"},{"@type":"ListItem","position":2,"name":"H\u00fctter ne devrait pas convoquer Ben Seghir pour Rodez"}]},{"@type":"WebSite","@id":"https:\/\/www.ladiagonale.net\/#website","url":"https:\/\/www.ladiagonale.net\/","name":"La Diagonale","description":"Le site des supporters de l&#039;AS Monaco FC","potentialAction":[{"@type":"SearchAction","target":{"@type":"EntryPoint","urlTemplate":"https:\/\/www.ladiagonale.net\/?s={search_term_string}"},"query-input":"required name=search_term_string"}],"inLanguage":"fr-FR"},{"@type":"Person","@id":"https:\/\/www.ladiagonale.net\/#\/schema\/person\/79ff1e7b0853ed01b2aa26e64ad300bf","name":"Damien Dellerba","image":{"@type":"ImageObject","inLanguage":"fr-FR","@id":"https:\/\/www.ladiagonale.net\/#\/schema\/person\/image\/","url":"https:\/\/secure.gravatar.com\/avatar\/c7850e06d3ff63cdbaee88b7fc16e2f0?s=96&d=mm&r=g","contentUrl":"https:\/\/secure.gravatar.com\/avatar\/c7850e06d3ff63cdbaee88b7fc16e2f0?s=96&d=mm&r=g","caption":"Damien Dellerba"},"url":"https:\/\/www.ladiagonale.net\/index.php\/author\/damien\/"}]}},"_links":{"self":[{"href":"https:\/\/www.ladiagonale.net\/index.php\/wp-json\/wp\/v2\/posts\/19796"}],"collection":[{"href":"https:\/\/www.ladiagonale.net\/index.php\/wp-json\/wp\/v2\/posts"}],"about":[{"href":"https:\/\/www.ladiagonale.net\/index.php\/wp-json\/wp\/v2\/types\/post"}],"author":[{"embeddable":true,"href":"https:\/\/www.ladiagonale.net\/index.php\/wp-json\/wp\/v2\/users\/2"}],"replies":[{"embeddable":true,"href":"https:\/\/www.ladiagonale.net\/index.php\/wp-json\/wp\/v2\/comments?post=19796"}],"version-history":[{"count":3,"href":"https:\/\/www.ladiagonale.net\/index.php\/wp-json\/wp\/v2\/posts\/19796\/revisions"}],"predecessor-version":[{"id":19802,"href":"https:\/\/www.ladiagonale.net\/index.php\/wp-json\/wp\/v2\/posts\/19796\/revisions\/19802"}],"wp:attachment":[{"href":"https:\/\/www.ladiagonale.net\/index.php\/wp-json\/wp\/v2\/media?parent=19796"}],"wp:term":[{"taxonomy":"category","embeddable":true,"href":"https:\/\/www.ladiagonale.net\/index.php\/wp-json\/wp\/v2\/categories?post=19796"},{"taxonomy":"post_tag","embeddable":true,"href":"https:\/\/www.ladiagonale.net\/index.php\/wp-json\/wp\/v2\/tags?post=19796"}],"curies":[{"name":"wp","href":"https:\/\/api.w.org\/{rel}","templated":true}]}}