{"id":19810,"date":"2024-01-20T09:18:00","date_gmt":"2024-01-20T08:18:00","guid":{"rendered":"https:\/\/www.ladiagonale.net\/?p=19810"},"modified":"2024-01-20T14:39:21","modified_gmt":"2024-01-20T13:39:21","slug":"cette-fois-pas-dimpair","status":"publish","type":"post","link":"https:\/\/www.ladiagonale.net\/index.php\/2024\/01\/20\/cette-fois-pas-dimpair\/","title":{"rendered":"Cette fois, pas d&rsquo;impair !"},"content":{"rendered":"\n\n\n<p><strong>Ce samedi (17h30), Monaco se rend \u00e0 Rodez pour les 16<sup>es<\/sup> de finale de la Coupe de France. Sur la pelouse du pensionnaire de Ligue 2, la seule ambition des As\u00e9mistes sera d\u2019aller chercher la qualification pour effacer la douloureuse \u00e9limination de la saison derni\u00e8re.<\/strong><\/p>\n\n\n\n<p>En pr\u00e8s de 100 ans d\u2019existence commune, Monaco et Rodez s&rsquo;\u00e9taient soigneusement \u00e9vit\u00e9s, et ce quelle que soit la comp\u00e9tition, jusqu&rsquo;\u00e0 un certain 7 janvier 2023. Par un curieux hasard, voil\u00e0 que les deux clubs se retrouvent pour la seconde fois, un an apr\u00e8s la premi\u00e8re danse, o\u00f9 Monaco, maladroit, s&rsquo;\u00e9tait pris les pieds dans le tapis (2-2, 4-5 aux t.a.b.). Un souvenir cuisant pour de nombreux supporters, alors que l&rsquo;ASM avait men\u00e9 de deux buts avant de conc\u00e9der une piteuse \u00e9galisation et de sombrer sur une s\u00e9ance de tirs au but o\u00f9 son virtuose Aleksandr Golovin s&rsquo;\u00e9tait notamment fourvoy\u00e9. 378 jours plus tard, c&rsquo;est comme si la chance de rattraper le coup venait de tomber du ciel.<\/p>\n\n\n\n<div class=\"wp-container-1 wp-block-buttons\">\n<div class=\"wp-block-button aligncenter is-style-outline\"><a class=\"wp-block-button__link has-very-light-gray-to-cyan-bluish-gray-gradient-background has-background\" href=\"https:\/\/www.ladiagonale.net\/index.php\/2024\/01\/19\/rodez-plus-a-son-aise\/\">Lire aussi : Rodez plus \u00e0 son aise <\/a><\/div>\n<\/div>\n\n\n\n<div style=\"height:35px\" aria-hidden=\"true\" class=\"wp-block-spacer\"><\/div>\n\n\n\n<p>Si le terme de \u00ab&nbsp;revanche&nbsp;\u00bb ne semble pas usurp\u00e9 c\u00f4t\u00e9 mon\u00e9gasque pour qualifier cette confrontation entre les deux \u00e9quipes, Adi H\u00fctter se moque bien de savoir que l&rsquo;ASM avait perdu contre cette m\u00eame \u00e9quipe la saison derni\u00e8re. \u00ab <em>Je n\u2019ai pas revu le match de l\u2019an pass\u00e9. (&#8230;) \u00c7a n&rsquo;a pas de sens de comparer<\/em> \u00bb, a-t-il pr\u00e9venu. L&rsquo;Autrichien pr\u00e9f\u00e9rerait surtout voir son \u00e9quipe se rattraper par rapport \u00e0 sa prestation en tous points d\u00e9sastreuse de la semaine derni\u00e8re contre Reims : \u00ab&nbsp;<em>Apr\u00e8s ce match, personne n\u2019\u00e9tait content (&#8230;). La r\u00e9action apr\u00e8s l\u2019\u00e9galisation \u00e0 1-1 n\u2019\u00e9tait pas bonne et la deuxi\u00e8me mi-temps \u00e9tait tr\u00e8s mauvaise. Nous avons eu une bonne discussion avec les joueurs et je leur ai dit qu\u2019il fallait se remettre en selle. Nous avons un peu perdu notre identit\u00e9 de jeu.<\/em>&nbsp;\u00bb<\/p>\n\n\n\n<p>Il a donc fallu retrouver ce que les Rouge et Blanc ont eu tendance \u00e0 laisser sur le bord de la route et des changements pourraient survenir dans le onze de d\u00e9part contre Rodez ce samedi. Une \u00ab <em>obligation<\/em> \u00bb pour H\u00fctter apr\u00e8s le dernier match, m\u00eame si ses options ne sont pas tr\u00e8s fournies. Majecki sera titulaire et Monaco lui doit beaucoup pour la qualification du tour pr\u00e9c\u00e9dent contre Lens, mais trop peu nombreux sont les joueurs aujourd&rsquo;hui capables de remplacer les titulaires actuels, qui ne sont pas n\u00e9cessairement ceux habituels en raison de la CAN et de la Coupe d&rsquo;Asie, sans que le niveau ne baisse. Plus que le choix des hommes, il s&rsquo;agira d&rsquo;abord de retrouver un \u00e9tat d&rsquo;esprit, et cela, H\u00fctter l&rsquo;a bien compris. Il a d\u00fb serrer la vis \u00e0 l&rsquo;entra\u00eenement et a augment\u00e9 l&rsquo;intensit\u00e9 des s\u00e9ances pour rappeler \u00e0 chacun le go\u00fbt de l&rsquo;effort. Avant celui de la victoire ? <\/p>\n","protected":false},"excerpt":{"rendered":"<p>Ce samedi (17h30), Monaco se rend \u00e0 Rodez pour les 16es de finale de la Coupe de France. Sur la pelouse du pensionnaire de Ligue 2, la seule ambition des As\u00e9mistes sera d\u2019aller chercher la qualification pour effacer la douloureuse \u00e9limination de la saison derni\u00e8re. En pr\u00e8s de 100 ans d\u2019existence commune, Monaco et Rodez [&#8230;]\n","protected":false},"author":2,"featured_media":19836,"comment_status":"open","ping_status":"open","sticky":false,"template":"","format":"standard","meta":[],"categories":[5,6],"tags":[86,232,763],"yoast_head":"<!-- This site is optimized with the Yoast SEO plugin v19.8 - https:\/\/yoast.com\/wordpress\/plugins\/seo\/ -->\n<title>Cette fois, pas d&#039;impair ! - La Diagonale<\/title>\n<meta name=\"robots\" content=\"index, follow, max-snippet:-1, max-image-preview:large, max-video-preview:-1\" \/>\n<link rel=\"canonical\" href=\"https:\/\/www.ladiagonale.net\/index.php\/2024\/01\/20\/cette-fois-pas-dimpair\/\" \/>\n<meta property=\"og:locale\" content=\"fr_FR\" \/>\n<meta property=\"og:type\" content=\"article\" \/>\n<meta property=\"og:title\" content=\"Cette fois, pas d&#039;impair ! - La Diagonale\" \/>\n<meta property=\"og:description\" content=\"Ce samedi (17h30), Monaco se rend \u00e0 Rodez pour les 16es de finale de la Coupe de France. Sur la pelouse du pensionnaire de Ligue 2, la seule ambition des As\u00e9mistes sera d\u2019aller chercher la qualification pour effacer la douloureuse \u00e9limination de la saison derni\u00e8re. En pr\u00e8s de 100 ans d\u2019existence commune, Monaco et Rodez [...]\" \/>\n<meta property=\"og:url\" content=\"https:\/\/www.ladiagonale.net\/index.php\/2024\/01\/20\/cette-fois-pas-dimpair\/\" \/>\n<meta property=\"og:site_name\" content=\"La Diagonale\" \/>\n<meta property=\"article:published_time\" content=\"2024-01-20T08:18:00+00:00\" \/>\n<meta property=\"article:modified_time\" content=\"2024-01-20T13:39:21+00:00\" \/>\n<meta property=\"og:image\" content=\"https:\/\/www.ladiagonale.net\/wp-content\/uploads\/2024\/01\/rodez.png\" \/>\n\t<meta property=\"og:image:width\" content=\"1160\" \/>\n\t<meta property=\"og:image:height\" content=\"650\" \/>\n\t<meta property=\"og:image:type\" content=\"image\/png\" \/>\n<meta name=\"author\" content=\"Damien Dellerba\" \/>\n<meta name=\"twitter:card\" content=\"summary_large_image\" \/>\n<meta name=\"twitter:image\" content=\"https:\/\/www.ladiagonale.net\/wp-content\/uploads\/2024\/01\/rodez.png\" \/>\n<meta name=\"twitter:label1\" content=\"\u00c9crit par\" \/>\n\t<meta name=\"twitter:data1\" content=\"Damien Dellerba\" \/>\n\t<meta name=\"twitter:label2\" content=\"Dur\u00e9e de lecture estim\u00e9e\" \/>\n\t<meta name=\"twitter:data2\" content=\"3 minutes\" \/>\n<script type=\"application\/ld+json\" class=\"yoast-schema-graph\">{\"@context\":\"https:\/\/schema.org\",\"@graph\":[{\"@type\":\"WebPage\",\"@id\":\"https:\/\/www.ladiagonale.net\/index.php\/2024\/01\/20\/cette-fois-pas-dimpair\/\",\"url\":\"https:\/\/www.ladiagonale.net\/index.php\/2024\/01\/20\/cette-fois-pas-dimpair\/\",\"name\":\"Cette fois, pas d'impair ! - La Diagonale\",\"isPartOf\":{\"@id\":\"https:\/\/www.ladiagonale.net\/#website\"},\"datePublished\":\"2024-01-20T08:18:00+00:00\",\"dateModified\":\"2024-01-20T13:39:21+00:00\",\"author\":{\"@id\":\"https:\/\/www.ladiagonale.net\/#\/schema\/person\/79ff1e7b0853ed01b2aa26e64ad300bf\"},\"breadcrumb\":{\"@id\":\"https:\/\/www.ladiagonale.net\/index.php\/2024\/01\/20\/cette-fois-pas-dimpair\/#breadcrumb\"},\"inLanguage\":\"fr-FR\",\"potentialAction\":[{\"@type\":\"ReadAction\",\"target\":[\"https:\/\/www.ladiagonale.net\/index.php\/2024\/01\/20\/cette-fois-pas-dimpair\/\"]}]},{\"@type\":\"BreadcrumbList\",\"@id\":\"https:\/\/www.ladiagonale.net\/index.php\/2024\/01\/20\/cette-fois-pas-dimpair\/#breadcrumb\",\"itemListElement\":[{\"@type\":\"ListItem\",\"position\":1,\"name\":\"Accueil\",\"item\":\"https:\/\/www.ladiagonale.net\/\"},{\"@type\":\"ListItem\",\"position\":2,\"name\":\"Cette fois, pas d&rsquo;impair !\"}]},{\"@type\":\"WebSite\",\"@id\":\"https:\/\/www.ladiagonale.net\/#website\",\"url\":\"https:\/\/www.ladiagonale.net\/\",\"name\":\"La Diagonale\",\"description\":\"Le site des supporters de l&#039;AS Monaco FC\",\"potentialAction\":[{\"@type\":\"SearchAction\",\"target\":{\"@type\":\"EntryPoint\",\"urlTemplate\":\"https:\/\/www.ladiagonale.net\/?s={search_term_string}\"},\"query-input\":\"required name=search_term_string\"}],\"inLanguage\":\"fr-FR\"},{\"@type\":\"Person\",\"@id\":\"https:\/\/www.ladiagonale.net\/#\/schema\/person\/79ff1e7b0853ed01b2aa26e64ad300bf\",\"name\":\"Damien Dellerba\",\"image\":{\"@type\":\"ImageObject\",\"inLanguage\":\"fr-FR\",\"@id\":\"https:\/\/www.ladiagonale.net\/#\/schema\/person\/image\/\",\"url\":\"https:\/\/secure.gravatar.com\/avatar\/c7850e06d3ff63cdbaee88b7fc16e2f0?s=96&d=mm&r=g\",\"contentUrl\":\"https:\/\/secure.gravatar.com\/avatar\/c7850e06d3ff63cdbaee88b7fc16e2f0?s=96&d=mm&r=g\",\"caption\":\"Damien Dellerba\"},\"url\":\"https:\/\/www.ladiagonale.net\/index.php\/author\/damien\/\"}]}<\/script>\n<!-- \/ Yoast SEO plugin. -->","yoast_head_json":{"title":"Cette fois, pas d'impair ! - La Diagonale","robots":{"index":"index","follow":"follow","max-snippet":"max-snippet:-1","max-image-preview":"max-image-preview:large","max-video-preview":"max-video-preview:-1"},"canonical":"https:\/\/www.ladiagonale.net\/index.php\/2024\/01\/20\/cette-fois-pas-dimpair\/","og_locale":"fr_FR","og_type":"article","og_title":"Cette fois, pas d'impair ! - La Diagonale","og_description":"Ce samedi (17h30), Monaco se rend \u00e0 Rodez pour les 16es de finale de la Coupe de France. Sur la pelouse du pensionnaire de Ligue 2, la seule ambition des As\u00e9mistes sera d\u2019aller chercher la qualification pour effacer la douloureuse \u00e9limination de la saison derni\u00e8re. En pr\u00e8s de 100 ans d\u2019existence commune, Monaco et Rodez [...]","og_url":"https:\/\/www.ladiagonale.net\/index.php\/2024\/01\/20\/cette-fois-pas-dimpair\/","og_site_name":"La Diagonale","article_published_time":"2024-01-20T08:18:00+00:00","article_modified_time":"2024-01-20T13:39:21+00:00","og_image":[{"width":1160,"height":650,"url":"https:\/\/www.ladiagonale.net\/wp-content\/uploads\/2024\/01\/rodez.png","type":"image\/png"}],"author":"Damien Dellerba","twitter_card":"summary_large_image","twitter_image":"https:\/\/www.ladiagonale.net\/wp-content\/uploads\/2024\/01\/rodez.png","twitter_misc":{"\u00c9crit par":"Damien Dellerba","Dur\u00e9e de lecture estim\u00e9e":"3 minutes"},"schema":{"@context":"https:\/\/schema.org","@graph":[{"@type":"WebPage","@id":"https:\/\/www.ladiagonale.net\/index.php\/2024\/01\/20\/cette-fois-pas-dimpair\/","url":"https:\/\/www.ladiagonale.net\/index.php\/2024\/01\/20\/cette-fois-pas-dimpair\/","name":"Cette fois, pas d'impair ! - La Diagonale","isPartOf":{"@id":"https:\/\/www.ladiagonale.net\/#website"},"datePublished":"2024-01-20T08:18:00+00:00","dateModified":"2024-01-20T13:39:21+00:00","author":{"@id":"https:\/\/www.ladiagonale.net\/#\/schema\/person\/79ff1e7b0853ed01b2aa26e64ad300bf"},"breadcrumb":{"@id":"https:\/\/www.ladiagonale.net\/index.php\/2024\/01\/20\/cette-fois-pas-dimpair\/#breadcrumb"},"inLanguage":"fr-FR","potentialAction":[{"@type":"ReadAction","target":["https:\/\/www.ladiagonale.net\/index.php\/2024\/01\/20\/cette-fois-pas-dimpair\/"]}]},{"@type":"BreadcrumbList","@id":"https:\/\/www.ladiagonale.net\/index.php\/2024\/01\/20\/cette-fois-pas-dimpair\/#breadcrumb","itemListElement":[{"@type":"ListItem","position":1,"name":"Accueil","item":"https:\/\/www.ladiagonale.net\/"},{"@type":"ListItem","position":2,"name":"Cette fois, pas d&rsquo;impair !"}]},{"@type":"WebSite","@id":"https:\/\/www.ladiagonale.net\/#website","url":"https:\/\/www.ladiagonale.net\/","name":"La Diagonale","description":"Le site des supporters de l&#039;AS Monaco FC","potentialAction":[{"@type":"SearchAction","target":{"@type":"EntryPoint","urlTemplate":"https:\/\/www.ladiagonale.net\/?s={search_term_string}"},"query-input":"required name=search_term_string"}],"inLanguage":"fr-FR"},{"@type":"Person","@id":"https:\/\/www.ladiagonale.net\/#\/schema\/person\/79ff1e7b0853ed01b2aa26e64ad300bf","name":"Damien Dellerba","image":{"@type":"ImageObject","inLanguage":"fr-FR","@id":"https:\/\/www.ladiagonale.net\/#\/schema\/person\/image\/","url":"https:\/\/secure.gravatar.com\/avatar\/c7850e06d3ff63cdbaee88b7fc16e2f0?s=96&d=mm&r=g","contentUrl":"https:\/\/secure.gravatar.com\/avatar\/c7850e06d3ff63cdbaee88b7fc16e2f0?s=96&d=mm&r=g","caption":"Damien Dellerba"},"url":"https:\/\/www.ladiagonale.net\/index.php\/author\/damien\/"}]}},"_links":{"self":[{"href":"https:\/\/www.ladiagonale.net\/index.php\/wp-json\/wp\/v2\/posts\/19810"}],"collection":[{"href":"https:\/\/www.ladiagonale.net\/index.php\/wp-json\/wp\/v2\/posts"}],"about":[{"href":"https:\/\/www.ladiagonale.net\/index.php\/wp-json\/wp\/v2\/types\/post"}],"author":[{"embeddable":true,"href":"https:\/\/www.ladiagonale.net\/index.php\/wp-json\/wp\/v2\/users\/2"}],"replies":[{"embeddable":true,"href":"https:\/\/www.ladiagonale.net\/index.php\/wp-json\/wp\/v2\/comments?post=19810"}],"version-history":[{"count":9,"href":"https:\/\/www.ladiagonale.net\/index.php\/wp-json\/wp\/v2\/posts\/19810\/revisions"}],"predecessor-version":[{"id":19851,"href":"https:\/\/www.ladiagonale.net\/index.php\/wp-json\/wp\/v2\/posts\/19810\/revisions\/19851"}],"wp:featuredmedia":[{"embeddable":true,"href":"https:\/\/www.ladiagonale.net\/index.php\/wp-json\/wp\/v2\/media\/19836"}],"wp:attachment":[{"href":"https:\/\/www.ladiagonale.net\/index.php\/wp-json\/wp\/v2\/media?parent=19810"}],"wp:term":[{"taxonomy":"category","embeddable":true,"href":"https:\/\/www.ladiagonale.net\/index.php\/wp-json\/wp\/v2\/categories?post=19810"},{"taxonomy":"post_tag","embeddable":true,"href":"https:\/\/www.ladiagonale.net\/index.php\/wp-json\/wp\/v2\/tags?post=19810"}],"curies":[{"name":"wp","href":"https:\/\/api.w.org\/{rel}","templated":true}]}}