{"id":19812,"date":"2024-01-19T18:34:33","date_gmt":"2024-01-19T17:34:33","guid":{"rendered":"https:\/\/www.ladiagonale.net\/?p=19812"},"modified":"2024-01-19T18:48:54","modified_gmt":"2024-01-19T17:48:54","slug":"rodez-plus-a-son-aise","status":"publish","type":"post","link":"https:\/\/www.ladiagonale.net\/index.php\/2024\/01\/19\/rodez-plus-a-son-aise\/","title":{"rendered":"Rodez plus \u00e0 son aise"},"content":{"rendered":"\n\n\n<p>Il y a un an, c&rsquo;\u00e9tait une \u00e9quipe de Rodez dans le dur en Ligue 2 qui s&rsquo;\u00e9tait pr\u00e9sent\u00e9e au stade Louis-II, et dont l\u2019obsession se r\u00e9sumait surtout \u00e0 arracher son maintien. Cette ann\u00e9e, la donne a pas mal chang\u00e9 pour les Aveyronnais, qui figurent bien mieux au classement de la deuxi\u00e8me division fran\u00e7aise, puisqu&rsquo;ils occupent la 7<sup>e<\/sup> place avec 30 points, \u00e0 \u00e9galit\u00e9 avec Guingamp, et \u00e0 un point de Pau, qu\u2019ils ont battu la semaine derni\u00e8re (1-0). Avec la prise de fonction de Didier Santini, la formation ruth\u00e9noise s\u2019est transform\u00e9e malgr\u00e9 un effectif qui a relativement peu boug\u00e9 par rapport \u00e0 la saison derni\u00e8re. Subsiste encore une certaine irr\u00e9gularit\u00e9 dans les r\u00e9sultats, avec huit victoires mais six nuls et six d\u00e9faites en championnat.<\/p>\n\n\n\n<p>Cette irr\u00e9gularit\u00e9 s\u2019est aussi manifest\u00e9e dans les r\u00e9sultats face aux \u00e9quipes mieux class\u00e9es. Les Ruth\u00e9nois avaient \u00e9t\u00e9 corrig\u00e9s par Auxerre (1-3) mais ils avaient \u00e9cras\u00e9 Angers (4-1) en d\u00e9but de saison. Ils ont aussi perdu contre Laval (0-1) et Grenoble (1-2). Rodez marque beaucoup (32 buts, 4<sup>e<\/sup> meilleure attaque de Ligue 2) mais encaisse aussi beaucoup (29 buts, 16<sup>e<\/sup> d\u00e9fense). En Coupe de France, ils ont surtout b\u00e9n\u00e9fici\u00e9 d\u2019un parcours facile, en \u00e9cartant les amateurs de Liffr\u00e9 (3-0), du Stade Mayennais (9-0) et de Challans (4-0).<\/p>\n\n\n\n<p>Avant cette rencontre de gala face \u00e0 Monaco pour le pensionnaire de Ligue 2, Didier Santini a cherch\u00e9 \u00e0 relativiser l\u2019enjeu : \u00ab <em>Les joueurs travaillent bien comme chaque semaine mais je leur ai rappel\u00e9 que le match le plus important, c&rsquo;est celui de mardi \u00e0 Guingamp.<\/em> <em>Le championnat c&rsquo;est notre priorit\u00e9. Les joueurs sont bien conscients de cela, ils me l&rsquo;ont dit eux m\u00eame<\/em>. \u00bb<\/p>\n\n\n\n<h3 class=\"wp-block-heading has-luminous-vivid-amber-color has-vivid-red-background-color has-text-color has-background\">Le joueur \u00e0 surveiller<\/h3>\n\n\n\n<div class=\"wp-block-media-text alignwide is-stacked-on-mobile\" style=\"grid-template-columns:35% auto\"><figure class=\"wp-block-media-text__media\"><img loading=\"lazy\" width=\"700\" height=\"700\" src=\"https:\/\/www.ladiagonale.net\/wp-content\/uploads\/2024\/01\/81219.jpg\" alt=\"\" class=\"wp-image-19815 size-full\" srcset=\"https:\/\/www.ladiagonale.net\/wp-content\/uploads\/2024\/01\/81219.jpg 700w, https:\/\/www.ladiagonale.net\/wp-content\/uploads\/2024\/01\/81219-300x300.jpg 300w, https:\/\/www.ladiagonale.net\/wp-content\/uploads\/2024\/01\/81219-150x150.jpg 150w, https:\/\/www.ladiagonale.net\/wp-content\/uploads\/2024\/01\/81219-128x128.jpg 128w, https:\/\/www.ladiagonale.net\/wp-content\/uploads\/2024\/01\/81219-32x32.jpg 32w\" sizes=\"(max-width: 700px) 100vw, 700px\" \/><\/figure><div class=\"wp-block-media-text__content\">\n<p style=\"font-size:16px\"><strong>Killian Corredor<\/strong><\/p>\n\n\n\n<p style=\"font-size:15px\">Auteur de cinq buts et quatre passes d\u00e9cisives en Ligue 2, l\u2019attaquant de 23 ans a une part pr\u00e9pond\u00e9rante dans la production offensive de son \u00e9quipe cette saison, encore plus si l\u2019on se penche sur ses chiffres en Coupe de France. Lors des deux derniers tours, Corredor s&rsquo;est offert deux tripl\u00e9s et une passe d\u00e9cisive. En revanche, il s\u2019\u00e9tait manqu\u00e9 l\u2019ann\u00e9e derni\u00e8re dans l\u2019exercice des tirs au but au stade Louis-II, sa tentative ayant \u00e9t\u00e9 repouss\u00e9e par Thomas Didillon.<\/p>\n<\/div><\/div>\n","protected":false},"excerpt":{"rendered":"<p>Il y a un an, c&rsquo;\u00e9tait une \u00e9quipe de Rodez dans le dur en Ligue 2 qui s&rsquo;\u00e9tait pr\u00e9sent\u00e9e au stade Louis-II, et dont l\u2019obsession se r\u00e9sumait surtout \u00e0 arracher son maintien. Cette ann\u00e9e, la donne a pas mal chang\u00e9 pour les Aveyronnais, qui figurent bien mieux au classement de la deuxi\u00e8me division fran\u00e7aise, puisqu&rsquo;ils [&#8230;]\n","protected":false},"author":2,"featured_media":0,"comment_status":"open","ping_status":"open","sticky":false,"template":"","format":"standard","meta":[],"categories":[6],"tags":[86,232,763],"yoast_head":"<!-- This site is optimized with the Yoast SEO plugin v19.8 - https:\/\/yoast.com\/wordpress\/plugins\/seo\/ -->\n<title>Rodez plus \u00e0 son aise - La Diagonale<\/title>\n<meta name=\"robots\" content=\"index, follow, max-snippet:-1, max-image-preview:large, max-video-preview:-1\" \/>\n<link rel=\"canonical\" href=\"https:\/\/www.ladiagonale.net\/index.php\/2024\/01\/19\/rodez-plus-a-son-aise\/\" \/>\n<meta property=\"og:locale\" content=\"fr_FR\" \/>\n<meta property=\"og:type\" content=\"article\" \/>\n<meta property=\"og:title\" content=\"Rodez plus \u00e0 son aise - La Diagonale\" \/>\n<meta property=\"og:description\" content=\"Il y a un an, c&rsquo;\u00e9tait une \u00e9quipe de Rodez dans le dur en Ligue 2 qui s&rsquo;\u00e9tait pr\u00e9sent\u00e9e au stade Louis-II, et dont l\u2019obsession se r\u00e9sumait surtout \u00e0 arracher son maintien. Cette ann\u00e9e, la donne a pas mal chang\u00e9 pour les Aveyronnais, qui figurent bien mieux au classement de la deuxi\u00e8me division fran\u00e7aise, puisqu&rsquo;ils [...]\" \/>\n<meta property=\"og:url\" content=\"https:\/\/www.ladiagonale.net\/index.php\/2024\/01\/19\/rodez-plus-a-son-aise\/\" \/>\n<meta property=\"og:site_name\" content=\"La Diagonale\" \/>\n<meta property=\"article:published_time\" content=\"2024-01-19T17:34:33+00:00\" \/>\n<meta property=\"article:modified_time\" content=\"2024-01-19T17:48:54+00:00\" \/>\n<meta property=\"og:image\" content=\"https:\/\/www.ladiagonale.net\/wp-content\/uploads\/2024\/01\/corredor.png\" \/>\n\t<meta property=\"og:image:width\" content=\"1160\" \/>\n\t<meta property=\"og:image:height\" content=\"650\" \/>\n\t<meta property=\"og:image:type\" content=\"image\/png\" \/>\n<meta name=\"author\" content=\"Damien Dellerba\" \/>\n<meta name=\"twitter:card\" content=\"summary_large_image\" \/>\n<meta name=\"twitter:image\" content=\"https:\/\/www.ladiagonale.net\/wp-content\/uploads\/2024\/01\/corredor.png\" \/>\n<meta name=\"twitter:label1\" content=\"\u00c9crit par\" \/>\n\t<meta name=\"twitter:data1\" content=\"Damien Dellerba\" \/>\n\t<meta name=\"twitter:label2\" content=\"Dur\u00e9e de lecture estim\u00e9e\" \/>\n\t<meta name=\"twitter:data2\" content=\"3 minutes\" \/>\n<script type=\"application\/ld+json\" class=\"yoast-schema-graph\">{\"@context\":\"https:\/\/schema.org\",\"@graph\":[{\"@type\":\"WebPage\",\"@id\":\"https:\/\/www.ladiagonale.net\/index.php\/2024\/01\/19\/rodez-plus-a-son-aise\/\",\"url\":\"https:\/\/www.ladiagonale.net\/index.php\/2024\/01\/19\/rodez-plus-a-son-aise\/\",\"name\":\"Rodez plus \u00e0 son aise - La Diagonale\",\"isPartOf\":{\"@id\":\"https:\/\/www.ladiagonale.net\/#website\"},\"datePublished\":\"2024-01-19T17:34:33+00:00\",\"dateModified\":\"2024-01-19T17:48:54+00:00\",\"author\":{\"@id\":\"https:\/\/www.ladiagonale.net\/#\/schema\/person\/79ff1e7b0853ed01b2aa26e64ad300bf\"},\"breadcrumb\":{\"@id\":\"https:\/\/www.ladiagonale.net\/index.php\/2024\/01\/19\/rodez-plus-a-son-aise\/#breadcrumb\"},\"inLanguage\":\"fr-FR\",\"potentialAction\":[{\"@type\":\"ReadAction\",\"target\":[\"https:\/\/www.ladiagonale.net\/index.php\/2024\/01\/19\/rodez-plus-a-son-aise\/\"]}]},{\"@type\":\"BreadcrumbList\",\"@id\":\"https:\/\/www.ladiagonale.net\/index.php\/2024\/01\/19\/rodez-plus-a-son-aise\/#breadcrumb\",\"itemListElement\":[{\"@type\":\"ListItem\",\"position\":1,\"name\":\"Accueil\",\"item\":\"https:\/\/www.ladiagonale.net\/\"},{\"@type\":\"ListItem\",\"position\":2,\"name\":\"Rodez plus \u00e0 son aise\"}]},{\"@type\":\"WebSite\",\"@id\":\"https:\/\/www.ladiagonale.net\/#website\",\"url\":\"https:\/\/www.ladiagonale.net\/\",\"name\":\"La Diagonale\",\"description\":\"Le site des supporters de l&#039;AS Monaco FC\",\"potentialAction\":[{\"@type\":\"SearchAction\",\"target\":{\"@type\":\"EntryPoint\",\"urlTemplate\":\"https:\/\/www.ladiagonale.net\/?s={search_term_string}\"},\"query-input\":\"required name=search_term_string\"}],\"inLanguage\":\"fr-FR\"},{\"@type\":\"Person\",\"@id\":\"https:\/\/www.ladiagonale.net\/#\/schema\/person\/79ff1e7b0853ed01b2aa26e64ad300bf\",\"name\":\"Damien Dellerba\",\"image\":{\"@type\":\"ImageObject\",\"inLanguage\":\"fr-FR\",\"@id\":\"https:\/\/www.ladiagonale.net\/#\/schema\/person\/image\/\",\"url\":\"https:\/\/secure.gravatar.com\/avatar\/c7850e06d3ff63cdbaee88b7fc16e2f0?s=96&d=mm&r=g\",\"contentUrl\":\"https:\/\/secure.gravatar.com\/avatar\/c7850e06d3ff63cdbaee88b7fc16e2f0?s=96&d=mm&r=g\",\"caption\":\"Damien Dellerba\"},\"url\":\"https:\/\/www.ladiagonale.net\/index.php\/author\/damien\/\"}]}<\/script>\n<!-- \/ Yoast SEO plugin. -->","yoast_head_json":{"title":"Rodez plus \u00e0 son aise - La Diagonale","robots":{"index":"index","follow":"follow","max-snippet":"max-snippet:-1","max-image-preview":"max-image-preview:large","max-video-preview":"max-video-preview:-1"},"canonical":"https:\/\/www.ladiagonale.net\/index.php\/2024\/01\/19\/rodez-plus-a-son-aise\/","og_locale":"fr_FR","og_type":"article","og_title":"Rodez plus \u00e0 son aise - La Diagonale","og_description":"Il y a un an, c&rsquo;\u00e9tait une \u00e9quipe de Rodez dans le dur en Ligue 2 qui s&rsquo;\u00e9tait pr\u00e9sent\u00e9e au stade Louis-II, et dont l\u2019obsession se r\u00e9sumait surtout \u00e0 arracher son maintien. Cette ann\u00e9e, la donne a pas mal chang\u00e9 pour les Aveyronnais, qui figurent bien mieux au classement de la deuxi\u00e8me division fran\u00e7aise, puisqu&rsquo;ils [...]","og_url":"https:\/\/www.ladiagonale.net\/index.php\/2024\/01\/19\/rodez-plus-a-son-aise\/","og_site_name":"La Diagonale","article_published_time":"2024-01-19T17:34:33+00:00","article_modified_time":"2024-01-19T17:48:54+00:00","og_image":[{"width":1160,"height":650,"url":"https:\/\/www.ladiagonale.net\/wp-content\/uploads\/2024\/01\/corredor.png","type":"image\/png"}],"author":"Damien Dellerba","twitter_card":"summary_large_image","twitter_image":"https:\/\/www.ladiagonale.net\/wp-content\/uploads\/2024\/01\/corredor.png","twitter_misc":{"\u00c9crit par":"Damien Dellerba","Dur\u00e9e de lecture estim\u00e9e":"3 minutes"},"schema":{"@context":"https:\/\/schema.org","@graph":[{"@type":"WebPage","@id":"https:\/\/www.ladiagonale.net\/index.php\/2024\/01\/19\/rodez-plus-a-son-aise\/","url":"https:\/\/www.ladiagonale.net\/index.php\/2024\/01\/19\/rodez-plus-a-son-aise\/","name":"Rodez plus \u00e0 son aise - La Diagonale","isPartOf":{"@id":"https:\/\/www.ladiagonale.net\/#website"},"datePublished":"2024-01-19T17:34:33+00:00","dateModified":"2024-01-19T17:48:54+00:00","author":{"@id":"https:\/\/www.ladiagonale.net\/#\/schema\/person\/79ff1e7b0853ed01b2aa26e64ad300bf"},"breadcrumb":{"@id":"https:\/\/www.ladiagonale.net\/index.php\/2024\/01\/19\/rodez-plus-a-son-aise\/#breadcrumb"},"inLanguage":"fr-FR","potentialAction":[{"@type":"ReadAction","target":["https:\/\/www.ladiagonale.net\/index.php\/2024\/01\/19\/rodez-plus-a-son-aise\/"]}]},{"@type":"BreadcrumbList","@id":"https:\/\/www.ladiagonale.net\/index.php\/2024\/01\/19\/rodez-plus-a-son-aise\/#breadcrumb","itemListElement":[{"@type":"ListItem","position":1,"name":"Accueil","item":"https:\/\/www.ladiagonale.net\/"},{"@type":"ListItem","position":2,"name":"Rodez plus \u00e0 son aise"}]},{"@type":"WebSite","@id":"https:\/\/www.ladiagonale.net\/#website","url":"https:\/\/www.ladiagonale.net\/","name":"La Diagonale","description":"Le site des supporters de l&#039;AS Monaco FC","potentialAction":[{"@type":"SearchAction","target":{"@type":"EntryPoint","urlTemplate":"https:\/\/www.ladiagonale.net\/?s={search_term_string}"},"query-input":"required name=search_term_string"}],"inLanguage":"fr-FR"},{"@type":"Person","@id":"https:\/\/www.ladiagonale.net\/#\/schema\/person\/79ff1e7b0853ed01b2aa26e64ad300bf","name":"Damien Dellerba","image":{"@type":"ImageObject","inLanguage":"fr-FR","@id":"https:\/\/www.ladiagonale.net\/#\/schema\/person\/image\/","url":"https:\/\/secure.gravatar.com\/avatar\/c7850e06d3ff63cdbaee88b7fc16e2f0?s=96&d=mm&r=g","contentUrl":"https:\/\/secure.gravatar.com\/avatar\/c7850e06d3ff63cdbaee88b7fc16e2f0?s=96&d=mm&r=g","caption":"Damien Dellerba"},"url":"https:\/\/www.ladiagonale.net\/index.php\/author\/damien\/"}]}},"_links":{"self":[{"href":"https:\/\/www.ladiagonale.net\/index.php\/wp-json\/wp\/v2\/posts\/19812"}],"collection":[{"href":"https:\/\/www.ladiagonale.net\/index.php\/wp-json\/wp\/v2\/posts"}],"about":[{"href":"https:\/\/www.ladiagonale.net\/index.php\/wp-json\/wp\/v2\/types\/post"}],"author":[{"embeddable":true,"href":"https:\/\/www.ladiagonale.net\/index.php\/wp-json\/wp\/v2\/users\/2"}],"replies":[{"embeddable":true,"href":"https:\/\/www.ladiagonale.net\/index.php\/wp-json\/wp\/v2\/comments?post=19812"}],"version-history":[{"count":8,"href":"https:\/\/www.ladiagonale.net\/index.php\/wp-json\/wp\/v2\/posts\/19812\/revisions"}],"predecessor-version":[{"id":19831,"href":"https:\/\/www.ladiagonale.net\/index.php\/wp-json\/wp\/v2\/posts\/19812\/revisions\/19831"}],"wp:attachment":[{"href":"https:\/\/www.ladiagonale.net\/index.php\/wp-json\/wp\/v2\/media?parent=19812"}],"wp:term":[{"taxonomy":"category","embeddable":true,"href":"https:\/\/www.ladiagonale.net\/index.php\/wp-json\/wp\/v2\/categories?post=19812"},{"taxonomy":"post_tag","embeddable":true,"href":"https:\/\/www.ladiagonale.net\/index.php\/wp-json\/wp\/v2\/tags?post=19812"}],"curies":[{"name":"wp","href":"https:\/\/api.w.org\/{rel}","templated":true}]}}