{"id":19817,"date":"2024-01-19T17:28:06","date_gmt":"2024-01-19T16:28:06","guid":{"rendered":"https:\/\/www.ladiagonale.net\/?p=19817"},"modified":"2024-01-19T18:01:41","modified_gmt":"2024-01-19T17:01:41","slug":"le-groupe-ruthenois-un-danger-en-moins","status":"publish","type":"post","link":"https:\/\/www.ladiagonale.net\/index.php\/2024\/01\/19\/le-groupe-ruthenois-un-danger-en-moins\/","title":{"rendered":"Le groupe ruth\u00e9nois : un Danger en moins"},"content":{"rendered":"\n<p>Le groupe du Rodez AF qui affrontera l\u2019AS Monaco ce samedi (17h30), \u00e0 l\u2019occasion de 16es de finale de la Coupe de France est tomb\u00e9. Didier Santini, le coach aveyronnais, a retenu 20 joueurs pour cette rencontre.<\/p>\n\n\n\n<p>Parmi les principales absences, le gardien titulaire Lionel Mpasi, qui dispute la CAN, le capitaine Bradley Danger, suspendu pour l\u2019occasion, mais aussi le d\u00e9fenseur \u00c9ric Vandenabeele.<\/p>\n\n\n\n<h3 class=\"wp-block-heading\">Le groupe ruth\u00e9nois<\/h3>\n\n\n\n<ul>\n<li><strong>Gardiens : <\/strong>Cibois, Crombez.<\/li>\n<\/ul>\n\n\n\n<ul>\n<li><strong>D\u00e9fenseurs : <\/strong>Abdallah, Boma, Buades, Lipinski, Mambo, Ngouyamsa, Raux-Yao.<\/li>\n<\/ul>\n\n\n\n<ul>\n<li><strong>Milieux :<\/strong> Garie, Haag, Rajot, Ta\u00efbi, Valerio, Younoussa.<\/li>\n<\/ul>\n\n\n\n<ul>\n<li><strong>Attaquants : <\/strong>Arconte, Corredor, Despres, Hountondji, Verdier.<\/li>\n<\/ul>\n\n\n\n<p><em>Absents : <\/em>Danger (suspendu), Vandenabeele, Chougrani (bless\u00e9s), Mpasi (s\u00e9lection), Coelho, Park (choix).<\/p>\n","protected":false},"excerpt":{"rendered":"<p>Le groupe du Rodez AF qui affrontera l\u2019AS Monaco ce samedi (17h30), \u00e0 l\u2019occasion de 16es de finale de la Coupe de France est tomb\u00e9. Didier Santini, le coach aveyronnais, a retenu 20 joueurs pour cette rencontre. Parmi les principales absences, le gardien titulaire Lionel Mpasi, qui dispute la CAN, le capitaine Bradley Danger, suspendu [&#8230;]\n","protected":false},"author":2,"featured_media":0,"comment_status":"open","ping_status":"open","sticky":false,"template":"","format":"standard","meta":[],"categories":[6],"tags":[86,232,225,763],"yoast_head":"<!-- This site is optimized with the Yoast SEO plugin v19.8 - https:\/\/yoast.com\/wordpress\/plugins\/seo\/ -->\n<title>Le groupe ruth\u00e9nois : un Danger en moins - La Diagonale<\/title>\n<meta name=\"robots\" content=\"index, follow, max-snippet:-1, max-image-preview:large, max-video-preview:-1\" \/>\n<link rel=\"canonical\" href=\"https:\/\/www.ladiagonale.net\/index.php\/2024\/01\/19\/le-groupe-ruthenois-un-danger-en-moins\/\" \/>\n<meta property=\"og:locale\" content=\"fr_FR\" \/>\n<meta property=\"og:type\" content=\"article\" \/>\n<meta property=\"og:title\" content=\"Le groupe ruth\u00e9nois : un Danger en moins - La Diagonale\" \/>\n<meta property=\"og:description\" content=\"Le groupe du Rodez AF qui affrontera l\u2019AS Monaco ce samedi (17h30), \u00e0 l\u2019occasion de 16es de finale de la Coupe de France est tomb\u00e9. Didier Santini, le coach aveyronnais, a retenu 20 joueurs pour cette rencontre. Parmi les principales absences, le gardien titulaire Lionel Mpasi, qui dispute la CAN, le capitaine Bradley Danger, suspendu [...]\" \/>\n<meta property=\"og:url\" content=\"https:\/\/www.ladiagonale.net\/index.php\/2024\/01\/19\/le-groupe-ruthenois-un-danger-en-moins\/\" \/>\n<meta property=\"og:site_name\" content=\"La Diagonale\" \/>\n<meta property=\"article:published_time\" content=\"2024-01-19T16:28:06+00:00\" \/>\n<meta property=\"article:modified_time\" content=\"2024-01-19T17:01:41+00:00\" \/>\n<meta property=\"og:image\" content=\"https:\/\/www.ladiagonale.net\/wp-content\/uploads\/2024\/01\/Danger.png\" \/>\n\t<meta property=\"og:image:width\" content=\"1160\" \/>\n\t<meta property=\"og:image:height\" content=\"650\" \/>\n\t<meta property=\"og:image:type\" content=\"image\/png\" \/>\n<meta name=\"author\" content=\"Damien Dellerba\" \/>\n<meta name=\"twitter:card\" content=\"summary_large_image\" \/>\n<meta name=\"twitter:image\" content=\"https:\/\/www.ladiagonale.net\/wp-content\/uploads\/2024\/01\/Danger.png\" \/>\n<meta name=\"twitter:label1\" content=\"\u00c9crit par\" \/>\n\t<meta name=\"twitter:data1\" content=\"Damien Dellerba\" \/>\n\t<meta name=\"twitter:label2\" content=\"Dur\u00e9e de lecture estim\u00e9e\" \/>\n\t<meta name=\"twitter:data2\" content=\"1 minute\" \/>\n<script type=\"application\/ld+json\" class=\"yoast-schema-graph\">{\"@context\":\"https:\/\/schema.org\",\"@graph\":[{\"@type\":\"WebPage\",\"@id\":\"https:\/\/www.ladiagonale.net\/index.php\/2024\/01\/19\/le-groupe-ruthenois-un-danger-en-moins\/\",\"url\":\"https:\/\/www.ladiagonale.net\/index.php\/2024\/01\/19\/le-groupe-ruthenois-un-danger-en-moins\/\",\"name\":\"Le groupe ruth\u00e9nois : un Danger en moins - La Diagonale\",\"isPartOf\":{\"@id\":\"https:\/\/www.ladiagonale.net\/#website\"},\"datePublished\":\"2024-01-19T16:28:06+00:00\",\"dateModified\":\"2024-01-19T17:01:41+00:00\",\"author\":{\"@id\":\"https:\/\/www.ladiagonale.net\/#\/schema\/person\/79ff1e7b0853ed01b2aa26e64ad300bf\"},\"breadcrumb\":{\"@id\":\"https:\/\/www.ladiagonale.net\/index.php\/2024\/01\/19\/le-groupe-ruthenois-un-danger-en-moins\/#breadcrumb\"},\"inLanguage\":\"fr-FR\",\"potentialAction\":[{\"@type\":\"ReadAction\",\"target\":[\"https:\/\/www.ladiagonale.net\/index.php\/2024\/01\/19\/le-groupe-ruthenois-un-danger-en-moins\/\"]}]},{\"@type\":\"BreadcrumbList\",\"@id\":\"https:\/\/www.ladiagonale.net\/index.php\/2024\/01\/19\/le-groupe-ruthenois-un-danger-en-moins\/#breadcrumb\",\"itemListElement\":[{\"@type\":\"ListItem\",\"position\":1,\"name\":\"Accueil\",\"item\":\"https:\/\/www.ladiagonale.net\/\"},{\"@type\":\"ListItem\",\"position\":2,\"name\":\"Le groupe ruth\u00e9nois : un Danger en moins\"}]},{\"@type\":\"WebSite\",\"@id\":\"https:\/\/www.ladiagonale.net\/#website\",\"url\":\"https:\/\/www.ladiagonale.net\/\",\"name\":\"La Diagonale\",\"description\":\"Le site des supporters de l&#039;AS Monaco FC\",\"potentialAction\":[{\"@type\":\"SearchAction\",\"target\":{\"@type\":\"EntryPoint\",\"urlTemplate\":\"https:\/\/www.ladiagonale.net\/?s={search_term_string}\"},\"query-input\":\"required name=search_term_string\"}],\"inLanguage\":\"fr-FR\"},{\"@type\":\"Person\",\"@id\":\"https:\/\/www.ladiagonale.net\/#\/schema\/person\/79ff1e7b0853ed01b2aa26e64ad300bf\",\"name\":\"Damien Dellerba\",\"image\":{\"@type\":\"ImageObject\",\"inLanguage\":\"fr-FR\",\"@id\":\"https:\/\/www.ladiagonale.net\/#\/schema\/person\/image\/\",\"url\":\"https:\/\/secure.gravatar.com\/avatar\/c7850e06d3ff63cdbaee88b7fc16e2f0?s=96&d=mm&r=g\",\"contentUrl\":\"https:\/\/secure.gravatar.com\/avatar\/c7850e06d3ff63cdbaee88b7fc16e2f0?s=96&d=mm&r=g\",\"caption\":\"Damien Dellerba\"},\"url\":\"https:\/\/www.ladiagonale.net\/index.php\/author\/damien\/\"}]}<\/script>\n<!-- \/ Yoast SEO plugin. -->","yoast_head_json":{"title":"Le groupe ruth\u00e9nois : un Danger en moins - La Diagonale","robots":{"index":"index","follow":"follow","max-snippet":"max-snippet:-1","max-image-preview":"max-image-preview:large","max-video-preview":"max-video-preview:-1"},"canonical":"https:\/\/www.ladiagonale.net\/index.php\/2024\/01\/19\/le-groupe-ruthenois-un-danger-en-moins\/","og_locale":"fr_FR","og_type":"article","og_title":"Le groupe ruth\u00e9nois : un Danger en moins - La Diagonale","og_description":"Le groupe du Rodez AF qui affrontera l\u2019AS Monaco ce samedi (17h30), \u00e0 l\u2019occasion de 16es de finale de la Coupe de France est tomb\u00e9. Didier Santini, le coach aveyronnais, a retenu 20 joueurs pour cette rencontre. Parmi les principales absences, le gardien titulaire Lionel Mpasi, qui dispute la CAN, le capitaine Bradley Danger, suspendu [...]","og_url":"https:\/\/www.ladiagonale.net\/index.php\/2024\/01\/19\/le-groupe-ruthenois-un-danger-en-moins\/","og_site_name":"La Diagonale","article_published_time":"2024-01-19T16:28:06+00:00","article_modified_time":"2024-01-19T17:01:41+00:00","og_image":[{"width":1160,"height":650,"url":"https:\/\/www.ladiagonale.net\/wp-content\/uploads\/2024\/01\/Danger.png","type":"image\/png"}],"author":"Damien Dellerba","twitter_card":"summary_large_image","twitter_image":"https:\/\/www.ladiagonale.net\/wp-content\/uploads\/2024\/01\/Danger.png","twitter_misc":{"\u00c9crit par":"Damien Dellerba","Dur\u00e9e de lecture estim\u00e9e":"1 minute"},"schema":{"@context":"https:\/\/schema.org","@graph":[{"@type":"WebPage","@id":"https:\/\/www.ladiagonale.net\/index.php\/2024\/01\/19\/le-groupe-ruthenois-un-danger-en-moins\/","url":"https:\/\/www.ladiagonale.net\/index.php\/2024\/01\/19\/le-groupe-ruthenois-un-danger-en-moins\/","name":"Le groupe ruth\u00e9nois : un Danger en moins - La Diagonale","isPartOf":{"@id":"https:\/\/www.ladiagonale.net\/#website"},"datePublished":"2024-01-19T16:28:06+00:00","dateModified":"2024-01-19T17:01:41+00:00","author":{"@id":"https:\/\/www.ladiagonale.net\/#\/schema\/person\/79ff1e7b0853ed01b2aa26e64ad300bf"},"breadcrumb":{"@id":"https:\/\/www.ladiagonale.net\/index.php\/2024\/01\/19\/le-groupe-ruthenois-un-danger-en-moins\/#breadcrumb"},"inLanguage":"fr-FR","potentialAction":[{"@type":"ReadAction","target":["https:\/\/www.ladiagonale.net\/index.php\/2024\/01\/19\/le-groupe-ruthenois-un-danger-en-moins\/"]}]},{"@type":"BreadcrumbList","@id":"https:\/\/www.ladiagonale.net\/index.php\/2024\/01\/19\/le-groupe-ruthenois-un-danger-en-moins\/#breadcrumb","itemListElement":[{"@type":"ListItem","position":1,"name":"Accueil","item":"https:\/\/www.ladiagonale.net\/"},{"@type":"ListItem","position":2,"name":"Le groupe ruth\u00e9nois : un Danger en moins"}]},{"@type":"WebSite","@id":"https:\/\/www.ladiagonale.net\/#website","url":"https:\/\/www.ladiagonale.net\/","name":"La Diagonale","description":"Le site des supporters de l&#039;AS Monaco FC","potentialAction":[{"@type":"SearchAction","target":{"@type":"EntryPoint","urlTemplate":"https:\/\/www.ladiagonale.net\/?s={search_term_string}"},"query-input":"required name=search_term_string"}],"inLanguage":"fr-FR"},{"@type":"Person","@id":"https:\/\/www.ladiagonale.net\/#\/schema\/person\/79ff1e7b0853ed01b2aa26e64ad300bf","name":"Damien Dellerba","image":{"@type":"ImageObject","inLanguage":"fr-FR","@id":"https:\/\/www.ladiagonale.net\/#\/schema\/person\/image\/","url":"https:\/\/secure.gravatar.com\/avatar\/c7850e06d3ff63cdbaee88b7fc16e2f0?s=96&d=mm&r=g","contentUrl":"https:\/\/secure.gravatar.com\/avatar\/c7850e06d3ff63cdbaee88b7fc16e2f0?s=96&d=mm&r=g","caption":"Damien Dellerba"},"url":"https:\/\/www.ladiagonale.net\/index.php\/author\/damien\/"}]}},"_links":{"self":[{"href":"https:\/\/www.ladiagonale.net\/index.php\/wp-json\/wp\/v2\/posts\/19817"}],"collection":[{"href":"https:\/\/www.ladiagonale.net\/index.php\/wp-json\/wp\/v2\/posts"}],"about":[{"href":"https:\/\/www.ladiagonale.net\/index.php\/wp-json\/wp\/v2\/types\/post"}],"author":[{"embeddable":true,"href":"https:\/\/www.ladiagonale.net\/index.php\/wp-json\/wp\/v2\/users\/2"}],"replies":[{"embeddable":true,"href":"https:\/\/www.ladiagonale.net\/index.php\/wp-json\/wp\/v2\/comments?post=19817"}],"version-history":[{"count":6,"href":"https:\/\/www.ladiagonale.net\/index.php\/wp-json\/wp\/v2\/posts\/19817\/revisions"}],"predecessor-version":[{"id":19824,"href":"https:\/\/www.ladiagonale.net\/index.php\/wp-json\/wp\/v2\/posts\/19817\/revisions\/19824"}],"wp:attachment":[{"href":"https:\/\/www.ladiagonale.net\/index.php\/wp-json\/wp\/v2\/media?parent=19817"}],"wp:term":[{"taxonomy":"category","embeddable":true,"href":"https:\/\/www.ladiagonale.net\/index.php\/wp-json\/wp\/v2\/categories?post=19817"},{"taxonomy":"post_tag","embeddable":true,"href":"https:\/\/www.ladiagonale.net\/index.php\/wp-json\/wp\/v2\/tags?post=19817"}],"curies":[{"name":"wp","href":"https:\/\/api.w.org\/{rel}","templated":true}]}}