{"id":19832,"date":"2024-01-19T19:33:03","date_gmt":"2024-01-19T18:33:03","guid":{"rendered":"https:\/\/www.ladiagonale.net\/?p=19832"},"modified":"2024-01-19T19:33:07","modified_gmt":"2024-01-19T18:33:07","slug":"le-groupe-monegasque-hutter-ne-change-rien","status":"publish","type":"post","link":"https:\/\/www.ladiagonale.net\/index.php\/2024\/01\/19\/le-groupe-monegasque-hutter-ne-change-rien\/","title":{"rendered":"Le groupe mon\u00e9gasque : H\u00fctter ne change rien"},"content":{"rendered":"\n\n\n<p>Pour le d\u00e9placement de l&rsquo;AS Monaco \u00e0 Rodez, Adi H\u00fctter a convoqu\u00e9 le m\u00eame groupe que contre Reims. Eliesse Ben Seghir est toujours trop juste pour reprendre et se retrouve donc une nouvelle fois pr\u00e9serv\u00e9. Eliot Matazo, touch\u00e9 \u00e0 un quadriceps, est encore .<\/p>\n\n\n\n<p>On retrouve une nouvelle fois plusieurs joueurs du Groupe \u00c9lite avec Antonin Cartillier, qui a fait ses premiers pas dans le monde pro le week-end dernier,  Aur\u00e9lien Platret, Mamadou Coulibaly et Malamine Efekele, qui profitent des absences en s\u00e9lection de Salisu, Jakobs, Singo, Diatta, Camara et Minamino.<\/p>\n\n\n\n<h3 class=\"wp-block-heading\">Le groupe mon\u00e9gasque<\/h3>\n\n\n\n<ul>\n\n<li><strong>Gardiens :<\/strong> K\u00f6hn, Lienard, Majecki.<\/li>\n\n\n<li><strong>D\u00e9fenseurs :<\/strong> Cartillier, Kehrer, Magassa, Maripan, Matsima, Ouattara, Platret, Vanderson.<\/li>\n\n\n<li><strong>Milieux :<\/strong> Akliouche, Coulibaly, Diop, Fofana, Golovin, Zakaria.<\/li>\n\n\n<li><strong>Attaquants : <\/strong>Balogun, Ben Yedder, Boadu, Efekele.<\/li>\n\n<\/ul>\n\n\n\n<p><em>Absents : <\/em>Matazo, Embolo, C. Henrique (bless\u00e9s), Ben Seghir (reprise), Camara, Diatta, Jakobs, Minamino, Salisu, Singo (s\u00e9lection).<\/p>\n","protected":false},"excerpt":{"rendered":"<p>Pour le d\u00e9placement de l&rsquo;AS Monaco \u00e0 Rodez, Adi H\u00fctter a convoqu\u00e9 le m\u00eame groupe que contre Reims. Eliesse Ben Seghir est toujours trop juste pour reprendre et se retrouve donc une nouvelle fois pr\u00e9serv\u00e9. Eliot Matazo, touch\u00e9 \u00e0 un quadriceps, est encore . On retrouve une nouvelle fois plusieurs joueurs du Groupe \u00c9lite avec [&#8230;]\n","protected":false},"author":2,"featured_media":0,"comment_status":"open","ping_status":"open","sticky":false,"template":"","format":"standard","meta":[],"categories":[4,6],"tags":[86,232,225,763],"yoast_head":"<!-- This site is optimized with the Yoast SEO plugin v19.8 - https:\/\/yoast.com\/wordpress\/plugins\/seo\/ -->\n<title>Le groupe mon\u00e9gasque : H\u00fctter ne change rien - La Diagonale<\/title>\n<meta name=\"robots\" content=\"index, follow, max-snippet:-1, max-image-preview:large, max-video-preview:-1\" \/>\n<link rel=\"canonical\" href=\"https:\/\/www.ladiagonale.net\/index.php\/2024\/01\/19\/le-groupe-monegasque-hutter-ne-change-rien\/\" \/>\n<meta property=\"og:locale\" content=\"fr_FR\" \/>\n<meta property=\"og:type\" content=\"article\" \/>\n<meta property=\"og:title\" content=\"Le groupe mon\u00e9gasque : H\u00fctter ne change rien - La Diagonale\" \/>\n<meta property=\"og:description\" content=\"Pour le d\u00e9placement de l&rsquo;AS Monaco \u00e0 Rodez, Adi H\u00fctter a convoqu\u00e9 le m\u00eame groupe que contre Reims. Eliesse Ben Seghir est toujours trop juste pour reprendre et se retrouve donc une nouvelle fois pr\u00e9serv\u00e9. Eliot Matazo, touch\u00e9 \u00e0 un quadriceps, est encore . On retrouve une nouvelle fois plusieurs joueurs du Groupe \u00c9lite avec [...]\" \/>\n<meta property=\"og:url\" content=\"https:\/\/www.ladiagonale.net\/index.php\/2024\/01\/19\/le-groupe-monegasque-hutter-ne-change-rien\/\" \/>\n<meta property=\"og:site_name\" content=\"La Diagonale\" \/>\n<meta property=\"article:published_time\" content=\"2024-01-19T18:33:03+00:00\" \/>\n<meta property=\"article:modified_time\" content=\"2024-01-19T18:33:07+00:00\" \/>\n<meta property=\"og:image\" content=\"https:\/\/www.ladiagonale.net\/wp-content\/uploads\/2023\/12\/hutter4.png\" \/>\n\t<meta property=\"og:image:width\" content=\"1160\" \/>\n\t<meta property=\"og:image:height\" content=\"650\" \/>\n\t<meta property=\"og:image:type\" content=\"image\/png\" \/>\n<meta name=\"author\" content=\"Damien Dellerba\" \/>\n<meta name=\"twitter:card\" content=\"summary_large_image\" \/>\n<meta name=\"twitter:image\" content=\"https:\/\/www.ladiagonale.net\/wp-content\/uploads\/2023\/12\/hutter4.png\" \/>\n<meta name=\"twitter:label1\" content=\"\u00c9crit par\" \/>\n\t<meta name=\"twitter:data1\" content=\"Damien Dellerba\" \/>\n\t<meta name=\"twitter:label2\" content=\"Dur\u00e9e de lecture estim\u00e9e\" \/>\n\t<meta name=\"twitter:data2\" content=\"1 minute\" \/>\n<script type=\"application\/ld+json\" class=\"yoast-schema-graph\">{\"@context\":\"https:\/\/schema.org\",\"@graph\":[{\"@type\":\"WebPage\",\"@id\":\"https:\/\/www.ladiagonale.net\/index.php\/2024\/01\/19\/le-groupe-monegasque-hutter-ne-change-rien\/\",\"url\":\"https:\/\/www.ladiagonale.net\/index.php\/2024\/01\/19\/le-groupe-monegasque-hutter-ne-change-rien\/\",\"name\":\"Le groupe mon\u00e9gasque : H\u00fctter ne change rien - La Diagonale\",\"isPartOf\":{\"@id\":\"https:\/\/www.ladiagonale.net\/#website\"},\"datePublished\":\"2024-01-19T18:33:03+00:00\",\"dateModified\":\"2024-01-19T18:33:07+00:00\",\"author\":{\"@id\":\"https:\/\/www.ladiagonale.net\/#\/schema\/person\/79ff1e7b0853ed01b2aa26e64ad300bf\"},\"breadcrumb\":{\"@id\":\"https:\/\/www.ladiagonale.net\/index.php\/2024\/01\/19\/le-groupe-monegasque-hutter-ne-change-rien\/#breadcrumb\"},\"inLanguage\":\"fr-FR\",\"potentialAction\":[{\"@type\":\"ReadAction\",\"target\":[\"https:\/\/www.ladiagonale.net\/index.php\/2024\/01\/19\/le-groupe-monegasque-hutter-ne-change-rien\/\"]}]},{\"@type\":\"BreadcrumbList\",\"@id\":\"https:\/\/www.ladiagonale.net\/index.php\/2024\/01\/19\/le-groupe-monegasque-hutter-ne-change-rien\/#breadcrumb\",\"itemListElement\":[{\"@type\":\"ListItem\",\"position\":1,\"name\":\"Accueil\",\"item\":\"https:\/\/www.ladiagonale.net\/\"},{\"@type\":\"ListItem\",\"position\":2,\"name\":\"Le groupe mon\u00e9gasque : H\u00fctter ne change rien\"}]},{\"@type\":\"WebSite\",\"@id\":\"https:\/\/www.ladiagonale.net\/#website\",\"url\":\"https:\/\/www.ladiagonale.net\/\",\"name\":\"La Diagonale\",\"description\":\"Le site des supporters de l&#039;AS Monaco FC\",\"potentialAction\":[{\"@type\":\"SearchAction\",\"target\":{\"@type\":\"EntryPoint\",\"urlTemplate\":\"https:\/\/www.ladiagonale.net\/?s={search_term_string}\"},\"query-input\":\"required name=search_term_string\"}],\"inLanguage\":\"fr-FR\"},{\"@type\":\"Person\",\"@id\":\"https:\/\/www.ladiagonale.net\/#\/schema\/person\/79ff1e7b0853ed01b2aa26e64ad300bf\",\"name\":\"Damien Dellerba\",\"image\":{\"@type\":\"ImageObject\",\"inLanguage\":\"fr-FR\",\"@id\":\"https:\/\/www.ladiagonale.net\/#\/schema\/person\/image\/\",\"url\":\"https:\/\/secure.gravatar.com\/avatar\/c7850e06d3ff63cdbaee88b7fc16e2f0?s=96&d=mm&r=g\",\"contentUrl\":\"https:\/\/secure.gravatar.com\/avatar\/c7850e06d3ff63cdbaee88b7fc16e2f0?s=96&d=mm&r=g\",\"caption\":\"Damien Dellerba\"},\"url\":\"https:\/\/www.ladiagonale.net\/index.php\/author\/damien\/\"}]}<\/script>\n<!-- \/ Yoast SEO plugin. -->","yoast_head_json":{"title":"Le groupe mon\u00e9gasque : H\u00fctter ne change rien - La Diagonale","robots":{"index":"index","follow":"follow","max-snippet":"max-snippet:-1","max-image-preview":"max-image-preview:large","max-video-preview":"max-video-preview:-1"},"canonical":"https:\/\/www.ladiagonale.net\/index.php\/2024\/01\/19\/le-groupe-monegasque-hutter-ne-change-rien\/","og_locale":"fr_FR","og_type":"article","og_title":"Le groupe mon\u00e9gasque : H\u00fctter ne change rien - La Diagonale","og_description":"Pour le d\u00e9placement de l&rsquo;AS Monaco \u00e0 Rodez, Adi H\u00fctter a convoqu\u00e9 le m\u00eame groupe que contre Reims. Eliesse Ben Seghir est toujours trop juste pour reprendre et se retrouve donc une nouvelle fois pr\u00e9serv\u00e9. Eliot Matazo, touch\u00e9 \u00e0 un quadriceps, est encore . On retrouve une nouvelle fois plusieurs joueurs du Groupe \u00c9lite avec [...]","og_url":"https:\/\/www.ladiagonale.net\/index.php\/2024\/01\/19\/le-groupe-monegasque-hutter-ne-change-rien\/","og_site_name":"La Diagonale","article_published_time":"2024-01-19T18:33:03+00:00","article_modified_time":"2024-01-19T18:33:07+00:00","og_image":[{"width":1160,"height":650,"url":"https:\/\/www.ladiagonale.net\/wp-content\/uploads\/2023\/12\/hutter4.png","type":"image\/png"}],"author":"Damien Dellerba","twitter_card":"summary_large_image","twitter_image":"https:\/\/www.ladiagonale.net\/wp-content\/uploads\/2023\/12\/hutter4.png","twitter_misc":{"\u00c9crit par":"Damien Dellerba","Dur\u00e9e de lecture estim\u00e9e":"1 minute"},"schema":{"@context":"https:\/\/schema.org","@graph":[{"@type":"WebPage","@id":"https:\/\/www.ladiagonale.net\/index.php\/2024\/01\/19\/le-groupe-monegasque-hutter-ne-change-rien\/","url":"https:\/\/www.ladiagonale.net\/index.php\/2024\/01\/19\/le-groupe-monegasque-hutter-ne-change-rien\/","name":"Le groupe mon\u00e9gasque : H\u00fctter ne change rien - La Diagonale","isPartOf":{"@id":"https:\/\/www.ladiagonale.net\/#website"},"datePublished":"2024-01-19T18:33:03+00:00","dateModified":"2024-01-19T18:33:07+00:00","author":{"@id":"https:\/\/www.ladiagonale.net\/#\/schema\/person\/79ff1e7b0853ed01b2aa26e64ad300bf"},"breadcrumb":{"@id":"https:\/\/www.ladiagonale.net\/index.php\/2024\/01\/19\/le-groupe-monegasque-hutter-ne-change-rien\/#breadcrumb"},"inLanguage":"fr-FR","potentialAction":[{"@type":"ReadAction","target":["https:\/\/www.ladiagonale.net\/index.php\/2024\/01\/19\/le-groupe-monegasque-hutter-ne-change-rien\/"]}]},{"@type":"BreadcrumbList","@id":"https:\/\/www.ladiagonale.net\/index.php\/2024\/01\/19\/le-groupe-monegasque-hutter-ne-change-rien\/#breadcrumb","itemListElement":[{"@type":"ListItem","position":1,"name":"Accueil","item":"https:\/\/www.ladiagonale.net\/"},{"@type":"ListItem","position":2,"name":"Le groupe mon\u00e9gasque : H\u00fctter ne change rien"}]},{"@type":"WebSite","@id":"https:\/\/www.ladiagonale.net\/#website","url":"https:\/\/www.ladiagonale.net\/","name":"La Diagonale","description":"Le site des supporters de l&#039;AS Monaco FC","potentialAction":[{"@type":"SearchAction","target":{"@type":"EntryPoint","urlTemplate":"https:\/\/www.ladiagonale.net\/?s={search_term_string}"},"query-input":"required name=search_term_string"}],"inLanguage":"fr-FR"},{"@type":"Person","@id":"https:\/\/www.ladiagonale.net\/#\/schema\/person\/79ff1e7b0853ed01b2aa26e64ad300bf","name":"Damien Dellerba","image":{"@type":"ImageObject","inLanguage":"fr-FR","@id":"https:\/\/www.ladiagonale.net\/#\/schema\/person\/image\/","url":"https:\/\/secure.gravatar.com\/avatar\/c7850e06d3ff63cdbaee88b7fc16e2f0?s=96&d=mm&r=g","contentUrl":"https:\/\/secure.gravatar.com\/avatar\/c7850e06d3ff63cdbaee88b7fc16e2f0?s=96&d=mm&r=g","caption":"Damien Dellerba"},"url":"https:\/\/www.ladiagonale.net\/index.php\/author\/damien\/"}]}},"_links":{"self":[{"href":"https:\/\/www.ladiagonale.net\/index.php\/wp-json\/wp\/v2\/posts\/19832"}],"collection":[{"href":"https:\/\/www.ladiagonale.net\/index.php\/wp-json\/wp\/v2\/posts"}],"about":[{"href":"https:\/\/www.ladiagonale.net\/index.php\/wp-json\/wp\/v2\/types\/post"}],"author":[{"embeddable":true,"href":"https:\/\/www.ladiagonale.net\/index.php\/wp-json\/wp\/v2\/users\/2"}],"replies":[{"embeddable":true,"href":"https:\/\/www.ladiagonale.net\/index.php\/wp-json\/wp\/v2\/comments?post=19832"}],"version-history":[{"count":1,"href":"https:\/\/www.ladiagonale.net\/index.php\/wp-json\/wp\/v2\/posts\/19832\/revisions"}],"predecessor-version":[{"id":19833,"href":"https:\/\/www.ladiagonale.net\/index.php\/wp-json\/wp\/v2\/posts\/19832\/revisions\/19833"}],"wp:attachment":[{"href":"https:\/\/www.ladiagonale.net\/index.php\/wp-json\/wp\/v2\/media?parent=19832"}],"wp:term":[{"taxonomy":"category","embeddable":true,"href":"https:\/\/www.ladiagonale.net\/index.php\/wp-json\/wp\/v2\/categories?post=19832"},{"taxonomy":"post_tag","embeddable":true,"href":"https:\/\/www.ladiagonale.net\/index.php\/wp-json\/wp\/v2\/tags?post=19832"}],"curies":[{"name":"wp","href":"https:\/\/api.w.org\/{rel}","templated":true}]}}