{"id":19848,"date":"2024-01-20T16:42:27","date_gmt":"2024-01-20T15:42:27","guid":{"rendered":"https:\/\/www.ladiagonale.net\/?p=19848"},"modified":"2024-01-20T16:47:08","modified_gmt":"2024-01-20T15:47:08","slug":"les-compositions-matsima-et-diop-titulaires-zakaria-en-defense","status":"publish","type":"post","link":"https:\/\/www.ladiagonale.net\/index.php\/2024\/01\/20\/les-compositions-matsima-et-diop-titulaires-zakaria-en-defense\/","title":{"rendered":"Les compositions : Matsima et Diop titulaires, Zakaria en d\u00e9fense"},"content":{"rendered":"\n\n\n<p>Adi H\u00fctter avait promis quelques changements dans la composition de d\u00e9part pour affronter Rodez. L&rsquo;entra\u00eeneur autrichien a choisi de laisser Guillermo Maripan et Soungoutou Magassa sur le banc pour cette rencontre et de titulariser Denis Zakaria en d\u00e9fense centrale avec Chrislain Matsima et Thilo Kehrer. Au milieu de terrain, Edan Diop fera la paire avec Youssouf Fofana.<\/p>\n\n\n\n<p>Devant, Aleksandr Golovin soutiendra le duo d&rsquo;attaque Ben Yedder-Balogun. Myron Boadu n&rsquo;est finalement pas sur la feuille de match.<\/p>\n\n\n\n<p><strong>Rodez AF (3-5-2) :<\/strong> Cibois &#8211; Boma, Raux-Yao, Mambo &#8211; Buades, Val\u00e9rio, Ta\u00efbi, Younoussa, Lipinski &#8211; Corredor (cap.), Arconte.<\/p>\n\n\n\n<p><em>Rempla\u00e7ants :<\/em> Crombez (g.), Ngouyamsa, Abdallah, Rajot, Garie, Haag, Verdier, Hountondji, Depres.<\/p>\n\n\n\n<p><strong>AS Monaco (3-4-1-2) :<\/strong> Majecki &#8211; Matsima, Zakaria, Kehrer &#8211; Vanderson, Fofana, Diop, Ouattara &#8211; Golovin &#8211; Balogun, Ben Yedder (cap.).<\/p>\n\n\n\n<p><em>Rempla\u00e7ants : <\/em>K\u00f6hn (g.), Platret, Magassa, Maripan, Cartillier, Coulibaly, Akliouche, Efekele.<\/p>\n","protected":false},"excerpt":{"rendered":"<p>Adi H\u00fctter avait promis quelques changements dans la composition de d\u00e9part pour affronter Rodez. L&rsquo;entra\u00eeneur autrichien a choisi de laisser Guillermo Maripan et Soungoutou Magassa sur le banc pour cette rencontre et de titulariser Denis Zakaria en d\u00e9fense centrale avec Chrislain Matsima et Thilo Kehrer. Au milieu de terrain, Edan Diop fera la paire avec [&#8230;]\n","protected":false},"author":2,"featured_media":0,"comment_status":"open","ping_status":"open","sticky":false,"template":"","format":"standard","meta":[],"categories":[4,6],"tags":[86,213,232,763],"yoast_head":"<!-- This site is optimized with the Yoast SEO plugin v19.8 - https:\/\/yoast.com\/wordpress\/plugins\/seo\/ -->\n<title>Les compositions : Matsima et Diop titulaires, Zakaria en d\u00e9fense - La Diagonale<\/title>\n<meta name=\"robots\" content=\"index, follow, max-snippet:-1, max-image-preview:large, max-video-preview:-1\" \/>\n<link rel=\"canonical\" href=\"https:\/\/www.ladiagonale.net\/index.php\/2024\/01\/20\/les-compositions-matsima-et-diop-titulaires-zakaria-en-defense\/\" \/>\n<meta property=\"og:locale\" content=\"fr_FR\" \/>\n<meta property=\"og:type\" content=\"article\" \/>\n<meta property=\"og:title\" content=\"Les compositions : Matsima et Diop titulaires, Zakaria en d\u00e9fense - La Diagonale\" \/>\n<meta property=\"og:description\" content=\"Adi H\u00fctter avait promis quelques changements dans la composition de d\u00e9part pour affronter Rodez. L&rsquo;entra\u00eeneur autrichien a choisi de laisser Guillermo Maripan et Soungoutou Magassa sur le banc pour cette rencontre et de titulariser Denis Zakaria en d\u00e9fense centrale avec Chrislain Matsima et Thilo Kehrer. Au milieu de terrain, Edan Diop fera la paire avec [...]\" \/>\n<meta property=\"og:url\" content=\"https:\/\/www.ladiagonale.net\/index.php\/2024\/01\/20\/les-compositions-matsima-et-diop-titulaires-zakaria-en-defense\/\" \/>\n<meta property=\"og:site_name\" content=\"La Diagonale\" \/>\n<meta property=\"article:published_time\" content=\"2024-01-20T15:42:27+00:00\" \/>\n<meta property=\"article:modified_time\" content=\"2024-01-20T15:47:08+00:00\" \/>\n<meta property=\"og:image\" content=\"https:\/\/www.ladiagonale.net\/wp-content\/uploads\/2023\/10\/matsima.png\" \/>\n\t<meta property=\"og:image:width\" content=\"1160\" \/>\n\t<meta property=\"og:image:height\" content=\"650\" \/>\n\t<meta property=\"og:image:type\" content=\"image\/png\" \/>\n<meta name=\"author\" content=\"Damien Dellerba\" \/>\n<meta name=\"twitter:card\" content=\"summary_large_image\" \/>\n<meta name=\"twitter:image\" content=\"https:\/\/www.ladiagonale.net\/wp-content\/uploads\/2023\/10\/matsima.png\" \/>\n<meta name=\"twitter:label1\" content=\"\u00c9crit par\" \/>\n\t<meta name=\"twitter:data1\" content=\"Damien Dellerba\" \/>\n\t<meta name=\"twitter:label2\" content=\"Dur\u00e9e de lecture estim\u00e9e\" \/>\n\t<meta name=\"twitter:data2\" content=\"1 minute\" \/>\n<script type=\"application\/ld+json\" class=\"yoast-schema-graph\">{\"@context\":\"https:\/\/schema.org\",\"@graph\":[{\"@type\":\"WebPage\",\"@id\":\"https:\/\/www.ladiagonale.net\/index.php\/2024\/01\/20\/les-compositions-matsima-et-diop-titulaires-zakaria-en-defense\/\",\"url\":\"https:\/\/www.ladiagonale.net\/index.php\/2024\/01\/20\/les-compositions-matsima-et-diop-titulaires-zakaria-en-defense\/\",\"name\":\"Les compositions : Matsima et Diop titulaires, Zakaria en d\u00e9fense - La Diagonale\",\"isPartOf\":{\"@id\":\"https:\/\/www.ladiagonale.net\/#website\"},\"datePublished\":\"2024-01-20T15:42:27+00:00\",\"dateModified\":\"2024-01-20T15:47:08+00:00\",\"author\":{\"@id\":\"https:\/\/www.ladiagonale.net\/#\/schema\/person\/79ff1e7b0853ed01b2aa26e64ad300bf\"},\"breadcrumb\":{\"@id\":\"https:\/\/www.ladiagonale.net\/index.php\/2024\/01\/20\/les-compositions-matsima-et-diop-titulaires-zakaria-en-defense\/#breadcrumb\"},\"inLanguage\":\"fr-FR\",\"potentialAction\":[{\"@type\":\"ReadAction\",\"target\":[\"https:\/\/www.ladiagonale.net\/index.php\/2024\/01\/20\/les-compositions-matsima-et-diop-titulaires-zakaria-en-defense\/\"]}]},{\"@type\":\"BreadcrumbList\",\"@id\":\"https:\/\/www.ladiagonale.net\/index.php\/2024\/01\/20\/les-compositions-matsima-et-diop-titulaires-zakaria-en-defense\/#breadcrumb\",\"itemListElement\":[{\"@type\":\"ListItem\",\"position\":1,\"name\":\"Accueil\",\"item\":\"https:\/\/www.ladiagonale.net\/\"},{\"@type\":\"ListItem\",\"position\":2,\"name\":\"Les compositions : Matsima et Diop titulaires, Zakaria en d\u00e9fense\"}]},{\"@type\":\"WebSite\",\"@id\":\"https:\/\/www.ladiagonale.net\/#website\",\"url\":\"https:\/\/www.ladiagonale.net\/\",\"name\":\"La Diagonale\",\"description\":\"Le site des supporters de l&#039;AS Monaco FC\",\"potentialAction\":[{\"@type\":\"SearchAction\",\"target\":{\"@type\":\"EntryPoint\",\"urlTemplate\":\"https:\/\/www.ladiagonale.net\/?s={search_term_string}\"},\"query-input\":\"required name=search_term_string\"}],\"inLanguage\":\"fr-FR\"},{\"@type\":\"Person\",\"@id\":\"https:\/\/www.ladiagonale.net\/#\/schema\/person\/79ff1e7b0853ed01b2aa26e64ad300bf\",\"name\":\"Damien Dellerba\",\"image\":{\"@type\":\"ImageObject\",\"inLanguage\":\"fr-FR\",\"@id\":\"https:\/\/www.ladiagonale.net\/#\/schema\/person\/image\/\",\"url\":\"https:\/\/secure.gravatar.com\/avatar\/c7850e06d3ff63cdbaee88b7fc16e2f0?s=96&d=mm&r=g\",\"contentUrl\":\"https:\/\/secure.gravatar.com\/avatar\/c7850e06d3ff63cdbaee88b7fc16e2f0?s=96&d=mm&r=g\",\"caption\":\"Damien Dellerba\"},\"url\":\"https:\/\/www.ladiagonale.net\/index.php\/author\/damien\/\"}]}<\/script>\n<!-- \/ Yoast SEO plugin. -->","yoast_head_json":{"title":"Les compositions : Matsima et Diop titulaires, Zakaria en d\u00e9fense - La Diagonale","robots":{"index":"index","follow":"follow","max-snippet":"max-snippet:-1","max-image-preview":"max-image-preview:large","max-video-preview":"max-video-preview:-1"},"canonical":"https:\/\/www.ladiagonale.net\/index.php\/2024\/01\/20\/les-compositions-matsima-et-diop-titulaires-zakaria-en-defense\/","og_locale":"fr_FR","og_type":"article","og_title":"Les compositions : Matsima et Diop titulaires, Zakaria en d\u00e9fense - La Diagonale","og_description":"Adi H\u00fctter avait promis quelques changements dans la composition de d\u00e9part pour affronter Rodez. L&rsquo;entra\u00eeneur autrichien a choisi de laisser Guillermo Maripan et Soungoutou Magassa sur le banc pour cette rencontre et de titulariser Denis Zakaria en d\u00e9fense centrale avec Chrislain Matsima et Thilo Kehrer. Au milieu de terrain, Edan Diop fera la paire avec [...]","og_url":"https:\/\/www.ladiagonale.net\/index.php\/2024\/01\/20\/les-compositions-matsima-et-diop-titulaires-zakaria-en-defense\/","og_site_name":"La Diagonale","article_published_time":"2024-01-20T15:42:27+00:00","article_modified_time":"2024-01-20T15:47:08+00:00","og_image":[{"width":1160,"height":650,"url":"https:\/\/www.ladiagonale.net\/wp-content\/uploads\/2023\/10\/matsima.png","type":"image\/png"}],"author":"Damien Dellerba","twitter_card":"summary_large_image","twitter_image":"https:\/\/www.ladiagonale.net\/wp-content\/uploads\/2023\/10\/matsima.png","twitter_misc":{"\u00c9crit par":"Damien Dellerba","Dur\u00e9e de lecture estim\u00e9e":"1 minute"},"schema":{"@context":"https:\/\/schema.org","@graph":[{"@type":"WebPage","@id":"https:\/\/www.ladiagonale.net\/index.php\/2024\/01\/20\/les-compositions-matsima-et-diop-titulaires-zakaria-en-defense\/","url":"https:\/\/www.ladiagonale.net\/index.php\/2024\/01\/20\/les-compositions-matsima-et-diop-titulaires-zakaria-en-defense\/","name":"Les compositions : Matsima et Diop titulaires, Zakaria en d\u00e9fense - La Diagonale","isPartOf":{"@id":"https:\/\/www.ladiagonale.net\/#website"},"datePublished":"2024-01-20T15:42:27+00:00","dateModified":"2024-01-20T15:47:08+00:00","author":{"@id":"https:\/\/www.ladiagonale.net\/#\/schema\/person\/79ff1e7b0853ed01b2aa26e64ad300bf"},"breadcrumb":{"@id":"https:\/\/www.ladiagonale.net\/index.php\/2024\/01\/20\/les-compositions-matsima-et-diop-titulaires-zakaria-en-defense\/#breadcrumb"},"inLanguage":"fr-FR","potentialAction":[{"@type":"ReadAction","target":["https:\/\/www.ladiagonale.net\/index.php\/2024\/01\/20\/les-compositions-matsima-et-diop-titulaires-zakaria-en-defense\/"]}]},{"@type":"BreadcrumbList","@id":"https:\/\/www.ladiagonale.net\/index.php\/2024\/01\/20\/les-compositions-matsima-et-diop-titulaires-zakaria-en-defense\/#breadcrumb","itemListElement":[{"@type":"ListItem","position":1,"name":"Accueil","item":"https:\/\/www.ladiagonale.net\/"},{"@type":"ListItem","position":2,"name":"Les compositions : Matsima et Diop titulaires, Zakaria en d\u00e9fense"}]},{"@type":"WebSite","@id":"https:\/\/www.ladiagonale.net\/#website","url":"https:\/\/www.ladiagonale.net\/","name":"La Diagonale","description":"Le site des supporters de l&#039;AS Monaco FC","potentialAction":[{"@type":"SearchAction","target":{"@type":"EntryPoint","urlTemplate":"https:\/\/www.ladiagonale.net\/?s={search_term_string}"},"query-input":"required name=search_term_string"}],"inLanguage":"fr-FR"},{"@type":"Person","@id":"https:\/\/www.ladiagonale.net\/#\/schema\/person\/79ff1e7b0853ed01b2aa26e64ad300bf","name":"Damien Dellerba","image":{"@type":"ImageObject","inLanguage":"fr-FR","@id":"https:\/\/www.ladiagonale.net\/#\/schema\/person\/image\/","url":"https:\/\/secure.gravatar.com\/avatar\/c7850e06d3ff63cdbaee88b7fc16e2f0?s=96&d=mm&r=g","contentUrl":"https:\/\/secure.gravatar.com\/avatar\/c7850e06d3ff63cdbaee88b7fc16e2f0?s=96&d=mm&r=g","caption":"Damien Dellerba"},"url":"https:\/\/www.ladiagonale.net\/index.php\/author\/damien\/"}]}},"_links":{"self":[{"href":"https:\/\/www.ladiagonale.net\/index.php\/wp-json\/wp\/v2\/posts\/19848"}],"collection":[{"href":"https:\/\/www.ladiagonale.net\/index.php\/wp-json\/wp\/v2\/posts"}],"about":[{"href":"https:\/\/www.ladiagonale.net\/index.php\/wp-json\/wp\/v2\/types\/post"}],"author":[{"embeddable":true,"href":"https:\/\/www.ladiagonale.net\/index.php\/wp-json\/wp\/v2\/users\/2"}],"replies":[{"embeddable":true,"href":"https:\/\/www.ladiagonale.net\/index.php\/wp-json\/wp\/v2\/comments?post=19848"}],"version-history":[{"count":4,"href":"https:\/\/www.ladiagonale.net\/index.php\/wp-json\/wp\/v2\/posts\/19848\/revisions"}],"predecessor-version":[{"id":19895,"href":"https:\/\/www.ladiagonale.net\/index.php\/wp-json\/wp\/v2\/posts\/19848\/revisions\/19895"}],"wp:attachment":[{"href":"https:\/\/www.ladiagonale.net\/index.php\/wp-json\/wp\/v2\/media?parent=19848"}],"wp:term":[{"taxonomy":"category","embeddable":true,"href":"https:\/\/www.ladiagonale.net\/index.php\/wp-json\/wp\/v2\/categories?post=19848"},{"taxonomy":"post_tag","embeddable":true,"href":"https:\/\/www.ladiagonale.net\/index.php\/wp-json\/wp\/v2\/tags?post=19848"}],"curies":[{"name":"wp","href":"https:\/\/api.w.org\/{rel}","templated":true}]}}