{"id":19945,"date":"2024-01-21T13:15:02","date_gmt":"2024-01-21T12:15:02","guid":{"rendered":"https:\/\/www.ladiagonale.net\/?p=19945"},"modified":"2024-01-21T13:15:07","modified_gmt":"2024-01-21T12:15:07","slug":"stawiecki-devrait-signer-a-monaco","status":"publish","type":"post","link":"https:\/\/www.ladiagonale.net\/index.php\/2024\/01\/21\/stawiecki-devrait-signer-a-monaco\/","title":{"rendered":"Stawiecki devrait signer \u00e0 Monaco"},"content":{"rendered":"\n\n\n<p>Annonc\u00e9 <a href=\"https:\/\/www.ladiagonale.net\/index.php\/2024\/01\/05\/un-jeune-gardien-de-dijon-en-approche\/\">proche de L&rsquo;AS Monaco au d\u00e9but du mois<\/a>, Jules Stawiecki devrait s&rsquo;engager avec le club de la Principaut\u00e9 tr\u00e8s prochainement. Selon <em>L&rsquo;\u00c9quipe<\/em>, Monaco d\u00e9bourserait la somme de 1,5 millions d&rsquo;euros, bonus compris, pour obtenir le transfert de ce tr\u00e8s jeune gardien de 16 ans en provenance de Dijon.<\/p>\n\n\n\n<p>Cette saison, Stawiecki a surtout \u00e9volu\u00e9 avec les U19 du DFCO <em>(6 apparitions)<\/em> mais il a aussi eu l&rsquo;opportunit\u00e9 de jouer avec l&rsquo;\u00e9quipe r\u00e9serve en National 3 <em>(4 apparitions)<\/em>. International fran\u00e7ais U17 <em>(3 s\u00e9lections)<\/em>, il rejoindra le stage tricolore pr\u00e9vu \u00e0 partir de ce lundi, en compagnie de deux Mon\u00e9gasques, Pape Cabral et Nick Mokabakila.<\/p>\n","protected":false},"excerpt":{"rendered":"<p>Annonc\u00e9 proche de L&rsquo;AS Monaco au d\u00e9but du mois, Jules Stawiecki devrait s&rsquo;engager avec le club de la Principaut\u00e9 tr\u00e8s prochainement. Selon L&rsquo;\u00c9quipe, Monaco d\u00e9bourserait la somme de 1,5 millions d&rsquo;euros, bonus compris, pour obtenir le transfert de ce tr\u00e8s jeune gardien de 16 ans en provenance de Dijon. Cette saison, Stawiecki a surtout \u00e9volu\u00e9 [&#8230;]\n","protected":false},"author":2,"featured_media":0,"comment_status":"open","ping_status":"open","sticky":false,"template":"","format":"standard","meta":[],"categories":[6],"tags":[76,86,762,110],"yoast_head":"<!-- This site is optimized with the Yoast SEO plugin v19.8 - https:\/\/yoast.com\/wordpress\/plugins\/seo\/ -->\n<title>Stawiecki devrait signer \u00e0 Monaco - La Diagonale<\/title>\n<meta name=\"robots\" content=\"index, follow, max-snippet:-1, max-image-preview:large, max-video-preview:-1\" \/>\n<link rel=\"canonical\" href=\"https:\/\/www.ladiagonale.net\/index.php\/2024\/01\/21\/stawiecki-devrait-signer-a-monaco\/\" \/>\n<meta property=\"og:locale\" content=\"fr_FR\" \/>\n<meta property=\"og:type\" content=\"article\" \/>\n<meta property=\"og:title\" content=\"Stawiecki devrait signer \u00e0 Monaco - La Diagonale\" \/>\n<meta property=\"og:description\" content=\"Annonc\u00e9 proche de L&rsquo;AS Monaco au d\u00e9but du mois, Jules Stawiecki devrait s&rsquo;engager avec le club de la Principaut\u00e9 tr\u00e8s prochainement. Selon L&rsquo;\u00c9quipe, Monaco d\u00e9bourserait la somme de 1,5 millions d&rsquo;euros, bonus compris, pour obtenir le transfert de ce tr\u00e8s jeune gardien de 16 ans en provenance de Dijon. Cette saison, Stawiecki a surtout \u00e9volu\u00e9 [...]\" \/>\n<meta property=\"og:url\" content=\"https:\/\/www.ladiagonale.net\/index.php\/2024\/01\/21\/stawiecki-devrait-signer-a-monaco\/\" \/>\n<meta property=\"og:site_name\" content=\"La Diagonale\" \/>\n<meta property=\"article:published_time\" content=\"2024-01-21T12:15:02+00:00\" \/>\n<meta property=\"article:modified_time\" content=\"2024-01-21T12:15:07+00:00\" \/>\n<meta property=\"og:image\" content=\"https:\/\/www.ladiagonale.net\/wp-content\/uploads\/2024\/01\/stawiecki.png\" \/>\n\t<meta property=\"og:image:width\" content=\"1160\" \/>\n\t<meta property=\"og:image:height\" content=\"650\" \/>\n\t<meta property=\"og:image:type\" content=\"image\/png\" \/>\n<meta name=\"author\" content=\"Damien Dellerba\" \/>\n<meta name=\"twitter:card\" content=\"summary_large_image\" \/>\n<meta name=\"twitter:image\" content=\"https:\/\/www.ladiagonale.net\/wp-content\/uploads\/2024\/01\/stawiecki.png\" \/>\n<meta name=\"twitter:label1\" content=\"\u00c9crit par\" \/>\n\t<meta name=\"twitter:data1\" content=\"Damien Dellerba\" \/>\n\t<meta name=\"twitter:label2\" content=\"Dur\u00e9e de lecture estim\u00e9e\" \/>\n\t<meta name=\"twitter:data2\" content=\"1 minute\" \/>\n<script type=\"application\/ld+json\" class=\"yoast-schema-graph\">{\"@context\":\"https:\/\/schema.org\",\"@graph\":[{\"@type\":\"WebPage\",\"@id\":\"https:\/\/www.ladiagonale.net\/index.php\/2024\/01\/21\/stawiecki-devrait-signer-a-monaco\/\",\"url\":\"https:\/\/www.ladiagonale.net\/index.php\/2024\/01\/21\/stawiecki-devrait-signer-a-monaco\/\",\"name\":\"Stawiecki devrait signer \u00e0 Monaco - La Diagonale\",\"isPartOf\":{\"@id\":\"https:\/\/www.ladiagonale.net\/#website\"},\"datePublished\":\"2024-01-21T12:15:02+00:00\",\"dateModified\":\"2024-01-21T12:15:07+00:00\",\"author\":{\"@id\":\"https:\/\/www.ladiagonale.net\/#\/schema\/person\/79ff1e7b0853ed01b2aa26e64ad300bf\"},\"breadcrumb\":{\"@id\":\"https:\/\/www.ladiagonale.net\/index.php\/2024\/01\/21\/stawiecki-devrait-signer-a-monaco\/#breadcrumb\"},\"inLanguage\":\"fr-FR\",\"potentialAction\":[{\"@type\":\"ReadAction\",\"target\":[\"https:\/\/www.ladiagonale.net\/index.php\/2024\/01\/21\/stawiecki-devrait-signer-a-monaco\/\"]}]},{\"@type\":\"BreadcrumbList\",\"@id\":\"https:\/\/www.ladiagonale.net\/index.php\/2024\/01\/21\/stawiecki-devrait-signer-a-monaco\/#breadcrumb\",\"itemListElement\":[{\"@type\":\"ListItem\",\"position\":1,\"name\":\"Accueil\",\"item\":\"https:\/\/www.ladiagonale.net\/\"},{\"@type\":\"ListItem\",\"position\":2,\"name\":\"Stawiecki devrait signer \u00e0 Monaco\"}]},{\"@type\":\"WebSite\",\"@id\":\"https:\/\/www.ladiagonale.net\/#website\",\"url\":\"https:\/\/www.ladiagonale.net\/\",\"name\":\"La Diagonale\",\"description\":\"Le site des supporters de l&#039;AS Monaco FC\",\"potentialAction\":[{\"@type\":\"SearchAction\",\"target\":{\"@type\":\"EntryPoint\",\"urlTemplate\":\"https:\/\/www.ladiagonale.net\/?s={search_term_string}\"},\"query-input\":\"required name=search_term_string\"}],\"inLanguage\":\"fr-FR\"},{\"@type\":\"Person\",\"@id\":\"https:\/\/www.ladiagonale.net\/#\/schema\/person\/79ff1e7b0853ed01b2aa26e64ad300bf\",\"name\":\"Damien Dellerba\",\"image\":{\"@type\":\"ImageObject\",\"inLanguage\":\"fr-FR\",\"@id\":\"https:\/\/www.ladiagonale.net\/#\/schema\/person\/image\/\",\"url\":\"https:\/\/secure.gravatar.com\/avatar\/c7850e06d3ff63cdbaee88b7fc16e2f0?s=96&d=mm&r=g\",\"contentUrl\":\"https:\/\/secure.gravatar.com\/avatar\/c7850e06d3ff63cdbaee88b7fc16e2f0?s=96&d=mm&r=g\",\"caption\":\"Damien Dellerba\"},\"url\":\"https:\/\/www.ladiagonale.net\/index.php\/author\/damien\/\"}]}<\/script>\n<!-- \/ Yoast SEO plugin. -->","yoast_head_json":{"title":"Stawiecki devrait signer \u00e0 Monaco - La Diagonale","robots":{"index":"index","follow":"follow","max-snippet":"max-snippet:-1","max-image-preview":"max-image-preview:large","max-video-preview":"max-video-preview:-1"},"canonical":"https:\/\/www.ladiagonale.net\/index.php\/2024\/01\/21\/stawiecki-devrait-signer-a-monaco\/","og_locale":"fr_FR","og_type":"article","og_title":"Stawiecki devrait signer \u00e0 Monaco - La Diagonale","og_description":"Annonc\u00e9 proche de L&rsquo;AS Monaco au d\u00e9but du mois, Jules Stawiecki devrait s&rsquo;engager avec le club de la Principaut\u00e9 tr\u00e8s prochainement. Selon L&rsquo;\u00c9quipe, Monaco d\u00e9bourserait la somme de 1,5 millions d&rsquo;euros, bonus compris, pour obtenir le transfert de ce tr\u00e8s jeune gardien de 16 ans en provenance de Dijon. Cette saison, Stawiecki a surtout \u00e9volu\u00e9 [...]","og_url":"https:\/\/www.ladiagonale.net\/index.php\/2024\/01\/21\/stawiecki-devrait-signer-a-monaco\/","og_site_name":"La Diagonale","article_published_time":"2024-01-21T12:15:02+00:00","article_modified_time":"2024-01-21T12:15:07+00:00","og_image":[{"width":1160,"height":650,"url":"https:\/\/www.ladiagonale.net\/wp-content\/uploads\/2024\/01\/stawiecki.png","type":"image\/png"}],"author":"Damien Dellerba","twitter_card":"summary_large_image","twitter_image":"https:\/\/www.ladiagonale.net\/wp-content\/uploads\/2024\/01\/stawiecki.png","twitter_misc":{"\u00c9crit par":"Damien Dellerba","Dur\u00e9e de lecture estim\u00e9e":"1 minute"},"schema":{"@context":"https:\/\/schema.org","@graph":[{"@type":"WebPage","@id":"https:\/\/www.ladiagonale.net\/index.php\/2024\/01\/21\/stawiecki-devrait-signer-a-monaco\/","url":"https:\/\/www.ladiagonale.net\/index.php\/2024\/01\/21\/stawiecki-devrait-signer-a-monaco\/","name":"Stawiecki devrait signer \u00e0 Monaco - La Diagonale","isPartOf":{"@id":"https:\/\/www.ladiagonale.net\/#website"},"datePublished":"2024-01-21T12:15:02+00:00","dateModified":"2024-01-21T12:15:07+00:00","author":{"@id":"https:\/\/www.ladiagonale.net\/#\/schema\/person\/79ff1e7b0853ed01b2aa26e64ad300bf"},"breadcrumb":{"@id":"https:\/\/www.ladiagonale.net\/index.php\/2024\/01\/21\/stawiecki-devrait-signer-a-monaco\/#breadcrumb"},"inLanguage":"fr-FR","potentialAction":[{"@type":"ReadAction","target":["https:\/\/www.ladiagonale.net\/index.php\/2024\/01\/21\/stawiecki-devrait-signer-a-monaco\/"]}]},{"@type":"BreadcrumbList","@id":"https:\/\/www.ladiagonale.net\/index.php\/2024\/01\/21\/stawiecki-devrait-signer-a-monaco\/#breadcrumb","itemListElement":[{"@type":"ListItem","position":1,"name":"Accueil","item":"https:\/\/www.ladiagonale.net\/"},{"@type":"ListItem","position":2,"name":"Stawiecki devrait signer \u00e0 Monaco"}]},{"@type":"WebSite","@id":"https:\/\/www.ladiagonale.net\/#website","url":"https:\/\/www.ladiagonale.net\/","name":"La Diagonale","description":"Le site des supporters de l&#039;AS Monaco FC","potentialAction":[{"@type":"SearchAction","target":{"@type":"EntryPoint","urlTemplate":"https:\/\/www.ladiagonale.net\/?s={search_term_string}"},"query-input":"required name=search_term_string"}],"inLanguage":"fr-FR"},{"@type":"Person","@id":"https:\/\/www.ladiagonale.net\/#\/schema\/person\/79ff1e7b0853ed01b2aa26e64ad300bf","name":"Damien Dellerba","image":{"@type":"ImageObject","inLanguage":"fr-FR","@id":"https:\/\/www.ladiagonale.net\/#\/schema\/person\/image\/","url":"https:\/\/secure.gravatar.com\/avatar\/c7850e06d3ff63cdbaee88b7fc16e2f0?s=96&d=mm&r=g","contentUrl":"https:\/\/secure.gravatar.com\/avatar\/c7850e06d3ff63cdbaee88b7fc16e2f0?s=96&d=mm&r=g","caption":"Damien Dellerba"},"url":"https:\/\/www.ladiagonale.net\/index.php\/author\/damien\/"}]}},"_links":{"self":[{"href":"https:\/\/www.ladiagonale.net\/index.php\/wp-json\/wp\/v2\/posts\/19945"}],"collection":[{"href":"https:\/\/www.ladiagonale.net\/index.php\/wp-json\/wp\/v2\/posts"}],"about":[{"href":"https:\/\/www.ladiagonale.net\/index.php\/wp-json\/wp\/v2\/types\/post"}],"author":[{"embeddable":true,"href":"https:\/\/www.ladiagonale.net\/index.php\/wp-json\/wp\/v2\/users\/2"}],"replies":[{"embeddable":true,"href":"https:\/\/www.ladiagonale.net\/index.php\/wp-json\/wp\/v2\/comments?post=19945"}],"version-history":[{"count":1,"href":"https:\/\/www.ladiagonale.net\/index.php\/wp-json\/wp\/v2\/posts\/19945\/revisions"}],"predecessor-version":[{"id":19946,"href":"https:\/\/www.ladiagonale.net\/index.php\/wp-json\/wp\/v2\/posts\/19945\/revisions\/19946"}],"wp:attachment":[{"href":"https:\/\/www.ladiagonale.net\/index.php\/wp-json\/wp\/v2\/media?parent=19945"}],"wp:term":[{"taxonomy":"category","embeddable":true,"href":"https:\/\/www.ladiagonale.net\/index.php\/wp-json\/wp\/v2\/categories?post=19945"},{"taxonomy":"post_tag","embeddable":true,"href":"https:\/\/www.ladiagonale.net\/index.php\/wp-json\/wp\/v2\/tags?post=19945"}],"curies":[{"name":"wp","href":"https:\/\/api.w.org\/{rel}","templated":true}]}}