{"id":19953,"date":"2024-01-21T16:00:00","date_gmt":"2024-01-21T15:00:00","guid":{"rendered":"https:\/\/www.ladiagonale.net\/?p=19953"},"modified":"2024-01-21T16:00:03","modified_gmt":"2024-01-21T15:00:03","slug":"les-u17-battus-sur-le-terrain-de-la-duchere","status":"publish","type":"post","link":"https:\/\/www.ladiagonale.net\/index.php\/2024\/01\/21\/les-u17-battus-sur-le-terrain-de-la-duchere\/","title":{"rendered":"Les U17 battus sur le terrain de La Duch\u00e8re"},"content":{"rendered":"\n<p>La rencontre de cette 16<sup>e<\/sup> journ\u00e9e de championnat avait tout du traquenard et cela s\u2019est v\u00e9rifi\u00e9. Les U17 de l\u2019AS Monaco, deuxi\u00e8mes de la poule D, se rendaient ce dimanche sur la pelouse de Lyon-La Duch\u00e8re, 12<sup>e<\/sup> et rel\u00e9gable, et ont \u00e9t\u00e9 battus sur la plus petite des marges (1-0). L\u2019unique but de la rencontre a \u00e9t\u00e9 inscrit juste apr\u00e8s la demi-heure de jeu par Issef Kahlaoui.<\/p>\n\n\n\n<div class=\"wp-container-1 wp-block-buttons\">\n<div class=\"wp-block-button aligncenter is-style-outline\"><a class=\"wp-block-button__link has-very-light-gray-to-cyan-bluish-gray-gradient-background has-background\" href=\"https:\/\/www.ladiagonale.net\/index.php\/event\/lyon-la-duchere-u17-monaco-u17-2\/\" target=\"_blank\" rel=\"noreferrer noopener\">Voir la feuille de match<\/a><\/div>\n<\/div>\n\n\n\n<div style=\"height:35px\" aria-hidden=\"true\" class=\"wp-block-spacer\"><\/div>\n\n\n\n<p>Au classement, l\u2019ASM laisse potentiellement filer Saint-\u00c9tienne \u00e0 8 points, qui doit affronter la lanterne rouge, l\u2019ASPTT Marseille. Surtout, les \u00e9carts se resserrent puisque l&rsquo;AS Saint-Priest revient \u00e0 hauteur des hommes de Manu Dos Santos gr\u00e2ce \u00e0 leur succ\u00e8s sur l&rsquo;OGC Nice, tandis que le Cavigal Nice peut doubler Monaco en cas de victoire sur Valence.<\/p>\n\n\n\n<p>Les jeunes pousses as\u00e9mistes devront r\u00e9agir lors de la prochaine journ\u00e9e, o\u00f9 ils recevront Clermont le dimanche 28 janvier (10h30).<\/p>\n\n\n","protected":false},"excerpt":{"rendered":"<p>La rencontre de cette 16e journ\u00e9e de championnat avait tout du traquenard et cela s\u2019est v\u00e9rifi\u00e9. Les U17 de l\u2019AS Monaco, deuxi\u00e8mes de la poule D, se rendaient ce dimanche sur la pelouse de Lyon-La Duch\u00e8re, 12e et rel\u00e9gable, et ont \u00e9t\u00e9 battus sur la plus petite des marges (1-0). L\u2019unique but de la rencontre [&#8230;]\n","protected":false},"author":2,"featured_media":0,"comment_status":"open","ping_status":"open","sticky":false,"template":"","format":"standard","meta":[],"categories":[6],"tags":[76,86,130],"yoast_head":"<!-- This site is optimized with the Yoast SEO plugin v19.8 - https:\/\/yoast.com\/wordpress\/plugins\/seo\/ -->\n<title>Les U17 battus sur le terrain de La Duch\u00e8re - La Diagonale<\/title>\n<meta name=\"robots\" content=\"index, follow, max-snippet:-1, max-image-preview:large, max-video-preview:-1\" \/>\n<link rel=\"canonical\" href=\"https:\/\/www.ladiagonale.net\/index.php\/2024\/01\/21\/les-u17-battus-sur-le-terrain-de-la-duchere\/\" \/>\n<meta property=\"og:locale\" content=\"fr_FR\" \/>\n<meta property=\"og:type\" content=\"article\" \/>\n<meta property=\"og:title\" content=\"Les U17 battus sur le terrain de La Duch\u00e8re - La Diagonale\" \/>\n<meta property=\"og:description\" content=\"La rencontre de cette 16e journ\u00e9e de championnat avait tout du traquenard et cela s\u2019est v\u00e9rifi\u00e9. Les U17 de l\u2019AS Monaco, deuxi\u00e8mes de la poule D, se rendaient ce dimanche sur la pelouse de Lyon-La Duch\u00e8re, 12e et rel\u00e9gable, et ont \u00e9t\u00e9 battus sur la plus petite des marges (1-0). L\u2019unique but de la rencontre [...]\" \/>\n<meta property=\"og:url\" content=\"https:\/\/www.ladiagonale.net\/index.php\/2024\/01\/21\/les-u17-battus-sur-le-terrain-de-la-duchere\/\" \/>\n<meta property=\"og:site_name\" content=\"La Diagonale\" \/>\n<meta property=\"article:published_time\" content=\"2024-01-21T15:00:00+00:00\" \/>\n<meta property=\"article:modified_time\" content=\"2024-01-21T15:00:03+00:00\" \/>\n<meta property=\"og:image\" content=\"https:\/\/www.ladiagonale.net\/wp-content\/uploads\/2023\/09\/dodo.png\" \/>\n\t<meta property=\"og:image:width\" content=\"1160\" \/>\n\t<meta property=\"og:image:height\" content=\"650\" \/>\n\t<meta property=\"og:image:type\" content=\"image\/png\" \/>\n<meta name=\"author\" content=\"Damien Dellerba\" \/>\n<meta name=\"twitter:card\" content=\"summary_large_image\" \/>\n<meta name=\"twitter:image\" content=\"https:\/\/www.ladiagonale.net\/wp-content\/uploads\/2023\/09\/dodo.png\" \/>\n<meta name=\"twitter:label1\" content=\"\u00c9crit par\" \/>\n\t<meta name=\"twitter:data1\" content=\"Damien Dellerba\" \/>\n\t<meta name=\"twitter:label2\" content=\"Dur\u00e9e de lecture estim\u00e9e\" \/>\n\t<meta name=\"twitter:data2\" content=\"1 minute\" \/>\n<script type=\"application\/ld+json\" class=\"yoast-schema-graph\">{\"@context\":\"https:\/\/schema.org\",\"@graph\":[{\"@type\":\"WebPage\",\"@id\":\"https:\/\/www.ladiagonale.net\/index.php\/2024\/01\/21\/les-u17-battus-sur-le-terrain-de-la-duchere\/\",\"url\":\"https:\/\/www.ladiagonale.net\/index.php\/2024\/01\/21\/les-u17-battus-sur-le-terrain-de-la-duchere\/\",\"name\":\"Les U17 battus sur le terrain de La Duch\u00e8re - La Diagonale\",\"isPartOf\":{\"@id\":\"https:\/\/www.ladiagonale.net\/#website\"},\"datePublished\":\"2024-01-21T15:00:00+00:00\",\"dateModified\":\"2024-01-21T15:00:03+00:00\",\"author\":{\"@id\":\"https:\/\/www.ladiagonale.net\/#\/schema\/person\/79ff1e7b0853ed01b2aa26e64ad300bf\"},\"breadcrumb\":{\"@id\":\"https:\/\/www.ladiagonale.net\/index.php\/2024\/01\/21\/les-u17-battus-sur-le-terrain-de-la-duchere\/#breadcrumb\"},\"inLanguage\":\"fr-FR\",\"potentialAction\":[{\"@type\":\"ReadAction\",\"target\":[\"https:\/\/www.ladiagonale.net\/index.php\/2024\/01\/21\/les-u17-battus-sur-le-terrain-de-la-duchere\/\"]}]},{\"@type\":\"BreadcrumbList\",\"@id\":\"https:\/\/www.ladiagonale.net\/index.php\/2024\/01\/21\/les-u17-battus-sur-le-terrain-de-la-duchere\/#breadcrumb\",\"itemListElement\":[{\"@type\":\"ListItem\",\"position\":1,\"name\":\"Accueil\",\"item\":\"https:\/\/www.ladiagonale.net\/\"},{\"@type\":\"ListItem\",\"position\":2,\"name\":\"Les U17 battus sur le terrain de La Duch\u00e8re\"}]},{\"@type\":\"WebSite\",\"@id\":\"https:\/\/www.ladiagonale.net\/#website\",\"url\":\"https:\/\/www.ladiagonale.net\/\",\"name\":\"La Diagonale\",\"description\":\"Le site des supporters de l&#039;AS Monaco FC\",\"potentialAction\":[{\"@type\":\"SearchAction\",\"target\":{\"@type\":\"EntryPoint\",\"urlTemplate\":\"https:\/\/www.ladiagonale.net\/?s={search_term_string}\"},\"query-input\":\"required name=search_term_string\"}],\"inLanguage\":\"fr-FR\"},{\"@type\":\"Person\",\"@id\":\"https:\/\/www.ladiagonale.net\/#\/schema\/person\/79ff1e7b0853ed01b2aa26e64ad300bf\",\"name\":\"Damien Dellerba\",\"image\":{\"@type\":\"ImageObject\",\"inLanguage\":\"fr-FR\",\"@id\":\"https:\/\/www.ladiagonale.net\/#\/schema\/person\/image\/\",\"url\":\"https:\/\/secure.gravatar.com\/avatar\/c7850e06d3ff63cdbaee88b7fc16e2f0?s=96&d=mm&r=g\",\"contentUrl\":\"https:\/\/secure.gravatar.com\/avatar\/c7850e06d3ff63cdbaee88b7fc16e2f0?s=96&d=mm&r=g\",\"caption\":\"Damien Dellerba\"},\"url\":\"https:\/\/www.ladiagonale.net\/index.php\/author\/damien\/\"}]}<\/script>\n<!-- \/ Yoast SEO plugin. -->","yoast_head_json":{"title":"Les U17 battus sur le terrain de La Duch\u00e8re - La Diagonale","robots":{"index":"index","follow":"follow","max-snippet":"max-snippet:-1","max-image-preview":"max-image-preview:large","max-video-preview":"max-video-preview:-1"},"canonical":"https:\/\/www.ladiagonale.net\/index.php\/2024\/01\/21\/les-u17-battus-sur-le-terrain-de-la-duchere\/","og_locale":"fr_FR","og_type":"article","og_title":"Les U17 battus sur le terrain de La Duch\u00e8re - La Diagonale","og_description":"La rencontre de cette 16e journ\u00e9e de championnat avait tout du traquenard et cela s\u2019est v\u00e9rifi\u00e9. Les U17 de l\u2019AS Monaco, deuxi\u00e8mes de la poule D, se rendaient ce dimanche sur la pelouse de Lyon-La Duch\u00e8re, 12e et rel\u00e9gable, et ont \u00e9t\u00e9 battus sur la plus petite des marges (1-0). L\u2019unique but de la rencontre [...]","og_url":"https:\/\/www.ladiagonale.net\/index.php\/2024\/01\/21\/les-u17-battus-sur-le-terrain-de-la-duchere\/","og_site_name":"La Diagonale","article_published_time":"2024-01-21T15:00:00+00:00","article_modified_time":"2024-01-21T15:00:03+00:00","og_image":[{"width":1160,"height":650,"url":"https:\/\/www.ladiagonale.net\/wp-content\/uploads\/2023\/09\/dodo.png","type":"image\/png"}],"author":"Damien Dellerba","twitter_card":"summary_large_image","twitter_image":"https:\/\/www.ladiagonale.net\/wp-content\/uploads\/2023\/09\/dodo.png","twitter_misc":{"\u00c9crit par":"Damien Dellerba","Dur\u00e9e de lecture estim\u00e9e":"1 minute"},"schema":{"@context":"https:\/\/schema.org","@graph":[{"@type":"WebPage","@id":"https:\/\/www.ladiagonale.net\/index.php\/2024\/01\/21\/les-u17-battus-sur-le-terrain-de-la-duchere\/","url":"https:\/\/www.ladiagonale.net\/index.php\/2024\/01\/21\/les-u17-battus-sur-le-terrain-de-la-duchere\/","name":"Les U17 battus sur le terrain de La Duch\u00e8re - La Diagonale","isPartOf":{"@id":"https:\/\/www.ladiagonale.net\/#website"},"datePublished":"2024-01-21T15:00:00+00:00","dateModified":"2024-01-21T15:00:03+00:00","author":{"@id":"https:\/\/www.ladiagonale.net\/#\/schema\/person\/79ff1e7b0853ed01b2aa26e64ad300bf"},"breadcrumb":{"@id":"https:\/\/www.ladiagonale.net\/index.php\/2024\/01\/21\/les-u17-battus-sur-le-terrain-de-la-duchere\/#breadcrumb"},"inLanguage":"fr-FR","potentialAction":[{"@type":"ReadAction","target":["https:\/\/www.ladiagonale.net\/index.php\/2024\/01\/21\/les-u17-battus-sur-le-terrain-de-la-duchere\/"]}]},{"@type":"BreadcrumbList","@id":"https:\/\/www.ladiagonale.net\/index.php\/2024\/01\/21\/les-u17-battus-sur-le-terrain-de-la-duchere\/#breadcrumb","itemListElement":[{"@type":"ListItem","position":1,"name":"Accueil","item":"https:\/\/www.ladiagonale.net\/"},{"@type":"ListItem","position":2,"name":"Les U17 battus sur le terrain de La Duch\u00e8re"}]},{"@type":"WebSite","@id":"https:\/\/www.ladiagonale.net\/#website","url":"https:\/\/www.ladiagonale.net\/","name":"La Diagonale","description":"Le site des supporters de l&#039;AS Monaco FC","potentialAction":[{"@type":"SearchAction","target":{"@type":"EntryPoint","urlTemplate":"https:\/\/www.ladiagonale.net\/?s={search_term_string}"},"query-input":"required name=search_term_string"}],"inLanguage":"fr-FR"},{"@type":"Person","@id":"https:\/\/www.ladiagonale.net\/#\/schema\/person\/79ff1e7b0853ed01b2aa26e64ad300bf","name":"Damien Dellerba","image":{"@type":"ImageObject","inLanguage":"fr-FR","@id":"https:\/\/www.ladiagonale.net\/#\/schema\/person\/image\/","url":"https:\/\/secure.gravatar.com\/avatar\/c7850e06d3ff63cdbaee88b7fc16e2f0?s=96&d=mm&r=g","contentUrl":"https:\/\/secure.gravatar.com\/avatar\/c7850e06d3ff63cdbaee88b7fc16e2f0?s=96&d=mm&r=g","caption":"Damien Dellerba"},"url":"https:\/\/www.ladiagonale.net\/index.php\/author\/damien\/"}]}},"_links":{"self":[{"href":"https:\/\/www.ladiagonale.net\/index.php\/wp-json\/wp\/v2\/posts\/19953"}],"collection":[{"href":"https:\/\/www.ladiagonale.net\/index.php\/wp-json\/wp\/v2\/posts"}],"about":[{"href":"https:\/\/www.ladiagonale.net\/index.php\/wp-json\/wp\/v2\/types\/post"}],"author":[{"embeddable":true,"href":"https:\/\/www.ladiagonale.net\/index.php\/wp-json\/wp\/v2\/users\/2"}],"replies":[{"embeddable":true,"href":"https:\/\/www.ladiagonale.net\/index.php\/wp-json\/wp\/v2\/comments?post=19953"}],"version-history":[{"count":1,"href":"https:\/\/www.ladiagonale.net\/index.php\/wp-json\/wp\/v2\/posts\/19953\/revisions"}],"predecessor-version":[{"id":19954,"href":"https:\/\/www.ladiagonale.net\/index.php\/wp-json\/wp\/v2\/posts\/19953\/revisions\/19954"}],"wp:attachment":[{"href":"https:\/\/www.ladiagonale.net\/index.php\/wp-json\/wp\/v2\/media?parent=19953"}],"wp:term":[{"taxonomy":"category","embeddable":true,"href":"https:\/\/www.ladiagonale.net\/index.php\/wp-json\/wp\/v2\/categories?post=19953"},{"taxonomy":"post_tag","embeddable":true,"href":"https:\/\/www.ladiagonale.net\/index.php\/wp-json\/wp\/v2\/tags?post=19953"}],"curies":[{"name":"wp","href":"https:\/\/api.w.org\/{rel}","templated":true}]}}