{"id":20053,"date":"2024-01-23T18:29:26","date_gmt":"2024-01-23T17:29:26","guid":{"rendered":"https:\/\/www.ladiagonale.net\/?p=20053"},"modified":"2024-01-24T02:45:06","modified_gmt":"2024-01-24T01:45:06","slug":"carnet-jean-petit-nous-a-quittes","status":"publish","type":"post","link":"https:\/\/www.ladiagonale.net\/index.php\/2024\/01\/23\/carnet-jean-petit-nous-a-quittes\/","title":{"rendered":"Carnet : Jean Petit nous a quitt\u00e9s"},"content":{"rendered":"\n\n\n<p>L\u00e9gende de l&rsquo;AS Monaco, Jean Petit n&rsquo;est plus de ce monde, a-t-on appris ce mardi, d\u00e9c\u00e9d\u00e9 \u00e0 l&rsquo;\u00e2ge de 74 ans. Celui qui \u00e9tait surnomm\u00e9 affectueusement \u00ab\u00a0Jeannot\u00a0\u00bb, et qui a d\u00e9di\u00e9 plus de 40 ans de sa vie \u00e0 l&rsquo;AS Monaco, s&rsquo;en est all\u00e9 rejoindre son grand copain Christian Dalger, parti en juillet dernier. Tour \u00e0 tour joueur, entra\u00eeneur adjoint puis dirigeant, il a contribu\u00e9 \u00e0 \u00e9crire l&rsquo;Histoire de l&rsquo;AS Monaco.<\/p>\n\n\n\n<p>Arriv\u00e9 en 1969, tomb\u00e9 amoureux de la diagonale un jour o\u00f9 la bande \u00e0 Michel Hidalgo \u00e9tait venue administrer une v\u00e9ritable le\u00e7on de football \u00e0 Toulouse (<em>5-0, le 14 avril 1963<\/em>), Jean Petit est devenu l&rsquo;homme d&rsquo;un seul club, le troisi\u00e8me joueur le plus cap\u00e9 de l&rsquo;histoire, avec 428 matches disput\u00e9s en 13 saisons, et a remport\u00e9 deux championnats et une coupe de France. International fran\u00e7ais, il a aussi port\u00e9 le maillot bleu \u00e0 12 reprises, d\u00e9fendant les couleurs tricolores \u00e0 la Coupe du monde 1978 en Argentine, o\u00f9 il avait fait chambre commune avec un certain Michel Platini.<\/p>\n\n\n\n<figure class=\"wp-block-embed is-type-video is-provider-youtube wp-block-embed-youtube wp-embed-aspect-16-9 wp-has-aspect-ratio\"><div class=\"wp-block-embed__wrapper\">\n<iframe loading=\"lazy\" title=\"Le Mur des L\u00e9gendes #19 - Jean Petit\" width=\"1020\" height=\"574\" src=\"https:\/\/www.youtube.com\/embed\/D9GwcHZlxPQ?feature=oembed\" frameborder=\"0\" allow=\"accelerometer; autoplay; clipboard-write; encrypted-media; gyroscope; picture-in-picture; web-share\" allowfullscreen><\/iframe>\n<\/div><\/figure>\n\n\n\n<p>Puis, une fois sa carri\u00e8re termin\u00e9e en 1982 apr\u00e8s une mauvaise blessure, Jean Petit a enfil\u00e9 un surv\u00eatement \u00e0 la demande de son pr\u00e9sident Jean-Louis Campora. Il a port\u00e9 le costume du fid\u00e8le entra\u00eeneur adjoint pendant plus de 20 ans, jusqu&rsquo;en 2006, avant d&rsquo;occuper plusieurs autres fonctions dans l&rsquo;encadrement jusqu&rsquo;apr\u00e8s l&rsquo;arriv\u00e9e de Dmitry Rybolovlev \u00e0 la pr\u00e9sidence du club. <\/p>\n\n\n\n<p>V\u00e9ritable amoureux de l&rsquo;AS Monaco, il a continu\u00e9 de se rendre au stade Louis-II jusqu&rsquo;au bout pour encourager son \u00e9quipe de c\u0153ur, o\u00f9 il laissera d\u00e9sormais un grand vide. <em>La Diagonale<\/em> remercie Jean Petit pour tout ce qu&rsquo;il a apport\u00e9 au club et a une pens\u00e9e \u00e9mue pour sa famille et ses proches.<\/p>\n","protected":false},"excerpt":{"rendered":"<p>L\u00e9gende de l&rsquo;AS Monaco, Jean Petit n&rsquo;est plus de ce monde, a-t-on appris ce mardi, d\u00e9c\u00e9d\u00e9 \u00e0 l&rsquo;\u00e2ge de 74 ans. Celui qui \u00e9tait surnomm\u00e9 affectueusement \u00ab\u00a0Jeannot\u00a0\u00bb, et qui a d\u00e9di\u00e9 plus de 40 ans de sa vie \u00e0 l&rsquo;AS Monaco, s&rsquo;en est all\u00e9 rejoindre son grand copain Christian Dalger, parti en juillet dernier. Tour [&#8230;]\n","protected":false},"author":2,"featured_media":20054,"comment_status":"open","ping_status":"open","sticky":false,"template":"","format":"standard","meta":[],"categories":[5,6],"tags":[255,86,590,247,776],"yoast_head":"<!-- This site is optimized with the Yoast SEO plugin v19.8 - https:\/\/yoast.com\/wordpress\/plugins\/seo\/ -->\n<title>Carnet : Jean Petit nous a quitt\u00e9s - La Diagonale<\/title>\n<meta name=\"robots\" content=\"index, follow, max-snippet:-1, max-image-preview:large, max-video-preview:-1\" \/>\n<link rel=\"canonical\" href=\"https:\/\/www.ladiagonale.net\/index.php\/2024\/01\/23\/carnet-jean-petit-nous-a-quittes\/\" \/>\n<meta property=\"og:locale\" content=\"fr_FR\" \/>\n<meta property=\"og:type\" content=\"article\" \/>\n<meta property=\"og:title\" content=\"Carnet : Jean Petit nous a quitt\u00e9s - La Diagonale\" \/>\n<meta property=\"og:description\" content=\"L\u00e9gende de l&rsquo;AS Monaco, Jean Petit n&rsquo;est plus de ce monde, a-t-on appris ce mardi, d\u00e9c\u00e9d\u00e9 \u00e0 l&rsquo;\u00e2ge de 74 ans. Celui qui \u00e9tait surnomm\u00e9 affectueusement \u00ab\u00a0Jeannot\u00a0\u00bb, et qui a d\u00e9di\u00e9 plus de 40 ans de sa vie \u00e0 l&rsquo;AS Monaco, s&rsquo;en est all\u00e9 rejoindre son grand copain Christian Dalger, parti en juillet dernier. Tour [...]\" \/>\n<meta property=\"og:url\" content=\"https:\/\/www.ladiagonale.net\/index.php\/2024\/01\/23\/carnet-jean-petit-nous-a-quittes\/\" \/>\n<meta property=\"og:site_name\" content=\"La Diagonale\" \/>\n<meta property=\"article:published_time\" content=\"2024-01-23T17:29:26+00:00\" \/>\n<meta property=\"article:modified_time\" content=\"2024-01-24T01:45:06+00:00\" \/>\n<meta property=\"og:image\" content=\"https:\/\/www.ladiagonale.net\/wp-content\/uploads\/2024\/01\/Jeannot.png\" \/>\n\t<meta property=\"og:image:width\" content=\"1160\" \/>\n\t<meta property=\"og:image:height\" content=\"650\" \/>\n\t<meta property=\"og:image:type\" content=\"image\/png\" \/>\n<meta name=\"author\" content=\"Damien Dellerba\" \/>\n<meta name=\"twitter:card\" content=\"summary_large_image\" \/>\n<meta name=\"twitter:image\" content=\"https:\/\/www.ladiagonale.net\/wp-content\/uploads\/2024\/01\/Jeannot.png\" \/>\n<meta name=\"twitter:label1\" content=\"\u00c9crit par\" \/>\n\t<meta name=\"twitter:data1\" content=\"Damien Dellerba\" \/>\n\t<meta name=\"twitter:label2\" content=\"Dur\u00e9e de lecture estim\u00e9e\" \/>\n\t<meta name=\"twitter:data2\" content=\"2 minutes\" \/>\n<script type=\"application\/ld+json\" class=\"yoast-schema-graph\">{\"@context\":\"https:\/\/schema.org\",\"@graph\":[{\"@type\":\"WebPage\",\"@id\":\"https:\/\/www.ladiagonale.net\/index.php\/2024\/01\/23\/carnet-jean-petit-nous-a-quittes\/\",\"url\":\"https:\/\/www.ladiagonale.net\/index.php\/2024\/01\/23\/carnet-jean-petit-nous-a-quittes\/\",\"name\":\"Carnet : Jean Petit nous a quitt\u00e9s - La Diagonale\",\"isPartOf\":{\"@id\":\"https:\/\/www.ladiagonale.net\/#website\"},\"datePublished\":\"2024-01-23T17:29:26+00:00\",\"dateModified\":\"2024-01-24T01:45:06+00:00\",\"author\":{\"@id\":\"https:\/\/www.ladiagonale.net\/#\/schema\/person\/79ff1e7b0853ed01b2aa26e64ad300bf\"},\"breadcrumb\":{\"@id\":\"https:\/\/www.ladiagonale.net\/index.php\/2024\/01\/23\/carnet-jean-petit-nous-a-quittes\/#breadcrumb\"},\"inLanguage\":\"fr-FR\",\"potentialAction\":[{\"@type\":\"ReadAction\",\"target\":[\"https:\/\/www.ladiagonale.net\/index.php\/2024\/01\/23\/carnet-jean-petit-nous-a-quittes\/\"]}]},{\"@type\":\"BreadcrumbList\",\"@id\":\"https:\/\/www.ladiagonale.net\/index.php\/2024\/01\/23\/carnet-jean-petit-nous-a-quittes\/#breadcrumb\",\"itemListElement\":[{\"@type\":\"ListItem\",\"position\":1,\"name\":\"Accueil\",\"item\":\"https:\/\/www.ladiagonale.net\/\"},{\"@type\":\"ListItem\",\"position\":2,\"name\":\"Carnet : Jean Petit nous a quitt\u00e9s\"}]},{\"@type\":\"WebSite\",\"@id\":\"https:\/\/www.ladiagonale.net\/#website\",\"url\":\"https:\/\/www.ladiagonale.net\/\",\"name\":\"La Diagonale\",\"description\":\"Le site des supporters de l&#039;AS Monaco FC\",\"potentialAction\":[{\"@type\":\"SearchAction\",\"target\":{\"@type\":\"EntryPoint\",\"urlTemplate\":\"https:\/\/www.ladiagonale.net\/?s={search_term_string}\"},\"query-input\":\"required name=search_term_string\"}],\"inLanguage\":\"fr-FR\"},{\"@type\":\"Person\",\"@id\":\"https:\/\/www.ladiagonale.net\/#\/schema\/person\/79ff1e7b0853ed01b2aa26e64ad300bf\",\"name\":\"Damien Dellerba\",\"image\":{\"@type\":\"ImageObject\",\"inLanguage\":\"fr-FR\",\"@id\":\"https:\/\/www.ladiagonale.net\/#\/schema\/person\/image\/\",\"url\":\"https:\/\/secure.gravatar.com\/avatar\/c7850e06d3ff63cdbaee88b7fc16e2f0?s=96&d=mm&r=g\",\"contentUrl\":\"https:\/\/secure.gravatar.com\/avatar\/c7850e06d3ff63cdbaee88b7fc16e2f0?s=96&d=mm&r=g\",\"caption\":\"Damien Dellerba\"},\"url\":\"https:\/\/www.ladiagonale.net\/index.php\/author\/damien\/\"}]}<\/script>\n<!-- \/ Yoast SEO plugin. -->","yoast_head_json":{"title":"Carnet : Jean Petit nous a quitt\u00e9s - La Diagonale","robots":{"index":"index","follow":"follow","max-snippet":"max-snippet:-1","max-image-preview":"max-image-preview:large","max-video-preview":"max-video-preview:-1"},"canonical":"https:\/\/www.ladiagonale.net\/index.php\/2024\/01\/23\/carnet-jean-petit-nous-a-quittes\/","og_locale":"fr_FR","og_type":"article","og_title":"Carnet : Jean Petit nous a quitt\u00e9s - La Diagonale","og_description":"L\u00e9gende de l&rsquo;AS Monaco, Jean Petit n&rsquo;est plus de ce monde, a-t-on appris ce mardi, d\u00e9c\u00e9d\u00e9 \u00e0 l&rsquo;\u00e2ge de 74 ans. Celui qui \u00e9tait surnomm\u00e9 affectueusement \u00ab\u00a0Jeannot\u00a0\u00bb, et qui a d\u00e9di\u00e9 plus de 40 ans de sa vie \u00e0 l&rsquo;AS Monaco, s&rsquo;en est all\u00e9 rejoindre son grand copain Christian Dalger, parti en juillet dernier. Tour [...]","og_url":"https:\/\/www.ladiagonale.net\/index.php\/2024\/01\/23\/carnet-jean-petit-nous-a-quittes\/","og_site_name":"La Diagonale","article_published_time":"2024-01-23T17:29:26+00:00","article_modified_time":"2024-01-24T01:45:06+00:00","og_image":[{"width":1160,"height":650,"url":"https:\/\/www.ladiagonale.net\/wp-content\/uploads\/2024\/01\/Jeannot.png","type":"image\/png"}],"author":"Damien Dellerba","twitter_card":"summary_large_image","twitter_image":"https:\/\/www.ladiagonale.net\/wp-content\/uploads\/2024\/01\/Jeannot.png","twitter_misc":{"\u00c9crit par":"Damien Dellerba","Dur\u00e9e de lecture estim\u00e9e":"2 minutes"},"schema":{"@context":"https:\/\/schema.org","@graph":[{"@type":"WebPage","@id":"https:\/\/www.ladiagonale.net\/index.php\/2024\/01\/23\/carnet-jean-petit-nous-a-quittes\/","url":"https:\/\/www.ladiagonale.net\/index.php\/2024\/01\/23\/carnet-jean-petit-nous-a-quittes\/","name":"Carnet : Jean Petit nous a quitt\u00e9s - La Diagonale","isPartOf":{"@id":"https:\/\/www.ladiagonale.net\/#website"},"datePublished":"2024-01-23T17:29:26+00:00","dateModified":"2024-01-24T01:45:06+00:00","author":{"@id":"https:\/\/www.ladiagonale.net\/#\/schema\/person\/79ff1e7b0853ed01b2aa26e64ad300bf"},"breadcrumb":{"@id":"https:\/\/www.ladiagonale.net\/index.php\/2024\/01\/23\/carnet-jean-petit-nous-a-quittes\/#breadcrumb"},"inLanguage":"fr-FR","potentialAction":[{"@type":"ReadAction","target":["https:\/\/www.ladiagonale.net\/index.php\/2024\/01\/23\/carnet-jean-petit-nous-a-quittes\/"]}]},{"@type":"BreadcrumbList","@id":"https:\/\/www.ladiagonale.net\/index.php\/2024\/01\/23\/carnet-jean-petit-nous-a-quittes\/#breadcrumb","itemListElement":[{"@type":"ListItem","position":1,"name":"Accueil","item":"https:\/\/www.ladiagonale.net\/"},{"@type":"ListItem","position":2,"name":"Carnet : Jean Petit nous a quitt\u00e9s"}]},{"@type":"WebSite","@id":"https:\/\/www.ladiagonale.net\/#website","url":"https:\/\/www.ladiagonale.net\/","name":"La Diagonale","description":"Le site des supporters de l&#039;AS Monaco FC","potentialAction":[{"@type":"SearchAction","target":{"@type":"EntryPoint","urlTemplate":"https:\/\/www.ladiagonale.net\/?s={search_term_string}"},"query-input":"required name=search_term_string"}],"inLanguage":"fr-FR"},{"@type":"Person","@id":"https:\/\/www.ladiagonale.net\/#\/schema\/person\/79ff1e7b0853ed01b2aa26e64ad300bf","name":"Damien Dellerba","image":{"@type":"ImageObject","inLanguage":"fr-FR","@id":"https:\/\/www.ladiagonale.net\/#\/schema\/person\/image\/","url":"https:\/\/secure.gravatar.com\/avatar\/c7850e06d3ff63cdbaee88b7fc16e2f0?s=96&d=mm&r=g","contentUrl":"https:\/\/secure.gravatar.com\/avatar\/c7850e06d3ff63cdbaee88b7fc16e2f0?s=96&d=mm&r=g","caption":"Damien Dellerba"},"url":"https:\/\/www.ladiagonale.net\/index.php\/author\/damien\/"}]}},"_links":{"self":[{"href":"https:\/\/www.ladiagonale.net\/index.php\/wp-json\/wp\/v2\/posts\/20053"}],"collection":[{"href":"https:\/\/www.ladiagonale.net\/index.php\/wp-json\/wp\/v2\/posts"}],"about":[{"href":"https:\/\/www.ladiagonale.net\/index.php\/wp-json\/wp\/v2\/types\/post"}],"author":[{"embeddable":true,"href":"https:\/\/www.ladiagonale.net\/index.php\/wp-json\/wp\/v2\/users\/2"}],"replies":[{"embeddable":true,"href":"https:\/\/www.ladiagonale.net\/index.php\/wp-json\/wp\/v2\/comments?post=20053"}],"version-history":[{"count":11,"href":"https:\/\/www.ladiagonale.net\/index.php\/wp-json\/wp\/v2\/posts\/20053\/revisions"}],"predecessor-version":[{"id":20070,"href":"https:\/\/www.ladiagonale.net\/index.php\/wp-json\/wp\/v2\/posts\/20053\/revisions\/20070"}],"wp:featuredmedia":[{"embeddable":true,"href":"https:\/\/www.ladiagonale.net\/index.php\/wp-json\/wp\/v2\/media\/20054"}],"wp:attachment":[{"href":"https:\/\/www.ladiagonale.net\/index.php\/wp-json\/wp\/v2\/media?parent=20053"}],"wp:term":[{"taxonomy":"category","embeddable":true,"href":"https:\/\/www.ladiagonale.net\/index.php\/wp-json\/wp\/v2\/categories?post=20053"},{"taxonomy":"post_tag","embeddable":true,"href":"https:\/\/www.ladiagonale.net\/index.php\/wp-json\/wp\/v2\/tags?post=20053"}],"curies":[{"name":"wp","href":"https:\/\/api.w.org\/{rel}","templated":true}]}}