{"id":20071,"date":"2024-01-24T13:20:47","date_gmt":"2024-01-24T12:20:47","guid":{"rendered":"https:\/\/www.ladiagonale.net\/?p=20071"},"modified":"2024-01-24T13:27:19","modified_gmt":"2024-01-24T12:27:19","slug":"deux-hommages-pour-jean-petit","status":"publish","type":"post","link":"https:\/\/www.ladiagonale.net\/index.php\/2024\/01\/24\/deux-hommages-pour-jean-petit\/","title":{"rendered":"Deux hommages pour Jean Petit"},"content":{"rendered":"\n<p>Alors que les r\u00e9actions affluent de toute part depuis mardi soir pour saluer la m\u00e9moire de Jean Petit, parti \u00e0 74 ans, l\u2019AS Monaco a annonc\u00e9 que deux hommages seront rendus \u00e0 la l\u00e9gende du club. Les Rouge et Blanc porteront un brassard noir pour la rencontre de la 19<sup>e<\/sup> journ\u00e9e de Ligue 1 contre l\u2019Olympique de Marseille.<\/p>\n\n\n\n<p>Dans la m\u00eame veine, le club de la Principaut\u00e9 ajoutera un ruban noir \u00e0 son logo sur ses r\u00e9seaux sociaux pour marquer le deuil. Enfin, le 4 f\u00e9vrier, \u00e0 l\u2019occasion de la r\u00e9ception du Havre dans son jardin du stade Louis-II, la m\u00e9moire de celui qui a d\u00e9di\u00e9 pas loin de cinquante ann\u00e9es de sa vie \u00e0 l\u2019AS Monaco sera une derni\u00e8re fois honor\u00e9e.<\/p>\n","protected":false},"excerpt":{"rendered":"<p>Alors que les r\u00e9actions affluent de toute part depuis mardi soir pour saluer la m\u00e9moire de Jean Petit, parti \u00e0 74 ans, l\u2019AS Monaco a annonc\u00e9 que deux hommages seront rendus \u00e0 la l\u00e9gende du club. Les Rouge et Blanc porteront un brassard noir pour la rencontre de la 19e journ\u00e9e de Ligue 1 contre [&#8230;]\n","protected":false},"author":2,"featured_media":0,"comment_status":"open","ping_status":"open","sticky":false,"template":"","format":"standard","meta":[],"categories":[6],"tags":[255,86,590,776],"yoast_head":"<!-- This site is optimized with the Yoast SEO plugin v19.8 - https:\/\/yoast.com\/wordpress\/plugins\/seo\/ -->\n<title>Deux hommages pour Jean Petit - La Diagonale<\/title>\n<meta name=\"robots\" content=\"index, follow, max-snippet:-1, max-image-preview:large, max-video-preview:-1\" \/>\n<link rel=\"canonical\" href=\"https:\/\/www.ladiagonale.net\/index.php\/2024\/01\/24\/deux-hommages-pour-jean-petit\/\" \/>\n<meta property=\"og:locale\" content=\"fr_FR\" \/>\n<meta property=\"og:type\" content=\"article\" \/>\n<meta property=\"og:title\" content=\"Deux hommages pour Jean Petit - La Diagonale\" \/>\n<meta property=\"og:description\" content=\"Alors que les r\u00e9actions affluent de toute part depuis mardi soir pour saluer la m\u00e9moire de Jean Petit, parti \u00e0 74 ans, l\u2019AS Monaco a annonc\u00e9 que deux hommages seront rendus \u00e0 la l\u00e9gende du club. Les Rouge et Blanc porteront un brassard noir pour la rencontre de la 19e journ\u00e9e de Ligue 1 contre [...]\" \/>\n<meta property=\"og:url\" content=\"https:\/\/www.ladiagonale.net\/index.php\/2024\/01\/24\/deux-hommages-pour-jean-petit\/\" \/>\n<meta property=\"og:site_name\" content=\"La Diagonale\" \/>\n<meta property=\"article:published_time\" content=\"2024-01-24T12:20:47+00:00\" \/>\n<meta property=\"article:modified_time\" content=\"2024-01-24T12:27:19+00:00\" \/>\n<meta property=\"og:image\" content=\"https:\/\/www.ladiagonale.net\/wp-content\/uploads\/2024\/01\/Jeannot.png\" \/>\n\t<meta property=\"og:image:width\" content=\"1160\" \/>\n\t<meta property=\"og:image:height\" content=\"650\" \/>\n\t<meta property=\"og:image:type\" content=\"image\/png\" \/>\n<meta name=\"author\" content=\"Damien Dellerba\" \/>\n<meta name=\"twitter:card\" content=\"summary_large_image\" \/>\n<meta name=\"twitter:image\" content=\"https:\/\/www.ladiagonale.net\/wp-content\/uploads\/2024\/01\/Jeannot.png\" \/>\n<meta name=\"twitter:label1\" content=\"\u00c9crit par\" \/>\n\t<meta name=\"twitter:data1\" content=\"Damien Dellerba\" \/>\n\t<meta name=\"twitter:label2\" content=\"Dur\u00e9e de lecture estim\u00e9e\" \/>\n\t<meta name=\"twitter:data2\" content=\"1 minute\" \/>\n<script type=\"application\/ld+json\" class=\"yoast-schema-graph\">{\"@context\":\"https:\/\/schema.org\",\"@graph\":[{\"@type\":\"WebPage\",\"@id\":\"https:\/\/www.ladiagonale.net\/index.php\/2024\/01\/24\/deux-hommages-pour-jean-petit\/\",\"url\":\"https:\/\/www.ladiagonale.net\/index.php\/2024\/01\/24\/deux-hommages-pour-jean-petit\/\",\"name\":\"Deux hommages pour Jean Petit - La Diagonale\",\"isPartOf\":{\"@id\":\"https:\/\/www.ladiagonale.net\/#website\"},\"datePublished\":\"2024-01-24T12:20:47+00:00\",\"dateModified\":\"2024-01-24T12:27:19+00:00\",\"author\":{\"@id\":\"https:\/\/www.ladiagonale.net\/#\/schema\/person\/79ff1e7b0853ed01b2aa26e64ad300bf\"},\"breadcrumb\":{\"@id\":\"https:\/\/www.ladiagonale.net\/index.php\/2024\/01\/24\/deux-hommages-pour-jean-petit\/#breadcrumb\"},\"inLanguage\":\"fr-FR\",\"potentialAction\":[{\"@type\":\"ReadAction\",\"target\":[\"https:\/\/www.ladiagonale.net\/index.php\/2024\/01\/24\/deux-hommages-pour-jean-petit\/\"]}]},{\"@type\":\"BreadcrumbList\",\"@id\":\"https:\/\/www.ladiagonale.net\/index.php\/2024\/01\/24\/deux-hommages-pour-jean-petit\/#breadcrumb\",\"itemListElement\":[{\"@type\":\"ListItem\",\"position\":1,\"name\":\"Accueil\",\"item\":\"https:\/\/www.ladiagonale.net\/\"},{\"@type\":\"ListItem\",\"position\":2,\"name\":\"Deux hommages pour Jean Petit\"}]},{\"@type\":\"WebSite\",\"@id\":\"https:\/\/www.ladiagonale.net\/#website\",\"url\":\"https:\/\/www.ladiagonale.net\/\",\"name\":\"La Diagonale\",\"description\":\"Le site des supporters de l&#039;AS Monaco FC\",\"potentialAction\":[{\"@type\":\"SearchAction\",\"target\":{\"@type\":\"EntryPoint\",\"urlTemplate\":\"https:\/\/www.ladiagonale.net\/?s={search_term_string}\"},\"query-input\":\"required name=search_term_string\"}],\"inLanguage\":\"fr-FR\"},{\"@type\":\"Person\",\"@id\":\"https:\/\/www.ladiagonale.net\/#\/schema\/person\/79ff1e7b0853ed01b2aa26e64ad300bf\",\"name\":\"Damien Dellerba\",\"image\":{\"@type\":\"ImageObject\",\"inLanguage\":\"fr-FR\",\"@id\":\"https:\/\/www.ladiagonale.net\/#\/schema\/person\/image\/\",\"url\":\"https:\/\/secure.gravatar.com\/avatar\/c7850e06d3ff63cdbaee88b7fc16e2f0?s=96&d=mm&r=g\",\"contentUrl\":\"https:\/\/secure.gravatar.com\/avatar\/c7850e06d3ff63cdbaee88b7fc16e2f0?s=96&d=mm&r=g\",\"caption\":\"Damien Dellerba\"},\"url\":\"https:\/\/www.ladiagonale.net\/index.php\/author\/damien\/\"}]}<\/script>\n<!-- \/ Yoast SEO plugin. -->","yoast_head_json":{"title":"Deux hommages pour Jean Petit - La Diagonale","robots":{"index":"index","follow":"follow","max-snippet":"max-snippet:-1","max-image-preview":"max-image-preview:large","max-video-preview":"max-video-preview:-1"},"canonical":"https:\/\/www.ladiagonale.net\/index.php\/2024\/01\/24\/deux-hommages-pour-jean-petit\/","og_locale":"fr_FR","og_type":"article","og_title":"Deux hommages pour Jean Petit - La Diagonale","og_description":"Alors que les r\u00e9actions affluent de toute part depuis mardi soir pour saluer la m\u00e9moire de Jean Petit, parti \u00e0 74 ans, l\u2019AS Monaco a annonc\u00e9 que deux hommages seront rendus \u00e0 la l\u00e9gende du club. Les Rouge et Blanc porteront un brassard noir pour la rencontre de la 19e journ\u00e9e de Ligue 1 contre [...]","og_url":"https:\/\/www.ladiagonale.net\/index.php\/2024\/01\/24\/deux-hommages-pour-jean-petit\/","og_site_name":"La Diagonale","article_published_time":"2024-01-24T12:20:47+00:00","article_modified_time":"2024-01-24T12:27:19+00:00","og_image":[{"width":1160,"height":650,"url":"https:\/\/www.ladiagonale.net\/wp-content\/uploads\/2024\/01\/Jeannot.png","type":"image\/png"}],"author":"Damien Dellerba","twitter_card":"summary_large_image","twitter_image":"https:\/\/www.ladiagonale.net\/wp-content\/uploads\/2024\/01\/Jeannot.png","twitter_misc":{"\u00c9crit par":"Damien Dellerba","Dur\u00e9e de lecture estim\u00e9e":"1 minute"},"schema":{"@context":"https:\/\/schema.org","@graph":[{"@type":"WebPage","@id":"https:\/\/www.ladiagonale.net\/index.php\/2024\/01\/24\/deux-hommages-pour-jean-petit\/","url":"https:\/\/www.ladiagonale.net\/index.php\/2024\/01\/24\/deux-hommages-pour-jean-petit\/","name":"Deux hommages pour Jean Petit - La Diagonale","isPartOf":{"@id":"https:\/\/www.ladiagonale.net\/#website"},"datePublished":"2024-01-24T12:20:47+00:00","dateModified":"2024-01-24T12:27:19+00:00","author":{"@id":"https:\/\/www.ladiagonale.net\/#\/schema\/person\/79ff1e7b0853ed01b2aa26e64ad300bf"},"breadcrumb":{"@id":"https:\/\/www.ladiagonale.net\/index.php\/2024\/01\/24\/deux-hommages-pour-jean-petit\/#breadcrumb"},"inLanguage":"fr-FR","potentialAction":[{"@type":"ReadAction","target":["https:\/\/www.ladiagonale.net\/index.php\/2024\/01\/24\/deux-hommages-pour-jean-petit\/"]}]},{"@type":"BreadcrumbList","@id":"https:\/\/www.ladiagonale.net\/index.php\/2024\/01\/24\/deux-hommages-pour-jean-petit\/#breadcrumb","itemListElement":[{"@type":"ListItem","position":1,"name":"Accueil","item":"https:\/\/www.ladiagonale.net\/"},{"@type":"ListItem","position":2,"name":"Deux hommages pour Jean Petit"}]},{"@type":"WebSite","@id":"https:\/\/www.ladiagonale.net\/#website","url":"https:\/\/www.ladiagonale.net\/","name":"La Diagonale","description":"Le site des supporters de l&#039;AS Monaco FC","potentialAction":[{"@type":"SearchAction","target":{"@type":"EntryPoint","urlTemplate":"https:\/\/www.ladiagonale.net\/?s={search_term_string}"},"query-input":"required name=search_term_string"}],"inLanguage":"fr-FR"},{"@type":"Person","@id":"https:\/\/www.ladiagonale.net\/#\/schema\/person\/79ff1e7b0853ed01b2aa26e64ad300bf","name":"Damien Dellerba","image":{"@type":"ImageObject","inLanguage":"fr-FR","@id":"https:\/\/www.ladiagonale.net\/#\/schema\/person\/image\/","url":"https:\/\/secure.gravatar.com\/avatar\/c7850e06d3ff63cdbaee88b7fc16e2f0?s=96&d=mm&r=g","contentUrl":"https:\/\/secure.gravatar.com\/avatar\/c7850e06d3ff63cdbaee88b7fc16e2f0?s=96&d=mm&r=g","caption":"Damien Dellerba"},"url":"https:\/\/www.ladiagonale.net\/index.php\/author\/damien\/"}]}},"_links":{"self":[{"href":"https:\/\/www.ladiagonale.net\/index.php\/wp-json\/wp\/v2\/posts\/20071"}],"collection":[{"href":"https:\/\/www.ladiagonale.net\/index.php\/wp-json\/wp\/v2\/posts"}],"about":[{"href":"https:\/\/www.ladiagonale.net\/index.php\/wp-json\/wp\/v2\/types\/post"}],"author":[{"embeddable":true,"href":"https:\/\/www.ladiagonale.net\/index.php\/wp-json\/wp\/v2\/users\/2"}],"replies":[{"embeddable":true,"href":"https:\/\/www.ladiagonale.net\/index.php\/wp-json\/wp\/v2\/comments?post=20071"}],"version-history":[{"count":3,"href":"https:\/\/www.ladiagonale.net\/index.php\/wp-json\/wp\/v2\/posts\/20071\/revisions"}],"predecessor-version":[{"id":20074,"href":"https:\/\/www.ladiagonale.net\/index.php\/wp-json\/wp\/v2\/posts\/20071\/revisions\/20074"}],"wp:attachment":[{"href":"https:\/\/www.ladiagonale.net\/index.php\/wp-json\/wp\/v2\/media?parent=20071"}],"wp:term":[{"taxonomy":"category","embeddable":true,"href":"https:\/\/www.ladiagonale.net\/index.php\/wp-json\/wp\/v2\/categories?post=20071"},{"taxonomy":"post_tag","embeddable":true,"href":"https:\/\/www.ladiagonale.net\/index.php\/wp-json\/wp\/v2\/tags?post=20071"}],"curies":[{"name":"wp","href":"https:\/\/api.w.org\/{rel}","templated":true}]}}