{"id":20108,"date":"2024-01-25T12:18:22","date_gmt":"2024-01-25T11:18:22","guid":{"rendered":"https:\/\/www.ladiagonale.net\/?p=20108"},"modified":"2024-01-25T12:18:55","modified_gmt":"2024-01-25T11:18:55","slug":"le-prince-albert-promet-detre-attentif-au-profil-du-nouvel-actionnaire","status":"publish","type":"post","link":"https:\/\/www.ladiagonale.net\/index.php\/2024\/01\/25\/le-prince-albert-promet-detre-attentif-au-profil-du-nouvel-actionnaire\/","title":{"rendered":"Le Prince Albert promet d\u2019\u00eatre \u00ab\u00a0attentif \u00bb au profil du nouvel actionnaire"},"content":{"rendered":"\n\n\n<p>Dimanche, <a href=\"https:\/\/www.ladiagonale.net\/index.php\/2024\/01\/21\/ryblovlev-pourrait-ceder-ses-parts-du-club\/\" target=\"_blank\" rel=\"noreferrer noopener\"><em>Les \u00c9chos<\/em> avaient l\u00e2ch\u00e9 une bombe<\/a> en r\u00e9v\u00e9lant la volont\u00e9 de Dmitry Rybolovlev de mener une consultation en vue d&rsquo;une potentielle revente de ses parts de l&rsquo;AS Monaco. Si le milliardaire russe poss\u00e8de 66,67% de l&rsquo;actionnariat majoritaire, l&rsquo;\u00c9tat princier d\u00e9tient le reste, soit un peu plus de 33%. Surtout, la Principaut\u00e9 poss\u00e8de un droit de veto en cas de vente et le Prince Albert II s&rsquo;est exprim\u00e9 en ce sens dans <em>Monaco-Matin<\/em>. Inform\u00e9 des projets de Rybolovlev d\u00e9but janvier, il promet de se montrer vigilant en cas de revente : \u00ab <em>Si nouvel actionnaire il y a,<strong> <\/strong>il faut un certain profil, quelqu\u2019un de solide et respectable. Nous serons tr\u00e8s attentifs sur ce point<\/em>. \u00bb<\/p>\n\n\n\n<p>Comme pr\u00e9cis\u00e9 par Les \u00c9chos, la consultation, qui sera men\u00e9e par la banque d&rsquo;affaires Rain Group, devrait prendre plusieurs mois, ce que confirme le souverain : \u00ab <em>J\u2019ai \u00e9chang\u00e9 avec son entourage (de Dmitry Rybolovlev) et il faudra certainement plusieurs mois avant d\u2019avoir une bonne \u00e9valuation de la valeur du club.<\/em> \u00bb En 2011, l&rsquo;\u00c9tat mon\u00e9gasque avait, pour la premi\u00e8re fois de son histoire, ouvert l&rsquo;actionnariat du club \u00e0 une participation ext\u00e9rieure, et il n&rsquo;est pas pr\u00e9vu de reprendre l&rsquo;int\u00e9gralit\u00e9 des parts. Le Prince Albert II indique vouloir \u00ab <em>rester dans cet ordre de grandeur<\/em> \u00bb.<\/p>\n","protected":false},"excerpt":{"rendered":"<p>Dimanche, Les \u00c9chos avaient l\u00e2ch\u00e9 une bombe en r\u00e9v\u00e9lant la volont\u00e9 de Dmitry Rybolovlev de mener une consultation en vue d&rsquo;une potentielle revente de ses parts de l&rsquo;AS Monaco. Si le milliardaire russe poss\u00e8de 66,67% de l&rsquo;actionnariat majoritaire, l&rsquo;\u00c9tat princier d\u00e9tient le reste, soit un peu plus de 33%. Surtout, la Principaut\u00e9 poss\u00e8de un droit [&#8230;]\n","protected":false},"author":2,"featured_media":0,"comment_status":"open","ping_status":"open","sticky":false,"template":"","format":"standard","meta":[],"categories":[6],"tags":[86,296,777,771],"yoast_head":"<!-- This site is optimized with the Yoast SEO plugin v19.8 - https:\/\/yoast.com\/wordpress\/plugins\/seo\/ -->\n<title>Le Prince Albert promet d\u2019\u00eatre \u00ab\u00a0attentif \u00bb au profil du nouvel actionnaire - La Diagonale<\/title>\n<meta name=\"robots\" content=\"index, follow, max-snippet:-1, max-image-preview:large, max-video-preview:-1\" \/>\n<link rel=\"canonical\" href=\"https:\/\/www.ladiagonale.net\/index.php\/2024\/01\/25\/le-prince-albert-promet-detre-attentif-au-profil-du-nouvel-actionnaire\/\" \/>\n<meta property=\"og:locale\" content=\"fr_FR\" \/>\n<meta property=\"og:type\" content=\"article\" \/>\n<meta property=\"og:title\" content=\"Le Prince Albert promet d\u2019\u00eatre \u00ab\u00a0attentif \u00bb au profil du nouvel actionnaire - La Diagonale\" \/>\n<meta property=\"og:description\" content=\"Dimanche, Les \u00c9chos avaient l\u00e2ch\u00e9 une bombe en r\u00e9v\u00e9lant la volont\u00e9 de Dmitry Rybolovlev de mener une consultation en vue d&rsquo;une potentielle revente de ses parts de l&rsquo;AS Monaco. Si le milliardaire russe poss\u00e8de 66,67% de l&rsquo;actionnariat majoritaire, l&rsquo;\u00c9tat princier d\u00e9tient le reste, soit un peu plus de 33%. Surtout, la Principaut\u00e9 poss\u00e8de un droit [...]\" \/>\n<meta property=\"og:url\" content=\"https:\/\/www.ladiagonale.net\/index.php\/2024\/01\/25\/le-prince-albert-promet-detre-attentif-au-profil-du-nouvel-actionnaire\/\" \/>\n<meta property=\"og:site_name\" content=\"La Diagonale\" \/>\n<meta property=\"article:published_time\" content=\"2024-01-25T11:18:22+00:00\" \/>\n<meta property=\"article:modified_time\" content=\"2024-01-25T11:18:55+00:00\" \/>\n<meta property=\"og:image\" content=\"https:\/\/www.ladiagonale.net\/wp-content\/uploads\/2024\/01\/albert.png\" \/>\n\t<meta property=\"og:image:width\" content=\"1160\" \/>\n\t<meta property=\"og:image:height\" content=\"650\" \/>\n\t<meta property=\"og:image:type\" content=\"image\/png\" \/>\n<meta name=\"author\" content=\"Damien Dellerba\" \/>\n<meta name=\"twitter:card\" content=\"summary_large_image\" \/>\n<meta name=\"twitter:image\" content=\"https:\/\/www.ladiagonale.net\/wp-content\/uploads\/2024\/01\/albert.png\" \/>\n<meta name=\"twitter:label1\" content=\"\u00c9crit par\" \/>\n\t<meta name=\"twitter:data1\" content=\"Damien Dellerba\" \/>\n\t<meta name=\"twitter:label2\" content=\"Dur\u00e9e de lecture estim\u00e9e\" \/>\n\t<meta name=\"twitter:data2\" content=\"2 minutes\" \/>\n<script type=\"application\/ld+json\" class=\"yoast-schema-graph\">{\"@context\":\"https:\/\/schema.org\",\"@graph\":[{\"@type\":\"WebPage\",\"@id\":\"https:\/\/www.ladiagonale.net\/index.php\/2024\/01\/25\/le-prince-albert-promet-detre-attentif-au-profil-du-nouvel-actionnaire\/\",\"url\":\"https:\/\/www.ladiagonale.net\/index.php\/2024\/01\/25\/le-prince-albert-promet-detre-attentif-au-profil-du-nouvel-actionnaire\/\",\"name\":\"Le Prince Albert promet d\u2019\u00eatre \u00ab\u00a0attentif \u00bb au profil du nouvel actionnaire - La Diagonale\",\"isPartOf\":{\"@id\":\"https:\/\/www.ladiagonale.net\/#website\"},\"datePublished\":\"2024-01-25T11:18:22+00:00\",\"dateModified\":\"2024-01-25T11:18:55+00:00\",\"author\":{\"@id\":\"https:\/\/www.ladiagonale.net\/#\/schema\/person\/79ff1e7b0853ed01b2aa26e64ad300bf\"},\"breadcrumb\":{\"@id\":\"https:\/\/www.ladiagonale.net\/index.php\/2024\/01\/25\/le-prince-albert-promet-detre-attentif-au-profil-du-nouvel-actionnaire\/#breadcrumb\"},\"inLanguage\":\"fr-FR\",\"potentialAction\":[{\"@type\":\"ReadAction\",\"target\":[\"https:\/\/www.ladiagonale.net\/index.php\/2024\/01\/25\/le-prince-albert-promet-detre-attentif-au-profil-du-nouvel-actionnaire\/\"]}]},{\"@type\":\"BreadcrumbList\",\"@id\":\"https:\/\/www.ladiagonale.net\/index.php\/2024\/01\/25\/le-prince-albert-promet-detre-attentif-au-profil-du-nouvel-actionnaire\/#breadcrumb\",\"itemListElement\":[{\"@type\":\"ListItem\",\"position\":1,\"name\":\"Accueil\",\"item\":\"https:\/\/www.ladiagonale.net\/\"},{\"@type\":\"ListItem\",\"position\":2,\"name\":\"Le Prince Albert promet d\u2019\u00eatre \u00ab\u00a0attentif \u00bb au profil du nouvel actionnaire\"}]},{\"@type\":\"WebSite\",\"@id\":\"https:\/\/www.ladiagonale.net\/#website\",\"url\":\"https:\/\/www.ladiagonale.net\/\",\"name\":\"La Diagonale\",\"description\":\"Le site des supporters de l&#039;AS Monaco FC\",\"potentialAction\":[{\"@type\":\"SearchAction\",\"target\":{\"@type\":\"EntryPoint\",\"urlTemplate\":\"https:\/\/www.ladiagonale.net\/?s={search_term_string}\"},\"query-input\":\"required name=search_term_string\"}],\"inLanguage\":\"fr-FR\"},{\"@type\":\"Person\",\"@id\":\"https:\/\/www.ladiagonale.net\/#\/schema\/person\/79ff1e7b0853ed01b2aa26e64ad300bf\",\"name\":\"Damien Dellerba\",\"image\":{\"@type\":\"ImageObject\",\"inLanguage\":\"fr-FR\",\"@id\":\"https:\/\/www.ladiagonale.net\/#\/schema\/person\/image\/\",\"url\":\"https:\/\/secure.gravatar.com\/avatar\/c7850e06d3ff63cdbaee88b7fc16e2f0?s=96&d=mm&r=g\",\"contentUrl\":\"https:\/\/secure.gravatar.com\/avatar\/c7850e06d3ff63cdbaee88b7fc16e2f0?s=96&d=mm&r=g\",\"caption\":\"Damien Dellerba\"},\"url\":\"https:\/\/www.ladiagonale.net\/index.php\/author\/damien\/\"}]}<\/script>\n<!-- \/ Yoast SEO plugin. -->","yoast_head_json":{"title":"Le Prince Albert promet d\u2019\u00eatre \u00ab\u00a0attentif \u00bb au profil du nouvel actionnaire - La Diagonale","robots":{"index":"index","follow":"follow","max-snippet":"max-snippet:-1","max-image-preview":"max-image-preview:large","max-video-preview":"max-video-preview:-1"},"canonical":"https:\/\/www.ladiagonale.net\/index.php\/2024\/01\/25\/le-prince-albert-promet-detre-attentif-au-profil-du-nouvel-actionnaire\/","og_locale":"fr_FR","og_type":"article","og_title":"Le Prince Albert promet d\u2019\u00eatre \u00ab\u00a0attentif \u00bb au profil du nouvel actionnaire - La Diagonale","og_description":"Dimanche, Les \u00c9chos avaient l\u00e2ch\u00e9 une bombe en r\u00e9v\u00e9lant la volont\u00e9 de Dmitry Rybolovlev de mener une consultation en vue d&rsquo;une potentielle revente de ses parts de l&rsquo;AS Monaco. Si le milliardaire russe poss\u00e8de 66,67% de l&rsquo;actionnariat majoritaire, l&rsquo;\u00c9tat princier d\u00e9tient le reste, soit un peu plus de 33%. Surtout, la Principaut\u00e9 poss\u00e8de un droit [...]","og_url":"https:\/\/www.ladiagonale.net\/index.php\/2024\/01\/25\/le-prince-albert-promet-detre-attentif-au-profil-du-nouvel-actionnaire\/","og_site_name":"La Diagonale","article_published_time":"2024-01-25T11:18:22+00:00","article_modified_time":"2024-01-25T11:18:55+00:00","og_image":[{"width":1160,"height":650,"url":"https:\/\/www.ladiagonale.net\/wp-content\/uploads\/2024\/01\/albert.png","type":"image\/png"}],"author":"Damien Dellerba","twitter_card":"summary_large_image","twitter_image":"https:\/\/www.ladiagonale.net\/wp-content\/uploads\/2024\/01\/albert.png","twitter_misc":{"\u00c9crit par":"Damien Dellerba","Dur\u00e9e de lecture estim\u00e9e":"2 minutes"},"schema":{"@context":"https:\/\/schema.org","@graph":[{"@type":"WebPage","@id":"https:\/\/www.ladiagonale.net\/index.php\/2024\/01\/25\/le-prince-albert-promet-detre-attentif-au-profil-du-nouvel-actionnaire\/","url":"https:\/\/www.ladiagonale.net\/index.php\/2024\/01\/25\/le-prince-albert-promet-detre-attentif-au-profil-du-nouvel-actionnaire\/","name":"Le Prince Albert promet d\u2019\u00eatre \u00ab\u00a0attentif \u00bb au profil du nouvel actionnaire - La Diagonale","isPartOf":{"@id":"https:\/\/www.ladiagonale.net\/#website"},"datePublished":"2024-01-25T11:18:22+00:00","dateModified":"2024-01-25T11:18:55+00:00","author":{"@id":"https:\/\/www.ladiagonale.net\/#\/schema\/person\/79ff1e7b0853ed01b2aa26e64ad300bf"},"breadcrumb":{"@id":"https:\/\/www.ladiagonale.net\/index.php\/2024\/01\/25\/le-prince-albert-promet-detre-attentif-au-profil-du-nouvel-actionnaire\/#breadcrumb"},"inLanguage":"fr-FR","potentialAction":[{"@type":"ReadAction","target":["https:\/\/www.ladiagonale.net\/index.php\/2024\/01\/25\/le-prince-albert-promet-detre-attentif-au-profil-du-nouvel-actionnaire\/"]}]},{"@type":"BreadcrumbList","@id":"https:\/\/www.ladiagonale.net\/index.php\/2024\/01\/25\/le-prince-albert-promet-detre-attentif-au-profil-du-nouvel-actionnaire\/#breadcrumb","itemListElement":[{"@type":"ListItem","position":1,"name":"Accueil","item":"https:\/\/www.ladiagonale.net\/"},{"@type":"ListItem","position":2,"name":"Le Prince Albert promet d\u2019\u00eatre \u00ab\u00a0attentif \u00bb au profil du nouvel actionnaire"}]},{"@type":"WebSite","@id":"https:\/\/www.ladiagonale.net\/#website","url":"https:\/\/www.ladiagonale.net\/","name":"La Diagonale","description":"Le site des supporters de l&#039;AS Monaco FC","potentialAction":[{"@type":"SearchAction","target":{"@type":"EntryPoint","urlTemplate":"https:\/\/www.ladiagonale.net\/?s={search_term_string}"},"query-input":"required name=search_term_string"}],"inLanguage":"fr-FR"},{"@type":"Person","@id":"https:\/\/www.ladiagonale.net\/#\/schema\/person\/79ff1e7b0853ed01b2aa26e64ad300bf","name":"Damien Dellerba","image":{"@type":"ImageObject","inLanguage":"fr-FR","@id":"https:\/\/www.ladiagonale.net\/#\/schema\/person\/image\/","url":"https:\/\/secure.gravatar.com\/avatar\/c7850e06d3ff63cdbaee88b7fc16e2f0?s=96&d=mm&r=g","contentUrl":"https:\/\/secure.gravatar.com\/avatar\/c7850e06d3ff63cdbaee88b7fc16e2f0?s=96&d=mm&r=g","caption":"Damien Dellerba"},"url":"https:\/\/www.ladiagonale.net\/index.php\/author\/damien\/"}]}},"_links":{"self":[{"href":"https:\/\/www.ladiagonale.net\/index.php\/wp-json\/wp\/v2\/posts\/20108"}],"collection":[{"href":"https:\/\/www.ladiagonale.net\/index.php\/wp-json\/wp\/v2\/posts"}],"about":[{"href":"https:\/\/www.ladiagonale.net\/index.php\/wp-json\/wp\/v2\/types\/post"}],"author":[{"embeddable":true,"href":"https:\/\/www.ladiagonale.net\/index.php\/wp-json\/wp\/v2\/users\/2"}],"replies":[{"embeddable":true,"href":"https:\/\/www.ladiagonale.net\/index.php\/wp-json\/wp\/v2\/comments?post=20108"}],"version-history":[{"count":2,"href":"https:\/\/www.ladiagonale.net\/index.php\/wp-json\/wp\/v2\/posts\/20108\/revisions"}],"predecessor-version":[{"id":20111,"href":"https:\/\/www.ladiagonale.net\/index.php\/wp-json\/wp\/v2\/posts\/20108\/revisions\/20111"}],"wp:attachment":[{"href":"https:\/\/www.ladiagonale.net\/index.php\/wp-json\/wp\/v2\/media?parent=20108"}],"wp:term":[{"taxonomy":"category","embeddable":true,"href":"https:\/\/www.ladiagonale.net\/index.php\/wp-json\/wp\/v2\/categories?post=20108"},{"taxonomy":"post_tag","embeddable":true,"href":"https:\/\/www.ladiagonale.net\/index.php\/wp-json\/wp\/v2\/tags?post=20108"}],"curies":[{"name":"wp","href":"https:\/\/api.w.org\/{rel}","templated":true}]}}