{"id":20112,"date":"2024-01-25T14:32:36","date_gmt":"2024-01-25T13:32:36","guid":{"rendered":"https:\/\/www.ladiagonale.net\/?p=20112"},"modified":"2024-01-25T14:32:39","modified_gmt":"2024-01-25T13:32:39","slug":"quand-jean-petit-accordait-une-interview-a-radio-diagonale","status":"publish","type":"post","link":"https:\/\/www.ladiagonale.net\/index.php\/2024\/01\/25\/quand-jean-petit-accordait-une-interview-a-radio-diagonale\/","title":{"rendered":"Quand Jean Petit accordait une interview \u00e0 Radio Diagonale"},"content":{"rendered":"\n\n\n<p>Fid\u00e9lit\u00e9 et bienveillance sont les mots qui sont principalement revenus pour saluer la m\u00e9moire de Jean Petit, d\u00e9c\u00e9d\u00e9 ce mardi \u00e0 l&rsquo;\u00e2ge de 74 ans. Avec <strong>Radio Diagonale<\/strong>, nous avions eu l&rsquo;occasion de le constater lors d&rsquo;un entretien qu&rsquo;il nous avait gracieusement accord\u00e9 en mai 2021, pour parler de son histoire et de son amour pour l&rsquo;AS Monaco. <\/p>\n\n\n\n<p>Pendant pr\u00e8s de deux heures, l&rsquo;ancien joueur, recruteur, entra\u00eeneur adjoint ou encore conseiller avait r\u00e9pondu \u00e0 toutes nos questions. Une discussion passionnante qui aurait pu se prolonger tant les souvenirs et les anecdotes \u00e9taient nombreuses, accumul\u00e9s pendant pr\u00e8s de 50 ans au service du club as\u00e9miste.<\/p>\n\n\n\n<h2>Partie 1<\/h2>\n\n\n\n<figure class=\"wp-block-embed is-type-video is-provider-youtube wp-block-embed-youtube wp-embed-aspect-16-9 wp-has-aspect-ratio\"><div class=\"wp-block-embed__wrapper\">\n<iframe loading=\"lazy\" title=\"Les Grands Entretiens : Jean Petit (Partie 1\/2)\" width=\"1020\" height=\"574\" src=\"https:\/\/www.youtube.com\/embed\/xOTmtcY4qcA?feature=oembed\" frameborder=\"0\" allow=\"accelerometer; autoplay; clipboard-write; encrypted-media; gyroscope; picture-in-picture; web-share\" allowfullscreen><\/iframe>\n<\/div><\/figure>\n\n\n\n<h2>Partie 2<\/h2>\n\n\n\n<figure class=\"wp-block-embed is-type-video is-provider-youtube wp-block-embed-youtube wp-embed-aspect-16-9 wp-has-aspect-ratio\"><div class=\"wp-block-embed__wrapper\">\n<iframe loading=\"lazy\" title=\"Les Grands Entretiens : Jean Petit (Partie 2\/2)\" width=\"1020\" height=\"574\" src=\"https:\/\/www.youtube.com\/embed\/IsWweezu6OI?feature=oembed\" frameborder=\"0\" allow=\"accelerometer; autoplay; clipboard-write; encrypted-media; gyroscope; picture-in-picture; web-share\" allowfullscreen><\/iframe>\n<\/div><\/figure>\n","protected":false},"excerpt":{"rendered":"<p>Fid\u00e9lit\u00e9 et bienveillance sont les mots qui sont principalement revenus pour saluer la m\u00e9moire de Jean Petit, d\u00e9c\u00e9d\u00e9 ce mardi \u00e0 l&rsquo;\u00e2ge de 74 ans. Avec Radio Diagonale, nous avions eu l&rsquo;occasion de le constater lors d&rsquo;un entretien qu&rsquo;il nous avait gracieusement accord\u00e9 en mai 2021, pour parler de son histoire et de son amour [&#8230;]\n","protected":false},"author":2,"featured_media":0,"comment_status":"open","ping_status":"open","sticky":false,"template":"","format":"standard","meta":[],"categories":[6,420],"tags":[255,86,185,776,292],"yoast_head":"<!-- This site is optimized with the Yoast SEO plugin v19.8 - https:\/\/yoast.com\/wordpress\/plugins\/seo\/ -->\n<title>Quand Jean Petit accordait une interview \u00e0 Radio Diagonale - La Diagonale<\/title>\n<meta name=\"robots\" content=\"index, follow, max-snippet:-1, max-image-preview:large, max-video-preview:-1\" \/>\n<link rel=\"canonical\" href=\"https:\/\/www.ladiagonale.net\/index.php\/2024\/01\/25\/quand-jean-petit-accordait-une-interview-a-radio-diagonale\/\" \/>\n<meta property=\"og:locale\" content=\"fr_FR\" \/>\n<meta property=\"og:type\" content=\"article\" \/>\n<meta property=\"og:title\" content=\"Quand Jean Petit accordait une interview \u00e0 Radio Diagonale - La Diagonale\" \/>\n<meta property=\"og:description\" content=\"Fid\u00e9lit\u00e9 et bienveillance sont les mots qui sont principalement revenus pour saluer la m\u00e9moire de Jean Petit, d\u00e9c\u00e9d\u00e9 ce mardi \u00e0 l&rsquo;\u00e2ge de 74 ans. Avec Radio Diagonale, nous avions eu l&rsquo;occasion de le constater lors d&rsquo;un entretien qu&rsquo;il nous avait gracieusement accord\u00e9 en mai 2021, pour parler de son histoire et de son amour [...]\" \/>\n<meta property=\"og:url\" content=\"https:\/\/www.ladiagonale.net\/index.php\/2024\/01\/25\/quand-jean-petit-accordait-une-interview-a-radio-diagonale\/\" \/>\n<meta property=\"og:site_name\" content=\"La Diagonale\" \/>\n<meta property=\"article:published_time\" content=\"2024-01-25T13:32:36+00:00\" \/>\n<meta property=\"article:modified_time\" content=\"2024-01-25T13:32:39+00:00\" \/>\n<meta property=\"og:image\" content=\"https:\/\/www.ladiagonale.net\/wp-content\/uploads\/2024\/01\/Capture-de\u0301cran-2024-01-25-a\u0300-14.28.56-1024x574.png\" \/>\n\t<meta property=\"og:image:width\" content=\"1024\" \/>\n\t<meta property=\"og:image:height\" content=\"574\" \/>\n\t<meta property=\"og:image:type\" content=\"image\/png\" \/>\n<meta name=\"author\" content=\"Damien Dellerba\" \/>\n<meta name=\"twitter:card\" content=\"summary_large_image\" \/>\n<meta name=\"twitter:image\" content=\"https:\/\/www.ladiagonale.net\/wp-content\/uploads\/2024\/01\/Capture-de\u0301cran-2024-01-25-a\u0300-14.28.56.png\" \/>\n<meta name=\"twitter:label1\" content=\"\u00c9crit par\" \/>\n\t<meta name=\"twitter:data1\" content=\"Damien Dellerba\" \/>\n\t<meta name=\"twitter:label2\" content=\"Dur\u00e9e de lecture estim\u00e9e\" \/>\n\t<meta name=\"twitter:data2\" content=\"1 minute\" \/>\n<script type=\"application\/ld+json\" class=\"yoast-schema-graph\">{\"@context\":\"https:\/\/schema.org\",\"@graph\":[{\"@type\":\"WebPage\",\"@id\":\"https:\/\/www.ladiagonale.net\/index.php\/2024\/01\/25\/quand-jean-petit-accordait-une-interview-a-radio-diagonale\/\",\"url\":\"https:\/\/www.ladiagonale.net\/index.php\/2024\/01\/25\/quand-jean-petit-accordait-une-interview-a-radio-diagonale\/\",\"name\":\"Quand Jean Petit accordait une interview \u00e0 Radio Diagonale - La Diagonale\",\"isPartOf\":{\"@id\":\"https:\/\/www.ladiagonale.net\/#website\"},\"datePublished\":\"2024-01-25T13:32:36+00:00\",\"dateModified\":\"2024-01-25T13:32:39+00:00\",\"author\":{\"@id\":\"https:\/\/www.ladiagonale.net\/#\/schema\/person\/79ff1e7b0853ed01b2aa26e64ad300bf\"},\"breadcrumb\":{\"@id\":\"https:\/\/www.ladiagonale.net\/index.php\/2024\/01\/25\/quand-jean-petit-accordait-une-interview-a-radio-diagonale\/#breadcrumb\"},\"inLanguage\":\"fr-FR\",\"potentialAction\":[{\"@type\":\"ReadAction\",\"target\":[\"https:\/\/www.ladiagonale.net\/index.php\/2024\/01\/25\/quand-jean-petit-accordait-une-interview-a-radio-diagonale\/\"]}]},{\"@type\":\"BreadcrumbList\",\"@id\":\"https:\/\/www.ladiagonale.net\/index.php\/2024\/01\/25\/quand-jean-petit-accordait-une-interview-a-radio-diagonale\/#breadcrumb\",\"itemListElement\":[{\"@type\":\"ListItem\",\"position\":1,\"name\":\"Accueil\",\"item\":\"https:\/\/www.ladiagonale.net\/\"},{\"@type\":\"ListItem\",\"position\":2,\"name\":\"Quand Jean Petit accordait une interview \u00e0 Radio Diagonale\"}]},{\"@type\":\"WebSite\",\"@id\":\"https:\/\/www.ladiagonale.net\/#website\",\"url\":\"https:\/\/www.ladiagonale.net\/\",\"name\":\"La Diagonale\",\"description\":\"Le site des supporters de l&#039;AS Monaco FC\",\"potentialAction\":[{\"@type\":\"SearchAction\",\"target\":{\"@type\":\"EntryPoint\",\"urlTemplate\":\"https:\/\/www.ladiagonale.net\/?s={search_term_string}\"},\"query-input\":\"required name=search_term_string\"}],\"inLanguage\":\"fr-FR\"},{\"@type\":\"Person\",\"@id\":\"https:\/\/www.ladiagonale.net\/#\/schema\/person\/79ff1e7b0853ed01b2aa26e64ad300bf\",\"name\":\"Damien Dellerba\",\"image\":{\"@type\":\"ImageObject\",\"inLanguage\":\"fr-FR\",\"@id\":\"https:\/\/www.ladiagonale.net\/#\/schema\/person\/image\/\",\"url\":\"https:\/\/secure.gravatar.com\/avatar\/c7850e06d3ff63cdbaee88b7fc16e2f0?s=96&d=mm&r=g\",\"contentUrl\":\"https:\/\/secure.gravatar.com\/avatar\/c7850e06d3ff63cdbaee88b7fc16e2f0?s=96&d=mm&r=g\",\"caption\":\"Damien Dellerba\"},\"url\":\"https:\/\/www.ladiagonale.net\/index.php\/author\/damien\/\"}]}<\/script>\n<!-- \/ Yoast SEO plugin. -->","yoast_head_json":{"title":"Quand Jean Petit accordait une interview \u00e0 Radio Diagonale - La Diagonale","robots":{"index":"index","follow":"follow","max-snippet":"max-snippet:-1","max-image-preview":"max-image-preview:large","max-video-preview":"max-video-preview:-1"},"canonical":"https:\/\/www.ladiagonale.net\/index.php\/2024\/01\/25\/quand-jean-petit-accordait-une-interview-a-radio-diagonale\/","og_locale":"fr_FR","og_type":"article","og_title":"Quand Jean Petit accordait une interview \u00e0 Radio Diagonale - La Diagonale","og_description":"Fid\u00e9lit\u00e9 et bienveillance sont les mots qui sont principalement revenus pour saluer la m\u00e9moire de Jean Petit, d\u00e9c\u00e9d\u00e9 ce mardi \u00e0 l&rsquo;\u00e2ge de 74 ans. Avec Radio Diagonale, nous avions eu l&rsquo;occasion de le constater lors d&rsquo;un entretien qu&rsquo;il nous avait gracieusement accord\u00e9 en mai 2021, pour parler de son histoire et de son amour [...]","og_url":"https:\/\/www.ladiagonale.net\/index.php\/2024\/01\/25\/quand-jean-petit-accordait-une-interview-a-radio-diagonale\/","og_site_name":"La Diagonale","article_published_time":"2024-01-25T13:32:36+00:00","article_modified_time":"2024-01-25T13:32:39+00:00","og_image":[{"width":1024,"height":574,"url":"https:\/\/www.ladiagonale.net\/wp-content\/uploads\/2024\/01\/Capture-de\u0301cran-2024-01-25-a\u0300-14.28.56-1024x574.png","type":"image\/png"}],"author":"Damien Dellerba","twitter_card":"summary_large_image","twitter_image":"https:\/\/www.ladiagonale.net\/wp-content\/uploads\/2024\/01\/Capture-de\u0301cran-2024-01-25-a\u0300-14.28.56.png","twitter_misc":{"\u00c9crit par":"Damien Dellerba","Dur\u00e9e de lecture estim\u00e9e":"1 minute"},"schema":{"@context":"https:\/\/schema.org","@graph":[{"@type":"WebPage","@id":"https:\/\/www.ladiagonale.net\/index.php\/2024\/01\/25\/quand-jean-petit-accordait-une-interview-a-radio-diagonale\/","url":"https:\/\/www.ladiagonale.net\/index.php\/2024\/01\/25\/quand-jean-petit-accordait-une-interview-a-radio-diagonale\/","name":"Quand Jean Petit accordait une interview \u00e0 Radio Diagonale - La Diagonale","isPartOf":{"@id":"https:\/\/www.ladiagonale.net\/#website"},"datePublished":"2024-01-25T13:32:36+00:00","dateModified":"2024-01-25T13:32:39+00:00","author":{"@id":"https:\/\/www.ladiagonale.net\/#\/schema\/person\/79ff1e7b0853ed01b2aa26e64ad300bf"},"breadcrumb":{"@id":"https:\/\/www.ladiagonale.net\/index.php\/2024\/01\/25\/quand-jean-petit-accordait-une-interview-a-radio-diagonale\/#breadcrumb"},"inLanguage":"fr-FR","potentialAction":[{"@type":"ReadAction","target":["https:\/\/www.ladiagonale.net\/index.php\/2024\/01\/25\/quand-jean-petit-accordait-une-interview-a-radio-diagonale\/"]}]},{"@type":"BreadcrumbList","@id":"https:\/\/www.ladiagonale.net\/index.php\/2024\/01\/25\/quand-jean-petit-accordait-une-interview-a-radio-diagonale\/#breadcrumb","itemListElement":[{"@type":"ListItem","position":1,"name":"Accueil","item":"https:\/\/www.ladiagonale.net\/"},{"@type":"ListItem","position":2,"name":"Quand Jean Petit accordait une interview \u00e0 Radio Diagonale"}]},{"@type":"WebSite","@id":"https:\/\/www.ladiagonale.net\/#website","url":"https:\/\/www.ladiagonale.net\/","name":"La Diagonale","description":"Le site des supporters de l&#039;AS Monaco FC","potentialAction":[{"@type":"SearchAction","target":{"@type":"EntryPoint","urlTemplate":"https:\/\/www.ladiagonale.net\/?s={search_term_string}"},"query-input":"required name=search_term_string"}],"inLanguage":"fr-FR"},{"@type":"Person","@id":"https:\/\/www.ladiagonale.net\/#\/schema\/person\/79ff1e7b0853ed01b2aa26e64ad300bf","name":"Damien Dellerba","image":{"@type":"ImageObject","inLanguage":"fr-FR","@id":"https:\/\/www.ladiagonale.net\/#\/schema\/person\/image\/","url":"https:\/\/secure.gravatar.com\/avatar\/c7850e06d3ff63cdbaee88b7fc16e2f0?s=96&d=mm&r=g","contentUrl":"https:\/\/secure.gravatar.com\/avatar\/c7850e06d3ff63cdbaee88b7fc16e2f0?s=96&d=mm&r=g","caption":"Damien Dellerba"},"url":"https:\/\/www.ladiagonale.net\/index.php\/author\/damien\/"}]}},"_links":{"self":[{"href":"https:\/\/www.ladiagonale.net\/index.php\/wp-json\/wp\/v2\/posts\/20112"}],"collection":[{"href":"https:\/\/www.ladiagonale.net\/index.php\/wp-json\/wp\/v2\/posts"}],"about":[{"href":"https:\/\/www.ladiagonale.net\/index.php\/wp-json\/wp\/v2\/types\/post"}],"author":[{"embeddable":true,"href":"https:\/\/www.ladiagonale.net\/index.php\/wp-json\/wp\/v2\/users\/2"}],"replies":[{"embeddable":true,"href":"https:\/\/www.ladiagonale.net\/index.php\/wp-json\/wp\/v2\/comments?post=20112"}],"version-history":[{"count":2,"href":"https:\/\/www.ladiagonale.net\/index.php\/wp-json\/wp\/v2\/posts\/20112\/revisions"}],"predecessor-version":[{"id":20126,"href":"https:\/\/www.ladiagonale.net\/index.php\/wp-json\/wp\/v2\/posts\/20112\/revisions\/20126"}],"wp:attachment":[{"href":"https:\/\/www.ladiagonale.net\/index.php\/wp-json\/wp\/v2\/media?parent=20112"}],"wp:term":[{"taxonomy":"category","embeddable":true,"href":"https:\/\/www.ladiagonale.net\/index.php\/wp-json\/wp\/v2\/categories?post=20112"},{"taxonomy":"post_tag","embeddable":true,"href":"https:\/\/www.ladiagonale.net\/index.php\/wp-json\/wp\/v2\/tags?post=20112"}],"curies":[{"name":"wp","href":"https:\/\/api.w.org\/{rel}","templated":true}]}}