{"id":20114,"date":"2024-01-25T13:10:36","date_gmt":"2024-01-25T12:10:36","guid":{"rendered":"https:\/\/www.ladiagonale.net\/?p=20114"},"modified":"2024-01-25T13:10:39","modified_gmt":"2024-01-25T12:10:39","slug":"campora-jean-petit-etait-la-figure-de-proue-de-las-monaco","status":"publish","type":"post","link":"https:\/\/www.ladiagonale.net\/index.php\/2024\/01\/25\/campora-jean-petit-etait-la-figure-de-proue-de-las-monaco\/","title":{"rendered":"Campora : \u00ab\u00a0Jean Petit \u00e9tait la figure de proue de l\u2019AS Monaco\u00a0\u00bb"},"content":{"rendered":"\n\n\n<p>Mardi, tous les amoureux de l&rsquo;AS Monaco ont eu la douleur de voir s&rsquo;\u00e9teindre Jean Petit, au premier rang desquels Jean-Louis Campora, embl\u00e9matique pr\u00e9sident du club entre 1975 et 2003. Celui qui \u00e9tait surnomm\u00e9 le \u00ab Docteur \u00bb a rendu un vibrant hommage \u00e0 Jean Petit sur <em>Monaco Info<\/em> : \u00ab\u00a0<em>Le club a perdu la l\u00e9gende embl\u00e9matique de toutes ces ann\u00e9es avec le d\u00e9part de Jeannot. (&#8230;) Il \u00e9tait vraiment la figure de proue de tout notre club. Je pense d\u2019abord \u00e0 toute sa famille, \u00e0 tous ses proches et en m\u00eame temps \u00e0 tous ceux qui ont partag\u00e9 les joies et d\u00e9ceptions de l\u2019\u00e9quipe.<\/em>\u00a0\u00bb<\/p>\n\n\n\n<p>L&rsquo;ancien pr\u00e9sident de l&rsquo;ASM a salu\u00e9 les qualit\u00e9s humaines de \u00ab Jeannot \u00bb Petit, qu&rsquo;il a pu c\u00f4toyer professionnellement pendant 28 ans, et plus encore par la suite : \u00ab\u00a0<em>J\u2019ai pu appr\u00e9cier sa modestie, sa tol\u00e9rance et le respect qu\u2019il avait pour tout le monde. Et c\u2019est tr\u00e8s important dans le milieu du sport, o\u00f9 l\u2019on parle de beaucoup de choses. On avait un joueur exceptionnel dans sa qualit\u00e9, sa tol\u00e9rance, son bon sens et son souci d\u2019essayer d\u2019arranger des causes qui parfois \u00e9taient difficilement arrangeables. C\u2019\u00e9tait un grand joueur, un bon et beau joueur, mais aussi un Monsieur.<\/em>\u00a0\u00bb<\/p>\n\n\n\n<p>Dans une p\u00e9riode o\u00f9 l&rsquo;AS Monaco a souvent d\u00fb jouer des coudes pour s&rsquo;imposer et parfois faire profil bas lorsqu&rsquo;elle \u00e9tait point\u00e9e du doigt pour ses avantages fiscaux, Jean-Louis Campora r\u00e9v\u00e8le que la pr\u00e9sence de Jean Petit a \u00e9t\u00e9 d&rsquo;une grande aide pour entretenir de bonnes relations avec les autres \u00e9quipes : \u00ab\u00a0<em>Il \u00e9tait facilement accessible, et il avait de tr\u00e8s bonnes relations avec l\u2019ensemble des autres clubs. Dans un club comme le n\u00f4tre, c\u2019est important d\u2019\u00eatre estim\u00e9 par le club d\u2019\u00e0 c\u00f4t\u00e9, par les diff\u00e9rents clubs de l\u2019Hexagone voire un certain nombre de clubs europ\u00e9ens.<\/em>\u00a0\u00bb<\/p>\n\n\n\n<figure class=\"wp-block-embed is-type-video is-provider-youtube wp-block-embed-youtube wp-embed-aspect-16-9 wp-has-aspect-ratio\"><div class=\"wp-block-embed__wrapper\">\n<iframe loading=\"lazy\" title=\"Disparition : Jean-Louis Campora rend hommage \u00e0 Jean Petit\" width=\"1020\" height=\"574\" src=\"https:\/\/www.youtube.com\/embed\/z93FqJptNIU?feature=oembed\" frameborder=\"0\" allow=\"accelerometer; autoplay; clipboard-write; encrypted-media; gyroscope; picture-in-picture; web-share\" allowfullscreen><\/iframe>\n<\/div><\/figure>\n","protected":false},"excerpt":{"rendered":"<p>Mardi, tous les amoureux de l&rsquo;AS Monaco ont eu la douleur de voir s&rsquo;\u00e9teindre Jean Petit, au premier rang desquels Jean-Louis Campora, embl\u00e9matique pr\u00e9sident du club entre 1975 et 2003. Celui qui \u00e9tait surnomm\u00e9 le \u00ab Docteur \u00bb a rendu un vibrant hommage \u00e0 Jean Petit sur Monaco Info : \u00ab\u00a0Le club a perdu la [&#8230;]\n","protected":false},"author":2,"featured_media":0,"comment_status":"open","ping_status":"open","sticky":false,"template":"","format":"standard","meta":[],"categories":[6],"tags":[255,86,590,247,776,778],"yoast_head":"<!-- This site is optimized with the Yoast SEO plugin v19.8 - https:\/\/yoast.com\/wordpress\/plugins\/seo\/ -->\n<title>Campora : \u00ab\u00a0Jean Petit \u00e9tait la figure de proue de l\u2019AS Monaco\u00a0\u00bb - La Diagonale<\/title>\n<meta name=\"robots\" content=\"index, follow, max-snippet:-1, max-image-preview:large, max-video-preview:-1\" \/>\n<link rel=\"canonical\" href=\"https:\/\/www.ladiagonale.net\/index.php\/2024\/01\/25\/campora-jean-petit-etait-la-figure-de-proue-de-las-monaco\/\" \/>\n<meta property=\"og:locale\" content=\"fr_FR\" \/>\n<meta property=\"og:type\" content=\"article\" \/>\n<meta property=\"og:title\" content=\"Campora : \u00ab\u00a0Jean Petit \u00e9tait la figure de proue de l\u2019AS Monaco\u00a0\u00bb - La Diagonale\" \/>\n<meta property=\"og:description\" content=\"Mardi, tous les amoureux de l&rsquo;AS Monaco ont eu la douleur de voir s&rsquo;\u00e9teindre Jean Petit, au premier rang desquels Jean-Louis Campora, embl\u00e9matique pr\u00e9sident du club entre 1975 et 2003. Celui qui \u00e9tait surnomm\u00e9 le \u00ab Docteur \u00bb a rendu un vibrant hommage \u00e0 Jean Petit sur Monaco Info : \u00ab\u00a0Le club a perdu la [...]\" \/>\n<meta property=\"og:url\" content=\"https:\/\/www.ladiagonale.net\/index.php\/2024\/01\/25\/campora-jean-petit-etait-la-figure-de-proue-de-las-monaco\/\" \/>\n<meta property=\"og:site_name\" content=\"La Diagonale\" \/>\n<meta property=\"article:published_time\" content=\"2024-01-25T12:10:36+00:00\" \/>\n<meta property=\"article:modified_time\" content=\"2024-01-25T12:10:39+00:00\" \/>\n<meta property=\"og:image\" content=\"https:\/\/www.ladiagonale.net\/wp-content\/uploads\/2024\/01\/campora-champion-de-france-1978-1160x650-1.jpg\" \/>\n\t<meta property=\"og:image:width\" content=\"1160\" \/>\n\t<meta property=\"og:image:height\" content=\"650\" \/>\n\t<meta property=\"og:image:type\" content=\"image\/jpeg\" \/>\n<meta name=\"author\" content=\"Damien Dellerba\" \/>\n<meta name=\"twitter:card\" content=\"summary_large_image\" \/>\n<meta name=\"twitter:image\" content=\"https:\/\/www.ladiagonale.net\/wp-content\/uploads\/2024\/01\/campora-champion-de-france-1978-1160x650-1.jpg\" \/>\n<meta name=\"twitter:label1\" content=\"\u00c9crit par\" \/>\n\t<meta name=\"twitter:data1\" content=\"Damien Dellerba\" \/>\n\t<meta name=\"twitter:label2\" content=\"Dur\u00e9e de lecture estim\u00e9e\" \/>\n\t<meta name=\"twitter:data2\" content=\"2 minutes\" \/>\n<script type=\"application\/ld+json\" class=\"yoast-schema-graph\">{\"@context\":\"https:\/\/schema.org\",\"@graph\":[{\"@type\":\"WebPage\",\"@id\":\"https:\/\/www.ladiagonale.net\/index.php\/2024\/01\/25\/campora-jean-petit-etait-la-figure-de-proue-de-las-monaco\/\",\"url\":\"https:\/\/www.ladiagonale.net\/index.php\/2024\/01\/25\/campora-jean-petit-etait-la-figure-de-proue-de-las-monaco\/\",\"name\":\"Campora : \u00ab\u00a0Jean Petit \u00e9tait la figure de proue de l\u2019AS Monaco\u00a0\u00bb - La Diagonale\",\"isPartOf\":{\"@id\":\"https:\/\/www.ladiagonale.net\/#website\"},\"datePublished\":\"2024-01-25T12:10:36+00:00\",\"dateModified\":\"2024-01-25T12:10:39+00:00\",\"author\":{\"@id\":\"https:\/\/www.ladiagonale.net\/#\/schema\/person\/79ff1e7b0853ed01b2aa26e64ad300bf\"},\"breadcrumb\":{\"@id\":\"https:\/\/www.ladiagonale.net\/index.php\/2024\/01\/25\/campora-jean-petit-etait-la-figure-de-proue-de-las-monaco\/#breadcrumb\"},\"inLanguage\":\"fr-FR\",\"potentialAction\":[{\"@type\":\"ReadAction\",\"target\":[\"https:\/\/www.ladiagonale.net\/index.php\/2024\/01\/25\/campora-jean-petit-etait-la-figure-de-proue-de-las-monaco\/\"]}]},{\"@type\":\"BreadcrumbList\",\"@id\":\"https:\/\/www.ladiagonale.net\/index.php\/2024\/01\/25\/campora-jean-petit-etait-la-figure-de-proue-de-las-monaco\/#breadcrumb\",\"itemListElement\":[{\"@type\":\"ListItem\",\"position\":1,\"name\":\"Accueil\",\"item\":\"https:\/\/www.ladiagonale.net\/\"},{\"@type\":\"ListItem\",\"position\":2,\"name\":\"Campora : \u00ab\u00a0Jean Petit \u00e9tait la figure de proue de l\u2019AS Monaco\u00a0\u00bb\"}]},{\"@type\":\"WebSite\",\"@id\":\"https:\/\/www.ladiagonale.net\/#website\",\"url\":\"https:\/\/www.ladiagonale.net\/\",\"name\":\"La Diagonale\",\"description\":\"Le site des supporters de l&#039;AS Monaco FC\",\"potentialAction\":[{\"@type\":\"SearchAction\",\"target\":{\"@type\":\"EntryPoint\",\"urlTemplate\":\"https:\/\/www.ladiagonale.net\/?s={search_term_string}\"},\"query-input\":\"required name=search_term_string\"}],\"inLanguage\":\"fr-FR\"},{\"@type\":\"Person\",\"@id\":\"https:\/\/www.ladiagonale.net\/#\/schema\/person\/79ff1e7b0853ed01b2aa26e64ad300bf\",\"name\":\"Damien Dellerba\",\"image\":{\"@type\":\"ImageObject\",\"inLanguage\":\"fr-FR\",\"@id\":\"https:\/\/www.ladiagonale.net\/#\/schema\/person\/image\/\",\"url\":\"https:\/\/secure.gravatar.com\/avatar\/c7850e06d3ff63cdbaee88b7fc16e2f0?s=96&d=mm&r=g\",\"contentUrl\":\"https:\/\/secure.gravatar.com\/avatar\/c7850e06d3ff63cdbaee88b7fc16e2f0?s=96&d=mm&r=g\",\"caption\":\"Damien Dellerba\"},\"url\":\"https:\/\/www.ladiagonale.net\/index.php\/author\/damien\/\"}]}<\/script>\n<!-- \/ Yoast SEO plugin. -->","yoast_head_json":{"title":"Campora : \u00ab\u00a0Jean Petit \u00e9tait la figure de proue de l\u2019AS Monaco\u00a0\u00bb - La Diagonale","robots":{"index":"index","follow":"follow","max-snippet":"max-snippet:-1","max-image-preview":"max-image-preview:large","max-video-preview":"max-video-preview:-1"},"canonical":"https:\/\/www.ladiagonale.net\/index.php\/2024\/01\/25\/campora-jean-petit-etait-la-figure-de-proue-de-las-monaco\/","og_locale":"fr_FR","og_type":"article","og_title":"Campora : \u00ab\u00a0Jean Petit \u00e9tait la figure de proue de l\u2019AS Monaco\u00a0\u00bb - La Diagonale","og_description":"Mardi, tous les amoureux de l&rsquo;AS Monaco ont eu la douleur de voir s&rsquo;\u00e9teindre Jean Petit, au premier rang desquels Jean-Louis Campora, embl\u00e9matique pr\u00e9sident du club entre 1975 et 2003. Celui qui \u00e9tait surnomm\u00e9 le \u00ab Docteur \u00bb a rendu un vibrant hommage \u00e0 Jean Petit sur Monaco Info : \u00ab\u00a0Le club a perdu la [...]","og_url":"https:\/\/www.ladiagonale.net\/index.php\/2024\/01\/25\/campora-jean-petit-etait-la-figure-de-proue-de-las-monaco\/","og_site_name":"La Diagonale","article_published_time":"2024-01-25T12:10:36+00:00","article_modified_time":"2024-01-25T12:10:39+00:00","og_image":[{"width":1160,"height":650,"url":"https:\/\/www.ladiagonale.net\/wp-content\/uploads\/2024\/01\/campora-champion-de-france-1978-1160x650-1.jpg","type":"image\/jpeg"}],"author":"Damien Dellerba","twitter_card":"summary_large_image","twitter_image":"https:\/\/www.ladiagonale.net\/wp-content\/uploads\/2024\/01\/campora-champion-de-france-1978-1160x650-1.jpg","twitter_misc":{"\u00c9crit par":"Damien Dellerba","Dur\u00e9e de lecture estim\u00e9e":"2 minutes"},"schema":{"@context":"https:\/\/schema.org","@graph":[{"@type":"WebPage","@id":"https:\/\/www.ladiagonale.net\/index.php\/2024\/01\/25\/campora-jean-petit-etait-la-figure-de-proue-de-las-monaco\/","url":"https:\/\/www.ladiagonale.net\/index.php\/2024\/01\/25\/campora-jean-petit-etait-la-figure-de-proue-de-las-monaco\/","name":"Campora : \u00ab\u00a0Jean Petit \u00e9tait la figure de proue de l\u2019AS Monaco\u00a0\u00bb - La Diagonale","isPartOf":{"@id":"https:\/\/www.ladiagonale.net\/#website"},"datePublished":"2024-01-25T12:10:36+00:00","dateModified":"2024-01-25T12:10:39+00:00","author":{"@id":"https:\/\/www.ladiagonale.net\/#\/schema\/person\/79ff1e7b0853ed01b2aa26e64ad300bf"},"breadcrumb":{"@id":"https:\/\/www.ladiagonale.net\/index.php\/2024\/01\/25\/campora-jean-petit-etait-la-figure-de-proue-de-las-monaco\/#breadcrumb"},"inLanguage":"fr-FR","potentialAction":[{"@type":"ReadAction","target":["https:\/\/www.ladiagonale.net\/index.php\/2024\/01\/25\/campora-jean-petit-etait-la-figure-de-proue-de-las-monaco\/"]}]},{"@type":"BreadcrumbList","@id":"https:\/\/www.ladiagonale.net\/index.php\/2024\/01\/25\/campora-jean-petit-etait-la-figure-de-proue-de-las-monaco\/#breadcrumb","itemListElement":[{"@type":"ListItem","position":1,"name":"Accueil","item":"https:\/\/www.ladiagonale.net\/"},{"@type":"ListItem","position":2,"name":"Campora : \u00ab\u00a0Jean Petit \u00e9tait la figure de proue de l\u2019AS Monaco\u00a0\u00bb"}]},{"@type":"WebSite","@id":"https:\/\/www.ladiagonale.net\/#website","url":"https:\/\/www.ladiagonale.net\/","name":"La Diagonale","description":"Le site des supporters de l&#039;AS Monaco FC","potentialAction":[{"@type":"SearchAction","target":{"@type":"EntryPoint","urlTemplate":"https:\/\/www.ladiagonale.net\/?s={search_term_string}"},"query-input":"required name=search_term_string"}],"inLanguage":"fr-FR"},{"@type":"Person","@id":"https:\/\/www.ladiagonale.net\/#\/schema\/person\/79ff1e7b0853ed01b2aa26e64ad300bf","name":"Damien Dellerba","image":{"@type":"ImageObject","inLanguage":"fr-FR","@id":"https:\/\/www.ladiagonale.net\/#\/schema\/person\/image\/","url":"https:\/\/secure.gravatar.com\/avatar\/c7850e06d3ff63cdbaee88b7fc16e2f0?s=96&d=mm&r=g","contentUrl":"https:\/\/secure.gravatar.com\/avatar\/c7850e06d3ff63cdbaee88b7fc16e2f0?s=96&d=mm&r=g","caption":"Damien Dellerba"},"url":"https:\/\/www.ladiagonale.net\/index.php\/author\/damien\/"}]}},"_links":{"self":[{"href":"https:\/\/www.ladiagonale.net\/index.php\/wp-json\/wp\/v2\/posts\/20114"}],"collection":[{"href":"https:\/\/www.ladiagonale.net\/index.php\/wp-json\/wp\/v2\/posts"}],"about":[{"href":"https:\/\/www.ladiagonale.net\/index.php\/wp-json\/wp\/v2\/types\/post"}],"author":[{"embeddable":true,"href":"https:\/\/www.ladiagonale.net\/index.php\/wp-json\/wp\/v2\/users\/2"}],"replies":[{"embeddable":true,"href":"https:\/\/www.ladiagonale.net\/index.php\/wp-json\/wp\/v2\/comments?post=20114"}],"version-history":[{"count":1,"href":"https:\/\/www.ladiagonale.net\/index.php\/wp-json\/wp\/v2\/posts\/20114\/revisions"}],"predecessor-version":[{"id":20116,"href":"https:\/\/www.ladiagonale.net\/index.php\/wp-json\/wp\/v2\/posts\/20114\/revisions\/20116"}],"wp:attachment":[{"href":"https:\/\/www.ladiagonale.net\/index.php\/wp-json\/wp\/v2\/media?parent=20114"}],"wp:term":[{"taxonomy":"category","embeddable":true,"href":"https:\/\/www.ladiagonale.net\/index.php\/wp-json\/wp\/v2\/categories?post=20114"},{"taxonomy":"post_tag","embeddable":true,"href":"https:\/\/www.ladiagonale.net\/index.php\/wp-json\/wp\/v2\/tags?post=20114"}],"curies":[{"name":"wp","href":"https:\/\/api.w.org\/{rel}","templated":true}]}}