{"id":20121,"date":"2024-01-25T13:58:58","date_gmt":"2024-01-25T12:58:58","guid":{"rendered":"https:\/\/www.ladiagonale.net\/?p=20121"},"modified":"2024-01-25T13:59:03","modified_gmt":"2024-01-25T12:59:03","slug":"marseille-sans-son-capitaine-face-a-monaco","status":"publish","type":"post","link":"https:\/\/www.ladiagonale.net\/index.php\/2024\/01\/25\/marseille-sans-son-capitaine-face-a-monaco\/","title":{"rendered":"Marseille sans son capitaine face \u00e0 Monaco"},"content":{"rendered":"\n\n\n<p>Samedi soir (21h), l&rsquo;AS Monaco se rendra \u00e0 Marseille pour un choc au sommet lors de la 19<sup>e<\/sup> journ\u00e9e de Ligue 1. La formation as\u00e9miste n&rsquo;aura pas forc\u00e9ment une grande marge en raison des absences mais ce ne sera pas beaucoup mieux du c\u00f4t\u00e9 marseillais, qui devra se passer de son capitaine Samuel Gigot. Le d\u00e9fenseur central de 30 ans sera en effet suspendu pour cette rencontre, apr\u00e8s avoir accumul\u00e9 trois cartons jaunes en moins de dix rencontres.<\/p>\n\n\n\n<p>Si Monaco a de bonnes chances de r\u00e9cup\u00e9rer Mohammed Salisu pour ce match, \u00e9limin\u00e9 avec le Ghana d\u00e8s la phase de groupes de la CAN, l&rsquo;OM aura encore tous ses internationaux sur le pont ce week-end, parmi lesquels Chancel Mbemba, Amine Harit, Iliman Ndiaye, Isma\u00efla Sarr <a href=\"https:\/\/www.ladiagonale.net\/index.php\/2024\/01\/11\/pape-gueye-pour-succeder-a-fofana\/\" target=\"_blank\" rel=\"noreferrer noopener\">ou encore Pape Gueye<\/a>, tous encore en course dans cette Coupe d&rsquo;Afrique.<\/p>\n","protected":false},"excerpt":{"rendered":"<p>Samedi soir (21h), l&rsquo;AS Monaco se rendra \u00e0 Marseille pour un choc au sommet lors de la 19e journ\u00e9e de Ligue 1. La formation as\u00e9miste n&rsquo;aura pas forc\u00e9ment une grande marge en raison des absences mais ce ne sera pas beaucoup mieux du c\u00f4t\u00e9 marseillais, qui devra se passer de son capitaine Samuel Gigot. Le [&#8230;]\n","protected":false},"author":2,"featured_media":0,"comment_status":"open","ping_status":"open","sticky":false,"template":"","format":"standard","meta":[],"categories":[6],"tags":[86,257,94,374,779],"yoast_head":"<!-- This site is optimized with the Yoast SEO plugin v19.8 - https:\/\/yoast.com\/wordpress\/plugins\/seo\/ -->\n<title>Marseille sans son capitaine face \u00e0 Monaco - La Diagonale<\/title>\n<meta name=\"robots\" content=\"index, follow, max-snippet:-1, max-image-preview:large, max-video-preview:-1\" \/>\n<link rel=\"canonical\" href=\"https:\/\/www.ladiagonale.net\/index.php\/2024\/01\/25\/marseille-sans-son-capitaine-face-a-monaco\/\" \/>\n<meta property=\"og:locale\" content=\"fr_FR\" \/>\n<meta property=\"og:type\" content=\"article\" \/>\n<meta property=\"og:title\" content=\"Marseille sans son capitaine face \u00e0 Monaco - La Diagonale\" \/>\n<meta property=\"og:description\" content=\"Samedi soir (21h), l&rsquo;AS Monaco se rendra \u00e0 Marseille pour un choc au sommet lors de la 19e journ\u00e9e de Ligue 1. La formation as\u00e9miste n&rsquo;aura pas forc\u00e9ment une grande marge en raison des absences mais ce ne sera pas beaucoup mieux du c\u00f4t\u00e9 marseillais, qui devra se passer de son capitaine Samuel Gigot. Le [...]\" \/>\n<meta property=\"og:url\" content=\"https:\/\/www.ladiagonale.net\/index.php\/2024\/01\/25\/marseille-sans-son-capitaine-face-a-monaco\/\" \/>\n<meta property=\"og:site_name\" content=\"La Diagonale\" \/>\n<meta property=\"article:published_time\" content=\"2024-01-25T12:58:58+00:00\" \/>\n<meta property=\"article:modified_time\" content=\"2024-01-25T12:59:03+00:00\" \/>\n<meta property=\"og:image\" content=\"https:\/\/www.ladiagonale.net\/wp-content\/uploads\/2024\/01\/x480.jpg\" \/>\n\t<meta property=\"og:image:width\" content=\"853\" \/>\n\t<meta property=\"og:image:height\" content=\"480\" \/>\n\t<meta property=\"og:image:type\" content=\"image\/jpeg\" \/>\n<meta name=\"author\" content=\"Damien Dellerba\" \/>\n<meta name=\"twitter:card\" content=\"summary_large_image\" \/>\n<meta name=\"twitter:image\" content=\"https:\/\/www.ladiagonale.net\/wp-content\/uploads\/2024\/01\/x480.jpg\" \/>\n<meta name=\"twitter:label1\" content=\"\u00c9crit par\" \/>\n\t<meta name=\"twitter:data1\" content=\"Damien Dellerba\" \/>\n\t<meta name=\"twitter:label2\" content=\"Dur\u00e9e de lecture estim\u00e9e\" \/>\n\t<meta name=\"twitter:data2\" content=\"1 minute\" \/>\n<script type=\"application\/ld+json\" class=\"yoast-schema-graph\">{\"@context\":\"https:\/\/schema.org\",\"@graph\":[{\"@type\":\"WebPage\",\"@id\":\"https:\/\/www.ladiagonale.net\/index.php\/2024\/01\/25\/marseille-sans-son-capitaine-face-a-monaco\/\",\"url\":\"https:\/\/www.ladiagonale.net\/index.php\/2024\/01\/25\/marseille-sans-son-capitaine-face-a-monaco\/\",\"name\":\"Marseille sans son capitaine face \u00e0 Monaco - La Diagonale\",\"isPartOf\":{\"@id\":\"https:\/\/www.ladiagonale.net\/#website\"},\"datePublished\":\"2024-01-25T12:58:58+00:00\",\"dateModified\":\"2024-01-25T12:59:03+00:00\",\"author\":{\"@id\":\"https:\/\/www.ladiagonale.net\/#\/schema\/person\/79ff1e7b0853ed01b2aa26e64ad300bf\"},\"breadcrumb\":{\"@id\":\"https:\/\/www.ladiagonale.net\/index.php\/2024\/01\/25\/marseille-sans-son-capitaine-face-a-monaco\/#breadcrumb\"},\"inLanguage\":\"fr-FR\",\"potentialAction\":[{\"@type\":\"ReadAction\",\"target\":[\"https:\/\/www.ladiagonale.net\/index.php\/2024\/01\/25\/marseille-sans-son-capitaine-face-a-monaco\/\"]}]},{\"@type\":\"BreadcrumbList\",\"@id\":\"https:\/\/www.ladiagonale.net\/index.php\/2024\/01\/25\/marseille-sans-son-capitaine-face-a-monaco\/#breadcrumb\",\"itemListElement\":[{\"@type\":\"ListItem\",\"position\":1,\"name\":\"Accueil\",\"item\":\"https:\/\/www.ladiagonale.net\/\"},{\"@type\":\"ListItem\",\"position\":2,\"name\":\"Marseille sans son capitaine face \u00e0 Monaco\"}]},{\"@type\":\"WebSite\",\"@id\":\"https:\/\/www.ladiagonale.net\/#website\",\"url\":\"https:\/\/www.ladiagonale.net\/\",\"name\":\"La Diagonale\",\"description\":\"Le site des supporters de l&#039;AS Monaco FC\",\"potentialAction\":[{\"@type\":\"SearchAction\",\"target\":{\"@type\":\"EntryPoint\",\"urlTemplate\":\"https:\/\/www.ladiagonale.net\/?s={search_term_string}\"},\"query-input\":\"required name=search_term_string\"}],\"inLanguage\":\"fr-FR\"},{\"@type\":\"Person\",\"@id\":\"https:\/\/www.ladiagonale.net\/#\/schema\/person\/79ff1e7b0853ed01b2aa26e64ad300bf\",\"name\":\"Damien Dellerba\",\"image\":{\"@type\":\"ImageObject\",\"inLanguage\":\"fr-FR\",\"@id\":\"https:\/\/www.ladiagonale.net\/#\/schema\/person\/image\/\",\"url\":\"https:\/\/secure.gravatar.com\/avatar\/c7850e06d3ff63cdbaee88b7fc16e2f0?s=96&d=mm&r=g\",\"contentUrl\":\"https:\/\/secure.gravatar.com\/avatar\/c7850e06d3ff63cdbaee88b7fc16e2f0?s=96&d=mm&r=g\",\"caption\":\"Damien Dellerba\"},\"url\":\"https:\/\/www.ladiagonale.net\/index.php\/author\/damien\/\"}]}<\/script>\n<!-- \/ Yoast SEO plugin. -->","yoast_head_json":{"title":"Marseille sans son capitaine face \u00e0 Monaco - La Diagonale","robots":{"index":"index","follow":"follow","max-snippet":"max-snippet:-1","max-image-preview":"max-image-preview:large","max-video-preview":"max-video-preview:-1"},"canonical":"https:\/\/www.ladiagonale.net\/index.php\/2024\/01\/25\/marseille-sans-son-capitaine-face-a-monaco\/","og_locale":"fr_FR","og_type":"article","og_title":"Marseille sans son capitaine face \u00e0 Monaco - La Diagonale","og_description":"Samedi soir (21h), l&rsquo;AS Monaco se rendra \u00e0 Marseille pour un choc au sommet lors de la 19e journ\u00e9e de Ligue 1. La formation as\u00e9miste n&rsquo;aura pas forc\u00e9ment une grande marge en raison des absences mais ce ne sera pas beaucoup mieux du c\u00f4t\u00e9 marseillais, qui devra se passer de son capitaine Samuel Gigot. Le [...]","og_url":"https:\/\/www.ladiagonale.net\/index.php\/2024\/01\/25\/marseille-sans-son-capitaine-face-a-monaco\/","og_site_name":"La Diagonale","article_published_time":"2024-01-25T12:58:58+00:00","article_modified_time":"2024-01-25T12:59:03+00:00","og_image":[{"width":853,"height":480,"url":"https:\/\/www.ladiagonale.net\/wp-content\/uploads\/2024\/01\/x480.jpg","type":"image\/jpeg"}],"author":"Damien Dellerba","twitter_card":"summary_large_image","twitter_image":"https:\/\/www.ladiagonale.net\/wp-content\/uploads\/2024\/01\/x480.jpg","twitter_misc":{"\u00c9crit par":"Damien Dellerba","Dur\u00e9e de lecture estim\u00e9e":"1 minute"},"schema":{"@context":"https:\/\/schema.org","@graph":[{"@type":"WebPage","@id":"https:\/\/www.ladiagonale.net\/index.php\/2024\/01\/25\/marseille-sans-son-capitaine-face-a-monaco\/","url":"https:\/\/www.ladiagonale.net\/index.php\/2024\/01\/25\/marseille-sans-son-capitaine-face-a-monaco\/","name":"Marseille sans son capitaine face \u00e0 Monaco - La Diagonale","isPartOf":{"@id":"https:\/\/www.ladiagonale.net\/#website"},"datePublished":"2024-01-25T12:58:58+00:00","dateModified":"2024-01-25T12:59:03+00:00","author":{"@id":"https:\/\/www.ladiagonale.net\/#\/schema\/person\/79ff1e7b0853ed01b2aa26e64ad300bf"},"breadcrumb":{"@id":"https:\/\/www.ladiagonale.net\/index.php\/2024\/01\/25\/marseille-sans-son-capitaine-face-a-monaco\/#breadcrumb"},"inLanguage":"fr-FR","potentialAction":[{"@type":"ReadAction","target":["https:\/\/www.ladiagonale.net\/index.php\/2024\/01\/25\/marseille-sans-son-capitaine-face-a-monaco\/"]}]},{"@type":"BreadcrumbList","@id":"https:\/\/www.ladiagonale.net\/index.php\/2024\/01\/25\/marseille-sans-son-capitaine-face-a-monaco\/#breadcrumb","itemListElement":[{"@type":"ListItem","position":1,"name":"Accueil","item":"https:\/\/www.ladiagonale.net\/"},{"@type":"ListItem","position":2,"name":"Marseille sans son capitaine face \u00e0 Monaco"}]},{"@type":"WebSite","@id":"https:\/\/www.ladiagonale.net\/#website","url":"https:\/\/www.ladiagonale.net\/","name":"La Diagonale","description":"Le site des supporters de l&#039;AS Monaco FC","potentialAction":[{"@type":"SearchAction","target":{"@type":"EntryPoint","urlTemplate":"https:\/\/www.ladiagonale.net\/?s={search_term_string}"},"query-input":"required name=search_term_string"}],"inLanguage":"fr-FR"},{"@type":"Person","@id":"https:\/\/www.ladiagonale.net\/#\/schema\/person\/79ff1e7b0853ed01b2aa26e64ad300bf","name":"Damien Dellerba","image":{"@type":"ImageObject","inLanguage":"fr-FR","@id":"https:\/\/www.ladiagonale.net\/#\/schema\/person\/image\/","url":"https:\/\/secure.gravatar.com\/avatar\/c7850e06d3ff63cdbaee88b7fc16e2f0?s=96&d=mm&r=g","contentUrl":"https:\/\/secure.gravatar.com\/avatar\/c7850e06d3ff63cdbaee88b7fc16e2f0?s=96&d=mm&r=g","caption":"Damien Dellerba"},"url":"https:\/\/www.ladiagonale.net\/index.php\/author\/damien\/"}]}},"_links":{"self":[{"href":"https:\/\/www.ladiagonale.net\/index.php\/wp-json\/wp\/v2\/posts\/20121"}],"collection":[{"href":"https:\/\/www.ladiagonale.net\/index.php\/wp-json\/wp\/v2\/posts"}],"about":[{"href":"https:\/\/www.ladiagonale.net\/index.php\/wp-json\/wp\/v2\/types\/post"}],"author":[{"embeddable":true,"href":"https:\/\/www.ladiagonale.net\/index.php\/wp-json\/wp\/v2\/users\/2"}],"replies":[{"embeddable":true,"href":"https:\/\/www.ladiagonale.net\/index.php\/wp-json\/wp\/v2\/comments?post=20121"}],"version-history":[{"count":1,"href":"https:\/\/www.ladiagonale.net\/index.php\/wp-json\/wp\/v2\/posts\/20121\/revisions"}],"predecessor-version":[{"id":20123,"href":"https:\/\/www.ladiagonale.net\/index.php\/wp-json\/wp\/v2\/posts\/20121\/revisions\/20123"}],"wp:attachment":[{"href":"https:\/\/www.ladiagonale.net\/index.php\/wp-json\/wp\/v2\/media?parent=20121"}],"wp:term":[{"taxonomy":"category","embeddable":true,"href":"https:\/\/www.ladiagonale.net\/index.php\/wp-json\/wp\/v2\/categories?post=20121"},{"taxonomy":"post_tag","embeddable":true,"href":"https:\/\/www.ladiagonale.net\/index.php\/wp-json\/wp\/v2\/tags?post=20121"}],"curies":[{"name":"wp","href":"https:\/\/api.w.org\/{rel}","templated":true}]}}