{"id":20127,"date":"2024-01-25T15:46:23","date_gmt":"2024-01-25T14:46:23","guid":{"rendered":"https:\/\/www.ladiagonale.net\/?p=20127"},"modified":"2024-01-25T19:16:28","modified_gmt":"2024-01-25T18:16:28","slug":"un-challenge-des-centres-de-formation-sera-cree-la-saison-prochaine","status":"publish","type":"post","link":"https:\/\/www.ladiagonale.net\/index.php\/2024\/01\/25\/un-challenge-des-centres-de-formation-sera-cree-la-saison-prochaine\/","title":{"rendered":"Un challenge des centres de formation sera cr\u00e9\u00e9 la saison prochaine"},"content":{"rendered":"\n\n\n<p>Les instances dirigeantes du football fran\u00e7ais viennent de prendre une d\u00e9cision qui a des airs de petite r\u00e9volution. Ce mercredi, le conseil d&rsquo;administration de la Ligue de football professionnel a act\u00e9 la cr\u00e9ation d&rsquo;un challenge des centres de formation des clubs professionnels, dont les modalit\u00e9s restent \u00e0 d\u00e9finir, rapporte <em>L&rsquo;\u00c9quipe<\/em>. Ce projet de nouvelle comp\u00e9tition ne se fera pas sans l&rsquo;aval de la F\u00e9d\u00e9ration fran\u00e7aise de football, qui est \u00e9galement associ\u00e9e au projet. Celui-ci devrait voir le jour d\u00e8s la rentr\u00e9e prochaine et pourrait \u00eatre officiellement int\u00e9gr\u00e9 aux r\u00e8glements des deux instances en juin. <\/p>\n\n\n\n<p>Depuis pr\u00e8s de deux ans, et \u00e0 la suite de la rel\u00e9gation de sa r\u00e9serve professionnelle en National 3, l&rsquo;AS Monaco avait fait le choix de retirer sa deuxi\u00e8me \u00e9quipe des championnats amateurs pour cr\u00e9er son Groupe \u00c9lite, aujourd&rsquo;hui entra\u00een\u00e9 par Damien Perrinelle. Les jeunes pousses as\u00e9mistes ne prennent part \u00e0 aucun championnat et disputent principalement des rencontres amicales contre des r\u00e9serves professionnelles fran\u00e7aises et europ\u00e9ennes, m\u00eame <a href=\"https:\/\/www.ladiagonale.net\/index.php\/2024\/01\/17\/le-groupe-elite-battu-par-fulham\/\" target=\"_blank\" rel=\"noreferrer noopener\">s&rsquo;ils sont \u00e9galement engag\u00e9s en <em>Premier League International Cup<\/em><\/a> depuis deux saisons. Parmi les avantages r\u00e9guli\u00e8rement \u00e9voqu\u00e9s par le club de la Principaut\u00e9, la flexibilit\u00e9 de l&rsquo;agenda et la possibilit\u00e9 de choisir ses adversaires. <\/p>\n\n\n\n<p>La d\u00e9marche initi\u00e9e par le club de la Principaut\u00e9 a d&rsquo;ailleurs fait des \u00e9mules, puisqu&rsquo;elle a notamment \u00e9t\u00e9 suivie cette saison par l&rsquo;OGC Nice, qui a \u00e9galement cr\u00e9\u00e9 son propre groupe \u00e9lite et que l&rsquo;ASM <a href=\"https:\/\/www.ladiagonale.net\/index.php\/2023\/08\/16\/le-groupe-elite-atomise-nice\/\" target=\"_blank\" rel=\"noreferrer noopener\">avait \u00e9trill\u00e9 lors d&rsquo;une rencontre amicale<\/a>. Raymond Domenech, le pr\u00e9sident de l&rsquo;UNECATEF cit\u00e9 par <em>L&rsquo;\u00c9quipe<\/em>, d\u00e9fend ce projet apr\u00e8s avoir recueilli les diff\u00e9rents avis des \u00e9ducateurs des centres de formation : \u00ab <em>Ils y sont favorables, car cela permet de jouer en milieu de semaine ou \u00e0 n&rsquo;importe quel moment. Ils sont s\u00fbrs de pouvoir faire jouer leurs jeunes r\u00e9guli\u00e8rement. Aujourd&rsquo;hui, beaucoup d&rsquo;entre eux s&rsquo;entra\u00eenent avec les pros, mais ne jouent pratiquement plus. Cela rajoute une possibilit\u00e9 pour eux<\/em>. \u00bb<\/p>\n\n\n\n<p>Cette nouvelle formule n&rsquo;en est encore qu&rsquo;\u00e0 la gen\u00e8se et son organisation est encore loin d&rsquo;\u00eatre fix\u00e9e. Il n&rsquo;est pas encore dit que celle-ci sera rendue obligatoire, ce qui pourrait modifier le fonctionnement actuel du Groupe \u00c9lite, ni si elle comportera un ou deux \u00e9chelons. Raymond Domenech \u00e9voque la possibilit\u00e9 d&rsquo;une \u00ab <em>formule g\u00e9ographique<\/em> \u00bb, comme cela se fait dans les premiers tours de Coupe Gambardella, ou dans les championnats de jeunes, afin de limiter les d\u00e9placements. Quoi qu&rsquo;il en soit, les dirigeants du football fran\u00e7ais semblent enfin d\u00e9cid\u00e9s \u00e0 se pencher sur une question qui a souvent \u00e9t\u00e9 au centre des d\u00e9bats quant \u00e0 la participation des r\u00e9serves professionnelles au sein des championnats de France amateurs.<\/p>\n","protected":false},"excerpt":{"rendered":"<p>Les instances dirigeantes du football fran\u00e7ais viennent de prendre une d\u00e9cision qui a des airs de petite r\u00e9volution. Ce mercredi, le conseil d&rsquo;administration de la Ligue de football professionnel a act\u00e9 la cr\u00e9ation d&rsquo;un challenge des centres de formation des clubs professionnels, dont les modalit\u00e9s restent \u00e0 d\u00e9finir, rapporte L&rsquo;\u00c9quipe. Ce projet de nouvelle comp\u00e9tition [&#8230;]\n","protected":false},"author":2,"featured_media":0,"comment_status":"open","ping_status":"open","sticky":false,"template":"","format":"standard","meta":[],"categories":[6],"tags":[76,86,780,228,95],"yoast_head":"<!-- This site is optimized with the Yoast SEO plugin v19.8 - https:\/\/yoast.com\/wordpress\/plugins\/seo\/ -->\n<title>Un challenge des centres de formation sera cr\u00e9\u00e9 la saison prochaine - La Diagonale<\/title>\n<meta name=\"robots\" content=\"index, follow, max-snippet:-1, max-image-preview:large, max-video-preview:-1\" \/>\n<link rel=\"canonical\" href=\"https:\/\/www.ladiagonale.net\/index.php\/2024\/01\/25\/un-challenge-des-centres-de-formation-sera-cree-la-saison-prochaine\/\" \/>\n<meta property=\"og:locale\" content=\"fr_FR\" \/>\n<meta property=\"og:type\" content=\"article\" \/>\n<meta property=\"og:title\" content=\"Un challenge des centres de formation sera cr\u00e9\u00e9 la saison prochaine - La Diagonale\" \/>\n<meta property=\"og:description\" content=\"Les instances dirigeantes du football fran\u00e7ais viennent de prendre une d\u00e9cision qui a des airs de petite r\u00e9volution. Ce mercredi, le conseil d&rsquo;administration de la Ligue de football professionnel a act\u00e9 la cr\u00e9ation d&rsquo;un challenge des centres de formation des clubs professionnels, dont les modalit\u00e9s restent \u00e0 d\u00e9finir, rapporte L&rsquo;\u00c9quipe. Ce projet de nouvelle comp\u00e9tition [...]\" \/>\n<meta property=\"og:url\" content=\"https:\/\/www.ladiagonale.net\/index.php\/2024\/01\/25\/un-challenge-des-centres-de-formation-sera-cree-la-saison-prochaine\/\" \/>\n<meta property=\"og:site_name\" content=\"La Diagonale\" \/>\n<meta property=\"article:published_time\" content=\"2024-01-25T14:46:23+00:00\" \/>\n<meta property=\"article:modified_time\" content=\"2024-01-25T18:16:28+00:00\" \/>\n<meta property=\"og:image\" content=\"https:\/\/www.ladiagonale.net\/wp-content\/uploads\/2023\/07\/Groupe-eliteS2.png\" \/>\n\t<meta property=\"og:image:width\" content=\"1160\" \/>\n\t<meta property=\"og:image:height\" content=\"650\" \/>\n\t<meta property=\"og:image:type\" content=\"image\/png\" \/>\n<meta name=\"author\" content=\"Damien Dellerba\" \/>\n<meta name=\"twitter:card\" content=\"summary_large_image\" \/>\n<meta name=\"twitter:image\" content=\"https:\/\/www.ladiagonale.net\/wp-content\/uploads\/2023\/07\/Groupe-eliteS2.png\" \/>\n<meta name=\"twitter:label1\" content=\"\u00c9crit par\" \/>\n\t<meta name=\"twitter:data1\" content=\"Damien Dellerba\" \/>\n\t<meta name=\"twitter:label2\" content=\"Dur\u00e9e de lecture estim\u00e9e\" \/>\n\t<meta name=\"twitter:data2\" content=\"3 minutes\" \/>\n<script type=\"application\/ld+json\" class=\"yoast-schema-graph\">{\"@context\":\"https:\/\/schema.org\",\"@graph\":[{\"@type\":\"WebPage\",\"@id\":\"https:\/\/www.ladiagonale.net\/index.php\/2024\/01\/25\/un-challenge-des-centres-de-formation-sera-cree-la-saison-prochaine\/\",\"url\":\"https:\/\/www.ladiagonale.net\/index.php\/2024\/01\/25\/un-challenge-des-centres-de-formation-sera-cree-la-saison-prochaine\/\",\"name\":\"Un challenge des centres de formation sera cr\u00e9\u00e9 la saison prochaine - La Diagonale\",\"isPartOf\":{\"@id\":\"https:\/\/www.ladiagonale.net\/#website\"},\"datePublished\":\"2024-01-25T14:46:23+00:00\",\"dateModified\":\"2024-01-25T18:16:28+00:00\",\"author\":{\"@id\":\"https:\/\/www.ladiagonale.net\/#\/schema\/person\/79ff1e7b0853ed01b2aa26e64ad300bf\"},\"breadcrumb\":{\"@id\":\"https:\/\/www.ladiagonale.net\/index.php\/2024\/01\/25\/un-challenge-des-centres-de-formation-sera-cree-la-saison-prochaine\/#breadcrumb\"},\"inLanguage\":\"fr-FR\",\"potentialAction\":[{\"@type\":\"ReadAction\",\"target\":[\"https:\/\/www.ladiagonale.net\/index.php\/2024\/01\/25\/un-challenge-des-centres-de-formation-sera-cree-la-saison-prochaine\/\"]}]},{\"@type\":\"BreadcrumbList\",\"@id\":\"https:\/\/www.ladiagonale.net\/index.php\/2024\/01\/25\/un-challenge-des-centres-de-formation-sera-cree-la-saison-prochaine\/#breadcrumb\",\"itemListElement\":[{\"@type\":\"ListItem\",\"position\":1,\"name\":\"Accueil\",\"item\":\"https:\/\/www.ladiagonale.net\/\"},{\"@type\":\"ListItem\",\"position\":2,\"name\":\"Un challenge des centres de formation sera cr\u00e9\u00e9 la saison prochaine\"}]},{\"@type\":\"WebSite\",\"@id\":\"https:\/\/www.ladiagonale.net\/#website\",\"url\":\"https:\/\/www.ladiagonale.net\/\",\"name\":\"La Diagonale\",\"description\":\"Le site des supporters de l&#039;AS Monaco FC\",\"potentialAction\":[{\"@type\":\"SearchAction\",\"target\":{\"@type\":\"EntryPoint\",\"urlTemplate\":\"https:\/\/www.ladiagonale.net\/?s={search_term_string}\"},\"query-input\":\"required name=search_term_string\"}],\"inLanguage\":\"fr-FR\"},{\"@type\":\"Person\",\"@id\":\"https:\/\/www.ladiagonale.net\/#\/schema\/person\/79ff1e7b0853ed01b2aa26e64ad300bf\",\"name\":\"Damien Dellerba\",\"image\":{\"@type\":\"ImageObject\",\"inLanguage\":\"fr-FR\",\"@id\":\"https:\/\/www.ladiagonale.net\/#\/schema\/person\/image\/\",\"url\":\"https:\/\/secure.gravatar.com\/avatar\/c7850e06d3ff63cdbaee88b7fc16e2f0?s=96&d=mm&r=g\",\"contentUrl\":\"https:\/\/secure.gravatar.com\/avatar\/c7850e06d3ff63cdbaee88b7fc16e2f0?s=96&d=mm&r=g\",\"caption\":\"Damien Dellerba\"},\"url\":\"https:\/\/www.ladiagonale.net\/index.php\/author\/damien\/\"}]}<\/script>\n<!-- \/ Yoast SEO plugin. -->","yoast_head_json":{"title":"Un challenge des centres de formation sera cr\u00e9\u00e9 la saison prochaine - La Diagonale","robots":{"index":"index","follow":"follow","max-snippet":"max-snippet:-1","max-image-preview":"max-image-preview:large","max-video-preview":"max-video-preview:-1"},"canonical":"https:\/\/www.ladiagonale.net\/index.php\/2024\/01\/25\/un-challenge-des-centres-de-formation-sera-cree-la-saison-prochaine\/","og_locale":"fr_FR","og_type":"article","og_title":"Un challenge des centres de formation sera cr\u00e9\u00e9 la saison prochaine - La Diagonale","og_description":"Les instances dirigeantes du football fran\u00e7ais viennent de prendre une d\u00e9cision qui a des airs de petite r\u00e9volution. Ce mercredi, le conseil d&rsquo;administration de la Ligue de football professionnel a act\u00e9 la cr\u00e9ation d&rsquo;un challenge des centres de formation des clubs professionnels, dont les modalit\u00e9s restent \u00e0 d\u00e9finir, rapporte L&rsquo;\u00c9quipe. Ce projet de nouvelle comp\u00e9tition [...]","og_url":"https:\/\/www.ladiagonale.net\/index.php\/2024\/01\/25\/un-challenge-des-centres-de-formation-sera-cree-la-saison-prochaine\/","og_site_name":"La Diagonale","article_published_time":"2024-01-25T14:46:23+00:00","article_modified_time":"2024-01-25T18:16:28+00:00","og_image":[{"width":1160,"height":650,"url":"https:\/\/www.ladiagonale.net\/wp-content\/uploads\/2023\/07\/Groupe-eliteS2.png","type":"image\/png"}],"author":"Damien Dellerba","twitter_card":"summary_large_image","twitter_image":"https:\/\/www.ladiagonale.net\/wp-content\/uploads\/2023\/07\/Groupe-eliteS2.png","twitter_misc":{"\u00c9crit par":"Damien Dellerba","Dur\u00e9e de lecture estim\u00e9e":"3 minutes"},"schema":{"@context":"https:\/\/schema.org","@graph":[{"@type":"WebPage","@id":"https:\/\/www.ladiagonale.net\/index.php\/2024\/01\/25\/un-challenge-des-centres-de-formation-sera-cree-la-saison-prochaine\/","url":"https:\/\/www.ladiagonale.net\/index.php\/2024\/01\/25\/un-challenge-des-centres-de-formation-sera-cree-la-saison-prochaine\/","name":"Un challenge des centres de formation sera cr\u00e9\u00e9 la saison prochaine - La Diagonale","isPartOf":{"@id":"https:\/\/www.ladiagonale.net\/#website"},"datePublished":"2024-01-25T14:46:23+00:00","dateModified":"2024-01-25T18:16:28+00:00","author":{"@id":"https:\/\/www.ladiagonale.net\/#\/schema\/person\/79ff1e7b0853ed01b2aa26e64ad300bf"},"breadcrumb":{"@id":"https:\/\/www.ladiagonale.net\/index.php\/2024\/01\/25\/un-challenge-des-centres-de-formation-sera-cree-la-saison-prochaine\/#breadcrumb"},"inLanguage":"fr-FR","potentialAction":[{"@type":"ReadAction","target":["https:\/\/www.ladiagonale.net\/index.php\/2024\/01\/25\/un-challenge-des-centres-de-formation-sera-cree-la-saison-prochaine\/"]}]},{"@type":"BreadcrumbList","@id":"https:\/\/www.ladiagonale.net\/index.php\/2024\/01\/25\/un-challenge-des-centres-de-formation-sera-cree-la-saison-prochaine\/#breadcrumb","itemListElement":[{"@type":"ListItem","position":1,"name":"Accueil","item":"https:\/\/www.ladiagonale.net\/"},{"@type":"ListItem","position":2,"name":"Un challenge des centres de formation sera cr\u00e9\u00e9 la saison prochaine"}]},{"@type":"WebSite","@id":"https:\/\/www.ladiagonale.net\/#website","url":"https:\/\/www.ladiagonale.net\/","name":"La Diagonale","description":"Le site des supporters de l&#039;AS Monaco FC","potentialAction":[{"@type":"SearchAction","target":{"@type":"EntryPoint","urlTemplate":"https:\/\/www.ladiagonale.net\/?s={search_term_string}"},"query-input":"required name=search_term_string"}],"inLanguage":"fr-FR"},{"@type":"Person","@id":"https:\/\/www.ladiagonale.net\/#\/schema\/person\/79ff1e7b0853ed01b2aa26e64ad300bf","name":"Damien Dellerba","image":{"@type":"ImageObject","inLanguage":"fr-FR","@id":"https:\/\/www.ladiagonale.net\/#\/schema\/person\/image\/","url":"https:\/\/secure.gravatar.com\/avatar\/c7850e06d3ff63cdbaee88b7fc16e2f0?s=96&d=mm&r=g","contentUrl":"https:\/\/secure.gravatar.com\/avatar\/c7850e06d3ff63cdbaee88b7fc16e2f0?s=96&d=mm&r=g","caption":"Damien Dellerba"},"url":"https:\/\/www.ladiagonale.net\/index.php\/author\/damien\/"}]}},"_links":{"self":[{"href":"https:\/\/www.ladiagonale.net\/index.php\/wp-json\/wp\/v2\/posts\/20127"}],"collection":[{"href":"https:\/\/www.ladiagonale.net\/index.php\/wp-json\/wp\/v2\/posts"}],"about":[{"href":"https:\/\/www.ladiagonale.net\/index.php\/wp-json\/wp\/v2\/types\/post"}],"author":[{"embeddable":true,"href":"https:\/\/www.ladiagonale.net\/index.php\/wp-json\/wp\/v2\/users\/2"}],"replies":[{"embeddable":true,"href":"https:\/\/www.ladiagonale.net\/index.php\/wp-json\/wp\/v2\/comments?post=20127"}],"version-history":[{"count":12,"href":"https:\/\/www.ladiagonale.net\/index.php\/wp-json\/wp\/v2\/posts\/20127\/revisions"}],"predecessor-version":[{"id":20148,"href":"https:\/\/www.ladiagonale.net\/index.php\/wp-json\/wp\/v2\/posts\/20127\/revisions\/20148"}],"wp:attachment":[{"href":"https:\/\/www.ladiagonale.net\/index.php\/wp-json\/wp\/v2\/media?parent=20127"}],"wp:term":[{"taxonomy":"category","embeddable":true,"href":"https:\/\/www.ladiagonale.net\/index.php\/wp-json\/wp\/v2\/categories?post=20127"},{"taxonomy":"post_tag","embeddable":true,"href":"https:\/\/www.ladiagonale.net\/index.php\/wp-json\/wp\/v2\/tags?post=20127"}],"curies":[{"name":"wp","href":"https:\/\/api.w.org\/{rel}","templated":true}]}}