{"id":20129,"date":"2024-01-25T18:49:27","date_gmt":"2024-01-25T17:49:27","guid":{"rendered":"https:\/\/www.ladiagonale.net\/?p=20129"},"modified":"2024-01-25T19:25:46","modified_gmt":"2024-01-25T18:25:46","slug":"officiel-ben-seghir-prolonge","status":"publish","type":"post","link":"https:\/\/www.ladiagonale.net\/index.php\/2024\/01\/25\/officiel-ben-seghir-prolonge\/","title":{"rendered":"Officiel : Ben Seghir prolonge de deux ans"},"content":{"rendered":"\n\n\n<p>Dans une semaine o\u00f9 les nouvelles n&rsquo;ont pas toujours \u00e9t\u00e9 bonnes, l&rsquo;annonce de la prolongation d&rsquo;Eliesse Ben Seghir a quelque chose de r\u00e9jouissant. Le jeune milieu offensif de l&rsquo;AS Monaco a \u00e9tendu son bail avec l&rsquo;AS Monaco de deux saisons et est d\u00e9sormais li\u00e9 au club de la Principaut\u00e9 jusqu&rsquo;en juin 2027. Ben Seghir avait sign\u00e9 son premier contrat professionnel le 5 ao\u00fbt 2022 et avait r\u00e9alis\u00e9 des d\u00e9buts tonitruants avec le maillot \u00e0 la diagonale, lanc\u00e9 dans le grand bain par Philippe Clement le 28 d\u00e9cembre 2022 \u00e0 Auxerre, o\u00f9 il avait inscrit un doubl\u00e9. R\u00e9v\u00e9lation de la saison derni\u00e8re, il compte 25 apparitions avec l&rsquo;ASM, pour quatre buts inscrits et deux passes d\u00e9cisives.<\/p>\n\n\n\n<p>Cette saison, celui qui f\u00eatera ses 19 ans le 16 f\u00e9vrier a cependant tr\u00e8s peu jou\u00e9 <em>(2 apparitions pour 32 minutes de jeu)<\/em>, frein\u00e9 par plusieurs blessures. Tenu en haute estime par Adi H\u00fctter, Ben Seghir a \u00e9t\u00e9 touch\u00e9 \u00e0 deux reprises \u00e0 une cuisse contre Arsenal <em>(le 2 ao\u00fbt)<\/em> puis le jour du match contre Strasbourg <em>(le 20 ao\u00fbt)<\/em>. Deux contretemps auxquels s&rsquo;est ajout\u00e9e une luxation de l&rsquo;\u00e9paule gauche lors d&rsquo;un match avec le Groupe \u00c9lite contre la r\u00e9serve de Lille <em>(le 30 octobre)<\/em>. Il a depuis repris l&rsquo;entra\u00eenement et n&rsquo;attend plus que le feu vert de son entra\u00eeneur pour retrouver les terrains.<\/p>\n","protected":false},"excerpt":{"rendered":"<p>Dans une semaine o\u00f9 les nouvelles n&rsquo;ont pas toujours \u00e9t\u00e9 bonnes, l&rsquo;annonce de la prolongation d&rsquo;Eliesse Ben Seghir a quelque chose de r\u00e9jouissant. Le jeune milieu offensif de l&rsquo;AS Monaco a \u00e9tendu son bail avec l&rsquo;AS Monaco de deux saisons et est d\u00e9sormais li\u00e9 au club de la Principaut\u00e9 jusqu&rsquo;en juin 2027. Ben Seghir avait [&#8230;]\n","protected":false},"author":2,"featured_media":0,"comment_status":"open","ping_status":"open","sticky":false,"template":"","format":"standard","meta":[],"categories":[4,6],"tags":[86,286,186],"yoast_head":"<!-- This site is optimized with the Yoast SEO plugin v19.8 - https:\/\/yoast.com\/wordpress\/plugins\/seo\/ -->\n<title>Officiel : Ben Seghir prolonge de deux ans - La Diagonale<\/title>\n<meta name=\"robots\" content=\"index, follow, max-snippet:-1, max-image-preview:large, max-video-preview:-1\" \/>\n<link rel=\"canonical\" href=\"https:\/\/www.ladiagonale.net\/index.php\/2024\/01\/25\/officiel-ben-seghir-prolonge\/\" \/>\n<meta property=\"og:locale\" content=\"fr_FR\" \/>\n<meta property=\"og:type\" content=\"article\" \/>\n<meta property=\"og:title\" content=\"Officiel : Ben Seghir prolonge de deux ans - La Diagonale\" \/>\n<meta property=\"og:description\" content=\"Dans une semaine o\u00f9 les nouvelles n&rsquo;ont pas toujours \u00e9t\u00e9 bonnes, l&rsquo;annonce de la prolongation d&rsquo;Eliesse Ben Seghir a quelque chose de r\u00e9jouissant. Le jeune milieu offensif de l&rsquo;AS Monaco a \u00e9tendu son bail avec l&rsquo;AS Monaco de deux saisons et est d\u00e9sormais li\u00e9 au club de la Principaut\u00e9 jusqu&rsquo;en juin 2027. Ben Seghir avait [...]\" \/>\n<meta property=\"og:url\" content=\"https:\/\/www.ladiagonale.net\/index.php\/2024\/01\/25\/officiel-ben-seghir-prolonge\/\" \/>\n<meta property=\"og:site_name\" content=\"La Diagonale\" \/>\n<meta property=\"article:published_time\" content=\"2024-01-25T17:49:27+00:00\" \/>\n<meta property=\"article:modified_time\" content=\"2024-01-25T18:25:46+00:00\" \/>\n<meta property=\"og:image\" content=\"https:\/\/www.ladiagonale.net\/wp-content\/uploads\/2024\/01\/BSTS.png\" \/>\n\t<meta property=\"og:image:width\" content=\"1160\" \/>\n\t<meta property=\"og:image:height\" content=\"650\" \/>\n\t<meta property=\"og:image:type\" content=\"image\/png\" \/>\n<meta name=\"author\" content=\"Damien Dellerba\" \/>\n<meta name=\"twitter:card\" content=\"summary_large_image\" \/>\n<meta name=\"twitter:image\" content=\"https:\/\/www.ladiagonale.net\/wp-content\/uploads\/2024\/01\/BSTS.png\" \/>\n<meta name=\"twitter:label1\" content=\"\u00c9crit par\" \/>\n\t<meta name=\"twitter:data1\" content=\"Damien Dellerba\" \/>\n\t<meta name=\"twitter:label2\" content=\"Dur\u00e9e de lecture estim\u00e9e\" \/>\n\t<meta name=\"twitter:data2\" content=\"2 minutes\" \/>\n<script type=\"application\/ld+json\" class=\"yoast-schema-graph\">{\"@context\":\"https:\/\/schema.org\",\"@graph\":[{\"@type\":\"WebPage\",\"@id\":\"https:\/\/www.ladiagonale.net\/index.php\/2024\/01\/25\/officiel-ben-seghir-prolonge\/\",\"url\":\"https:\/\/www.ladiagonale.net\/index.php\/2024\/01\/25\/officiel-ben-seghir-prolonge\/\",\"name\":\"Officiel : Ben Seghir prolonge de deux ans - La Diagonale\",\"isPartOf\":{\"@id\":\"https:\/\/www.ladiagonale.net\/#website\"},\"datePublished\":\"2024-01-25T17:49:27+00:00\",\"dateModified\":\"2024-01-25T18:25:46+00:00\",\"author\":{\"@id\":\"https:\/\/www.ladiagonale.net\/#\/schema\/person\/79ff1e7b0853ed01b2aa26e64ad300bf\"},\"breadcrumb\":{\"@id\":\"https:\/\/www.ladiagonale.net\/index.php\/2024\/01\/25\/officiel-ben-seghir-prolonge\/#breadcrumb\"},\"inLanguage\":\"fr-FR\",\"potentialAction\":[{\"@type\":\"ReadAction\",\"target\":[\"https:\/\/www.ladiagonale.net\/index.php\/2024\/01\/25\/officiel-ben-seghir-prolonge\/\"]}]},{\"@type\":\"BreadcrumbList\",\"@id\":\"https:\/\/www.ladiagonale.net\/index.php\/2024\/01\/25\/officiel-ben-seghir-prolonge\/#breadcrumb\",\"itemListElement\":[{\"@type\":\"ListItem\",\"position\":1,\"name\":\"Accueil\",\"item\":\"https:\/\/www.ladiagonale.net\/\"},{\"@type\":\"ListItem\",\"position\":2,\"name\":\"Officiel : Ben Seghir prolonge de deux ans\"}]},{\"@type\":\"WebSite\",\"@id\":\"https:\/\/www.ladiagonale.net\/#website\",\"url\":\"https:\/\/www.ladiagonale.net\/\",\"name\":\"La Diagonale\",\"description\":\"Le site des supporters de l&#039;AS Monaco FC\",\"potentialAction\":[{\"@type\":\"SearchAction\",\"target\":{\"@type\":\"EntryPoint\",\"urlTemplate\":\"https:\/\/www.ladiagonale.net\/?s={search_term_string}\"},\"query-input\":\"required name=search_term_string\"}],\"inLanguage\":\"fr-FR\"},{\"@type\":\"Person\",\"@id\":\"https:\/\/www.ladiagonale.net\/#\/schema\/person\/79ff1e7b0853ed01b2aa26e64ad300bf\",\"name\":\"Damien Dellerba\",\"image\":{\"@type\":\"ImageObject\",\"inLanguage\":\"fr-FR\",\"@id\":\"https:\/\/www.ladiagonale.net\/#\/schema\/person\/image\/\",\"url\":\"https:\/\/secure.gravatar.com\/avatar\/c7850e06d3ff63cdbaee88b7fc16e2f0?s=96&d=mm&r=g\",\"contentUrl\":\"https:\/\/secure.gravatar.com\/avatar\/c7850e06d3ff63cdbaee88b7fc16e2f0?s=96&d=mm&r=g\",\"caption\":\"Damien Dellerba\"},\"url\":\"https:\/\/www.ladiagonale.net\/index.php\/author\/damien\/\"}]}<\/script>\n<!-- \/ Yoast SEO plugin. -->","yoast_head_json":{"title":"Officiel : Ben Seghir prolonge de deux ans - La Diagonale","robots":{"index":"index","follow":"follow","max-snippet":"max-snippet:-1","max-image-preview":"max-image-preview:large","max-video-preview":"max-video-preview:-1"},"canonical":"https:\/\/www.ladiagonale.net\/index.php\/2024\/01\/25\/officiel-ben-seghir-prolonge\/","og_locale":"fr_FR","og_type":"article","og_title":"Officiel : Ben Seghir prolonge de deux ans - La Diagonale","og_description":"Dans une semaine o\u00f9 les nouvelles n&rsquo;ont pas toujours \u00e9t\u00e9 bonnes, l&rsquo;annonce de la prolongation d&rsquo;Eliesse Ben Seghir a quelque chose de r\u00e9jouissant. Le jeune milieu offensif de l&rsquo;AS Monaco a \u00e9tendu son bail avec l&rsquo;AS Monaco de deux saisons et est d\u00e9sormais li\u00e9 au club de la Principaut\u00e9 jusqu&rsquo;en juin 2027. Ben Seghir avait [...]","og_url":"https:\/\/www.ladiagonale.net\/index.php\/2024\/01\/25\/officiel-ben-seghir-prolonge\/","og_site_name":"La Diagonale","article_published_time":"2024-01-25T17:49:27+00:00","article_modified_time":"2024-01-25T18:25:46+00:00","og_image":[{"width":1160,"height":650,"url":"https:\/\/www.ladiagonale.net\/wp-content\/uploads\/2024\/01\/BSTS.png","type":"image\/png"}],"author":"Damien Dellerba","twitter_card":"summary_large_image","twitter_image":"https:\/\/www.ladiagonale.net\/wp-content\/uploads\/2024\/01\/BSTS.png","twitter_misc":{"\u00c9crit par":"Damien Dellerba","Dur\u00e9e de lecture estim\u00e9e":"2 minutes"},"schema":{"@context":"https:\/\/schema.org","@graph":[{"@type":"WebPage","@id":"https:\/\/www.ladiagonale.net\/index.php\/2024\/01\/25\/officiel-ben-seghir-prolonge\/","url":"https:\/\/www.ladiagonale.net\/index.php\/2024\/01\/25\/officiel-ben-seghir-prolonge\/","name":"Officiel : Ben Seghir prolonge de deux ans - La Diagonale","isPartOf":{"@id":"https:\/\/www.ladiagonale.net\/#website"},"datePublished":"2024-01-25T17:49:27+00:00","dateModified":"2024-01-25T18:25:46+00:00","author":{"@id":"https:\/\/www.ladiagonale.net\/#\/schema\/person\/79ff1e7b0853ed01b2aa26e64ad300bf"},"breadcrumb":{"@id":"https:\/\/www.ladiagonale.net\/index.php\/2024\/01\/25\/officiel-ben-seghir-prolonge\/#breadcrumb"},"inLanguage":"fr-FR","potentialAction":[{"@type":"ReadAction","target":["https:\/\/www.ladiagonale.net\/index.php\/2024\/01\/25\/officiel-ben-seghir-prolonge\/"]}]},{"@type":"BreadcrumbList","@id":"https:\/\/www.ladiagonale.net\/index.php\/2024\/01\/25\/officiel-ben-seghir-prolonge\/#breadcrumb","itemListElement":[{"@type":"ListItem","position":1,"name":"Accueil","item":"https:\/\/www.ladiagonale.net\/"},{"@type":"ListItem","position":2,"name":"Officiel : Ben Seghir prolonge de deux ans"}]},{"@type":"WebSite","@id":"https:\/\/www.ladiagonale.net\/#website","url":"https:\/\/www.ladiagonale.net\/","name":"La Diagonale","description":"Le site des supporters de l&#039;AS Monaco FC","potentialAction":[{"@type":"SearchAction","target":{"@type":"EntryPoint","urlTemplate":"https:\/\/www.ladiagonale.net\/?s={search_term_string}"},"query-input":"required name=search_term_string"}],"inLanguage":"fr-FR"},{"@type":"Person","@id":"https:\/\/www.ladiagonale.net\/#\/schema\/person\/79ff1e7b0853ed01b2aa26e64ad300bf","name":"Damien Dellerba","image":{"@type":"ImageObject","inLanguage":"fr-FR","@id":"https:\/\/www.ladiagonale.net\/#\/schema\/person\/image\/","url":"https:\/\/secure.gravatar.com\/avatar\/c7850e06d3ff63cdbaee88b7fc16e2f0?s=96&d=mm&r=g","contentUrl":"https:\/\/secure.gravatar.com\/avatar\/c7850e06d3ff63cdbaee88b7fc16e2f0?s=96&d=mm&r=g","caption":"Damien Dellerba"},"url":"https:\/\/www.ladiagonale.net\/index.php\/author\/damien\/"}]}},"_links":{"self":[{"href":"https:\/\/www.ladiagonale.net\/index.php\/wp-json\/wp\/v2\/posts\/20129"}],"collection":[{"href":"https:\/\/www.ladiagonale.net\/index.php\/wp-json\/wp\/v2\/posts"}],"about":[{"href":"https:\/\/www.ladiagonale.net\/index.php\/wp-json\/wp\/v2\/types\/post"}],"author":[{"embeddable":true,"href":"https:\/\/www.ladiagonale.net\/index.php\/wp-json\/wp\/v2\/users\/2"}],"replies":[{"embeddable":true,"href":"https:\/\/www.ladiagonale.net\/index.php\/wp-json\/wp\/v2\/comments?post=20129"}],"version-history":[{"count":6,"href":"https:\/\/www.ladiagonale.net\/index.php\/wp-json\/wp\/v2\/posts\/20129\/revisions"}],"predecessor-version":[{"id":20152,"href":"https:\/\/www.ladiagonale.net\/index.php\/wp-json\/wp\/v2\/posts\/20129\/revisions\/20152"}],"wp:attachment":[{"href":"https:\/\/www.ladiagonale.net\/index.php\/wp-json\/wp\/v2\/media?parent=20129"}],"wp:term":[{"taxonomy":"category","embeddable":true,"href":"https:\/\/www.ladiagonale.net\/index.php\/wp-json\/wp\/v2\/categories?post=20129"},{"taxonomy":"post_tag","embeddable":true,"href":"https:\/\/www.ladiagonale.net\/index.php\/wp-json\/wp\/v2\/tags?post=20129"}],"curies":[{"name":"wp","href":"https:\/\/api.w.org\/{rel}","templated":true}]}}