{"id":20232,"date":"2024-01-28T00:24:50","date_gmt":"2024-01-27T23:24:50","guid":{"rendered":"https:\/\/www.ladiagonale.net\/?p=20232"},"modified":"2024-01-28T00:37:51","modified_gmt":"2024-01-27T23:37:51","slug":"pour-scuro-la-var-aurait-du-corriger-les-erreurs-darbitrage","status":"publish","type":"post","link":"https:\/\/www.ladiagonale.net\/index.php\/2024\/01\/28\/pour-scuro-la-var-aurait-du-corriger-les-erreurs-darbitrage\/","title":{"rendered":"Pour Scuro, la VAR aurait d\u00fb corriger les erreurs d\u2019arbitrage"},"content":{"rendered":"\n\n\n<p>S\u2019il s\u2019est montr\u00e9 tr\u00e8s calme en zone mixte ou au micro de <em>Canal+<\/em>, Thiago Scuro, le directeur g\u00e9n\u00e9ral de l\u2019AS Monaco, a point\u00e9 du doigt les erreurs de l\u2019arbitre de ce Marseille-Monaco et regrette l\u2019impact qu\u2019elles ont eu sur la rencontre : \u00ab&nbsp;<em>Je pense qu\u2019il y a une erreur de Maripan, qui a peut-\u00eatre \u00e9t\u00e9 un peu trop agressif. Il y a plusieurs points sur cette action qui montrent que le carton rouge \u00e9tait trop s\u00e9v\u00e8re et c\u2019est la raison pour laquelle la VAR a \u00e9t\u00e9 adopt\u00e9e dans le foot, pour corriger des erreurs d\u2019arbitrage durant une rencontre. Nous ne comprenons pas pourquoi la VAR n\u2019a pas chang\u00e9 la d\u00e9cision.<\/em> \u00bb<\/p>\n\n\n\n<p>Si le rouge re\u00e7u par Maripan n\u2019\u00e9tait pas m\u00e9rit\u00e9, Scuro s\u2019est montr\u00e9 perplexe sur une autre situation qui aurait sans doute d\u00fb valoir une expulsion \u00e0 Emran Soglo, le d\u00e9fenseur marseillais, coupable d\u2019une faute grossi\u00e8re sur Kassoum Ouattara : \u00ab\u00a0<em>Selon moi, l\u2019arbitre a fait des erreurs tr\u00e8s nettes, a assen\u00e9 Scuro. C\u2019est factuel, quand vous voyez le carton rouge donn\u00e9 \u00e0 Maripan, ou l\u2019action avec Kassoum Ouattara. Comment cela se fait-il que l\u2019arbitre a donn\u00e9 un carton jaune sans siffler faute ? Malheureusement, l\u2019arbitre a eu un gros impact sur le jeu.<\/em>\u00a0\u00bb<\/p>\n\n\n\n<figure class=\"wp-block-embed is-type-rich is-provider-twitter wp-block-embed-twitter\"><div class=\"wp-block-embed__wrapper\">\n<blockquote class=\"twitter-tweet\" data-width=\"550\" data-dnt=\"true\"><p lang=\"fr\" dir=\"ltr\">\ud83c\uddf2\ud83c\udde8 Thiago Scuro, Directeur G\u00e9n\u00e9ral de l&#39;<a href=\"https:\/\/twitter.com\/AS_Monaco?ref_src=twsrc%5Etfw\">@AS_Monaco<\/a>,  revient sur le match et les d\u00e9cisions arbitrales. :<br><br>\u00ab\u00a0Nous n&#39;acceptons pas ce qui s&#39;est pass\u00e9 ce soir. Un grand match avec des grands joueurs mais pas avec une bonne qualit\u00e9 d&#39;arbitrage [&#8230;] Mais on veut souligner l&#39;\u00e9nergie\u2026 <a href=\"https:\/\/t.co\/g0SheBSUGY\">pic.twitter.com\/g0SheBSUGY<\/a><\/p>&mdash; Free Ligue 1 (@FreeLigue1) <a href=\"https:\/\/twitter.com\/FreeLigue1\/status\/1751376325040890262?ref_src=twsrc%5Etfw\">January 27, 2024<\/a><\/blockquote><script async src=\"https:\/\/platform.twitter.com\/widgets.js\" charset=\"utf-8\"><\/script>\n<\/div><\/figure>\n\n\n\n<p>Le Br\u00e9silien a ensuite tenu \u00e0 saluer les efforts fournis par ses joueurs, qui ont tenu bon malgr\u00e9 les d\u00e9cisions d\u00e9favorables : \u00ab&nbsp;<em>Nous retirons beaucoup de positif de cette soir\u00e9e, \u00e0-propos de l\u2019\u00e9tat d\u2019esprit, de la mani\u00e8re dont on s\u2019est battu. Nous avons continu\u00e9 de jouer de fa\u00e7on agressive avec un joueur en moins. Sur les derniers matchs, nous nous sommes remis sur de bons rails, comme en d\u00e9but de saison o\u00f9 nous jouions un football excitant. J\u2019esp\u00e8re que nous allons continuer \u00e0 progresser et que le match de ce soir (samedi) sera un bon point de d\u00e9part.<\/em>&nbsp;\u00bb<\/p>\n","protected":false},"excerpt":{"rendered":"<p>S\u2019il s\u2019est montr\u00e9 tr\u00e8s calme en zone mixte ou au micro de Canal+, Thiago Scuro, le directeur g\u00e9n\u00e9ral de l\u2019AS Monaco, a point\u00e9 du doigt les erreurs de l\u2019arbitre de ce Marseille-Monaco et regrette l\u2019impact qu\u2019elles ont eu sur la rencontre : \u00ab&nbsp;Je pense qu\u2019il y a une erreur de Maripan, qui a peut-\u00eatre \u00e9t\u00e9 [&#8230;]\n","protected":false},"author":2,"featured_media":0,"comment_status":"open","ping_status":"open","sticky":false,"template":"","format":"standard","meta":[],"categories":[6],"tags":[86,94,374,479],"yoast_head":"<!-- This site is optimized with the Yoast SEO plugin v19.8 - https:\/\/yoast.com\/wordpress\/plugins\/seo\/ -->\n<title>Pour Scuro, la VAR aurait d\u00fb corriger les erreurs d\u2019arbitrage - La Diagonale<\/title>\n<meta name=\"robots\" content=\"index, follow, max-snippet:-1, max-image-preview:large, max-video-preview:-1\" \/>\n<link rel=\"canonical\" href=\"https:\/\/www.ladiagonale.net\/index.php\/2024\/01\/28\/pour-scuro-la-var-aurait-du-corriger-les-erreurs-darbitrage\/\" \/>\n<meta property=\"og:locale\" content=\"fr_FR\" \/>\n<meta property=\"og:type\" content=\"article\" \/>\n<meta property=\"og:title\" content=\"Pour Scuro, la VAR aurait d\u00fb corriger les erreurs d\u2019arbitrage - La Diagonale\" \/>\n<meta property=\"og:description\" content=\"S\u2019il s\u2019est montr\u00e9 tr\u00e8s calme en zone mixte ou au micro de Canal+, Thiago Scuro, le directeur g\u00e9n\u00e9ral de l\u2019AS Monaco, a point\u00e9 du doigt les erreurs de l\u2019arbitre de ce Marseille-Monaco et regrette l\u2019impact qu\u2019elles ont eu sur la rencontre : \u00ab&nbsp;Je pense qu\u2019il y a une erreur de Maripan, qui a peut-\u00eatre \u00e9t\u00e9 [...]\" \/>\n<meta property=\"og:url\" content=\"https:\/\/www.ladiagonale.net\/index.php\/2024\/01\/28\/pour-scuro-la-var-aurait-du-corriger-les-erreurs-darbitrage\/\" \/>\n<meta property=\"og:site_name\" content=\"La Diagonale\" \/>\n<meta property=\"article:published_time\" content=\"2024-01-27T23:24:50+00:00\" \/>\n<meta property=\"article:modified_time\" content=\"2024-01-27T23:37:51+00:00\" \/>\n<meta property=\"og:image\" content=\"https:\/\/www.ladiagonale.net\/wp-content\/uploads\/2024\/01\/scuro-2.png\" \/>\n\t<meta property=\"og:image:width\" content=\"1160\" \/>\n\t<meta property=\"og:image:height\" content=\"650\" \/>\n\t<meta property=\"og:image:type\" content=\"image\/png\" \/>\n<meta name=\"author\" content=\"Damien Dellerba\" \/>\n<meta name=\"twitter:card\" content=\"summary_large_image\" \/>\n<meta name=\"twitter:image\" content=\"https:\/\/www.ladiagonale.net\/wp-content\/uploads\/2024\/01\/scuro-2.png\" \/>\n<meta name=\"twitter:label1\" content=\"\u00c9crit par\" \/>\n\t<meta name=\"twitter:data1\" content=\"Damien Dellerba\" \/>\n\t<meta name=\"twitter:label2\" content=\"Dur\u00e9e de lecture estim\u00e9e\" \/>\n\t<meta name=\"twitter:data2\" content=\"2 minutes\" \/>\n<script type=\"application\/ld+json\" class=\"yoast-schema-graph\">{\"@context\":\"https:\/\/schema.org\",\"@graph\":[{\"@type\":\"WebPage\",\"@id\":\"https:\/\/www.ladiagonale.net\/index.php\/2024\/01\/28\/pour-scuro-la-var-aurait-du-corriger-les-erreurs-darbitrage\/\",\"url\":\"https:\/\/www.ladiagonale.net\/index.php\/2024\/01\/28\/pour-scuro-la-var-aurait-du-corriger-les-erreurs-darbitrage\/\",\"name\":\"Pour Scuro, la VAR aurait d\u00fb corriger les erreurs d\u2019arbitrage - La Diagonale\",\"isPartOf\":{\"@id\":\"https:\/\/www.ladiagonale.net\/#website\"},\"datePublished\":\"2024-01-27T23:24:50+00:00\",\"dateModified\":\"2024-01-27T23:37:51+00:00\",\"author\":{\"@id\":\"https:\/\/www.ladiagonale.net\/#\/schema\/person\/79ff1e7b0853ed01b2aa26e64ad300bf\"},\"breadcrumb\":{\"@id\":\"https:\/\/www.ladiagonale.net\/index.php\/2024\/01\/28\/pour-scuro-la-var-aurait-du-corriger-les-erreurs-darbitrage\/#breadcrumb\"},\"inLanguage\":\"fr-FR\",\"potentialAction\":[{\"@type\":\"ReadAction\",\"target\":[\"https:\/\/www.ladiagonale.net\/index.php\/2024\/01\/28\/pour-scuro-la-var-aurait-du-corriger-les-erreurs-darbitrage\/\"]}]},{\"@type\":\"BreadcrumbList\",\"@id\":\"https:\/\/www.ladiagonale.net\/index.php\/2024\/01\/28\/pour-scuro-la-var-aurait-du-corriger-les-erreurs-darbitrage\/#breadcrumb\",\"itemListElement\":[{\"@type\":\"ListItem\",\"position\":1,\"name\":\"Accueil\",\"item\":\"https:\/\/www.ladiagonale.net\/\"},{\"@type\":\"ListItem\",\"position\":2,\"name\":\"Pour Scuro, la VAR aurait d\u00fb corriger les erreurs d\u2019arbitrage\"}]},{\"@type\":\"WebSite\",\"@id\":\"https:\/\/www.ladiagonale.net\/#website\",\"url\":\"https:\/\/www.ladiagonale.net\/\",\"name\":\"La Diagonale\",\"description\":\"Le site des supporters de l&#039;AS Monaco FC\",\"potentialAction\":[{\"@type\":\"SearchAction\",\"target\":{\"@type\":\"EntryPoint\",\"urlTemplate\":\"https:\/\/www.ladiagonale.net\/?s={search_term_string}\"},\"query-input\":\"required name=search_term_string\"}],\"inLanguage\":\"fr-FR\"},{\"@type\":\"Person\",\"@id\":\"https:\/\/www.ladiagonale.net\/#\/schema\/person\/79ff1e7b0853ed01b2aa26e64ad300bf\",\"name\":\"Damien Dellerba\",\"image\":{\"@type\":\"ImageObject\",\"inLanguage\":\"fr-FR\",\"@id\":\"https:\/\/www.ladiagonale.net\/#\/schema\/person\/image\/\",\"url\":\"https:\/\/secure.gravatar.com\/avatar\/c7850e06d3ff63cdbaee88b7fc16e2f0?s=96&d=mm&r=g\",\"contentUrl\":\"https:\/\/secure.gravatar.com\/avatar\/c7850e06d3ff63cdbaee88b7fc16e2f0?s=96&d=mm&r=g\",\"caption\":\"Damien Dellerba\"},\"url\":\"https:\/\/www.ladiagonale.net\/index.php\/author\/damien\/\"}]}<\/script>\n<!-- \/ Yoast SEO plugin. -->","yoast_head_json":{"title":"Pour Scuro, la VAR aurait d\u00fb corriger les erreurs d\u2019arbitrage - La Diagonale","robots":{"index":"index","follow":"follow","max-snippet":"max-snippet:-1","max-image-preview":"max-image-preview:large","max-video-preview":"max-video-preview:-1"},"canonical":"https:\/\/www.ladiagonale.net\/index.php\/2024\/01\/28\/pour-scuro-la-var-aurait-du-corriger-les-erreurs-darbitrage\/","og_locale":"fr_FR","og_type":"article","og_title":"Pour Scuro, la VAR aurait d\u00fb corriger les erreurs d\u2019arbitrage - La Diagonale","og_description":"S\u2019il s\u2019est montr\u00e9 tr\u00e8s calme en zone mixte ou au micro de Canal+, Thiago Scuro, le directeur g\u00e9n\u00e9ral de l\u2019AS Monaco, a point\u00e9 du doigt les erreurs de l\u2019arbitre de ce Marseille-Monaco et regrette l\u2019impact qu\u2019elles ont eu sur la rencontre : \u00ab&nbsp;Je pense qu\u2019il y a une erreur de Maripan, qui a peut-\u00eatre \u00e9t\u00e9 [...]","og_url":"https:\/\/www.ladiagonale.net\/index.php\/2024\/01\/28\/pour-scuro-la-var-aurait-du-corriger-les-erreurs-darbitrage\/","og_site_name":"La Diagonale","article_published_time":"2024-01-27T23:24:50+00:00","article_modified_time":"2024-01-27T23:37:51+00:00","og_image":[{"width":1160,"height":650,"url":"https:\/\/www.ladiagonale.net\/wp-content\/uploads\/2024\/01\/scuro-2.png","type":"image\/png"}],"author":"Damien Dellerba","twitter_card":"summary_large_image","twitter_image":"https:\/\/www.ladiagonale.net\/wp-content\/uploads\/2024\/01\/scuro-2.png","twitter_misc":{"\u00c9crit par":"Damien Dellerba","Dur\u00e9e de lecture estim\u00e9e":"2 minutes"},"schema":{"@context":"https:\/\/schema.org","@graph":[{"@type":"WebPage","@id":"https:\/\/www.ladiagonale.net\/index.php\/2024\/01\/28\/pour-scuro-la-var-aurait-du-corriger-les-erreurs-darbitrage\/","url":"https:\/\/www.ladiagonale.net\/index.php\/2024\/01\/28\/pour-scuro-la-var-aurait-du-corriger-les-erreurs-darbitrage\/","name":"Pour Scuro, la VAR aurait d\u00fb corriger les erreurs d\u2019arbitrage - La Diagonale","isPartOf":{"@id":"https:\/\/www.ladiagonale.net\/#website"},"datePublished":"2024-01-27T23:24:50+00:00","dateModified":"2024-01-27T23:37:51+00:00","author":{"@id":"https:\/\/www.ladiagonale.net\/#\/schema\/person\/79ff1e7b0853ed01b2aa26e64ad300bf"},"breadcrumb":{"@id":"https:\/\/www.ladiagonale.net\/index.php\/2024\/01\/28\/pour-scuro-la-var-aurait-du-corriger-les-erreurs-darbitrage\/#breadcrumb"},"inLanguage":"fr-FR","potentialAction":[{"@type":"ReadAction","target":["https:\/\/www.ladiagonale.net\/index.php\/2024\/01\/28\/pour-scuro-la-var-aurait-du-corriger-les-erreurs-darbitrage\/"]}]},{"@type":"BreadcrumbList","@id":"https:\/\/www.ladiagonale.net\/index.php\/2024\/01\/28\/pour-scuro-la-var-aurait-du-corriger-les-erreurs-darbitrage\/#breadcrumb","itemListElement":[{"@type":"ListItem","position":1,"name":"Accueil","item":"https:\/\/www.ladiagonale.net\/"},{"@type":"ListItem","position":2,"name":"Pour Scuro, la VAR aurait d\u00fb corriger les erreurs d\u2019arbitrage"}]},{"@type":"WebSite","@id":"https:\/\/www.ladiagonale.net\/#website","url":"https:\/\/www.ladiagonale.net\/","name":"La Diagonale","description":"Le site des supporters de l&#039;AS Monaco FC","potentialAction":[{"@type":"SearchAction","target":{"@type":"EntryPoint","urlTemplate":"https:\/\/www.ladiagonale.net\/?s={search_term_string}"},"query-input":"required name=search_term_string"}],"inLanguage":"fr-FR"},{"@type":"Person","@id":"https:\/\/www.ladiagonale.net\/#\/schema\/person\/79ff1e7b0853ed01b2aa26e64ad300bf","name":"Damien Dellerba","image":{"@type":"ImageObject","inLanguage":"fr-FR","@id":"https:\/\/www.ladiagonale.net\/#\/schema\/person\/image\/","url":"https:\/\/secure.gravatar.com\/avatar\/c7850e06d3ff63cdbaee88b7fc16e2f0?s=96&d=mm&r=g","contentUrl":"https:\/\/secure.gravatar.com\/avatar\/c7850e06d3ff63cdbaee88b7fc16e2f0?s=96&d=mm&r=g","caption":"Damien Dellerba"},"url":"https:\/\/www.ladiagonale.net\/index.php\/author\/damien\/"}]}},"_links":{"self":[{"href":"https:\/\/www.ladiagonale.net\/index.php\/wp-json\/wp\/v2\/posts\/20232"}],"collection":[{"href":"https:\/\/www.ladiagonale.net\/index.php\/wp-json\/wp\/v2\/posts"}],"about":[{"href":"https:\/\/www.ladiagonale.net\/index.php\/wp-json\/wp\/v2\/types\/post"}],"author":[{"embeddable":true,"href":"https:\/\/www.ladiagonale.net\/index.php\/wp-json\/wp\/v2\/users\/2"}],"replies":[{"embeddable":true,"href":"https:\/\/www.ladiagonale.net\/index.php\/wp-json\/wp\/v2\/comments?post=20232"}],"version-history":[{"count":4,"href":"https:\/\/www.ladiagonale.net\/index.php\/wp-json\/wp\/v2\/posts\/20232\/revisions"}],"predecessor-version":[{"id":20238,"href":"https:\/\/www.ladiagonale.net\/index.php\/wp-json\/wp\/v2\/posts\/20232\/revisions\/20238"}],"wp:attachment":[{"href":"https:\/\/www.ladiagonale.net\/index.php\/wp-json\/wp\/v2\/media?parent=20232"}],"wp:term":[{"taxonomy":"category","embeddable":true,"href":"https:\/\/www.ladiagonale.net\/index.php\/wp-json\/wp\/v2\/categories?post=20232"},{"taxonomy":"post_tag","embeddable":true,"href":"https:\/\/www.ladiagonale.net\/index.php\/wp-json\/wp\/v2\/tags?post=20232"}],"curies":[{"name":"wp","href":"https:\/\/api.w.org\/{rel}","templated":true}]}}