{"id":20299,"date":"2024-01-29T19:59:09","date_gmt":"2024-01-29T18:59:09","guid":{"rendered":"https:\/\/www.ladiagonale.net\/?p=20299"},"modified":"2024-01-29T19:59:54","modified_gmt":"2024-01-29T18:59:54","slug":"ennjimi-dejuge-larbitre-dom-monaco","status":"publish","type":"post","link":"https:\/\/www.ladiagonale.net\/index.php\/2024\/01\/29\/ennjimi-dejuge-larbitre-dom-monaco\/","title":{"rendered":"Ennjimi d\u00e9juge l&rsquo;arbitre d&rsquo;OM-Monaco"},"content":{"rendered":"\n\n\n<p>L&rsquo;arbitrage de Willy Delajod lors de Marseille-Monaco n&rsquo;a pas fini de faire couler de l&rsquo;encre. Si la plupart des consultants et autres observateurs ont d\u00e9j\u00e0 point\u00e9 du doigt les erreurs de l&rsquo;homme en noir sur cette rencontre, qui va pousser l&rsquo;ASM \u00e0 <a href=\"https:\/\/www.ladiagonale.net\/index.php\/2024\/01\/29\/monaco-va-ecrire-a-la-direction-de-larbitrage\/\" target=\"_blank\" rel=\"noreferrer noopener\">\u00e9crire \u00e0 la direction technique de l&rsquo;arbitrage<\/a>, c&rsquo;est cette fois un ancien confr\u00e8re de l&rsquo;arbitre qui y est all\u00e9 de son commentaire. Sa\u00efd Ennjimi, ancien arbitre international et actuel pr\u00e9sident de la Ligue de Football Nouvelle-Aquitaine, a m\u00eame d\u00e9jug\u00e9 Willy Delajod sur plusieurs points, dans des propos recueillis par <em>RMC Sport<\/em>.<\/p>\n\n\n\n<p>Le premier fait de jeu contestable de la rencontre a \u00e9t\u00e9 l&rsquo;expulsion de Guillermo Maripan pour un contact avec Vitinha. Ennjimi a jug\u00e9 le carton rouge \u00ab <em>extr\u00eamement s\u00e9v\u00e8re<\/em> \u00bb, mais surtout, la VAR aurait d\u00fb selon lui intervenir pour revoir la d\u00e9cision. Un propos faisant \u00e9cho \u00e0 <a href=\"https:\/\/www.ladiagonale.net\/index.php\/2024\/01\/28\/pour-scuro-la-var-aurait-du-corriger-les-erreurs-darbitrage\/\" target=\"_blank\" rel=\"noreferrer noopener\">ceux tenus par Thiago Scuro<\/a> apr\u00e8s la rencontre : \u00ab\u00a0<em>Je vois un contact au niveau du bras puis le Marseillais bute lui-m\u00eame sur le Mon\u00e9gasque. Quand bien m\u00eame la faute peut se siffler, un carton jaune suffit. Je n&rsquo;ai pas le sentiment qu&rsquo;il y ait annihilation d&rsquo;une action de but, un Mon\u00e9gasque (Kehrer) est sur la m\u00eame ligne. Le rouge est totalement hors de propos \u00e0 mon sens. La VAR aurait d\u00fb dire \u00e0 l&rsquo;arbitre de revenir sur sa d\u00e9cision.<\/em>\u00a0\u00bb<\/p>\n\n\n\n<h3>Pour Ennjimi, Delajod \u00e9tait \u00ab <em>beaucoup trop \u00e9nerv\u00e9<\/em> \u00bb<\/h3>\n\n\n\n<p>L&rsquo;ancien arbitre de Ligue 1 a \u00e9galement expliqu\u00e9 qu&rsquo;il aurait mis un carton rouge \u00e0 Emran Soglo pour sa semelle sur Kassoum Ouattara, notamment pour compenser le rouge re\u00e7u par l&rsquo;ASM : \u00ab&nbsp;<em>Je pense qu&rsquo;il faut mettre le rouge. Je trouve que le match \u00e9tait assez hach\u00e9 et engag\u00e9. Dans ce contexte, avec d\u00e9j\u00e0 un rouge qui faisait d\u00e9bat, il faut arriver \u00e0 trouver l&rsquo;\u00e9quilibre. Il aurait fallu monter la s\u00e9v\u00e9rit\u00e9 de l&rsquo;arbitre et exclure le joueur. Certes il ne veut pas agresser son adversaire mais il porte quand m\u00eame son pied sur le genou, c&rsquo;est extr\u00eamement dangereux. J&rsquo;aurai mis rouge et, encore une fois, la vid\u00e9o doit intervenir.&nbsp;<\/em>\u00bb<\/p>\n\n\n\n<p>Si des erreurs de jugement ont pu \u00eatre commises par Willy Delajod mais aussi par ses assistants \u00e0 la vid\u00e9o, c&rsquo;est surtout le manque de psychologie dont il a fait preuve n&rsquo;a pas beaucoup plu \u00e0 Sa\u00efd Ennjimi : \u00ab&nbsp;<em>Il \u00e9tait beaucoup trop \u00e9nerv\u00e9. Il aurait d\u00fb garder son sang-froid, on le voit crier sur les joueurs. Sur des matchs comme cela, un peu tendus, il faut faire preuve de calme \u00e0 toute \u00e9preuve car les joueurs montent dans les tours assez facilement. C&rsquo;est un match \u00e0 tr\u00e8s fort enjeu et \u00e7a n&rsquo;a pas permis d&rsquo;apaiser le contexte g\u00e9n\u00e9ral.<\/em>&nbsp;\u00bb<\/p>\n","protected":false},"excerpt":{"rendered":"<p>L&rsquo;arbitrage de Willy Delajod lors de Marseille-Monaco n&rsquo;a pas fini de faire couler de l&rsquo;encre. Si la plupart des consultants et autres observateurs ont d\u00e9j\u00e0 point\u00e9 du doigt les erreurs de l&rsquo;homme en noir sur cette rencontre, qui va pousser l&rsquo;ASM \u00e0 \u00e9crire \u00e0 la direction technique de l&rsquo;arbitrage, c&rsquo;est cette fois un ancien confr\u00e8re [&#8230;]\n","protected":false},"author":2,"featured_media":0,"comment_status":"open","ping_status":"open","sticky":false,"template":"","format":"standard","meta":[],"categories":[6],"tags":[156,86,94,374,781,252],"yoast_head":"<!-- This site is optimized with the Yoast SEO plugin v19.8 - https:\/\/yoast.com\/wordpress\/plugins\/seo\/ -->\n<title>Ennjimi d\u00e9juge l&#039;arbitre d&#039;OM-Monaco - La Diagonale<\/title>\n<meta name=\"robots\" content=\"index, follow, max-snippet:-1, max-image-preview:large, max-video-preview:-1\" \/>\n<link rel=\"canonical\" href=\"https:\/\/www.ladiagonale.net\/index.php\/2024\/01\/29\/ennjimi-dejuge-larbitre-dom-monaco\/\" \/>\n<meta property=\"og:locale\" content=\"fr_FR\" \/>\n<meta property=\"og:type\" content=\"article\" \/>\n<meta property=\"og:title\" content=\"Ennjimi d\u00e9juge l&#039;arbitre d&#039;OM-Monaco - La Diagonale\" \/>\n<meta property=\"og:description\" content=\"L&rsquo;arbitrage de Willy Delajod lors de Marseille-Monaco n&rsquo;a pas fini de faire couler de l&rsquo;encre. Si la plupart des consultants et autres observateurs ont d\u00e9j\u00e0 point\u00e9 du doigt les erreurs de l&rsquo;homme en noir sur cette rencontre, qui va pousser l&rsquo;ASM \u00e0 \u00e9crire \u00e0 la direction technique de l&rsquo;arbitrage, c&rsquo;est cette fois un ancien confr\u00e8re [...]\" \/>\n<meta property=\"og:url\" content=\"https:\/\/www.ladiagonale.net\/index.php\/2024\/01\/29\/ennjimi-dejuge-larbitre-dom-monaco\/\" \/>\n<meta property=\"og:site_name\" content=\"La Diagonale\" \/>\n<meta property=\"article:published_time\" content=\"2024-01-29T18:59:09+00:00\" \/>\n<meta property=\"article:modified_time\" content=\"2024-01-29T18:59:54+00:00\" \/>\n<meta property=\"og:image\" content=\"https:\/\/www.ladiagonale.net\/wp-content\/uploads\/2024\/01\/Ennjimi.png\" \/>\n\t<meta property=\"og:image:width\" content=\"1160\" \/>\n\t<meta property=\"og:image:height\" content=\"650\" \/>\n\t<meta property=\"og:image:type\" content=\"image\/png\" \/>\n<meta name=\"author\" content=\"Damien Dellerba\" \/>\n<meta name=\"twitter:card\" content=\"summary_large_image\" \/>\n<meta name=\"twitter:image\" content=\"https:\/\/www.ladiagonale.net\/wp-content\/uploads\/2024\/01\/Ennjimi.png\" \/>\n<meta name=\"twitter:label1\" content=\"\u00c9crit par\" \/>\n\t<meta name=\"twitter:data1\" content=\"Damien Dellerba\" \/>\n\t<meta name=\"twitter:label2\" content=\"Dur\u00e9e de lecture estim\u00e9e\" \/>\n\t<meta name=\"twitter:data2\" content=\"3 minutes\" \/>\n<script type=\"application\/ld+json\" class=\"yoast-schema-graph\">{\"@context\":\"https:\/\/schema.org\",\"@graph\":[{\"@type\":\"WebPage\",\"@id\":\"https:\/\/www.ladiagonale.net\/index.php\/2024\/01\/29\/ennjimi-dejuge-larbitre-dom-monaco\/\",\"url\":\"https:\/\/www.ladiagonale.net\/index.php\/2024\/01\/29\/ennjimi-dejuge-larbitre-dom-monaco\/\",\"name\":\"Ennjimi d\u00e9juge l'arbitre d'OM-Monaco - La Diagonale\",\"isPartOf\":{\"@id\":\"https:\/\/www.ladiagonale.net\/#website\"},\"datePublished\":\"2024-01-29T18:59:09+00:00\",\"dateModified\":\"2024-01-29T18:59:54+00:00\",\"author\":{\"@id\":\"https:\/\/www.ladiagonale.net\/#\/schema\/person\/79ff1e7b0853ed01b2aa26e64ad300bf\"},\"breadcrumb\":{\"@id\":\"https:\/\/www.ladiagonale.net\/index.php\/2024\/01\/29\/ennjimi-dejuge-larbitre-dom-monaco\/#breadcrumb\"},\"inLanguage\":\"fr-FR\",\"potentialAction\":[{\"@type\":\"ReadAction\",\"target\":[\"https:\/\/www.ladiagonale.net\/index.php\/2024\/01\/29\/ennjimi-dejuge-larbitre-dom-monaco\/\"]}]},{\"@type\":\"BreadcrumbList\",\"@id\":\"https:\/\/www.ladiagonale.net\/index.php\/2024\/01\/29\/ennjimi-dejuge-larbitre-dom-monaco\/#breadcrumb\",\"itemListElement\":[{\"@type\":\"ListItem\",\"position\":1,\"name\":\"Accueil\",\"item\":\"https:\/\/www.ladiagonale.net\/\"},{\"@type\":\"ListItem\",\"position\":2,\"name\":\"Ennjimi d\u00e9juge l&rsquo;arbitre d&rsquo;OM-Monaco\"}]},{\"@type\":\"WebSite\",\"@id\":\"https:\/\/www.ladiagonale.net\/#website\",\"url\":\"https:\/\/www.ladiagonale.net\/\",\"name\":\"La Diagonale\",\"description\":\"Le site des supporters de l&#039;AS Monaco FC\",\"potentialAction\":[{\"@type\":\"SearchAction\",\"target\":{\"@type\":\"EntryPoint\",\"urlTemplate\":\"https:\/\/www.ladiagonale.net\/?s={search_term_string}\"},\"query-input\":\"required name=search_term_string\"}],\"inLanguage\":\"fr-FR\"},{\"@type\":\"Person\",\"@id\":\"https:\/\/www.ladiagonale.net\/#\/schema\/person\/79ff1e7b0853ed01b2aa26e64ad300bf\",\"name\":\"Damien Dellerba\",\"image\":{\"@type\":\"ImageObject\",\"inLanguage\":\"fr-FR\",\"@id\":\"https:\/\/www.ladiagonale.net\/#\/schema\/person\/image\/\",\"url\":\"https:\/\/secure.gravatar.com\/avatar\/c7850e06d3ff63cdbaee88b7fc16e2f0?s=96&d=mm&r=g\",\"contentUrl\":\"https:\/\/secure.gravatar.com\/avatar\/c7850e06d3ff63cdbaee88b7fc16e2f0?s=96&d=mm&r=g\",\"caption\":\"Damien Dellerba\"},\"url\":\"https:\/\/www.ladiagonale.net\/index.php\/author\/damien\/\"}]}<\/script>\n<!-- \/ Yoast SEO plugin. -->","yoast_head_json":{"title":"Ennjimi d\u00e9juge l'arbitre d'OM-Monaco - La Diagonale","robots":{"index":"index","follow":"follow","max-snippet":"max-snippet:-1","max-image-preview":"max-image-preview:large","max-video-preview":"max-video-preview:-1"},"canonical":"https:\/\/www.ladiagonale.net\/index.php\/2024\/01\/29\/ennjimi-dejuge-larbitre-dom-monaco\/","og_locale":"fr_FR","og_type":"article","og_title":"Ennjimi d\u00e9juge l'arbitre d'OM-Monaco - La Diagonale","og_description":"L&rsquo;arbitrage de Willy Delajod lors de Marseille-Monaco n&rsquo;a pas fini de faire couler de l&rsquo;encre. Si la plupart des consultants et autres observateurs ont d\u00e9j\u00e0 point\u00e9 du doigt les erreurs de l&rsquo;homme en noir sur cette rencontre, qui va pousser l&rsquo;ASM \u00e0 \u00e9crire \u00e0 la direction technique de l&rsquo;arbitrage, c&rsquo;est cette fois un ancien confr\u00e8re [...]","og_url":"https:\/\/www.ladiagonale.net\/index.php\/2024\/01\/29\/ennjimi-dejuge-larbitre-dom-monaco\/","og_site_name":"La Diagonale","article_published_time":"2024-01-29T18:59:09+00:00","article_modified_time":"2024-01-29T18:59:54+00:00","og_image":[{"width":1160,"height":650,"url":"https:\/\/www.ladiagonale.net\/wp-content\/uploads\/2024\/01\/Ennjimi.png","type":"image\/png"}],"author":"Damien Dellerba","twitter_card":"summary_large_image","twitter_image":"https:\/\/www.ladiagonale.net\/wp-content\/uploads\/2024\/01\/Ennjimi.png","twitter_misc":{"\u00c9crit par":"Damien Dellerba","Dur\u00e9e de lecture estim\u00e9e":"3 minutes"},"schema":{"@context":"https:\/\/schema.org","@graph":[{"@type":"WebPage","@id":"https:\/\/www.ladiagonale.net\/index.php\/2024\/01\/29\/ennjimi-dejuge-larbitre-dom-monaco\/","url":"https:\/\/www.ladiagonale.net\/index.php\/2024\/01\/29\/ennjimi-dejuge-larbitre-dom-monaco\/","name":"Ennjimi d\u00e9juge l'arbitre d'OM-Monaco - La Diagonale","isPartOf":{"@id":"https:\/\/www.ladiagonale.net\/#website"},"datePublished":"2024-01-29T18:59:09+00:00","dateModified":"2024-01-29T18:59:54+00:00","author":{"@id":"https:\/\/www.ladiagonale.net\/#\/schema\/person\/79ff1e7b0853ed01b2aa26e64ad300bf"},"breadcrumb":{"@id":"https:\/\/www.ladiagonale.net\/index.php\/2024\/01\/29\/ennjimi-dejuge-larbitre-dom-monaco\/#breadcrumb"},"inLanguage":"fr-FR","potentialAction":[{"@type":"ReadAction","target":["https:\/\/www.ladiagonale.net\/index.php\/2024\/01\/29\/ennjimi-dejuge-larbitre-dom-monaco\/"]}]},{"@type":"BreadcrumbList","@id":"https:\/\/www.ladiagonale.net\/index.php\/2024\/01\/29\/ennjimi-dejuge-larbitre-dom-monaco\/#breadcrumb","itemListElement":[{"@type":"ListItem","position":1,"name":"Accueil","item":"https:\/\/www.ladiagonale.net\/"},{"@type":"ListItem","position":2,"name":"Ennjimi d\u00e9juge l&rsquo;arbitre d&rsquo;OM-Monaco"}]},{"@type":"WebSite","@id":"https:\/\/www.ladiagonale.net\/#website","url":"https:\/\/www.ladiagonale.net\/","name":"La Diagonale","description":"Le site des supporters de l&#039;AS Monaco FC","potentialAction":[{"@type":"SearchAction","target":{"@type":"EntryPoint","urlTemplate":"https:\/\/www.ladiagonale.net\/?s={search_term_string}"},"query-input":"required name=search_term_string"}],"inLanguage":"fr-FR"},{"@type":"Person","@id":"https:\/\/www.ladiagonale.net\/#\/schema\/person\/79ff1e7b0853ed01b2aa26e64ad300bf","name":"Damien Dellerba","image":{"@type":"ImageObject","inLanguage":"fr-FR","@id":"https:\/\/www.ladiagonale.net\/#\/schema\/person\/image\/","url":"https:\/\/secure.gravatar.com\/avatar\/c7850e06d3ff63cdbaee88b7fc16e2f0?s=96&d=mm&r=g","contentUrl":"https:\/\/secure.gravatar.com\/avatar\/c7850e06d3ff63cdbaee88b7fc16e2f0?s=96&d=mm&r=g","caption":"Damien Dellerba"},"url":"https:\/\/www.ladiagonale.net\/index.php\/author\/damien\/"}]}},"_links":{"self":[{"href":"https:\/\/www.ladiagonale.net\/index.php\/wp-json\/wp\/v2\/posts\/20299"}],"collection":[{"href":"https:\/\/www.ladiagonale.net\/index.php\/wp-json\/wp\/v2\/posts"}],"about":[{"href":"https:\/\/www.ladiagonale.net\/index.php\/wp-json\/wp\/v2\/types\/post"}],"author":[{"embeddable":true,"href":"https:\/\/www.ladiagonale.net\/index.php\/wp-json\/wp\/v2\/users\/2"}],"replies":[{"embeddable":true,"href":"https:\/\/www.ladiagonale.net\/index.php\/wp-json\/wp\/v2\/comments?post=20299"}],"version-history":[{"count":3,"href":"https:\/\/www.ladiagonale.net\/index.php\/wp-json\/wp\/v2\/posts\/20299\/revisions"}],"predecessor-version":[{"id":20303,"href":"https:\/\/www.ladiagonale.net\/index.php\/wp-json\/wp\/v2\/posts\/20299\/revisions\/20303"}],"wp:attachment":[{"href":"https:\/\/www.ladiagonale.net\/index.php\/wp-json\/wp\/v2\/media?parent=20299"}],"wp:term":[{"taxonomy":"category","embeddable":true,"href":"https:\/\/www.ladiagonale.net\/index.php\/wp-json\/wp\/v2\/categories?post=20299"},{"taxonomy":"post_tag","embeddable":true,"href":"https:\/\/www.ladiagonale.net\/index.php\/wp-json\/wp\/v2\/tags?post=20299"}],"curies":[{"name":"wp","href":"https:\/\/api.w.org\/{rel}","templated":true}]}}