{"id":20322,"date":"2024-01-30T14:05:02","date_gmt":"2024-01-30T13:05:02","guid":{"rendered":"https:\/\/www.ladiagonale.net\/?p=20322"},"modified":"2024-01-30T14:05:05","modified_gmt":"2024-01-30T13:05:05","slug":"monaco-retrouve-deja-jerome-brisard","status":"publish","type":"post","link":"https:\/\/www.ladiagonale.net\/index.php\/2024\/01\/30\/monaco-retrouve-deja-jerome-brisard\/","title":{"rendered":"Monaco retrouve d\u00e9j\u00e0 J\u00e9r\u00f4me Brisard"},"content":{"rendered":"\n\n\n<p>L&rsquo;AS Monaco sort d&rsquo;une rencontre face \u00e0 l&rsquo;OM qui a \u00e9t\u00e9 \u00e9maill\u00e9e de nombreuses d\u00e9cisions contestables concernant l&rsquo;arbitrage, ce qui <a href=\"https:\/\/www.ladiagonale.net\/index.php\/2024\/01\/29\/monaco-va-ecrire-a-la-direction-de-larbitrage\/\" target=\"_blank\" rel=\"noreferrer noopener\">l&rsquo;a conduit \u00e0 \u00e9crire \u00e0 la direction technique de l&rsquo;arbitrage<\/a>. Pour ce week-end, et la r\u00e9ception du Havre dimanche (13h) en Ligue 1, l&rsquo;ASM va recroiser la route de J\u00e9r\u00f4me Brisard. Ce dernier avait arbitr\u00e9 Monaco \u00e0 l&rsquo;occasion de la 17<sup>e<\/sup> et derni\u00e8re journ\u00e9e de la phase aller, contre Toulouse <em>(2-1, le 20 d\u00e9cembre)<\/em>.<\/p>\n\n\n\n<p>Les Rouge et Blanc avaient termin\u00e9 la rencontre \u00e0 dix apr\u00e8s l&rsquo;expulsion pour le coup m\u00e9rit\u00e9e d&rsquo;Aleksandr Golovin, auteur d&rsquo;un geste d&rsquo;humeur sur Aron D\u00f6nnum. Brisard sera assist\u00e9 d&rsquo;Erwan Finjean et Nicolas Rodrigues. Les Mon\u00e9gasques esp\u00e9reront surtout un peu plus d&rsquo;efficacit\u00e9 de la part de la VAR, qui sera entre les mains de Cl\u00e9ment Turpin et d&rsquo;Hakim Ben El Hadj.<\/p>\n","protected":false},"excerpt":{"rendered":"<p>L&rsquo;AS Monaco sort d&rsquo;une rencontre face \u00e0 l&rsquo;OM qui a \u00e9t\u00e9 \u00e9maill\u00e9e de nombreuses d\u00e9cisions contestables concernant l&rsquo;arbitrage, ce qui l&rsquo;a conduit \u00e0 \u00e9crire \u00e0 la direction technique de l&rsquo;arbitrage. Pour ce week-end, et la r\u00e9ception du Havre dimanche (13h) en Ligue 1, l&rsquo;ASM va recroiser la route de J\u00e9r\u00f4me Brisard. Ce dernier avait arbitr\u00e9 [&#8230;]\n","protected":false},"author":2,"featured_media":0,"comment_status":"open","ping_status":"open","sticky":false,"template":"","format":"standard","meta":[],"categories":[6],"tags":[156,86,744,94,759],"yoast_head":"<!-- This site is optimized with the Yoast SEO plugin v19.8 - https:\/\/yoast.com\/wordpress\/plugins\/seo\/ -->\n<title>Monaco retrouve d\u00e9j\u00e0 J\u00e9r\u00f4me Brisard - La Diagonale<\/title>\n<meta name=\"robots\" content=\"index, follow, max-snippet:-1, max-image-preview:large, max-video-preview:-1\" \/>\n<link rel=\"canonical\" href=\"https:\/\/www.ladiagonale.net\/index.php\/2024\/01\/30\/monaco-retrouve-deja-jerome-brisard\/\" \/>\n<meta property=\"og:locale\" content=\"fr_FR\" \/>\n<meta property=\"og:type\" content=\"article\" \/>\n<meta property=\"og:title\" content=\"Monaco retrouve d\u00e9j\u00e0 J\u00e9r\u00f4me Brisard - La Diagonale\" \/>\n<meta property=\"og:description\" content=\"L&rsquo;AS Monaco sort d&rsquo;une rencontre face \u00e0 l&rsquo;OM qui a \u00e9t\u00e9 \u00e9maill\u00e9e de nombreuses d\u00e9cisions contestables concernant l&rsquo;arbitrage, ce qui l&rsquo;a conduit \u00e0 \u00e9crire \u00e0 la direction technique de l&rsquo;arbitrage. Pour ce week-end, et la r\u00e9ception du Havre dimanche (13h) en Ligue 1, l&rsquo;ASM va recroiser la route de J\u00e9r\u00f4me Brisard. Ce dernier avait arbitr\u00e9 [...]\" \/>\n<meta property=\"og:url\" content=\"https:\/\/www.ladiagonale.net\/index.php\/2024\/01\/30\/monaco-retrouve-deja-jerome-brisard\/\" \/>\n<meta property=\"og:site_name\" content=\"La Diagonale\" \/>\n<meta property=\"article:published_time\" content=\"2024-01-30T13:05:02+00:00\" \/>\n<meta property=\"article:modified_time\" content=\"2024-01-30T13:05:05+00:00\" \/>\n<meta property=\"og:image\" content=\"https:\/\/www.ladiagonale.net\/wp-content\/uploads\/2023\/01\/brisard.png\" \/>\n\t<meta property=\"og:image:width\" content=\"1160\" \/>\n\t<meta property=\"og:image:height\" content=\"650\" \/>\n\t<meta property=\"og:image:type\" content=\"image\/png\" \/>\n<meta name=\"author\" content=\"Damien Dellerba\" \/>\n<meta name=\"twitter:card\" content=\"summary_large_image\" \/>\n<meta name=\"twitter:image\" content=\"https:\/\/www.ladiagonale.net\/wp-content\/uploads\/2023\/01\/brisard.png\" \/>\n<meta name=\"twitter:label1\" content=\"\u00c9crit par\" \/>\n\t<meta name=\"twitter:data1\" content=\"Damien Dellerba\" \/>\n\t<meta name=\"twitter:label2\" content=\"Dur\u00e9e de lecture estim\u00e9e\" \/>\n\t<meta name=\"twitter:data2\" content=\"1 minute\" \/>\n<script type=\"application\/ld+json\" class=\"yoast-schema-graph\">{\"@context\":\"https:\/\/schema.org\",\"@graph\":[{\"@type\":\"WebPage\",\"@id\":\"https:\/\/www.ladiagonale.net\/index.php\/2024\/01\/30\/monaco-retrouve-deja-jerome-brisard\/\",\"url\":\"https:\/\/www.ladiagonale.net\/index.php\/2024\/01\/30\/monaco-retrouve-deja-jerome-brisard\/\",\"name\":\"Monaco retrouve d\u00e9j\u00e0 J\u00e9r\u00f4me Brisard - La Diagonale\",\"isPartOf\":{\"@id\":\"https:\/\/www.ladiagonale.net\/#website\"},\"datePublished\":\"2024-01-30T13:05:02+00:00\",\"dateModified\":\"2024-01-30T13:05:05+00:00\",\"author\":{\"@id\":\"https:\/\/www.ladiagonale.net\/#\/schema\/person\/79ff1e7b0853ed01b2aa26e64ad300bf\"},\"breadcrumb\":{\"@id\":\"https:\/\/www.ladiagonale.net\/index.php\/2024\/01\/30\/monaco-retrouve-deja-jerome-brisard\/#breadcrumb\"},\"inLanguage\":\"fr-FR\",\"potentialAction\":[{\"@type\":\"ReadAction\",\"target\":[\"https:\/\/www.ladiagonale.net\/index.php\/2024\/01\/30\/monaco-retrouve-deja-jerome-brisard\/\"]}]},{\"@type\":\"BreadcrumbList\",\"@id\":\"https:\/\/www.ladiagonale.net\/index.php\/2024\/01\/30\/monaco-retrouve-deja-jerome-brisard\/#breadcrumb\",\"itemListElement\":[{\"@type\":\"ListItem\",\"position\":1,\"name\":\"Accueil\",\"item\":\"https:\/\/www.ladiagonale.net\/\"},{\"@type\":\"ListItem\",\"position\":2,\"name\":\"Monaco retrouve d\u00e9j\u00e0 J\u00e9r\u00f4me Brisard\"}]},{\"@type\":\"WebSite\",\"@id\":\"https:\/\/www.ladiagonale.net\/#website\",\"url\":\"https:\/\/www.ladiagonale.net\/\",\"name\":\"La Diagonale\",\"description\":\"Le site des supporters de l&#039;AS Monaco FC\",\"potentialAction\":[{\"@type\":\"SearchAction\",\"target\":{\"@type\":\"EntryPoint\",\"urlTemplate\":\"https:\/\/www.ladiagonale.net\/?s={search_term_string}\"},\"query-input\":\"required name=search_term_string\"}],\"inLanguage\":\"fr-FR\"},{\"@type\":\"Person\",\"@id\":\"https:\/\/www.ladiagonale.net\/#\/schema\/person\/79ff1e7b0853ed01b2aa26e64ad300bf\",\"name\":\"Damien Dellerba\",\"image\":{\"@type\":\"ImageObject\",\"inLanguage\":\"fr-FR\",\"@id\":\"https:\/\/www.ladiagonale.net\/#\/schema\/person\/image\/\",\"url\":\"https:\/\/secure.gravatar.com\/avatar\/c7850e06d3ff63cdbaee88b7fc16e2f0?s=96&d=mm&r=g\",\"contentUrl\":\"https:\/\/secure.gravatar.com\/avatar\/c7850e06d3ff63cdbaee88b7fc16e2f0?s=96&d=mm&r=g\",\"caption\":\"Damien Dellerba\"},\"url\":\"https:\/\/www.ladiagonale.net\/index.php\/author\/damien\/\"}]}<\/script>\n<!-- \/ Yoast SEO plugin. -->","yoast_head_json":{"title":"Monaco retrouve d\u00e9j\u00e0 J\u00e9r\u00f4me Brisard - La Diagonale","robots":{"index":"index","follow":"follow","max-snippet":"max-snippet:-1","max-image-preview":"max-image-preview:large","max-video-preview":"max-video-preview:-1"},"canonical":"https:\/\/www.ladiagonale.net\/index.php\/2024\/01\/30\/monaco-retrouve-deja-jerome-brisard\/","og_locale":"fr_FR","og_type":"article","og_title":"Monaco retrouve d\u00e9j\u00e0 J\u00e9r\u00f4me Brisard - La Diagonale","og_description":"L&rsquo;AS Monaco sort d&rsquo;une rencontre face \u00e0 l&rsquo;OM qui a \u00e9t\u00e9 \u00e9maill\u00e9e de nombreuses d\u00e9cisions contestables concernant l&rsquo;arbitrage, ce qui l&rsquo;a conduit \u00e0 \u00e9crire \u00e0 la direction technique de l&rsquo;arbitrage. Pour ce week-end, et la r\u00e9ception du Havre dimanche (13h) en Ligue 1, l&rsquo;ASM va recroiser la route de J\u00e9r\u00f4me Brisard. Ce dernier avait arbitr\u00e9 [...]","og_url":"https:\/\/www.ladiagonale.net\/index.php\/2024\/01\/30\/monaco-retrouve-deja-jerome-brisard\/","og_site_name":"La Diagonale","article_published_time":"2024-01-30T13:05:02+00:00","article_modified_time":"2024-01-30T13:05:05+00:00","og_image":[{"width":1160,"height":650,"url":"https:\/\/www.ladiagonale.net\/wp-content\/uploads\/2023\/01\/brisard.png","type":"image\/png"}],"author":"Damien Dellerba","twitter_card":"summary_large_image","twitter_image":"https:\/\/www.ladiagonale.net\/wp-content\/uploads\/2023\/01\/brisard.png","twitter_misc":{"\u00c9crit par":"Damien Dellerba","Dur\u00e9e de lecture estim\u00e9e":"1 minute"},"schema":{"@context":"https:\/\/schema.org","@graph":[{"@type":"WebPage","@id":"https:\/\/www.ladiagonale.net\/index.php\/2024\/01\/30\/monaco-retrouve-deja-jerome-brisard\/","url":"https:\/\/www.ladiagonale.net\/index.php\/2024\/01\/30\/monaco-retrouve-deja-jerome-brisard\/","name":"Monaco retrouve d\u00e9j\u00e0 J\u00e9r\u00f4me Brisard - La Diagonale","isPartOf":{"@id":"https:\/\/www.ladiagonale.net\/#website"},"datePublished":"2024-01-30T13:05:02+00:00","dateModified":"2024-01-30T13:05:05+00:00","author":{"@id":"https:\/\/www.ladiagonale.net\/#\/schema\/person\/79ff1e7b0853ed01b2aa26e64ad300bf"},"breadcrumb":{"@id":"https:\/\/www.ladiagonale.net\/index.php\/2024\/01\/30\/monaco-retrouve-deja-jerome-brisard\/#breadcrumb"},"inLanguage":"fr-FR","potentialAction":[{"@type":"ReadAction","target":["https:\/\/www.ladiagonale.net\/index.php\/2024\/01\/30\/monaco-retrouve-deja-jerome-brisard\/"]}]},{"@type":"BreadcrumbList","@id":"https:\/\/www.ladiagonale.net\/index.php\/2024\/01\/30\/monaco-retrouve-deja-jerome-brisard\/#breadcrumb","itemListElement":[{"@type":"ListItem","position":1,"name":"Accueil","item":"https:\/\/www.ladiagonale.net\/"},{"@type":"ListItem","position":2,"name":"Monaco retrouve d\u00e9j\u00e0 J\u00e9r\u00f4me Brisard"}]},{"@type":"WebSite","@id":"https:\/\/www.ladiagonale.net\/#website","url":"https:\/\/www.ladiagonale.net\/","name":"La Diagonale","description":"Le site des supporters de l&#039;AS Monaco FC","potentialAction":[{"@type":"SearchAction","target":{"@type":"EntryPoint","urlTemplate":"https:\/\/www.ladiagonale.net\/?s={search_term_string}"},"query-input":"required name=search_term_string"}],"inLanguage":"fr-FR"},{"@type":"Person","@id":"https:\/\/www.ladiagonale.net\/#\/schema\/person\/79ff1e7b0853ed01b2aa26e64ad300bf","name":"Damien Dellerba","image":{"@type":"ImageObject","inLanguage":"fr-FR","@id":"https:\/\/www.ladiagonale.net\/#\/schema\/person\/image\/","url":"https:\/\/secure.gravatar.com\/avatar\/c7850e06d3ff63cdbaee88b7fc16e2f0?s=96&d=mm&r=g","contentUrl":"https:\/\/secure.gravatar.com\/avatar\/c7850e06d3ff63cdbaee88b7fc16e2f0?s=96&d=mm&r=g","caption":"Damien Dellerba"},"url":"https:\/\/www.ladiagonale.net\/index.php\/author\/damien\/"}]}},"_links":{"self":[{"href":"https:\/\/www.ladiagonale.net\/index.php\/wp-json\/wp\/v2\/posts\/20322"}],"collection":[{"href":"https:\/\/www.ladiagonale.net\/index.php\/wp-json\/wp\/v2\/posts"}],"about":[{"href":"https:\/\/www.ladiagonale.net\/index.php\/wp-json\/wp\/v2\/types\/post"}],"author":[{"embeddable":true,"href":"https:\/\/www.ladiagonale.net\/index.php\/wp-json\/wp\/v2\/users\/2"}],"replies":[{"embeddable":true,"href":"https:\/\/www.ladiagonale.net\/index.php\/wp-json\/wp\/v2\/comments?post=20322"}],"version-history":[{"count":1,"href":"https:\/\/www.ladiagonale.net\/index.php\/wp-json\/wp\/v2\/posts\/20322\/revisions"}],"predecessor-version":[{"id":20323,"href":"https:\/\/www.ladiagonale.net\/index.php\/wp-json\/wp\/v2\/posts\/20322\/revisions\/20323"}],"wp:attachment":[{"href":"https:\/\/www.ladiagonale.net\/index.php\/wp-json\/wp\/v2\/media?parent=20322"}],"wp:term":[{"taxonomy":"category","embeddable":true,"href":"https:\/\/www.ladiagonale.net\/index.php\/wp-json\/wp\/v2\/categories?post=20322"},{"taxonomy":"post_tag","embeddable":true,"href":"https:\/\/www.ladiagonale.net\/index.php\/wp-json\/wp\/v2\/tags?post=20322"}],"curies":[{"name":"wp","href":"https:\/\/api.w.org\/{rel}","templated":true}]}}