{"id":20433,"date":"2024-02-02T16:07:47","date_gmt":"2024-02-02T15:07:47","guid":{"rendered":"https:\/\/www.ladiagonale.net\/?p=20433"},"modified":"2024-02-02T16:07:51","modified_gmt":"2024-02-02T15:07:51","slug":"hutter-le-groupe-est-assez-large","status":"publish","type":"post","link":"https:\/\/www.ladiagonale.net\/index.php\/2024\/02\/02\/hutter-le-groupe-est-assez-large\/","title":{"rendered":"H\u00fctter : \u00ab\u00a0Le groupe est assez large\u00a0\u00bb"},"content":{"rendered":"\n\n\n<p>L\u2019AS Monaco a officialis\u00e9 de nombreux d\u00e9parts en pr\u00eat jeudi, lors de la derni\u00e8re journ\u00e9e du mercato. Pour Adi H\u00fctter, cela permettra \u00e0 des joueurs comme Myron Boadu ou Eliot Matazo de retrouver du temps de jeu et de la confiance : \u00ab\u00a0<em>Nous avons d\u00e9cid\u00e9, Thiago et moi, de laisser Myron partir en pr\u00eat pour les prochains mois (\u00e0 Twente). C\u2019\u00e9tait aussi son d\u00e9sir. Il conna\u00eet le championnat n\u00e9erlandais et c\u2019est le mieux pour tout le monde. Myron est heureux et pour nous c\u2019est ok. J\u2019esp\u00e8re qu\u2019il va marquer des buts et revenir \u00e0 son meilleur niveau.<\/em>\u00a0\u00bb<\/p>\n\n\n\n<p>L\u2019entra\u00eeneur autrichien a tenu le m\u00eame discours pour Matazo, qui a sign\u00e9 avec le Royal Antwerp pour les six prochains mois : \u00ab\u00a0<em>C\u2019est la m\u00eame situation avec Eliot. Lorsqu\u2019il aurait pu gagner du temps de jeu il s\u2019est bless\u00e9. Maintenant, il a l\u2019opportunit\u00e9 de partir en pr\u00eat et d\u2019avoir plus de temps de jeu. J\u2019appr\u00e9cie Eliot en tant que joueur. Pour moi, il est davantage un num\u00e9ro 8 m\u00eame s\u2019il peut jouer comme num\u00e9ro 6, mais nous avons d\u00e9j\u00e0 Zakaria, Fofana, Camara, et Diop au m\u00eame poste.<\/em>\u00a0\u00bb<\/p>\n\n\n\n<p>Avec un effectif plus restreint, H\u00fctter ne s\u2019inqui\u00e8te pas pour la suite de la saison : \u00ab\u00a0J<em>e suis satisfait de la taille de l\u2019effectif. Le groupe est assez large pour jouer deux comp\u00e9titions. Et si besoin, nous avons des joueurs du groupe \u00c9lite qui ont beaucoup de talent et qui peuvent nous rejoindre.<\/em>\u00a0\u00bb<\/p>\n\n\n\n<h3>Akliouche a \u00ab\u00a0beaucoup, beaucoup\u00a0\u00bb progress\u00e9<\/h3>\n\n\n\n<p>H\u00fctter s\u2019est montr\u00e9 aussi tr\u00e8s satisfait des performances de Maghnes Akliouche : \u00ab\u00a0<em>Nous sommes tr\u00e8s contents de son d\u00e9veloppement. Il est d\u00e9cisif, avec des buts et aussi des passes d\u00e9cisives. Il a fait un grand pas en avant sur le plan physique, il gagne des duels et il a fait un des choses fantastiques avec le ballon contre Marseille, comme sur le second but, o\u00f9 il a couru pendant pr\u00e8s de 80 m\u00e8tres en sprint. En tant que num\u00e9ro 10, vous devez \u00eatre d\u00e9cisif avec des buts et des passes d\u00e9cisifs. Et physiquement, il progresse beaucoup. (Il insiste) Beaucoup. C\u2019est encore ce qu\u2019il peut am\u00e9liorer mais ce n\u2019est pas et ce ne sera jamais Breel Embolo. Il est intelligent dans les duels mais il a vraiment progress\u00e9 par rapport \u00e0 cet \u00e9t\u00e9.\u00a0C\u2019est un joueur qui peut faire basculer une rencontre.\u00a0<\/em>\u00bb<\/p>\n\n\n\n<p>Enfin, l\u2019Autrichien a \u00e9voqu\u00e9 la rencontre \u00e0 venir face au Havre : \u00ab\u00a0<em>C\u2019est une bonne opportunit\u00e9 pour rebondir. C\u2019est un match que nous devons absolument gagner apr\u00e8s deux d\u00e9faites \u00e0 la maison. Nous devons respecter Le Havre qui est fort en contre-attaques et il faudra faire un gros match. On a beaucoup travaill\u00e9 les contres \u00e0 l\u2019entra\u00eenement. Il faudra faire attention avec le ballon pendant les phases de possession et ne pas commettre d\u2019erreurs faciles, mais aussi \u00e0 la perte pour le r\u00e9cup\u00e9rer le plus vite possible.<\/em>\u00a0\u00bb<\/p>\n","protected":false},"excerpt":{"rendered":"<p>L\u2019AS Monaco a officialis\u00e9 de nombreux d\u00e9parts en pr\u00eat jeudi, lors de la derni\u00e8re journ\u00e9e du mercato. Pour Adi H\u00fctter, cela permettra \u00e0 des joueurs comme Myron Boadu ou Eliot Matazo de retrouver du temps de jeu et de la confiance : \u00ab\u00a0Nous avons d\u00e9cid\u00e9, Thiago et moi, de laisser Myron partir en pr\u00eat pour [&#8230;]\n","protected":false},"author":2,"featured_media":0,"comment_status":"open","ping_status":"open","sticky":false,"template":"","format":"standard","meta":[],"categories":[6],"tags":[576,86,94,759],"yoast_head":"<!-- This site is optimized with the Yoast SEO plugin v19.8 - https:\/\/yoast.com\/wordpress\/plugins\/seo\/ -->\n<title>H\u00fctter : \u00ab\u00a0Le groupe est assez large\u00a0\u00bb - La Diagonale<\/title>\n<meta name=\"robots\" content=\"index, follow, max-snippet:-1, max-image-preview:large, max-video-preview:-1\" \/>\n<link rel=\"canonical\" href=\"https:\/\/www.ladiagonale.net\/index.php\/2024\/02\/02\/hutter-le-groupe-est-assez-large\/\" \/>\n<meta property=\"og:locale\" content=\"fr_FR\" \/>\n<meta property=\"og:type\" content=\"article\" \/>\n<meta property=\"og:title\" content=\"H\u00fctter : \u00ab\u00a0Le groupe est assez large\u00a0\u00bb - La Diagonale\" \/>\n<meta property=\"og:description\" content=\"L\u2019AS Monaco a officialis\u00e9 de nombreux d\u00e9parts en pr\u00eat jeudi, lors de la derni\u00e8re journ\u00e9e du mercato. Pour Adi H\u00fctter, cela permettra \u00e0 des joueurs comme Myron Boadu ou Eliot Matazo de retrouver du temps de jeu et de la confiance : \u00ab\u00a0Nous avons d\u00e9cid\u00e9, Thiago et moi, de laisser Myron partir en pr\u00eat pour [...]\" \/>\n<meta property=\"og:url\" content=\"https:\/\/www.ladiagonale.net\/index.php\/2024\/02\/02\/hutter-le-groupe-est-assez-large\/\" \/>\n<meta property=\"og:site_name\" content=\"La Diagonale\" \/>\n<meta property=\"article:published_time\" content=\"2024-02-02T15:07:47+00:00\" \/>\n<meta property=\"article:modified_time\" content=\"2024-02-02T15:07:51+00:00\" \/>\n<meta property=\"og:image\" content=\"https:\/\/www.ladiagonale.net\/wp-content\/uploads\/2023\/07\/hu\u0308tter.png\" \/>\n\t<meta property=\"og:image:width\" content=\"1160\" \/>\n\t<meta property=\"og:image:height\" content=\"650\" \/>\n\t<meta property=\"og:image:type\" content=\"image\/png\" \/>\n<meta name=\"author\" content=\"Damien Dellerba\" \/>\n<meta name=\"twitter:card\" content=\"summary_large_image\" \/>\n<meta name=\"twitter:image\" content=\"https:\/\/www.ladiagonale.net\/wp-content\/uploads\/2023\/07\/hu\u0308tter.png\" \/>\n<meta name=\"twitter:label1\" content=\"\u00c9crit par\" \/>\n\t<meta name=\"twitter:data1\" content=\"Damien Dellerba\" \/>\n\t<meta name=\"twitter:label2\" content=\"Dur\u00e9e de lecture estim\u00e9e\" \/>\n\t<meta name=\"twitter:data2\" content=\"3 minutes\" \/>\n<script type=\"application\/ld+json\" class=\"yoast-schema-graph\">{\"@context\":\"https:\/\/schema.org\",\"@graph\":[{\"@type\":\"WebPage\",\"@id\":\"https:\/\/www.ladiagonale.net\/index.php\/2024\/02\/02\/hutter-le-groupe-est-assez-large\/\",\"url\":\"https:\/\/www.ladiagonale.net\/index.php\/2024\/02\/02\/hutter-le-groupe-est-assez-large\/\",\"name\":\"H\u00fctter : \u00ab\u00a0Le groupe est assez large\u00a0\u00bb - La Diagonale\",\"isPartOf\":{\"@id\":\"https:\/\/www.ladiagonale.net\/#website\"},\"datePublished\":\"2024-02-02T15:07:47+00:00\",\"dateModified\":\"2024-02-02T15:07:51+00:00\",\"author\":{\"@id\":\"https:\/\/www.ladiagonale.net\/#\/schema\/person\/79ff1e7b0853ed01b2aa26e64ad300bf\"},\"breadcrumb\":{\"@id\":\"https:\/\/www.ladiagonale.net\/index.php\/2024\/02\/02\/hutter-le-groupe-est-assez-large\/#breadcrumb\"},\"inLanguage\":\"fr-FR\",\"potentialAction\":[{\"@type\":\"ReadAction\",\"target\":[\"https:\/\/www.ladiagonale.net\/index.php\/2024\/02\/02\/hutter-le-groupe-est-assez-large\/\"]}]},{\"@type\":\"BreadcrumbList\",\"@id\":\"https:\/\/www.ladiagonale.net\/index.php\/2024\/02\/02\/hutter-le-groupe-est-assez-large\/#breadcrumb\",\"itemListElement\":[{\"@type\":\"ListItem\",\"position\":1,\"name\":\"Accueil\",\"item\":\"https:\/\/www.ladiagonale.net\/\"},{\"@type\":\"ListItem\",\"position\":2,\"name\":\"H\u00fctter : \u00ab\u00a0Le groupe est assez large\u00a0\u00bb\"}]},{\"@type\":\"WebSite\",\"@id\":\"https:\/\/www.ladiagonale.net\/#website\",\"url\":\"https:\/\/www.ladiagonale.net\/\",\"name\":\"La Diagonale\",\"description\":\"Le site des supporters de l&#039;AS Monaco FC\",\"potentialAction\":[{\"@type\":\"SearchAction\",\"target\":{\"@type\":\"EntryPoint\",\"urlTemplate\":\"https:\/\/www.ladiagonale.net\/?s={search_term_string}\"},\"query-input\":\"required name=search_term_string\"}],\"inLanguage\":\"fr-FR\"},{\"@type\":\"Person\",\"@id\":\"https:\/\/www.ladiagonale.net\/#\/schema\/person\/79ff1e7b0853ed01b2aa26e64ad300bf\",\"name\":\"Damien Dellerba\",\"image\":{\"@type\":\"ImageObject\",\"inLanguage\":\"fr-FR\",\"@id\":\"https:\/\/www.ladiagonale.net\/#\/schema\/person\/image\/\",\"url\":\"https:\/\/secure.gravatar.com\/avatar\/c7850e06d3ff63cdbaee88b7fc16e2f0?s=96&d=mm&r=g\",\"contentUrl\":\"https:\/\/secure.gravatar.com\/avatar\/c7850e06d3ff63cdbaee88b7fc16e2f0?s=96&d=mm&r=g\",\"caption\":\"Damien Dellerba\"},\"url\":\"https:\/\/www.ladiagonale.net\/index.php\/author\/damien\/\"}]}<\/script>\n<!-- \/ Yoast SEO plugin. -->","yoast_head_json":{"title":"H\u00fctter : \u00ab\u00a0Le groupe est assez large\u00a0\u00bb - La Diagonale","robots":{"index":"index","follow":"follow","max-snippet":"max-snippet:-1","max-image-preview":"max-image-preview:large","max-video-preview":"max-video-preview:-1"},"canonical":"https:\/\/www.ladiagonale.net\/index.php\/2024\/02\/02\/hutter-le-groupe-est-assez-large\/","og_locale":"fr_FR","og_type":"article","og_title":"H\u00fctter : \u00ab\u00a0Le groupe est assez large\u00a0\u00bb - La Diagonale","og_description":"L\u2019AS Monaco a officialis\u00e9 de nombreux d\u00e9parts en pr\u00eat jeudi, lors de la derni\u00e8re journ\u00e9e du mercato. Pour Adi H\u00fctter, cela permettra \u00e0 des joueurs comme Myron Boadu ou Eliot Matazo de retrouver du temps de jeu et de la confiance : \u00ab\u00a0Nous avons d\u00e9cid\u00e9, Thiago et moi, de laisser Myron partir en pr\u00eat pour [...]","og_url":"https:\/\/www.ladiagonale.net\/index.php\/2024\/02\/02\/hutter-le-groupe-est-assez-large\/","og_site_name":"La Diagonale","article_published_time":"2024-02-02T15:07:47+00:00","article_modified_time":"2024-02-02T15:07:51+00:00","og_image":[{"width":1160,"height":650,"url":"https:\/\/www.ladiagonale.net\/wp-content\/uploads\/2023\/07\/hu\u0308tter.png","type":"image\/png"}],"author":"Damien Dellerba","twitter_card":"summary_large_image","twitter_image":"https:\/\/www.ladiagonale.net\/wp-content\/uploads\/2023\/07\/hu\u0308tter.png","twitter_misc":{"\u00c9crit par":"Damien Dellerba","Dur\u00e9e de lecture estim\u00e9e":"3 minutes"},"schema":{"@context":"https:\/\/schema.org","@graph":[{"@type":"WebPage","@id":"https:\/\/www.ladiagonale.net\/index.php\/2024\/02\/02\/hutter-le-groupe-est-assez-large\/","url":"https:\/\/www.ladiagonale.net\/index.php\/2024\/02\/02\/hutter-le-groupe-est-assez-large\/","name":"H\u00fctter : \u00ab\u00a0Le groupe est assez large\u00a0\u00bb - La Diagonale","isPartOf":{"@id":"https:\/\/www.ladiagonale.net\/#website"},"datePublished":"2024-02-02T15:07:47+00:00","dateModified":"2024-02-02T15:07:51+00:00","author":{"@id":"https:\/\/www.ladiagonale.net\/#\/schema\/person\/79ff1e7b0853ed01b2aa26e64ad300bf"},"breadcrumb":{"@id":"https:\/\/www.ladiagonale.net\/index.php\/2024\/02\/02\/hutter-le-groupe-est-assez-large\/#breadcrumb"},"inLanguage":"fr-FR","potentialAction":[{"@type":"ReadAction","target":["https:\/\/www.ladiagonale.net\/index.php\/2024\/02\/02\/hutter-le-groupe-est-assez-large\/"]}]},{"@type":"BreadcrumbList","@id":"https:\/\/www.ladiagonale.net\/index.php\/2024\/02\/02\/hutter-le-groupe-est-assez-large\/#breadcrumb","itemListElement":[{"@type":"ListItem","position":1,"name":"Accueil","item":"https:\/\/www.ladiagonale.net\/"},{"@type":"ListItem","position":2,"name":"H\u00fctter : \u00ab\u00a0Le groupe est assez large\u00a0\u00bb"}]},{"@type":"WebSite","@id":"https:\/\/www.ladiagonale.net\/#website","url":"https:\/\/www.ladiagonale.net\/","name":"La Diagonale","description":"Le site des supporters de l&#039;AS Monaco FC","potentialAction":[{"@type":"SearchAction","target":{"@type":"EntryPoint","urlTemplate":"https:\/\/www.ladiagonale.net\/?s={search_term_string}"},"query-input":"required name=search_term_string"}],"inLanguage":"fr-FR"},{"@type":"Person","@id":"https:\/\/www.ladiagonale.net\/#\/schema\/person\/79ff1e7b0853ed01b2aa26e64ad300bf","name":"Damien Dellerba","image":{"@type":"ImageObject","inLanguage":"fr-FR","@id":"https:\/\/www.ladiagonale.net\/#\/schema\/person\/image\/","url":"https:\/\/secure.gravatar.com\/avatar\/c7850e06d3ff63cdbaee88b7fc16e2f0?s=96&d=mm&r=g","contentUrl":"https:\/\/secure.gravatar.com\/avatar\/c7850e06d3ff63cdbaee88b7fc16e2f0?s=96&d=mm&r=g","caption":"Damien Dellerba"},"url":"https:\/\/www.ladiagonale.net\/index.php\/author\/damien\/"}]}},"_links":{"self":[{"href":"https:\/\/www.ladiagonale.net\/index.php\/wp-json\/wp\/v2\/posts\/20433"}],"collection":[{"href":"https:\/\/www.ladiagonale.net\/index.php\/wp-json\/wp\/v2\/posts"}],"about":[{"href":"https:\/\/www.ladiagonale.net\/index.php\/wp-json\/wp\/v2\/types\/post"}],"author":[{"embeddable":true,"href":"https:\/\/www.ladiagonale.net\/index.php\/wp-json\/wp\/v2\/users\/2"}],"replies":[{"embeddable":true,"href":"https:\/\/www.ladiagonale.net\/index.php\/wp-json\/wp\/v2\/comments?post=20433"}],"version-history":[{"count":1,"href":"https:\/\/www.ladiagonale.net\/index.php\/wp-json\/wp\/v2\/posts\/20433\/revisions"}],"predecessor-version":[{"id":20434,"href":"https:\/\/www.ladiagonale.net\/index.php\/wp-json\/wp\/v2\/posts\/20433\/revisions\/20434"}],"wp:attachment":[{"href":"https:\/\/www.ladiagonale.net\/index.php\/wp-json\/wp\/v2\/media?parent=20433"}],"wp:term":[{"taxonomy":"category","embeddable":true,"href":"https:\/\/www.ladiagonale.net\/index.php\/wp-json\/wp\/v2\/categories?post=20433"},{"taxonomy":"post_tag","embeddable":true,"href":"https:\/\/www.ladiagonale.net\/index.php\/wp-json\/wp\/v2\/tags?post=20433"}],"curies":[{"name":"wp","href":"https:\/\/api.w.org\/{rel}","templated":true}]}}