{"id":20438,"date":"2024-02-02T20:31:33","date_gmt":"2024-02-02T19:31:33","guid":{"rendered":"https:\/\/www.ladiagonale.net\/?p=20438"},"modified":"2024-02-02T20:31:44","modified_gmt":"2024-02-02T19:31:44","slug":"salisu-je-ne-suis-qua-60-de-mes-capacites","status":"publish","type":"post","link":"https:\/\/www.ladiagonale.net\/index.php\/2024\/02\/02\/salisu-je-ne-suis-qua-60-de-mes-capacites\/","title":{"rendered":"Salisu : \u00ab Je ne suis qu\u2019\u00e0 60% de mes capacit\u00e9s\u00a0\u00bb"},"content":{"rendered":"\n\n\n<p>Contre Marseille, Mohammed Salisu a effectu\u00e9 son retour au sein de l\u2019\u00e9quipe, apr\u00e8s avoir \u00e9t\u00e9 absent pour disputer la CAN. Une comp\u00e9tition qu\u2019il juge \u00ab\u00a0<em>d\u00e9cevante\u00a0<\/em>\u00bb pour lui et le Ghana, mais il assure d\u00e9sormais avoir la t\u00eate bien \u00e0 Monaco : \u00ab\u00a0<em>Je dois tourner la page et me concentrer sur le club et les objectifs. L\u2019entra\u00eeneur m\u2019a demand\u00e9 si je me sentais pr\u00eat \u00e0 jouer et je lui ai r\u00e9pondu que j\u2019\u00e9tais tr\u00e8s motiv\u00e9.<\/em>\u00a0\u00bb<\/p>\n\n\n\n<p>Le d\u00e9fenseur de 24 ans a fait un rapide \u00e9tat des lieux de son int\u00e9gration \u00e0 l&rsquo;ASM et de ses premiers matches. Il ne s\u2019estime pas encore \u00e0 100% de ses capacit\u00e9s : \u00ab\u00a0<em>\u00c7a peut \u00eatre un petit peu difficile de s\u2019adapter, mais tout le monde est tr\u00e8s gentil dans le vestiaire donc cela a facilit\u00e9 mon adaptation quand je ne jouais pas. Je peux faire beaucoup mieux, je sens que que je ne suis qu\u2019\u00e0 60% de mes capacit\u00e9s. Je m\u2019entra\u00eene tous les jours pour atteindre mon meilleur niveau.<\/em>\u00a0\u00bb<\/p>\n\n\n\n<h3>Myron Boadu \u00e9tait comme un fr\u00e8re pour lui<\/h3>\n\n\n\n<p>Le Ghan\u00e9en a aussi \u00e9voqu\u00e9 le prochain adversaire de l\u2019ASM, Le Havre : \u00ab\u00a0<em>C\u2019est une bonne \u00e9quipe et nous savons que cela sera difficile. Ils sont bons en contre-attaque et nous devrons \u00eatre patients pour attaquer au bon moment et \u00eatre vigilants derri\u00e8re. Il faudra faire attention dans les airs et bien d\u00e9fendre sur le coups de pied arr\u00eat\u00e9s.<\/em>\u00a0\u00bb<\/p>\n\n\n\n<p>Enfin, Salisu a aussi eu un mot pour Myron Boadu, parti en pr\u00eat \u00e0 Twente. Les deux joueurs \u00e9taient plut\u00f4t proches : \u00ab\u00a0<em>Myron est un chouette type. Il m\u2019a beaucoup aid\u00e9 \u00e0 mon arriv\u00e9e et il a \u00e9t\u00e9 comme un fr\u00e8re pour moi et je lui souhaite le meilleur. C\u2019est une d\u00e9cision partag\u00e9e de sa part et de la part du club. Il va beaucoup me manquer.<\/em>\u00a0\u00bb<\/p>\n","protected":false},"excerpt":{"rendered":"<p>Contre Marseille, Mohammed Salisu a effectu\u00e9 son retour au sein de l\u2019\u00e9quipe, apr\u00e8s avoir \u00e9t\u00e9 absent pour disputer la CAN. Une comp\u00e9tition qu\u2019il juge \u00ab\u00a0d\u00e9cevante\u00a0\u00bb pour lui et le Ghana, mais il assure d\u00e9sormais avoir la t\u00eate bien \u00e0 Monaco : \u00ab\u00a0Je dois tourner la page et me concentrer sur le club et les objectifs. [&#8230;]\n","protected":false},"author":2,"featured_media":0,"comment_status":"open","ping_status":"open","sticky":false,"template":"","format":"standard","meta":[],"categories":[6],"tags":[86,94,618,759],"yoast_head":"<!-- This site is optimized with the Yoast SEO plugin v19.8 - https:\/\/yoast.com\/wordpress\/plugins\/seo\/ -->\n<title>Salisu : \u00ab Je ne suis qu\u2019\u00e0 60% de mes capacit\u00e9s\u00a0\u00bb - La Diagonale<\/title>\n<meta name=\"robots\" content=\"index, follow, max-snippet:-1, max-image-preview:large, max-video-preview:-1\" \/>\n<link rel=\"canonical\" href=\"https:\/\/www.ladiagonale.net\/index.php\/2024\/02\/02\/salisu-je-ne-suis-qua-60-de-mes-capacites\/\" \/>\n<meta property=\"og:locale\" content=\"fr_FR\" \/>\n<meta property=\"og:type\" content=\"article\" \/>\n<meta property=\"og:title\" content=\"Salisu : \u00ab Je ne suis qu\u2019\u00e0 60% de mes capacit\u00e9s\u00a0\u00bb - La Diagonale\" \/>\n<meta property=\"og:description\" content=\"Contre Marseille, Mohammed Salisu a effectu\u00e9 son retour au sein de l\u2019\u00e9quipe, apr\u00e8s avoir \u00e9t\u00e9 absent pour disputer la CAN. Une comp\u00e9tition qu\u2019il juge \u00ab\u00a0d\u00e9cevante\u00a0\u00bb pour lui et le Ghana, mais il assure d\u00e9sormais avoir la t\u00eate bien \u00e0 Monaco : \u00ab\u00a0Je dois tourner la page et me concentrer sur le club et les objectifs. [...]\" \/>\n<meta property=\"og:url\" content=\"https:\/\/www.ladiagonale.net\/index.php\/2024\/02\/02\/salisu-je-ne-suis-qua-60-de-mes-capacites\/\" \/>\n<meta property=\"og:site_name\" content=\"La Diagonale\" \/>\n<meta property=\"article:published_time\" content=\"2024-02-02T19:31:33+00:00\" \/>\n<meta property=\"article:modified_time\" content=\"2024-02-02T19:31:44+00:00\" \/>\n<meta property=\"og:image\" content=\"https:\/\/www.ladiagonale.net\/wp-content\/uploads\/2024\/01\/salisu-title-1024x574-1.jpg\" \/>\n\t<meta property=\"og:image:width\" content=\"1024\" \/>\n\t<meta property=\"og:image:height\" content=\"574\" \/>\n\t<meta property=\"og:image:type\" content=\"image\/jpeg\" \/>\n<meta name=\"author\" content=\"Damien Dellerba\" \/>\n<meta name=\"twitter:card\" content=\"summary_large_image\" \/>\n<meta name=\"twitter:image\" content=\"https:\/\/www.ladiagonale.net\/wp-content\/uploads\/2024\/01\/salisu-title-1024x574-1.jpg\" \/>\n<meta name=\"twitter:label1\" content=\"\u00c9crit par\" \/>\n\t<meta name=\"twitter:data1\" content=\"Damien Dellerba\" \/>\n\t<meta name=\"twitter:label2\" content=\"Dur\u00e9e de lecture estim\u00e9e\" \/>\n\t<meta name=\"twitter:data2\" content=\"2 minutes\" \/>\n<script type=\"application\/ld+json\" class=\"yoast-schema-graph\">{\"@context\":\"https:\/\/schema.org\",\"@graph\":[{\"@type\":\"WebPage\",\"@id\":\"https:\/\/www.ladiagonale.net\/index.php\/2024\/02\/02\/salisu-je-ne-suis-qua-60-de-mes-capacites\/\",\"url\":\"https:\/\/www.ladiagonale.net\/index.php\/2024\/02\/02\/salisu-je-ne-suis-qua-60-de-mes-capacites\/\",\"name\":\"Salisu : \u00ab Je ne suis qu\u2019\u00e0 60% de mes capacit\u00e9s\u00a0\u00bb - La Diagonale\",\"isPartOf\":{\"@id\":\"https:\/\/www.ladiagonale.net\/#website\"},\"datePublished\":\"2024-02-02T19:31:33+00:00\",\"dateModified\":\"2024-02-02T19:31:44+00:00\",\"author\":{\"@id\":\"https:\/\/www.ladiagonale.net\/#\/schema\/person\/79ff1e7b0853ed01b2aa26e64ad300bf\"},\"breadcrumb\":{\"@id\":\"https:\/\/www.ladiagonale.net\/index.php\/2024\/02\/02\/salisu-je-ne-suis-qua-60-de-mes-capacites\/#breadcrumb\"},\"inLanguage\":\"fr-FR\",\"potentialAction\":[{\"@type\":\"ReadAction\",\"target\":[\"https:\/\/www.ladiagonale.net\/index.php\/2024\/02\/02\/salisu-je-ne-suis-qua-60-de-mes-capacites\/\"]}]},{\"@type\":\"BreadcrumbList\",\"@id\":\"https:\/\/www.ladiagonale.net\/index.php\/2024\/02\/02\/salisu-je-ne-suis-qua-60-de-mes-capacites\/#breadcrumb\",\"itemListElement\":[{\"@type\":\"ListItem\",\"position\":1,\"name\":\"Accueil\",\"item\":\"https:\/\/www.ladiagonale.net\/\"},{\"@type\":\"ListItem\",\"position\":2,\"name\":\"Salisu : \u00ab Je ne suis qu\u2019\u00e0 60% de mes capacit\u00e9s\u00a0\u00bb\"}]},{\"@type\":\"WebSite\",\"@id\":\"https:\/\/www.ladiagonale.net\/#website\",\"url\":\"https:\/\/www.ladiagonale.net\/\",\"name\":\"La Diagonale\",\"description\":\"Le site des supporters de l&#039;AS Monaco FC\",\"potentialAction\":[{\"@type\":\"SearchAction\",\"target\":{\"@type\":\"EntryPoint\",\"urlTemplate\":\"https:\/\/www.ladiagonale.net\/?s={search_term_string}\"},\"query-input\":\"required name=search_term_string\"}],\"inLanguage\":\"fr-FR\"},{\"@type\":\"Person\",\"@id\":\"https:\/\/www.ladiagonale.net\/#\/schema\/person\/79ff1e7b0853ed01b2aa26e64ad300bf\",\"name\":\"Damien Dellerba\",\"image\":{\"@type\":\"ImageObject\",\"inLanguage\":\"fr-FR\",\"@id\":\"https:\/\/www.ladiagonale.net\/#\/schema\/person\/image\/\",\"url\":\"https:\/\/secure.gravatar.com\/avatar\/c7850e06d3ff63cdbaee88b7fc16e2f0?s=96&d=mm&r=g\",\"contentUrl\":\"https:\/\/secure.gravatar.com\/avatar\/c7850e06d3ff63cdbaee88b7fc16e2f0?s=96&d=mm&r=g\",\"caption\":\"Damien Dellerba\"},\"url\":\"https:\/\/www.ladiagonale.net\/index.php\/author\/damien\/\"}]}<\/script>\n<!-- \/ Yoast SEO plugin. -->","yoast_head_json":{"title":"Salisu : \u00ab Je ne suis qu\u2019\u00e0 60% de mes capacit\u00e9s\u00a0\u00bb - La Diagonale","robots":{"index":"index","follow":"follow","max-snippet":"max-snippet:-1","max-image-preview":"max-image-preview:large","max-video-preview":"max-video-preview:-1"},"canonical":"https:\/\/www.ladiagonale.net\/index.php\/2024\/02\/02\/salisu-je-ne-suis-qua-60-de-mes-capacites\/","og_locale":"fr_FR","og_type":"article","og_title":"Salisu : \u00ab Je ne suis qu\u2019\u00e0 60% de mes capacit\u00e9s\u00a0\u00bb - La Diagonale","og_description":"Contre Marseille, Mohammed Salisu a effectu\u00e9 son retour au sein de l\u2019\u00e9quipe, apr\u00e8s avoir \u00e9t\u00e9 absent pour disputer la CAN. Une comp\u00e9tition qu\u2019il juge \u00ab\u00a0d\u00e9cevante\u00a0\u00bb pour lui et le Ghana, mais il assure d\u00e9sormais avoir la t\u00eate bien \u00e0 Monaco : \u00ab\u00a0Je dois tourner la page et me concentrer sur le club et les objectifs. [...]","og_url":"https:\/\/www.ladiagonale.net\/index.php\/2024\/02\/02\/salisu-je-ne-suis-qua-60-de-mes-capacites\/","og_site_name":"La Diagonale","article_published_time":"2024-02-02T19:31:33+00:00","article_modified_time":"2024-02-02T19:31:44+00:00","og_image":[{"width":1024,"height":574,"url":"https:\/\/www.ladiagonale.net\/wp-content\/uploads\/2024\/01\/salisu-title-1024x574-1.jpg","type":"image\/jpeg"}],"author":"Damien Dellerba","twitter_card":"summary_large_image","twitter_image":"https:\/\/www.ladiagonale.net\/wp-content\/uploads\/2024\/01\/salisu-title-1024x574-1.jpg","twitter_misc":{"\u00c9crit par":"Damien Dellerba","Dur\u00e9e de lecture estim\u00e9e":"2 minutes"},"schema":{"@context":"https:\/\/schema.org","@graph":[{"@type":"WebPage","@id":"https:\/\/www.ladiagonale.net\/index.php\/2024\/02\/02\/salisu-je-ne-suis-qua-60-de-mes-capacites\/","url":"https:\/\/www.ladiagonale.net\/index.php\/2024\/02\/02\/salisu-je-ne-suis-qua-60-de-mes-capacites\/","name":"Salisu : \u00ab Je ne suis qu\u2019\u00e0 60% de mes capacit\u00e9s\u00a0\u00bb - La Diagonale","isPartOf":{"@id":"https:\/\/www.ladiagonale.net\/#website"},"datePublished":"2024-02-02T19:31:33+00:00","dateModified":"2024-02-02T19:31:44+00:00","author":{"@id":"https:\/\/www.ladiagonale.net\/#\/schema\/person\/79ff1e7b0853ed01b2aa26e64ad300bf"},"breadcrumb":{"@id":"https:\/\/www.ladiagonale.net\/index.php\/2024\/02\/02\/salisu-je-ne-suis-qua-60-de-mes-capacites\/#breadcrumb"},"inLanguage":"fr-FR","potentialAction":[{"@type":"ReadAction","target":["https:\/\/www.ladiagonale.net\/index.php\/2024\/02\/02\/salisu-je-ne-suis-qua-60-de-mes-capacites\/"]}]},{"@type":"BreadcrumbList","@id":"https:\/\/www.ladiagonale.net\/index.php\/2024\/02\/02\/salisu-je-ne-suis-qua-60-de-mes-capacites\/#breadcrumb","itemListElement":[{"@type":"ListItem","position":1,"name":"Accueil","item":"https:\/\/www.ladiagonale.net\/"},{"@type":"ListItem","position":2,"name":"Salisu : \u00ab Je ne suis qu\u2019\u00e0 60% de mes capacit\u00e9s\u00a0\u00bb"}]},{"@type":"WebSite","@id":"https:\/\/www.ladiagonale.net\/#website","url":"https:\/\/www.ladiagonale.net\/","name":"La Diagonale","description":"Le site des supporters de l&#039;AS Monaco FC","potentialAction":[{"@type":"SearchAction","target":{"@type":"EntryPoint","urlTemplate":"https:\/\/www.ladiagonale.net\/?s={search_term_string}"},"query-input":"required name=search_term_string"}],"inLanguage":"fr-FR"},{"@type":"Person","@id":"https:\/\/www.ladiagonale.net\/#\/schema\/person\/79ff1e7b0853ed01b2aa26e64ad300bf","name":"Damien Dellerba","image":{"@type":"ImageObject","inLanguage":"fr-FR","@id":"https:\/\/www.ladiagonale.net\/#\/schema\/person\/image\/","url":"https:\/\/secure.gravatar.com\/avatar\/c7850e06d3ff63cdbaee88b7fc16e2f0?s=96&d=mm&r=g","contentUrl":"https:\/\/secure.gravatar.com\/avatar\/c7850e06d3ff63cdbaee88b7fc16e2f0?s=96&d=mm&r=g","caption":"Damien Dellerba"},"url":"https:\/\/www.ladiagonale.net\/index.php\/author\/damien\/"}]}},"_links":{"self":[{"href":"https:\/\/www.ladiagonale.net\/index.php\/wp-json\/wp\/v2\/posts\/20438"}],"collection":[{"href":"https:\/\/www.ladiagonale.net\/index.php\/wp-json\/wp\/v2\/posts"}],"about":[{"href":"https:\/\/www.ladiagonale.net\/index.php\/wp-json\/wp\/v2\/types\/post"}],"author":[{"embeddable":true,"href":"https:\/\/www.ladiagonale.net\/index.php\/wp-json\/wp\/v2\/users\/2"}],"replies":[{"embeddable":true,"href":"https:\/\/www.ladiagonale.net\/index.php\/wp-json\/wp\/v2\/comments?post=20438"}],"version-history":[{"count":1,"href":"https:\/\/www.ladiagonale.net\/index.php\/wp-json\/wp\/v2\/posts\/20438\/revisions"}],"predecessor-version":[{"id":20439,"href":"https:\/\/www.ladiagonale.net\/index.php\/wp-json\/wp\/v2\/posts\/20438\/revisions\/20439"}],"wp:attachment":[{"href":"https:\/\/www.ladiagonale.net\/index.php\/wp-json\/wp\/v2\/media?parent=20438"}],"wp:term":[{"taxonomy":"category","embeddable":true,"href":"https:\/\/www.ladiagonale.net\/index.php\/wp-json\/wp\/v2\/categories?post=20438"},{"taxonomy":"post_tag","embeddable":true,"href":"https:\/\/www.ladiagonale.net\/index.php\/wp-json\/wp\/v2\/tags?post=20438"}],"curies":[{"name":"wp","href":"https:\/\/api.w.org\/{rel}","templated":true}]}}