{"id":20454,"date":"2024-02-03T16:58:55","date_gmt":"2024-02-03T15:58:55","guid":{"rendered":"https:\/\/www.ladiagonale.net\/?p=20454"},"modified":"2024-02-03T16:59:54","modified_gmt":"2024-02-03T15:59:54","slug":"battu-par-le-servette-le-groupe-elite-poursuit-sa-mauvaise-serie","status":"publish","type":"post","link":"https:\/\/www.ladiagonale.net\/index.php\/2024\/02\/03\/battu-par-le-servette-le-groupe-elite-poursuit-sa-mauvaise-serie\/","title":{"rendered":"Battu par le Servette, le Groupe \u00c9lite poursuit sa mauvaise s\u00e9rie"},"content":{"rendered":"\n<p>Apr\u00e8s avoir \u00e9t\u00e9 s\u00e8chement battus par le FC Liefering, la r\u00e9serve professionnelle du RB Salzbourg, en milieu de semaine (0-5), les hommes de Damien Perrinelle ont cette fois connu la d\u00e9faite contre le club genevois du Servette FC (1-3). Les Rouge et Blanc ont encaiss\u00e9 deux buts coup sur coup dans le premier quart d&rsquo;heure (12<sup>e<\/sup>, 16<sup>e<\/sup>) et ont r\u00e9duit l&rsquo;\u00e9cart \u00e0 l&rsquo;heure de jeu par Mayssam Benama (1-2, 60<sup>e<\/sup>). Ils ont encaiss\u00e9 le troisi\u00e8me but en fin de rencontre.<\/p>\n\n\n\n<p>Le Groupe \u00c9lite de l\u2019AS Monaco continue de traverser une mauvaise passe, puisque cela porte d\u00e9sormais \u00e0 sept le nombre de rencontres sans le moindre succ\u00e8s et sur lesquelles 21 buts ont \u00e9t\u00e9 encaiss\u00e9s. Samedi prochain (11h), les jeunes pousses as\u00e9mistes se rendront \u00e0 C\u00f4me pour affronter la r\u00e9serve du club italien dont Thierry Henry est l&rsquo;un des actionnaires.<\/p>\n\n\n","protected":false},"excerpt":{"rendered":"<p>Apr\u00e8s avoir \u00e9t\u00e9 s\u00e8chement battus par le FC Liefering, la r\u00e9serve professionnelle du RB Salzbourg, en milieu de semaine (0-5), les hommes de Damien Perrinelle ont cette fois connu la d\u00e9faite contre le club genevois du Servette FC (1-3). Les Rouge et Blanc ont encaiss\u00e9 deux buts coup sur coup dans le premier quart d&rsquo;heure [&#8230;]\n","protected":false},"author":2,"featured_media":0,"comment_status":"open","ping_status":"open","sticky":false,"template":"","format":"standard","meta":[],"categories":[6],"tags":[76,86,228],"yoast_head":"<!-- This site is optimized with the Yoast SEO plugin v19.8 - https:\/\/yoast.com\/wordpress\/plugins\/seo\/ -->\n<title>Battu par le Servette, le Groupe \u00c9lite poursuit sa mauvaise s\u00e9rie - La Diagonale<\/title>\n<meta name=\"robots\" content=\"index, follow, max-snippet:-1, max-image-preview:large, max-video-preview:-1\" \/>\n<link rel=\"canonical\" href=\"https:\/\/www.ladiagonale.net\/index.php\/2024\/02\/03\/battu-par-le-servette-le-groupe-elite-poursuit-sa-mauvaise-serie\/\" \/>\n<meta property=\"og:locale\" content=\"fr_FR\" \/>\n<meta property=\"og:type\" content=\"article\" \/>\n<meta property=\"og:title\" content=\"Battu par le Servette, le Groupe \u00c9lite poursuit sa mauvaise s\u00e9rie - La Diagonale\" \/>\n<meta property=\"og:description\" content=\"Apr\u00e8s avoir \u00e9t\u00e9 s\u00e8chement battus par le FC Liefering, la r\u00e9serve professionnelle du RB Salzbourg, en milieu de semaine (0-5), les hommes de Damien Perrinelle ont cette fois connu la d\u00e9faite contre le club genevois du Servette FC (1-3). Les Rouge et Blanc ont encaiss\u00e9 deux buts coup sur coup dans le premier quart d&rsquo;heure [...]\" \/>\n<meta property=\"og:url\" content=\"https:\/\/www.ladiagonale.net\/index.php\/2024\/02\/03\/battu-par-le-servette-le-groupe-elite-poursuit-sa-mauvaise-serie\/\" \/>\n<meta property=\"og:site_name\" content=\"La Diagonale\" \/>\n<meta property=\"article:published_time\" content=\"2024-02-03T15:58:55+00:00\" \/>\n<meta property=\"article:modified_time\" content=\"2024-02-03T15:59:54+00:00\" \/>\n<meta property=\"og:image\" content=\"https:\/\/www.ladiagonale.net\/wp-content\/uploads\/2024\/02\/benama-masque.png\" \/>\n\t<meta property=\"og:image:width\" content=\"1160\" \/>\n\t<meta property=\"og:image:height\" content=\"650\" \/>\n\t<meta property=\"og:image:type\" content=\"image\/png\" \/>\n<meta name=\"author\" content=\"Damien Dellerba\" \/>\n<meta name=\"twitter:card\" content=\"summary_large_image\" \/>\n<meta name=\"twitter:image\" content=\"https:\/\/www.ladiagonale.net\/wp-content\/uploads\/2024\/02\/benama-masque.png\" \/>\n<meta name=\"twitter:label1\" content=\"\u00c9crit par\" \/>\n\t<meta name=\"twitter:data1\" content=\"Damien Dellerba\" \/>\n\t<meta name=\"twitter:label2\" content=\"Dur\u00e9e de lecture estim\u00e9e\" \/>\n\t<meta name=\"twitter:data2\" content=\"1 minute\" \/>\n<script type=\"application\/ld+json\" class=\"yoast-schema-graph\">{\"@context\":\"https:\/\/schema.org\",\"@graph\":[{\"@type\":\"WebPage\",\"@id\":\"https:\/\/www.ladiagonale.net\/index.php\/2024\/02\/03\/battu-par-le-servette-le-groupe-elite-poursuit-sa-mauvaise-serie\/\",\"url\":\"https:\/\/www.ladiagonale.net\/index.php\/2024\/02\/03\/battu-par-le-servette-le-groupe-elite-poursuit-sa-mauvaise-serie\/\",\"name\":\"Battu par le Servette, le Groupe \u00c9lite poursuit sa mauvaise s\u00e9rie - La Diagonale\",\"isPartOf\":{\"@id\":\"https:\/\/www.ladiagonale.net\/#website\"},\"datePublished\":\"2024-02-03T15:58:55+00:00\",\"dateModified\":\"2024-02-03T15:59:54+00:00\",\"author\":{\"@id\":\"https:\/\/www.ladiagonale.net\/#\/schema\/person\/79ff1e7b0853ed01b2aa26e64ad300bf\"},\"breadcrumb\":{\"@id\":\"https:\/\/www.ladiagonale.net\/index.php\/2024\/02\/03\/battu-par-le-servette-le-groupe-elite-poursuit-sa-mauvaise-serie\/#breadcrumb\"},\"inLanguage\":\"fr-FR\",\"potentialAction\":[{\"@type\":\"ReadAction\",\"target\":[\"https:\/\/www.ladiagonale.net\/index.php\/2024\/02\/03\/battu-par-le-servette-le-groupe-elite-poursuit-sa-mauvaise-serie\/\"]}]},{\"@type\":\"BreadcrumbList\",\"@id\":\"https:\/\/www.ladiagonale.net\/index.php\/2024\/02\/03\/battu-par-le-servette-le-groupe-elite-poursuit-sa-mauvaise-serie\/#breadcrumb\",\"itemListElement\":[{\"@type\":\"ListItem\",\"position\":1,\"name\":\"Accueil\",\"item\":\"https:\/\/www.ladiagonale.net\/\"},{\"@type\":\"ListItem\",\"position\":2,\"name\":\"Battu par le Servette, le Groupe \u00c9lite poursuit sa mauvaise s\u00e9rie\"}]},{\"@type\":\"WebSite\",\"@id\":\"https:\/\/www.ladiagonale.net\/#website\",\"url\":\"https:\/\/www.ladiagonale.net\/\",\"name\":\"La Diagonale\",\"description\":\"Le site des supporters de l&#039;AS Monaco FC\",\"potentialAction\":[{\"@type\":\"SearchAction\",\"target\":{\"@type\":\"EntryPoint\",\"urlTemplate\":\"https:\/\/www.ladiagonale.net\/?s={search_term_string}\"},\"query-input\":\"required name=search_term_string\"}],\"inLanguage\":\"fr-FR\"},{\"@type\":\"Person\",\"@id\":\"https:\/\/www.ladiagonale.net\/#\/schema\/person\/79ff1e7b0853ed01b2aa26e64ad300bf\",\"name\":\"Damien Dellerba\",\"image\":{\"@type\":\"ImageObject\",\"inLanguage\":\"fr-FR\",\"@id\":\"https:\/\/www.ladiagonale.net\/#\/schema\/person\/image\/\",\"url\":\"https:\/\/secure.gravatar.com\/avatar\/c7850e06d3ff63cdbaee88b7fc16e2f0?s=96&d=mm&r=g\",\"contentUrl\":\"https:\/\/secure.gravatar.com\/avatar\/c7850e06d3ff63cdbaee88b7fc16e2f0?s=96&d=mm&r=g\",\"caption\":\"Damien Dellerba\"},\"url\":\"https:\/\/www.ladiagonale.net\/index.php\/author\/damien\/\"}]}<\/script>\n<!-- \/ Yoast SEO plugin. -->","yoast_head_json":{"title":"Battu par le Servette, le Groupe \u00c9lite poursuit sa mauvaise s\u00e9rie - La Diagonale","robots":{"index":"index","follow":"follow","max-snippet":"max-snippet:-1","max-image-preview":"max-image-preview:large","max-video-preview":"max-video-preview:-1"},"canonical":"https:\/\/www.ladiagonale.net\/index.php\/2024\/02\/03\/battu-par-le-servette-le-groupe-elite-poursuit-sa-mauvaise-serie\/","og_locale":"fr_FR","og_type":"article","og_title":"Battu par le Servette, le Groupe \u00c9lite poursuit sa mauvaise s\u00e9rie - La Diagonale","og_description":"Apr\u00e8s avoir \u00e9t\u00e9 s\u00e8chement battus par le FC Liefering, la r\u00e9serve professionnelle du RB Salzbourg, en milieu de semaine (0-5), les hommes de Damien Perrinelle ont cette fois connu la d\u00e9faite contre le club genevois du Servette FC (1-3). Les Rouge et Blanc ont encaiss\u00e9 deux buts coup sur coup dans le premier quart d&rsquo;heure [...]","og_url":"https:\/\/www.ladiagonale.net\/index.php\/2024\/02\/03\/battu-par-le-servette-le-groupe-elite-poursuit-sa-mauvaise-serie\/","og_site_name":"La Diagonale","article_published_time":"2024-02-03T15:58:55+00:00","article_modified_time":"2024-02-03T15:59:54+00:00","og_image":[{"width":1160,"height":650,"url":"https:\/\/www.ladiagonale.net\/wp-content\/uploads\/2024\/02\/benama-masque.png","type":"image\/png"}],"author":"Damien Dellerba","twitter_card":"summary_large_image","twitter_image":"https:\/\/www.ladiagonale.net\/wp-content\/uploads\/2024\/02\/benama-masque.png","twitter_misc":{"\u00c9crit par":"Damien Dellerba","Dur\u00e9e de lecture estim\u00e9e":"1 minute"},"schema":{"@context":"https:\/\/schema.org","@graph":[{"@type":"WebPage","@id":"https:\/\/www.ladiagonale.net\/index.php\/2024\/02\/03\/battu-par-le-servette-le-groupe-elite-poursuit-sa-mauvaise-serie\/","url":"https:\/\/www.ladiagonale.net\/index.php\/2024\/02\/03\/battu-par-le-servette-le-groupe-elite-poursuit-sa-mauvaise-serie\/","name":"Battu par le Servette, le Groupe \u00c9lite poursuit sa mauvaise s\u00e9rie - La Diagonale","isPartOf":{"@id":"https:\/\/www.ladiagonale.net\/#website"},"datePublished":"2024-02-03T15:58:55+00:00","dateModified":"2024-02-03T15:59:54+00:00","author":{"@id":"https:\/\/www.ladiagonale.net\/#\/schema\/person\/79ff1e7b0853ed01b2aa26e64ad300bf"},"breadcrumb":{"@id":"https:\/\/www.ladiagonale.net\/index.php\/2024\/02\/03\/battu-par-le-servette-le-groupe-elite-poursuit-sa-mauvaise-serie\/#breadcrumb"},"inLanguage":"fr-FR","potentialAction":[{"@type":"ReadAction","target":["https:\/\/www.ladiagonale.net\/index.php\/2024\/02\/03\/battu-par-le-servette-le-groupe-elite-poursuit-sa-mauvaise-serie\/"]}]},{"@type":"BreadcrumbList","@id":"https:\/\/www.ladiagonale.net\/index.php\/2024\/02\/03\/battu-par-le-servette-le-groupe-elite-poursuit-sa-mauvaise-serie\/#breadcrumb","itemListElement":[{"@type":"ListItem","position":1,"name":"Accueil","item":"https:\/\/www.ladiagonale.net\/"},{"@type":"ListItem","position":2,"name":"Battu par le Servette, le Groupe \u00c9lite poursuit sa mauvaise s\u00e9rie"}]},{"@type":"WebSite","@id":"https:\/\/www.ladiagonale.net\/#website","url":"https:\/\/www.ladiagonale.net\/","name":"La Diagonale","description":"Le site des supporters de l&#039;AS Monaco FC","potentialAction":[{"@type":"SearchAction","target":{"@type":"EntryPoint","urlTemplate":"https:\/\/www.ladiagonale.net\/?s={search_term_string}"},"query-input":"required name=search_term_string"}],"inLanguage":"fr-FR"},{"@type":"Person","@id":"https:\/\/www.ladiagonale.net\/#\/schema\/person\/79ff1e7b0853ed01b2aa26e64ad300bf","name":"Damien Dellerba","image":{"@type":"ImageObject","inLanguage":"fr-FR","@id":"https:\/\/www.ladiagonale.net\/#\/schema\/person\/image\/","url":"https:\/\/secure.gravatar.com\/avatar\/c7850e06d3ff63cdbaee88b7fc16e2f0?s=96&d=mm&r=g","contentUrl":"https:\/\/secure.gravatar.com\/avatar\/c7850e06d3ff63cdbaee88b7fc16e2f0?s=96&d=mm&r=g","caption":"Damien Dellerba"},"url":"https:\/\/www.ladiagonale.net\/index.php\/author\/damien\/"}]}},"_links":{"self":[{"href":"https:\/\/www.ladiagonale.net\/index.php\/wp-json\/wp\/v2\/posts\/20454"}],"collection":[{"href":"https:\/\/www.ladiagonale.net\/index.php\/wp-json\/wp\/v2\/posts"}],"about":[{"href":"https:\/\/www.ladiagonale.net\/index.php\/wp-json\/wp\/v2\/types\/post"}],"author":[{"embeddable":true,"href":"https:\/\/www.ladiagonale.net\/index.php\/wp-json\/wp\/v2\/users\/2"}],"replies":[{"embeddable":true,"href":"https:\/\/www.ladiagonale.net\/index.php\/wp-json\/wp\/v2\/comments?post=20454"}],"version-history":[{"count":3,"href":"https:\/\/www.ladiagonale.net\/index.php\/wp-json\/wp\/v2\/posts\/20454\/revisions"}],"predecessor-version":[{"id":20459,"href":"https:\/\/www.ladiagonale.net\/index.php\/wp-json\/wp\/v2\/posts\/20454\/revisions\/20459"}],"wp:attachment":[{"href":"https:\/\/www.ladiagonale.net\/index.php\/wp-json\/wp\/v2\/media?parent=20454"}],"wp:term":[{"taxonomy":"category","embeddable":true,"href":"https:\/\/www.ladiagonale.net\/index.php\/wp-json\/wp\/v2\/categories?post=20454"},{"taxonomy":"post_tag","embeddable":true,"href":"https:\/\/www.ladiagonale.net\/index.php\/wp-json\/wp\/v2\/tags?post=20454"}],"curies":[{"name":"wp","href":"https:\/\/api.w.org\/{rel}","templated":true}]}}