{"id":20486,"date":"2024-02-03T20:53:56","date_gmt":"2024-02-03T19:53:56","guid":{"rendered":"https:\/\/www.ladiagonale.net\/?p=20486"},"modified":"2024-02-03T20:54:00","modified_gmt":"2024-02-03T19:54:00","slug":"singo-poursuit-sa-can-pas-camara","status":"publish","type":"post","link":"https:\/\/www.ladiagonale.net\/index.php\/2024\/02\/03\/singo-poursuit-sa-can-pas-camara\/","title":{"rendered":"Singo poursuit sa CAN, pas Camara"},"content":{"rendered":"\n<p>Adi H\u00fctter ne pourra pas compter sur Wilfried Singo la semaine prochaine face \u00e0 Rouen en Coupe de France puis Nice en Ligue 1. Le Mon\u00e9gasque et la C\u00f4te d&rsquo;Ivoire se sont qualifi\u00e9s pour les demi-finales de la Coupe d&rsquo;Afrique des nations en battant le Mali de Mohamed Camara au bout du suspense (2-1 a.p.). Ils affronteront la RD Congo mercredi et joueront ensuite la finale dimanche ou la petite finale samedi.<\/p>\n\n\n\n<p>Rempla\u00e7ant au coup d&rsquo;envoi, Singo est entr\u00e9 \u00e0 la 45<sup>e<\/sup>+3, dans la foul\u00e9e de l&rsquo;expulsion du d\u00e9fenseur Odilon Kossounou. Au retour des vestiaires, la C\u00f4te d&rsquo;Ivoire est pass\u00e9e \u00e0 cinq derri\u00e8re et Singo a \u00e9volu\u00e9 comme axial droit. Il a \u00e9t\u00e9 intraitable malgr\u00e9 l&rsquo;inf\u00e9riorit\u00e9 num\u00e9rique des siens et s&rsquo;est m\u00eame cr\u00e9\u00e9 deux occasions de la t\u00eate sur corner (63<sup>e<\/sup>, 85<sup>e<\/sup>).<\/p>\n\n\n\n<p>Camara, lui, \u00e9tait absent de la feuille de match, victime d&rsquo;un syndrome grippal. Il \u00e9tait tout de m\u00eame au stade, en civil, ayant interpel\u00e9 l&rsquo;arbitre apr\u00e8s le coup de sifflet final. Les Aigles pourront regretter d&rsquo;avoir jou\u00e9 plus de 75 minutes \u00e0 11 contre 10 et un penalty manqu\u00e9 par l&rsquo;ancien Mon\u00e9gasque Adama Traor\u00e9 (17<sup>e<\/sup>). Ils avaient ouvert le score (72<sup>e<\/sup>) mais ont c\u00e9d\u00e9 \u00e0 la 90<sup>e<\/sup> minute puis \u00e0 la 121<sup>e<\/sup>. Camara devrait donc reprendre l&rsquo;entra\u00eenement \u00e0 La Turbie en d\u00e9but de semaine prochaine.<\/p>\n\n\n","protected":false},"excerpt":{"rendered":"<p>Adi H\u00fctter ne pourra pas compter sur Wilfried Singo la semaine prochaine face \u00e0 Rouen en Coupe de France puis Nice en Ligue 1. Le Mon\u00e9gasque et la C\u00f4te d&rsquo;Ivoire se sont qualifi\u00e9s pour les demi-finales de la Coupe d&rsquo;Afrique des nations en battant le Mali de Mohamed Camara au bout du suspense (2-1 a.p.). [&#8230;]\n","protected":false},"author":1,"featured_media":0,"comment_status":"open","ping_status":"open","sticky":false,"template":"","format":"standard","meta":[],"categories":[6],"tags":[86,745,684,144,143,116,665],"yoast_head":"<!-- This site is optimized with the Yoast SEO plugin v19.8 - https:\/\/yoast.com\/wordpress\/plugins\/seo\/ -->\n<title>Singo poursuit sa CAN, pas Camara - La Diagonale<\/title>\n<meta name=\"robots\" content=\"index, follow, max-snippet:-1, max-image-preview:large, max-video-preview:-1\" \/>\n<link rel=\"canonical\" href=\"https:\/\/www.ladiagonale.net\/index.php\/2024\/02\/03\/singo-poursuit-sa-can-pas-camara\/\" \/>\n<meta property=\"og:locale\" content=\"fr_FR\" \/>\n<meta property=\"og:type\" content=\"article\" \/>\n<meta property=\"og:title\" content=\"Singo poursuit sa CAN, pas Camara - La Diagonale\" \/>\n<meta property=\"og:description\" content=\"Adi H\u00fctter ne pourra pas compter sur Wilfried Singo la semaine prochaine face \u00e0 Rouen en Coupe de France puis Nice en Ligue 1. Le Mon\u00e9gasque et la C\u00f4te d&rsquo;Ivoire se sont qualifi\u00e9s pour les demi-finales de la Coupe d&rsquo;Afrique des nations en battant le Mali de Mohamed Camara au bout du suspense (2-1 a.p.). [...]\" \/>\n<meta property=\"og:url\" content=\"https:\/\/www.ladiagonale.net\/index.php\/2024\/02\/03\/singo-poursuit-sa-can-pas-camara\/\" \/>\n<meta property=\"og:site_name\" content=\"La Diagonale\" \/>\n<meta property=\"article:published_time\" content=\"2024-02-03T19:53:56+00:00\" \/>\n<meta property=\"article:modified_time\" content=\"2024-02-03T19:54:00+00:00\" \/>\n<meta property=\"og:image\" content=\"https:\/\/www.ladiagonale.net\/wp-content\/uploads\/2023\/12\/singoCI.png\" \/>\n\t<meta property=\"og:image:width\" content=\"1160\" \/>\n\t<meta property=\"og:image:height\" content=\"650\" \/>\n\t<meta property=\"og:image:type\" content=\"image\/png\" \/>\n<meta name=\"author\" content=\"admin\" \/>\n<meta name=\"twitter:card\" content=\"summary_large_image\" \/>\n<meta name=\"twitter:image\" content=\"https:\/\/www.ladiagonale.net\/wp-content\/uploads\/2023\/12\/singoCI.png\" \/>\n<meta name=\"twitter:label1\" content=\"\u00c9crit par\" \/>\n\t<meta name=\"twitter:data1\" content=\"admin\" \/>\n\t<meta name=\"twitter:label2\" content=\"Dur\u00e9e de lecture estim\u00e9e\" \/>\n\t<meta name=\"twitter:data2\" content=\"2 minutes\" \/>\n<script type=\"application\/ld+json\" class=\"yoast-schema-graph\">{\"@context\":\"https:\/\/schema.org\",\"@graph\":[{\"@type\":\"WebPage\",\"@id\":\"https:\/\/www.ladiagonale.net\/index.php\/2024\/02\/03\/singo-poursuit-sa-can-pas-camara\/\",\"url\":\"https:\/\/www.ladiagonale.net\/index.php\/2024\/02\/03\/singo-poursuit-sa-can-pas-camara\/\",\"name\":\"Singo poursuit sa CAN, pas Camara - La Diagonale\",\"isPartOf\":{\"@id\":\"https:\/\/www.ladiagonale.net\/#website\"},\"datePublished\":\"2024-02-03T19:53:56+00:00\",\"dateModified\":\"2024-02-03T19:54:00+00:00\",\"author\":{\"@id\":\"https:\/\/www.ladiagonale.net\/#\/schema\/person\/03fa041acd51875ece8bf97a37252a4d\"},\"breadcrumb\":{\"@id\":\"https:\/\/www.ladiagonale.net\/index.php\/2024\/02\/03\/singo-poursuit-sa-can-pas-camara\/#breadcrumb\"},\"inLanguage\":\"fr-FR\",\"potentialAction\":[{\"@type\":\"ReadAction\",\"target\":[\"https:\/\/www.ladiagonale.net\/index.php\/2024\/02\/03\/singo-poursuit-sa-can-pas-camara\/\"]}]},{\"@type\":\"BreadcrumbList\",\"@id\":\"https:\/\/www.ladiagonale.net\/index.php\/2024\/02\/03\/singo-poursuit-sa-can-pas-camara\/#breadcrumb\",\"itemListElement\":[{\"@type\":\"ListItem\",\"position\":1,\"name\":\"Accueil\",\"item\":\"https:\/\/www.ladiagonale.net\/\"},{\"@type\":\"ListItem\",\"position\":2,\"name\":\"Singo poursuit sa CAN, pas Camara\"}]},{\"@type\":\"WebSite\",\"@id\":\"https:\/\/www.ladiagonale.net\/#website\",\"url\":\"https:\/\/www.ladiagonale.net\/\",\"name\":\"La Diagonale\",\"description\":\"Le site des supporters de l&#039;AS Monaco FC\",\"potentialAction\":[{\"@type\":\"SearchAction\",\"target\":{\"@type\":\"EntryPoint\",\"urlTemplate\":\"https:\/\/www.ladiagonale.net\/?s={search_term_string}\"},\"query-input\":\"required name=search_term_string\"}],\"inLanguage\":\"fr-FR\"},{\"@type\":\"Person\",\"@id\":\"https:\/\/www.ladiagonale.net\/#\/schema\/person\/03fa041acd51875ece8bf97a37252a4d\",\"name\":\"admin\",\"image\":{\"@type\":\"ImageObject\",\"inLanguage\":\"fr-FR\",\"@id\":\"https:\/\/www.ladiagonale.net\/#\/schema\/person\/image\/\",\"url\":\"https:\/\/secure.gravatar.com\/avatar\/894b9daaf19cc759b072b6bb09cac5f2?s=96&d=mm&r=g\",\"contentUrl\":\"https:\/\/secure.gravatar.com\/avatar\/894b9daaf19cc759b072b6bb09cac5f2?s=96&d=mm&r=g\",\"caption\":\"admin\"},\"sameAs\":[\"https:\/\/v2.ladiagonale.net\"],\"url\":\"https:\/\/www.ladiagonale.net\/index.php\/author\/admin\/\"}]}<\/script>\n<!-- \/ Yoast SEO plugin. -->","yoast_head_json":{"title":"Singo poursuit sa CAN, pas Camara - La Diagonale","robots":{"index":"index","follow":"follow","max-snippet":"max-snippet:-1","max-image-preview":"max-image-preview:large","max-video-preview":"max-video-preview:-1"},"canonical":"https:\/\/www.ladiagonale.net\/index.php\/2024\/02\/03\/singo-poursuit-sa-can-pas-camara\/","og_locale":"fr_FR","og_type":"article","og_title":"Singo poursuit sa CAN, pas Camara - La Diagonale","og_description":"Adi H\u00fctter ne pourra pas compter sur Wilfried Singo la semaine prochaine face \u00e0 Rouen en Coupe de France puis Nice en Ligue 1. Le Mon\u00e9gasque et la C\u00f4te d&rsquo;Ivoire se sont qualifi\u00e9s pour les demi-finales de la Coupe d&rsquo;Afrique des nations en battant le Mali de Mohamed Camara au bout du suspense (2-1 a.p.). [...]","og_url":"https:\/\/www.ladiagonale.net\/index.php\/2024\/02\/03\/singo-poursuit-sa-can-pas-camara\/","og_site_name":"La Diagonale","article_published_time":"2024-02-03T19:53:56+00:00","article_modified_time":"2024-02-03T19:54:00+00:00","og_image":[{"width":1160,"height":650,"url":"https:\/\/www.ladiagonale.net\/wp-content\/uploads\/2023\/12\/singoCI.png","type":"image\/png"}],"author":"admin","twitter_card":"summary_large_image","twitter_image":"https:\/\/www.ladiagonale.net\/wp-content\/uploads\/2023\/12\/singoCI.png","twitter_misc":{"\u00c9crit par":"admin","Dur\u00e9e de lecture estim\u00e9e":"2 minutes"},"schema":{"@context":"https:\/\/schema.org","@graph":[{"@type":"WebPage","@id":"https:\/\/www.ladiagonale.net\/index.php\/2024\/02\/03\/singo-poursuit-sa-can-pas-camara\/","url":"https:\/\/www.ladiagonale.net\/index.php\/2024\/02\/03\/singo-poursuit-sa-can-pas-camara\/","name":"Singo poursuit sa CAN, pas Camara - La Diagonale","isPartOf":{"@id":"https:\/\/www.ladiagonale.net\/#website"},"datePublished":"2024-02-03T19:53:56+00:00","dateModified":"2024-02-03T19:54:00+00:00","author":{"@id":"https:\/\/www.ladiagonale.net\/#\/schema\/person\/03fa041acd51875ece8bf97a37252a4d"},"breadcrumb":{"@id":"https:\/\/www.ladiagonale.net\/index.php\/2024\/02\/03\/singo-poursuit-sa-can-pas-camara\/#breadcrumb"},"inLanguage":"fr-FR","potentialAction":[{"@type":"ReadAction","target":["https:\/\/www.ladiagonale.net\/index.php\/2024\/02\/03\/singo-poursuit-sa-can-pas-camara\/"]}]},{"@type":"BreadcrumbList","@id":"https:\/\/www.ladiagonale.net\/index.php\/2024\/02\/03\/singo-poursuit-sa-can-pas-camara\/#breadcrumb","itemListElement":[{"@type":"ListItem","position":1,"name":"Accueil","item":"https:\/\/www.ladiagonale.net\/"},{"@type":"ListItem","position":2,"name":"Singo poursuit sa CAN, pas Camara"}]},{"@type":"WebSite","@id":"https:\/\/www.ladiagonale.net\/#website","url":"https:\/\/www.ladiagonale.net\/","name":"La Diagonale","description":"Le site des supporters de l&#039;AS Monaco FC","potentialAction":[{"@type":"SearchAction","target":{"@type":"EntryPoint","urlTemplate":"https:\/\/www.ladiagonale.net\/?s={search_term_string}"},"query-input":"required name=search_term_string"}],"inLanguage":"fr-FR"},{"@type":"Person","@id":"https:\/\/www.ladiagonale.net\/#\/schema\/person\/03fa041acd51875ece8bf97a37252a4d","name":"admin","image":{"@type":"ImageObject","inLanguage":"fr-FR","@id":"https:\/\/www.ladiagonale.net\/#\/schema\/person\/image\/","url":"https:\/\/secure.gravatar.com\/avatar\/894b9daaf19cc759b072b6bb09cac5f2?s=96&d=mm&r=g","contentUrl":"https:\/\/secure.gravatar.com\/avatar\/894b9daaf19cc759b072b6bb09cac5f2?s=96&d=mm&r=g","caption":"admin"},"sameAs":["https:\/\/v2.ladiagonale.net"],"url":"https:\/\/www.ladiagonale.net\/index.php\/author\/admin\/"}]}},"_links":{"self":[{"href":"https:\/\/www.ladiagonale.net\/index.php\/wp-json\/wp\/v2\/posts\/20486"}],"collection":[{"href":"https:\/\/www.ladiagonale.net\/index.php\/wp-json\/wp\/v2\/posts"}],"about":[{"href":"https:\/\/www.ladiagonale.net\/index.php\/wp-json\/wp\/v2\/types\/post"}],"author":[{"embeddable":true,"href":"https:\/\/www.ladiagonale.net\/index.php\/wp-json\/wp\/v2\/users\/1"}],"replies":[{"embeddable":true,"href":"https:\/\/www.ladiagonale.net\/index.php\/wp-json\/wp\/v2\/comments?post=20486"}],"version-history":[{"count":1,"href":"https:\/\/www.ladiagonale.net\/index.php\/wp-json\/wp\/v2\/posts\/20486\/revisions"}],"predecessor-version":[{"id":20487,"href":"https:\/\/www.ladiagonale.net\/index.php\/wp-json\/wp\/v2\/posts\/20486\/revisions\/20487"}],"wp:attachment":[{"href":"https:\/\/www.ladiagonale.net\/index.php\/wp-json\/wp\/v2\/media?parent=20486"}],"wp:term":[{"taxonomy":"category","embeddable":true,"href":"https:\/\/www.ladiagonale.net\/index.php\/wp-json\/wp\/v2\/categories?post=20486"},{"taxonomy":"post_tag","embeddable":true,"href":"https:\/\/www.ladiagonale.net\/index.php\/wp-json\/wp\/v2\/tags?post=20486"}],"curies":[{"name":"wp","href":"https:\/\/api.w.org\/{rel}","templated":true}]}}