{"id":20490,"date":"2024-02-04T10:22:00","date_gmt":"2024-02-04T09:22:00","guid":{"rendered":"https:\/\/www.ladiagonale.net\/?p=20490"},"modified":"2024-02-04T12:19:47","modified_gmt":"2024-02-04T11:19:47","slug":"le-detail-de-lhommage-pour-jean-petit-contre-le-havre","status":"publish","type":"post","link":"https:\/\/www.ladiagonale.net\/index.php\/2024\/02\/04\/le-detail-de-lhommage-pour-jean-petit-contre-le-havre\/","title":{"rendered":"Le d\u00e9tail de l&rsquo;hommage pour Jean Petit contre Le Havre"},"content":{"rendered":"\n\n\n<p>Mardi 23 janvier, Jean Petit nous a quitt\u00e9s \u00e0 l&rsquo;\u00e2ge de 74 ans. Un bouleversement pour tous les amoureux de la diagonale dont il faisait partie. L\u00e9gende du club auquel il a d\u00e9di\u00e9 sa vie enti\u00e8re, Jeannot recevra un hommage appuy\u00e9 et m\u00e9rit\u00e9 \u00e0 l&rsquo;occasion de la r\u00e9ception du Havre ce dimanche pour la 20<sup>e<\/sup> journ\u00e9e de Ligue 1. Le club de la Principaut\u00e9 a d\u00e9taill\u00e9 sur son site officiel ce qui a \u00e9t\u00e9 pr\u00e9vu afin d&rsquo;honorer sa m\u00e9moire.<\/p>\n\n\n\n<p>D\u00e8s l&rsquo;\u00e9chauffement, les joueurs de l&rsquo;AS Monaco porteront un t-shirt sp\u00e9cial pour saluer sa m\u00e9moire et le maillot du match sera quelque peu diff\u00e9rent. Les noms des joueurs seront exceptionnellement remplac\u00e9s par celui de \u00ab Petit \u00bb et chaque supporter aura l&rsquo;opportunit\u00e9 de faire floquer son maillot \u00ab Petit \u00bb accompagn\u00e9 du num\u00e9ro 8 gratuitement. Une minute d&rsquo;applaudissements sera observ\u00e9e avant le coup d&rsquo;envoi de la rencontre, une op\u00e9ration qui sera r\u00e9p\u00e9t\u00e9e lors de la 8<sup>e<\/sup> minute du match.<\/p>\n\n\n\n<p>Les tribunes ne seront pas en reste, puisque le club annonce que de nombreux tifos et drapeaux seront brandis pour cet hommage. Enfin, des livres d&rsquo;or, au nombre de quatre, seront post\u00e9s aux portes d&rsquo;entr\u00e9e du stade. Pour les supporters qui n&rsquo;auront pas l&rsquo;occasion de se rendre au stade Louis-II ce dimanche, un <a href=\"https:\/\/www.reliez-vous.fr\/auth\/invitation?key=MRe6javgE0EKmN0HVvCiRJFamZFZkNwe\">livre d&rsquo;or num\u00e9rique<\/a> a \u00e9t\u00e9 mis en place afin que chacun puisse s&rsquo;exprimer. Il sera ensuite imprim\u00e9 et offert \u00e0 la famille.<\/p>\n","protected":false},"excerpt":{"rendered":"<p>Mardi 23 janvier, Jean Petit nous a quitt\u00e9s \u00e0 l&rsquo;\u00e2ge de 74 ans. Un bouleversement pour tous les amoureux de la diagonale dont il faisait partie. L\u00e9gende du club auquel il a d\u00e9di\u00e9 sa vie enti\u00e8re, Jeannot recevra un hommage appuy\u00e9 et m\u00e9rit\u00e9 \u00e0 l&rsquo;occasion de la r\u00e9ception du Havre ce dimanche pour la 20e [&#8230;]\n","protected":false},"author":2,"featured_media":0,"comment_status":"open","ping_status":"open","sticky":false,"template":"","format":"standard","meta":[],"categories":[6],"tags":[255,86,590,247,783,776],"yoast_head":"<!-- This site is optimized with the Yoast SEO plugin v19.8 - https:\/\/yoast.com\/wordpress\/plugins\/seo\/ -->\n<title>Le d\u00e9tail de l&#039;hommage pour Jean Petit contre Le Havre - La Diagonale<\/title>\n<meta name=\"robots\" content=\"index, follow, max-snippet:-1, max-image-preview:large, max-video-preview:-1\" \/>\n<link rel=\"canonical\" href=\"https:\/\/www.ladiagonale.net\/index.php\/2024\/02\/04\/le-detail-de-lhommage-pour-jean-petit-contre-le-havre\/\" \/>\n<meta property=\"og:locale\" content=\"fr_FR\" \/>\n<meta property=\"og:type\" content=\"article\" \/>\n<meta property=\"og:title\" content=\"Le d\u00e9tail de l&#039;hommage pour Jean Petit contre Le Havre - La Diagonale\" \/>\n<meta property=\"og:description\" content=\"Mardi 23 janvier, Jean Petit nous a quitt\u00e9s \u00e0 l&rsquo;\u00e2ge de 74 ans. Un bouleversement pour tous les amoureux de la diagonale dont il faisait partie. L\u00e9gende du club auquel il a d\u00e9di\u00e9 sa vie enti\u00e8re, Jeannot recevra un hommage appuy\u00e9 et m\u00e9rit\u00e9 \u00e0 l&rsquo;occasion de la r\u00e9ception du Havre ce dimanche pour la 20e [...]\" \/>\n<meta property=\"og:url\" content=\"https:\/\/www.ladiagonale.net\/index.php\/2024\/02\/04\/le-detail-de-lhommage-pour-jean-petit-contre-le-havre\/\" \/>\n<meta property=\"og:site_name\" content=\"La Diagonale\" \/>\n<meta property=\"article:published_time\" content=\"2024-02-04T09:22:00+00:00\" \/>\n<meta property=\"article:modified_time\" content=\"2024-02-04T11:19:47+00:00\" \/>\n<meta property=\"og:image\" content=\"https:\/\/www.ladiagonale.net\/wp-content\/uploads\/2024\/02\/icon-jpt-090214-08-29-1160x650-1.jpg\" \/>\n\t<meta property=\"og:image:width\" content=\"1160\" \/>\n\t<meta property=\"og:image:height\" content=\"650\" \/>\n\t<meta property=\"og:image:type\" content=\"image\/jpeg\" \/>\n<meta name=\"author\" content=\"Damien Dellerba\" \/>\n<meta name=\"twitter:card\" content=\"summary_large_image\" \/>\n<meta name=\"twitter:image\" content=\"https:\/\/www.ladiagonale.net\/wp-content\/uploads\/2024\/02\/icon-jpt-090214-08-29-1160x650-1.jpg\" \/>\n<meta name=\"twitter:label1\" content=\"\u00c9crit par\" \/>\n\t<meta name=\"twitter:data1\" content=\"Damien Dellerba\" \/>\n\t<meta name=\"twitter:label2\" content=\"Dur\u00e9e de lecture estim\u00e9e\" \/>\n\t<meta name=\"twitter:data2\" content=\"2 minutes\" \/>\n<script type=\"application\/ld+json\" class=\"yoast-schema-graph\">{\"@context\":\"https:\/\/schema.org\",\"@graph\":[{\"@type\":\"WebPage\",\"@id\":\"https:\/\/www.ladiagonale.net\/index.php\/2024\/02\/04\/le-detail-de-lhommage-pour-jean-petit-contre-le-havre\/\",\"url\":\"https:\/\/www.ladiagonale.net\/index.php\/2024\/02\/04\/le-detail-de-lhommage-pour-jean-petit-contre-le-havre\/\",\"name\":\"Le d\u00e9tail de l'hommage pour Jean Petit contre Le Havre - La Diagonale\",\"isPartOf\":{\"@id\":\"https:\/\/www.ladiagonale.net\/#website\"},\"datePublished\":\"2024-02-04T09:22:00+00:00\",\"dateModified\":\"2024-02-04T11:19:47+00:00\",\"author\":{\"@id\":\"https:\/\/www.ladiagonale.net\/#\/schema\/person\/79ff1e7b0853ed01b2aa26e64ad300bf\"},\"breadcrumb\":{\"@id\":\"https:\/\/www.ladiagonale.net\/index.php\/2024\/02\/04\/le-detail-de-lhommage-pour-jean-petit-contre-le-havre\/#breadcrumb\"},\"inLanguage\":\"fr-FR\",\"potentialAction\":[{\"@type\":\"ReadAction\",\"target\":[\"https:\/\/www.ladiagonale.net\/index.php\/2024\/02\/04\/le-detail-de-lhommage-pour-jean-petit-contre-le-havre\/\"]}]},{\"@type\":\"BreadcrumbList\",\"@id\":\"https:\/\/www.ladiagonale.net\/index.php\/2024\/02\/04\/le-detail-de-lhommage-pour-jean-petit-contre-le-havre\/#breadcrumb\",\"itemListElement\":[{\"@type\":\"ListItem\",\"position\":1,\"name\":\"Accueil\",\"item\":\"https:\/\/www.ladiagonale.net\/\"},{\"@type\":\"ListItem\",\"position\":2,\"name\":\"Le d\u00e9tail de l&rsquo;hommage pour Jean Petit contre Le Havre\"}]},{\"@type\":\"WebSite\",\"@id\":\"https:\/\/www.ladiagonale.net\/#website\",\"url\":\"https:\/\/www.ladiagonale.net\/\",\"name\":\"La Diagonale\",\"description\":\"Le site des supporters de l&#039;AS Monaco FC\",\"potentialAction\":[{\"@type\":\"SearchAction\",\"target\":{\"@type\":\"EntryPoint\",\"urlTemplate\":\"https:\/\/www.ladiagonale.net\/?s={search_term_string}\"},\"query-input\":\"required name=search_term_string\"}],\"inLanguage\":\"fr-FR\"},{\"@type\":\"Person\",\"@id\":\"https:\/\/www.ladiagonale.net\/#\/schema\/person\/79ff1e7b0853ed01b2aa26e64ad300bf\",\"name\":\"Damien Dellerba\",\"image\":{\"@type\":\"ImageObject\",\"inLanguage\":\"fr-FR\",\"@id\":\"https:\/\/www.ladiagonale.net\/#\/schema\/person\/image\/\",\"url\":\"https:\/\/secure.gravatar.com\/avatar\/c7850e06d3ff63cdbaee88b7fc16e2f0?s=96&d=mm&r=g\",\"contentUrl\":\"https:\/\/secure.gravatar.com\/avatar\/c7850e06d3ff63cdbaee88b7fc16e2f0?s=96&d=mm&r=g\",\"caption\":\"Damien Dellerba\"},\"url\":\"https:\/\/www.ladiagonale.net\/index.php\/author\/damien\/\"}]}<\/script>\n<!-- \/ Yoast SEO plugin. -->","yoast_head_json":{"title":"Le d\u00e9tail de l'hommage pour Jean Petit contre Le Havre - La Diagonale","robots":{"index":"index","follow":"follow","max-snippet":"max-snippet:-1","max-image-preview":"max-image-preview:large","max-video-preview":"max-video-preview:-1"},"canonical":"https:\/\/www.ladiagonale.net\/index.php\/2024\/02\/04\/le-detail-de-lhommage-pour-jean-petit-contre-le-havre\/","og_locale":"fr_FR","og_type":"article","og_title":"Le d\u00e9tail de l'hommage pour Jean Petit contre Le Havre - La Diagonale","og_description":"Mardi 23 janvier, Jean Petit nous a quitt\u00e9s \u00e0 l&rsquo;\u00e2ge de 74 ans. Un bouleversement pour tous les amoureux de la diagonale dont il faisait partie. L\u00e9gende du club auquel il a d\u00e9di\u00e9 sa vie enti\u00e8re, Jeannot recevra un hommage appuy\u00e9 et m\u00e9rit\u00e9 \u00e0 l&rsquo;occasion de la r\u00e9ception du Havre ce dimanche pour la 20e [...]","og_url":"https:\/\/www.ladiagonale.net\/index.php\/2024\/02\/04\/le-detail-de-lhommage-pour-jean-petit-contre-le-havre\/","og_site_name":"La Diagonale","article_published_time":"2024-02-04T09:22:00+00:00","article_modified_time":"2024-02-04T11:19:47+00:00","og_image":[{"width":1160,"height":650,"url":"https:\/\/www.ladiagonale.net\/wp-content\/uploads\/2024\/02\/icon-jpt-090214-08-29-1160x650-1.jpg","type":"image\/jpeg"}],"author":"Damien Dellerba","twitter_card":"summary_large_image","twitter_image":"https:\/\/www.ladiagonale.net\/wp-content\/uploads\/2024\/02\/icon-jpt-090214-08-29-1160x650-1.jpg","twitter_misc":{"\u00c9crit par":"Damien Dellerba","Dur\u00e9e de lecture estim\u00e9e":"2 minutes"},"schema":{"@context":"https:\/\/schema.org","@graph":[{"@type":"WebPage","@id":"https:\/\/www.ladiagonale.net\/index.php\/2024\/02\/04\/le-detail-de-lhommage-pour-jean-petit-contre-le-havre\/","url":"https:\/\/www.ladiagonale.net\/index.php\/2024\/02\/04\/le-detail-de-lhommage-pour-jean-petit-contre-le-havre\/","name":"Le d\u00e9tail de l'hommage pour Jean Petit contre Le Havre - La Diagonale","isPartOf":{"@id":"https:\/\/www.ladiagonale.net\/#website"},"datePublished":"2024-02-04T09:22:00+00:00","dateModified":"2024-02-04T11:19:47+00:00","author":{"@id":"https:\/\/www.ladiagonale.net\/#\/schema\/person\/79ff1e7b0853ed01b2aa26e64ad300bf"},"breadcrumb":{"@id":"https:\/\/www.ladiagonale.net\/index.php\/2024\/02\/04\/le-detail-de-lhommage-pour-jean-petit-contre-le-havre\/#breadcrumb"},"inLanguage":"fr-FR","potentialAction":[{"@type":"ReadAction","target":["https:\/\/www.ladiagonale.net\/index.php\/2024\/02\/04\/le-detail-de-lhommage-pour-jean-petit-contre-le-havre\/"]}]},{"@type":"BreadcrumbList","@id":"https:\/\/www.ladiagonale.net\/index.php\/2024\/02\/04\/le-detail-de-lhommage-pour-jean-petit-contre-le-havre\/#breadcrumb","itemListElement":[{"@type":"ListItem","position":1,"name":"Accueil","item":"https:\/\/www.ladiagonale.net\/"},{"@type":"ListItem","position":2,"name":"Le d\u00e9tail de l&rsquo;hommage pour Jean Petit contre Le Havre"}]},{"@type":"WebSite","@id":"https:\/\/www.ladiagonale.net\/#website","url":"https:\/\/www.ladiagonale.net\/","name":"La Diagonale","description":"Le site des supporters de l&#039;AS Monaco FC","potentialAction":[{"@type":"SearchAction","target":{"@type":"EntryPoint","urlTemplate":"https:\/\/www.ladiagonale.net\/?s={search_term_string}"},"query-input":"required name=search_term_string"}],"inLanguage":"fr-FR"},{"@type":"Person","@id":"https:\/\/www.ladiagonale.net\/#\/schema\/person\/79ff1e7b0853ed01b2aa26e64ad300bf","name":"Damien Dellerba","image":{"@type":"ImageObject","inLanguage":"fr-FR","@id":"https:\/\/www.ladiagonale.net\/#\/schema\/person\/image\/","url":"https:\/\/secure.gravatar.com\/avatar\/c7850e06d3ff63cdbaee88b7fc16e2f0?s=96&d=mm&r=g","contentUrl":"https:\/\/secure.gravatar.com\/avatar\/c7850e06d3ff63cdbaee88b7fc16e2f0?s=96&d=mm&r=g","caption":"Damien Dellerba"},"url":"https:\/\/www.ladiagonale.net\/index.php\/author\/damien\/"}]}},"_links":{"self":[{"href":"https:\/\/www.ladiagonale.net\/index.php\/wp-json\/wp\/v2\/posts\/20490"}],"collection":[{"href":"https:\/\/www.ladiagonale.net\/index.php\/wp-json\/wp\/v2\/posts"}],"about":[{"href":"https:\/\/www.ladiagonale.net\/index.php\/wp-json\/wp\/v2\/types\/post"}],"author":[{"embeddable":true,"href":"https:\/\/www.ladiagonale.net\/index.php\/wp-json\/wp\/v2\/users\/2"}],"replies":[{"embeddable":true,"href":"https:\/\/www.ladiagonale.net\/index.php\/wp-json\/wp\/v2\/comments?post=20490"}],"version-history":[{"count":4,"href":"https:\/\/www.ladiagonale.net\/index.php\/wp-json\/wp\/v2\/posts\/20490\/revisions"}],"predecessor-version":[{"id":20503,"href":"https:\/\/www.ladiagonale.net\/index.php\/wp-json\/wp\/v2\/posts\/20490\/revisions\/20503"}],"wp:attachment":[{"href":"https:\/\/www.ladiagonale.net\/index.php\/wp-json\/wp\/v2\/media?parent=20490"}],"wp:term":[{"taxonomy":"category","embeddable":true,"href":"https:\/\/www.ladiagonale.net\/index.php\/wp-json\/wp\/v2\/categories?post=20490"},{"taxonomy":"post_tag","embeddable":true,"href":"https:\/\/www.ladiagonale.net\/index.php\/wp-json\/wp\/v2\/tags?post=20490"}],"curies":[{"name":"wp","href":"https:\/\/api.w.org\/{rel}","templated":true}]}}