{"id":20492,"date":"2024-02-04T09:39:00","date_gmt":"2024-02-04T08:39:00","guid":{"rendered":"https:\/\/www.ladiagonale.net\/?p=20492"},"modified":"2024-02-04T04:44:51","modified_gmt":"2024-02-04T03:44:51","slug":"sous-le-signe-du-devouement","status":"publish","type":"post","link":"https:\/\/www.ladiagonale.net\/index.php\/2024\/02\/04\/sous-le-signe-du-devouement\/","title":{"rendered":"Sous le signe du d\u00e9vouement"},"content":{"rendered":"\n\n\n<p><strong>La 20<sup>e<\/sup> journ\u00e9e marque le retour de l\u2019AS Monaco au stade Louis-II apr\u00e8s deux rencontres disput\u00e9es \u00e0 l\u2019ext\u00e9rieur. Face au Havre, les Mon\u00e9gasques devront se rattraper de deux d\u00e9faites cuisantes contre Lyon et Reims dans son jardin et devant ses supporters. Tout en ayant une pens\u00e9e pour Jean Petit, d\u00e9c\u00e9d\u00e9 la semaine derni\u00e8re.<\/strong><\/p>\n\n\n\n<p>La rencontre de samedi dernier face \u00e0 l\u2019Olympique de Marseille (2-2) a fait couler beaucoup d\u2019encre cette semaine. Au centre des pol\u00e9miques, l\u2019arbitrage tr\u00e8s contestable de Willy Delajod, qui avait expuls\u00e9 Guillermo Maripan et Denis Zakaria et oubli\u00e9 d\u2019en faire de m\u00eame avec le Marseillais Emran Soglo. Vu comme l\u2019emp\u00eacheur de tourner en rond, l\u2019homme en noir aurait vol\u00e9 un succ\u00e8s qui semblait tendre les bras \u00e0 Monaco. C\u2019est en tout cas une opinion qu\u2019on a pu voir largement r\u00e9pandue sur les diff\u00e9rents r\u00e9seaux sociaux. Si Monaco avait tr\u00e8s vite fait la diff\u00e9rence, avec une ouverture du score rapide de Ben Yedder, difficile cependant de croire que l\u2019OM serait rest\u00e9 aussi attentiste pendant 90 minutes, m\u00eame sans sa sup\u00e9riorit\u00e9 num\u00e9rique. Mais \u00e0 10 contre 11, le narratif est devenu de fait bien plus favorable \u00e0 l\u2019ASM et ses m\u00e9rites de tenir le score dans des conditions ex\u00e9crables et m\u00eame de mener la partie lorsque Maghnes Akliouche a inscrit le deuxi\u00e8me but avant le retour aux vestiaires.<\/p>\n\n\n\n<p>Pourtant, le manque de constance de l\u2019\u00e9quipe d\u2019Adi H\u00fctter est toujours aussi visible, et m\u00eame Mohammed Salisu a \u00e9t\u00e9 forc\u00e9 de reconna\u00eetre que lui et ses co\u00e9quipiers devaient trouver la cl\u00e9 pour rester concentr\u00e9 \u00e0 100% dans un match : \u00ab\u00a0<em>Pour \u00eatre encore plus haut, nous devons \u00eatre concentr\u00e9s durant 90 minutes. C\u2019est la mentalit\u00e9 \u00e0 avoir car l\u2019on perd parfois un peu en concentration \u00e0 certains moments.<\/em>\u00a0\u00bb Une constante dans l&rsquo;inconstance pourrait-on dire, et ce ne sont pas les changements qui devraient de nouveau \u00eatre op\u00e9r\u00e9s par le technicien autrichien qui pourront ramener davantage de stabilit\u00e9. Derri\u00e8re, H\u00fctter est encore en qu\u00eate de la bonne formule, mais c&rsquo;est avec une forme presque impos\u00e9e qu&rsquo;il devra composer contre Le Havre, puisqu&rsquo;il sera priv\u00e9 de Maripan et de Zakaria.<\/p>\n\n\n\n<p>En pointe, Wissam Ben Yedder sera encore seul, puisque Folarin Balogun n&rsquo;est toujours pas remis d&rsquo;une \u00e9paule douloureuse. Mais il aura derri\u00e8re lui deux pourvoyeurs de ballons de talent avec Maghnes Akliouche et Aleksandr Golovin. Dans la lign\u00e9e d&rsquo;un Jean Petit, le milieu de terrain russe a livr\u00e9 une partie exemplaire au stade V\u00e9lodrome samedi dernier. Repositionn\u00e9 un cran plus bas dans le c\u0153ur du jeu, Golovin a tout fait pour aider le collectif et a rayonn\u00e9 : \u00ab\u00a0<em>Il peut jouer en num\u00e9ro 6 s\u2019il y a besoin, mais nous savons que Golo est un joueur fantastique dans le dernier tiers du terrain et il a \u00e9t\u00e9 tr\u00e8s bon apr\u00e8s l\u2019expulsion de Maripan<\/em>, a reconnu H\u00fctter en conf\u00e9rence de presse. <em>Il a gagn\u00e9 des duels, \u00e9norm\u00e9ment couru et fait une rencontre fantastique.<\/em>\u00a0\u00bb Pour battre Le Havre, Monaco aura besoin de ce d\u00e9pouillement et de ce d\u00e9vouement, de celui qui fait honneur au maillot. Non pas de la part d&rsquo;un seul joueur mais de onze. Parce qu&rsquo;un homme d&rsquo;une fid\u00e9lit\u00e9 sans borne pour l&rsquo;AS Monaco s&rsquo;en est all\u00e9 rejoindre les \u00e9toiles et qu&rsquo;il m\u00e9rite au moins cela.<\/p>\n","protected":false},"excerpt":{"rendered":"<p>La 20e journ\u00e9e marque le retour de l\u2019AS Monaco au stade Louis-II apr\u00e8s deux rencontres disput\u00e9es \u00e0 l\u2019ext\u00e9rieur. Face au Havre, les Mon\u00e9gasques devront se rattraper de deux d\u00e9faites cuisantes contre Lyon et Reims dans son jardin et devant ses supporters. Tout en ayant une pens\u00e9e pour Jean Petit, d\u00e9c\u00e9d\u00e9 la semaine derni\u00e8re. La rencontre [&#8230;]\n","protected":false},"author":2,"featured_media":20493,"comment_status":"open","ping_status":"open","sticky":false,"template":"","format":"standard","meta":[],"categories":[5,6],"tags":[],"yoast_head":"<!-- This site is optimized with the Yoast SEO plugin v19.8 - https:\/\/yoast.com\/wordpress\/plugins\/seo\/ -->\n<title>Sous le signe du d\u00e9vouement - La Diagonale<\/title>\n<meta name=\"robots\" content=\"index, follow, max-snippet:-1, max-image-preview:large, max-video-preview:-1\" \/>\n<link rel=\"canonical\" href=\"https:\/\/www.ladiagonale.net\/index.php\/2024\/02\/04\/sous-le-signe-du-devouement\/\" \/>\n<meta property=\"og:locale\" content=\"fr_FR\" \/>\n<meta property=\"og:type\" content=\"article\" \/>\n<meta property=\"og:title\" content=\"Sous le signe du d\u00e9vouement - La Diagonale\" \/>\n<meta property=\"og:description\" content=\"La 20e journ\u00e9e marque le retour de l\u2019AS Monaco au stade Louis-II apr\u00e8s deux rencontres disput\u00e9es \u00e0 l\u2019ext\u00e9rieur. Face au Havre, les Mon\u00e9gasques devront se rattraper de deux d\u00e9faites cuisantes contre Lyon et Reims dans son jardin et devant ses supporters. Tout en ayant une pens\u00e9e pour Jean Petit, d\u00e9c\u00e9d\u00e9 la semaine derni\u00e8re. La rencontre [...]\" \/>\n<meta property=\"og:url\" content=\"https:\/\/www.ladiagonale.net\/index.php\/2024\/02\/04\/sous-le-signe-du-devouement\/\" \/>\n<meta property=\"og:site_name\" content=\"La Diagonale\" \/>\n<meta property=\"article:published_time\" content=\"2024-02-04T08:39:00+00:00\" \/>\n<meta property=\"article:modified_time\" content=\"2024-02-04T03:44:51+00:00\" \/>\n<meta property=\"og:image\" content=\"https:\/\/www.ladiagonale.net\/wp-content\/uploads\/2024\/02\/jeannot.png\" \/>\n\t<meta property=\"og:image:width\" content=\"1160\" \/>\n\t<meta property=\"og:image:height\" content=\"650\" \/>\n\t<meta property=\"og:image:type\" content=\"image\/png\" \/>\n<meta name=\"author\" content=\"Damien Dellerba\" \/>\n<meta name=\"twitter:card\" content=\"summary_large_image\" \/>\n<meta name=\"twitter:image\" content=\"https:\/\/www.ladiagonale.net\/wp-content\/uploads\/2024\/02\/jeannot.png\" \/>\n<meta name=\"twitter:label1\" content=\"\u00c9crit par\" \/>\n\t<meta name=\"twitter:data1\" content=\"Damien Dellerba\" \/>\n\t<meta name=\"twitter:label2\" content=\"Dur\u00e9e de lecture estim\u00e9e\" \/>\n\t<meta name=\"twitter:data2\" content=\"3 minutes\" \/>\n<script type=\"application\/ld+json\" class=\"yoast-schema-graph\">{\"@context\":\"https:\/\/schema.org\",\"@graph\":[{\"@type\":\"WebPage\",\"@id\":\"https:\/\/www.ladiagonale.net\/index.php\/2024\/02\/04\/sous-le-signe-du-devouement\/\",\"url\":\"https:\/\/www.ladiagonale.net\/index.php\/2024\/02\/04\/sous-le-signe-du-devouement\/\",\"name\":\"Sous le signe du d\u00e9vouement - La Diagonale\",\"isPartOf\":{\"@id\":\"https:\/\/www.ladiagonale.net\/#website\"},\"datePublished\":\"2024-02-04T08:39:00+00:00\",\"dateModified\":\"2024-02-04T03:44:51+00:00\",\"author\":{\"@id\":\"https:\/\/www.ladiagonale.net\/#\/schema\/person\/79ff1e7b0853ed01b2aa26e64ad300bf\"},\"breadcrumb\":{\"@id\":\"https:\/\/www.ladiagonale.net\/index.php\/2024\/02\/04\/sous-le-signe-du-devouement\/#breadcrumb\"},\"inLanguage\":\"fr-FR\",\"potentialAction\":[{\"@type\":\"ReadAction\",\"target\":[\"https:\/\/www.ladiagonale.net\/index.php\/2024\/02\/04\/sous-le-signe-du-devouement\/\"]}]},{\"@type\":\"BreadcrumbList\",\"@id\":\"https:\/\/www.ladiagonale.net\/index.php\/2024\/02\/04\/sous-le-signe-du-devouement\/#breadcrumb\",\"itemListElement\":[{\"@type\":\"ListItem\",\"position\":1,\"name\":\"Accueil\",\"item\":\"https:\/\/www.ladiagonale.net\/\"},{\"@type\":\"ListItem\",\"position\":2,\"name\":\"Sous le signe du d\u00e9vouement\"}]},{\"@type\":\"WebSite\",\"@id\":\"https:\/\/www.ladiagonale.net\/#website\",\"url\":\"https:\/\/www.ladiagonale.net\/\",\"name\":\"La Diagonale\",\"description\":\"Le site des supporters de l&#039;AS Monaco FC\",\"potentialAction\":[{\"@type\":\"SearchAction\",\"target\":{\"@type\":\"EntryPoint\",\"urlTemplate\":\"https:\/\/www.ladiagonale.net\/?s={search_term_string}\"},\"query-input\":\"required name=search_term_string\"}],\"inLanguage\":\"fr-FR\"},{\"@type\":\"Person\",\"@id\":\"https:\/\/www.ladiagonale.net\/#\/schema\/person\/79ff1e7b0853ed01b2aa26e64ad300bf\",\"name\":\"Damien Dellerba\",\"image\":{\"@type\":\"ImageObject\",\"inLanguage\":\"fr-FR\",\"@id\":\"https:\/\/www.ladiagonale.net\/#\/schema\/person\/image\/\",\"url\":\"https:\/\/secure.gravatar.com\/avatar\/c7850e06d3ff63cdbaee88b7fc16e2f0?s=96&d=mm&r=g\",\"contentUrl\":\"https:\/\/secure.gravatar.com\/avatar\/c7850e06d3ff63cdbaee88b7fc16e2f0?s=96&d=mm&r=g\",\"caption\":\"Damien Dellerba\"},\"url\":\"https:\/\/www.ladiagonale.net\/index.php\/author\/damien\/\"}]}<\/script>\n<!-- \/ Yoast SEO plugin. -->","yoast_head_json":{"title":"Sous le signe du d\u00e9vouement - La Diagonale","robots":{"index":"index","follow":"follow","max-snippet":"max-snippet:-1","max-image-preview":"max-image-preview:large","max-video-preview":"max-video-preview:-1"},"canonical":"https:\/\/www.ladiagonale.net\/index.php\/2024\/02\/04\/sous-le-signe-du-devouement\/","og_locale":"fr_FR","og_type":"article","og_title":"Sous le signe du d\u00e9vouement - La Diagonale","og_description":"La 20e journ\u00e9e marque le retour de l\u2019AS Monaco au stade Louis-II apr\u00e8s deux rencontres disput\u00e9es \u00e0 l\u2019ext\u00e9rieur. Face au Havre, les Mon\u00e9gasques devront se rattraper de deux d\u00e9faites cuisantes contre Lyon et Reims dans son jardin et devant ses supporters. Tout en ayant une pens\u00e9e pour Jean Petit, d\u00e9c\u00e9d\u00e9 la semaine derni\u00e8re. La rencontre [...]","og_url":"https:\/\/www.ladiagonale.net\/index.php\/2024\/02\/04\/sous-le-signe-du-devouement\/","og_site_name":"La Diagonale","article_published_time":"2024-02-04T08:39:00+00:00","article_modified_time":"2024-02-04T03:44:51+00:00","og_image":[{"width":1160,"height":650,"url":"https:\/\/www.ladiagonale.net\/wp-content\/uploads\/2024\/02\/jeannot.png","type":"image\/png"}],"author":"Damien Dellerba","twitter_card":"summary_large_image","twitter_image":"https:\/\/www.ladiagonale.net\/wp-content\/uploads\/2024\/02\/jeannot.png","twitter_misc":{"\u00c9crit par":"Damien Dellerba","Dur\u00e9e de lecture estim\u00e9e":"3 minutes"},"schema":{"@context":"https:\/\/schema.org","@graph":[{"@type":"WebPage","@id":"https:\/\/www.ladiagonale.net\/index.php\/2024\/02\/04\/sous-le-signe-du-devouement\/","url":"https:\/\/www.ladiagonale.net\/index.php\/2024\/02\/04\/sous-le-signe-du-devouement\/","name":"Sous le signe du d\u00e9vouement - La Diagonale","isPartOf":{"@id":"https:\/\/www.ladiagonale.net\/#website"},"datePublished":"2024-02-04T08:39:00+00:00","dateModified":"2024-02-04T03:44:51+00:00","author":{"@id":"https:\/\/www.ladiagonale.net\/#\/schema\/person\/79ff1e7b0853ed01b2aa26e64ad300bf"},"breadcrumb":{"@id":"https:\/\/www.ladiagonale.net\/index.php\/2024\/02\/04\/sous-le-signe-du-devouement\/#breadcrumb"},"inLanguage":"fr-FR","potentialAction":[{"@type":"ReadAction","target":["https:\/\/www.ladiagonale.net\/index.php\/2024\/02\/04\/sous-le-signe-du-devouement\/"]}]},{"@type":"BreadcrumbList","@id":"https:\/\/www.ladiagonale.net\/index.php\/2024\/02\/04\/sous-le-signe-du-devouement\/#breadcrumb","itemListElement":[{"@type":"ListItem","position":1,"name":"Accueil","item":"https:\/\/www.ladiagonale.net\/"},{"@type":"ListItem","position":2,"name":"Sous le signe du d\u00e9vouement"}]},{"@type":"WebSite","@id":"https:\/\/www.ladiagonale.net\/#website","url":"https:\/\/www.ladiagonale.net\/","name":"La Diagonale","description":"Le site des supporters de l&#039;AS Monaco FC","potentialAction":[{"@type":"SearchAction","target":{"@type":"EntryPoint","urlTemplate":"https:\/\/www.ladiagonale.net\/?s={search_term_string}"},"query-input":"required name=search_term_string"}],"inLanguage":"fr-FR"},{"@type":"Person","@id":"https:\/\/www.ladiagonale.net\/#\/schema\/person\/79ff1e7b0853ed01b2aa26e64ad300bf","name":"Damien Dellerba","image":{"@type":"ImageObject","inLanguage":"fr-FR","@id":"https:\/\/www.ladiagonale.net\/#\/schema\/person\/image\/","url":"https:\/\/secure.gravatar.com\/avatar\/c7850e06d3ff63cdbaee88b7fc16e2f0?s=96&d=mm&r=g","contentUrl":"https:\/\/secure.gravatar.com\/avatar\/c7850e06d3ff63cdbaee88b7fc16e2f0?s=96&d=mm&r=g","caption":"Damien Dellerba"},"url":"https:\/\/www.ladiagonale.net\/index.php\/author\/damien\/"}]}},"_links":{"self":[{"href":"https:\/\/www.ladiagonale.net\/index.php\/wp-json\/wp\/v2\/posts\/20492"}],"collection":[{"href":"https:\/\/www.ladiagonale.net\/index.php\/wp-json\/wp\/v2\/posts"}],"about":[{"href":"https:\/\/www.ladiagonale.net\/index.php\/wp-json\/wp\/v2\/types\/post"}],"author":[{"embeddable":true,"href":"https:\/\/www.ladiagonale.net\/index.php\/wp-json\/wp\/v2\/users\/2"}],"replies":[{"embeddable":true,"href":"https:\/\/www.ladiagonale.net\/index.php\/wp-json\/wp\/v2\/comments?post=20492"}],"version-history":[{"count":4,"href":"https:\/\/www.ladiagonale.net\/index.php\/wp-json\/wp\/v2\/posts\/20492\/revisions"}],"predecessor-version":[{"id":20497,"href":"https:\/\/www.ladiagonale.net\/index.php\/wp-json\/wp\/v2\/posts\/20492\/revisions\/20497"}],"wp:featuredmedia":[{"embeddable":true,"href":"https:\/\/www.ladiagonale.net\/index.php\/wp-json\/wp\/v2\/media\/20493"}],"wp:attachment":[{"href":"https:\/\/www.ladiagonale.net\/index.php\/wp-json\/wp\/v2\/media?parent=20492"}],"wp:term":[{"taxonomy":"category","embeddable":true,"href":"https:\/\/www.ladiagonale.net\/index.php\/wp-json\/wp\/v2\/categories?post=20492"},{"taxonomy":"post_tag","embeddable":true,"href":"https:\/\/www.ladiagonale.net\/index.php\/wp-json\/wp\/v2\/tags?post=20492"}],"curies":[{"name":"wp","href":"https:\/\/api.w.org\/{rel}","templated":true}]}}