{"id":20588,"date":"2024-02-07T14:37:46","date_gmt":"2024-02-07T13:37:46","guid":{"rendered":"https:\/\/www.ladiagonale.net\/?p=20588"},"modified":"2024-02-07T14:37:50","modified_gmt":"2024-02-07T13:37:50","slug":"hutter-montrer-a-rouen-que-nous-sommes-une-equipe-de-ligue-1","status":"publish","type":"post","link":"https:\/\/www.ladiagonale.net\/index.php\/2024\/02\/07\/hutter-montrer-a-rouen-que-nous-sommes-une-equipe-de-ligue-1\/","title":{"rendered":"H\u00fctter : \u00ab&nbsp;Montrer \u00e0 Rouen que nous sommes une \u00e9quipe de Ligue 1&nbsp;\u00bb"},"content":{"rendered":"\n<p>Semaine capitale pour l\u2019AS Monaco ? Il semblerait. Les Rouge et Blanc jouent ce jeudi une qualification pour les quarts de finale de la Coupe de France contre Rouen avant d\u2019affronter Nice dimanche dans un derby qui pourrait avoir d\u2019importantes r\u00e9percussions dans la course \u00e0 la Ligue des champions. Et Adi H\u00fctter l\u2019a bien saisi : \u00ab\u00a0<em>C\u2019est assur\u00e9ment une semaine importante. Nous sommes pleinement concentr\u00e9s sur ce match contre Rouen avant de nous tourner totalement vers Nice. Mais d\u2019abord, il y a la Coupe de France et c\u2019est tr\u00e8s important pour nous.<\/em>\u00a0\u00bb<\/p>\n\n\n\n<p>L\u2019entra\u00eeneur autrichien ne veut pas arriver en terrain conquis \u00e0 Rouen, pensionnaire de National, mais il entend tout de m\u00eame faire respecter la hi\u00e9rarchie : \u00ab\u00a0<em>Ils ont battu Toulouse et ce n\u2019est pas si facile de battre Toulouse. C\u2019est une \u00e9quipe performante \u00e0 domicile, devant une bonne ambiance. (\u2026) Ils sont compacts, jouent en bloc bas, avec de bonnes contre-attaques et sont bons sur coups de pied arr\u00eat\u00e9s. Il faudra faire attention mais nous devons dominer ce match et ce d\u00e8s les premi\u00e8res minutes, avec beaucoup d\u2019\u00e9nergie et d\u2019intensit\u00e9, pour leur montrer que nous sommes une \u00e9quipe de Ligue 1. Nous avons aussi beaucoup de respect pour eux, mais nous voulons vraiment aller en quarts de finale.<\/em>\u00a0\u00bb<\/p>\n\n\n\n<h3>H\u00fctter clarifie ses propos sur les supporters<\/h3>\n\n\n\n<p>Concernant la dynamique actuelle de son \u00e9quipe, H\u00fctter n\u2019est pas franchement satisfait, avec seulement deux points pris sur neufs sur le d\u00e9but de la phase retour de Ligue 1 : \u00ab <em>Nous ne sommes pas heureux. Nous ne sommes plus dans le top 3, mais ce qui compte c\u2019est d\u2019y \u00eatre \u00e0 la fin du mois de mai, donc nous avons encore notre destin en main, Ce qui me rend heureux, c\u2019est que de plus en plus de joueurs effectueront leur retour. Nous aurons plus d\u2019options pour aligner une \u00e9quipe qui peut obtenir de meilleurs r\u00e9sultats.<\/em>\u00a0\u00bb Mais il faudra faire attention aux suspensions. Si Monaco va r\u00e9cup\u00e9rer Guillermo Maripan et Denis Zakaria, <a href=\"https:\/\/www.ladiagonale.net\/index.php\/2024\/02\/04\/trois-joueurs-suspendus-pour-toulouse\/\" target=\"_blank\" rel=\"noreferrer noopener\">trois joueurs seront suspendus \u00e0 Toulouse<\/a>. \u00ab\u00a0<em>Ce que je n\u2019aime pas, c\u2019est lorsque nous recevons des cartons apr\u00e8s avoir r\u00e2l\u00e9 aupr\u00e8s de l\u2019arbitre<\/em>\u00a0\u00bb, a grommel\u00e9 l\u2019Autrichien.<\/p>\n\n\n\n<p>Ce jeudi, le parcage mon\u00e9gasque sera une nouvelle fois plein. Un soutien important pour l\u2019ASM, et l\u2019occasion surtout pour H\u00fctter de revenir sur une interview donn\u00e9e \u00e0 <em>Prime Video<\/em> juste avant le match contre Le Havre, o\u00f9 il expliquait aimer jouer \u00e0 l\u2019ext\u00e9rieur car il y avait davantage de spectateurs : \u00ab\u00a0<em>C\u2019est toujours important d\u2019avoir le soutien de nos supporters. Il y a peut-\u00eatre eu une incompr\u00e9hension apr\u00e8s Le Havre. Depuis que je suis ici, j\u2019ai toujours \u00e9t\u00e9 heureux de nos supporters, que ce soit \u00e0 l\u2019ext\u00e9rieur ou \u00e0 domicile, ils nous encouragent beaucoup et font beaucoup pour nous. Cela m\u2019importe peu de jouer \u00e0 domicile ou \u00e0 l\u2019ext\u00e9rieur, nous sommes heureux et reconnaissants envers nos supporters et je voulais clarifier cela.<\/em>\u00a0\u00bb La s\u00e9quence vid\u00e9o, diffus\u00e9e sur les r\u00e9seaux sociaux, puis supprim\u00e9e, avait d\u00e9clench\u00e9 la col\u00e8re de nombreux fans.<\/p>\n\n\n","protected":false},"excerpt":{"rendered":"<p>Semaine capitale pour l\u2019AS Monaco ? Il semblerait. Les Rouge et Blanc jouent ce jeudi une qualification pour les quarts de finale de la Coupe de France contre Rouen avant d\u2019affronter Nice dimanche dans un derby qui pourrait avoir d\u2019importantes r\u00e9percussions dans la course \u00e0 la Ligue des champions. Et Adi H\u00fctter l\u2019a bien saisi [&#8230;]\n","protected":false},"author":2,"featured_media":0,"comment_status":"open","ping_status":"open","sticky":false,"template":"","format":"standard","meta":[],"categories":[6],"tags":[576,86,232,772],"yoast_head":"<!-- This site is optimized with the Yoast SEO plugin v19.8 - https:\/\/yoast.com\/wordpress\/plugins\/seo\/ -->\n<title>H\u00fctter : \u00ab&nbsp;Montrer \u00e0 Rouen que nous sommes une \u00e9quipe de Ligue 1&nbsp;\u00bb - La Diagonale<\/title>\n<meta name=\"robots\" content=\"index, follow, max-snippet:-1, max-image-preview:large, max-video-preview:-1\" \/>\n<link rel=\"canonical\" href=\"https:\/\/www.ladiagonale.net\/index.php\/2024\/02\/07\/hutter-montrer-a-rouen-que-nous-sommes-une-equipe-de-ligue-1\/\" \/>\n<meta property=\"og:locale\" content=\"fr_FR\" \/>\n<meta property=\"og:type\" content=\"article\" \/>\n<meta property=\"og:title\" content=\"H\u00fctter : \u00ab&nbsp;Montrer \u00e0 Rouen que nous sommes une \u00e9quipe de Ligue 1&nbsp;\u00bb - La Diagonale\" \/>\n<meta property=\"og:description\" content=\"Semaine capitale pour l\u2019AS Monaco ? Il semblerait. Les Rouge et Blanc jouent ce jeudi une qualification pour les quarts de finale de la Coupe de France contre Rouen avant d\u2019affronter Nice dimanche dans un derby qui pourrait avoir d\u2019importantes r\u00e9percussions dans la course \u00e0 la Ligue des champions. Et Adi H\u00fctter l\u2019a bien saisi [...]\" \/>\n<meta property=\"og:url\" content=\"https:\/\/www.ladiagonale.net\/index.php\/2024\/02\/07\/hutter-montrer-a-rouen-que-nous-sommes-une-equipe-de-ligue-1\/\" \/>\n<meta property=\"og:site_name\" content=\"La Diagonale\" \/>\n<meta property=\"article:published_time\" content=\"2024-02-07T13:37:46+00:00\" \/>\n<meta property=\"article:modified_time\" content=\"2024-02-07T13:37:50+00:00\" \/>\n<meta property=\"og:image\" content=\"https:\/\/www.ladiagonale.net\/wp-content\/uploads\/2023\/07\/hu\u0308tter.png\" \/>\n\t<meta property=\"og:image:width\" content=\"1160\" \/>\n\t<meta property=\"og:image:height\" content=\"650\" \/>\n\t<meta property=\"og:image:type\" content=\"image\/png\" \/>\n<meta name=\"author\" content=\"Damien Dellerba\" \/>\n<meta name=\"twitter:card\" content=\"summary_large_image\" \/>\n<meta name=\"twitter:image\" content=\"https:\/\/www.ladiagonale.net\/wp-content\/uploads\/2023\/07\/hu\u0308tter.png\" \/>\n<meta name=\"twitter:label1\" content=\"\u00c9crit par\" \/>\n\t<meta name=\"twitter:data1\" content=\"Damien Dellerba\" \/>\n\t<meta name=\"twitter:label2\" content=\"Dur\u00e9e de lecture estim\u00e9e\" \/>\n\t<meta name=\"twitter:data2\" content=\"3 minutes\" \/>\n<script type=\"application\/ld+json\" class=\"yoast-schema-graph\">{\"@context\":\"https:\/\/schema.org\",\"@graph\":[{\"@type\":\"WebPage\",\"@id\":\"https:\/\/www.ladiagonale.net\/index.php\/2024\/02\/07\/hutter-montrer-a-rouen-que-nous-sommes-une-equipe-de-ligue-1\/\",\"url\":\"https:\/\/www.ladiagonale.net\/index.php\/2024\/02\/07\/hutter-montrer-a-rouen-que-nous-sommes-une-equipe-de-ligue-1\/\",\"name\":\"H\u00fctter : \u00ab&nbsp;Montrer \u00e0 Rouen que nous sommes une \u00e9quipe de Ligue 1&nbsp;\u00bb - La Diagonale\",\"isPartOf\":{\"@id\":\"https:\/\/www.ladiagonale.net\/#website\"},\"datePublished\":\"2024-02-07T13:37:46+00:00\",\"dateModified\":\"2024-02-07T13:37:50+00:00\",\"author\":{\"@id\":\"https:\/\/www.ladiagonale.net\/#\/schema\/person\/79ff1e7b0853ed01b2aa26e64ad300bf\"},\"breadcrumb\":{\"@id\":\"https:\/\/www.ladiagonale.net\/index.php\/2024\/02\/07\/hutter-montrer-a-rouen-que-nous-sommes-une-equipe-de-ligue-1\/#breadcrumb\"},\"inLanguage\":\"fr-FR\",\"potentialAction\":[{\"@type\":\"ReadAction\",\"target\":[\"https:\/\/www.ladiagonale.net\/index.php\/2024\/02\/07\/hutter-montrer-a-rouen-que-nous-sommes-une-equipe-de-ligue-1\/\"]}]},{\"@type\":\"BreadcrumbList\",\"@id\":\"https:\/\/www.ladiagonale.net\/index.php\/2024\/02\/07\/hutter-montrer-a-rouen-que-nous-sommes-une-equipe-de-ligue-1\/#breadcrumb\",\"itemListElement\":[{\"@type\":\"ListItem\",\"position\":1,\"name\":\"Accueil\",\"item\":\"https:\/\/www.ladiagonale.net\/\"},{\"@type\":\"ListItem\",\"position\":2,\"name\":\"H\u00fctter : \u00ab&nbsp;Montrer \u00e0 Rouen que nous sommes une \u00e9quipe de Ligue 1&nbsp;\u00bb\"}]},{\"@type\":\"WebSite\",\"@id\":\"https:\/\/www.ladiagonale.net\/#website\",\"url\":\"https:\/\/www.ladiagonale.net\/\",\"name\":\"La Diagonale\",\"description\":\"Le site des supporters de l&#039;AS Monaco FC\",\"potentialAction\":[{\"@type\":\"SearchAction\",\"target\":{\"@type\":\"EntryPoint\",\"urlTemplate\":\"https:\/\/www.ladiagonale.net\/?s={search_term_string}\"},\"query-input\":\"required name=search_term_string\"}],\"inLanguage\":\"fr-FR\"},{\"@type\":\"Person\",\"@id\":\"https:\/\/www.ladiagonale.net\/#\/schema\/person\/79ff1e7b0853ed01b2aa26e64ad300bf\",\"name\":\"Damien Dellerba\",\"image\":{\"@type\":\"ImageObject\",\"inLanguage\":\"fr-FR\",\"@id\":\"https:\/\/www.ladiagonale.net\/#\/schema\/person\/image\/\",\"url\":\"https:\/\/secure.gravatar.com\/avatar\/c7850e06d3ff63cdbaee88b7fc16e2f0?s=96&d=mm&r=g\",\"contentUrl\":\"https:\/\/secure.gravatar.com\/avatar\/c7850e06d3ff63cdbaee88b7fc16e2f0?s=96&d=mm&r=g\",\"caption\":\"Damien Dellerba\"},\"url\":\"https:\/\/www.ladiagonale.net\/index.php\/author\/damien\/\"}]}<\/script>\n<!-- \/ Yoast SEO plugin. -->","yoast_head_json":{"title":"H\u00fctter : \u00ab&nbsp;Montrer \u00e0 Rouen que nous sommes une \u00e9quipe de Ligue 1&nbsp;\u00bb - La Diagonale","robots":{"index":"index","follow":"follow","max-snippet":"max-snippet:-1","max-image-preview":"max-image-preview:large","max-video-preview":"max-video-preview:-1"},"canonical":"https:\/\/www.ladiagonale.net\/index.php\/2024\/02\/07\/hutter-montrer-a-rouen-que-nous-sommes-une-equipe-de-ligue-1\/","og_locale":"fr_FR","og_type":"article","og_title":"H\u00fctter : \u00ab&nbsp;Montrer \u00e0 Rouen que nous sommes une \u00e9quipe de Ligue 1&nbsp;\u00bb - La Diagonale","og_description":"Semaine capitale pour l\u2019AS Monaco ? Il semblerait. Les Rouge et Blanc jouent ce jeudi une qualification pour les quarts de finale de la Coupe de France contre Rouen avant d\u2019affronter Nice dimanche dans un derby qui pourrait avoir d\u2019importantes r\u00e9percussions dans la course \u00e0 la Ligue des champions. Et Adi H\u00fctter l\u2019a bien saisi [...]","og_url":"https:\/\/www.ladiagonale.net\/index.php\/2024\/02\/07\/hutter-montrer-a-rouen-que-nous-sommes-une-equipe-de-ligue-1\/","og_site_name":"La Diagonale","article_published_time":"2024-02-07T13:37:46+00:00","article_modified_time":"2024-02-07T13:37:50+00:00","og_image":[{"width":1160,"height":650,"url":"https:\/\/www.ladiagonale.net\/wp-content\/uploads\/2023\/07\/hu\u0308tter.png","type":"image\/png"}],"author":"Damien Dellerba","twitter_card":"summary_large_image","twitter_image":"https:\/\/www.ladiagonale.net\/wp-content\/uploads\/2023\/07\/hu\u0308tter.png","twitter_misc":{"\u00c9crit par":"Damien Dellerba","Dur\u00e9e de lecture estim\u00e9e":"3 minutes"},"schema":{"@context":"https:\/\/schema.org","@graph":[{"@type":"WebPage","@id":"https:\/\/www.ladiagonale.net\/index.php\/2024\/02\/07\/hutter-montrer-a-rouen-que-nous-sommes-une-equipe-de-ligue-1\/","url":"https:\/\/www.ladiagonale.net\/index.php\/2024\/02\/07\/hutter-montrer-a-rouen-que-nous-sommes-une-equipe-de-ligue-1\/","name":"H\u00fctter : \u00ab&nbsp;Montrer \u00e0 Rouen que nous sommes une \u00e9quipe de Ligue 1&nbsp;\u00bb - La Diagonale","isPartOf":{"@id":"https:\/\/www.ladiagonale.net\/#website"},"datePublished":"2024-02-07T13:37:46+00:00","dateModified":"2024-02-07T13:37:50+00:00","author":{"@id":"https:\/\/www.ladiagonale.net\/#\/schema\/person\/79ff1e7b0853ed01b2aa26e64ad300bf"},"breadcrumb":{"@id":"https:\/\/www.ladiagonale.net\/index.php\/2024\/02\/07\/hutter-montrer-a-rouen-que-nous-sommes-une-equipe-de-ligue-1\/#breadcrumb"},"inLanguage":"fr-FR","potentialAction":[{"@type":"ReadAction","target":["https:\/\/www.ladiagonale.net\/index.php\/2024\/02\/07\/hutter-montrer-a-rouen-que-nous-sommes-une-equipe-de-ligue-1\/"]}]},{"@type":"BreadcrumbList","@id":"https:\/\/www.ladiagonale.net\/index.php\/2024\/02\/07\/hutter-montrer-a-rouen-que-nous-sommes-une-equipe-de-ligue-1\/#breadcrumb","itemListElement":[{"@type":"ListItem","position":1,"name":"Accueil","item":"https:\/\/www.ladiagonale.net\/"},{"@type":"ListItem","position":2,"name":"H\u00fctter : \u00ab&nbsp;Montrer \u00e0 Rouen que nous sommes une \u00e9quipe de Ligue 1&nbsp;\u00bb"}]},{"@type":"WebSite","@id":"https:\/\/www.ladiagonale.net\/#website","url":"https:\/\/www.ladiagonale.net\/","name":"La Diagonale","description":"Le site des supporters de l&#039;AS Monaco FC","potentialAction":[{"@type":"SearchAction","target":{"@type":"EntryPoint","urlTemplate":"https:\/\/www.ladiagonale.net\/?s={search_term_string}"},"query-input":"required name=search_term_string"}],"inLanguage":"fr-FR"},{"@type":"Person","@id":"https:\/\/www.ladiagonale.net\/#\/schema\/person\/79ff1e7b0853ed01b2aa26e64ad300bf","name":"Damien Dellerba","image":{"@type":"ImageObject","inLanguage":"fr-FR","@id":"https:\/\/www.ladiagonale.net\/#\/schema\/person\/image\/","url":"https:\/\/secure.gravatar.com\/avatar\/c7850e06d3ff63cdbaee88b7fc16e2f0?s=96&d=mm&r=g","contentUrl":"https:\/\/secure.gravatar.com\/avatar\/c7850e06d3ff63cdbaee88b7fc16e2f0?s=96&d=mm&r=g","caption":"Damien Dellerba"},"url":"https:\/\/www.ladiagonale.net\/index.php\/author\/damien\/"}]}},"_links":{"self":[{"href":"https:\/\/www.ladiagonale.net\/index.php\/wp-json\/wp\/v2\/posts\/20588"}],"collection":[{"href":"https:\/\/www.ladiagonale.net\/index.php\/wp-json\/wp\/v2\/posts"}],"about":[{"href":"https:\/\/www.ladiagonale.net\/index.php\/wp-json\/wp\/v2\/types\/post"}],"author":[{"embeddable":true,"href":"https:\/\/www.ladiagonale.net\/index.php\/wp-json\/wp\/v2\/users\/2"}],"replies":[{"embeddable":true,"href":"https:\/\/www.ladiagonale.net\/index.php\/wp-json\/wp\/v2\/comments?post=20588"}],"version-history":[{"count":1,"href":"https:\/\/www.ladiagonale.net\/index.php\/wp-json\/wp\/v2\/posts\/20588\/revisions"}],"predecessor-version":[{"id":20590,"href":"https:\/\/www.ladiagonale.net\/index.php\/wp-json\/wp\/v2\/posts\/20588\/revisions\/20590"}],"wp:attachment":[{"href":"https:\/\/www.ladiagonale.net\/index.php\/wp-json\/wp\/v2\/media?parent=20588"}],"wp:term":[{"taxonomy":"category","embeddable":true,"href":"https:\/\/www.ladiagonale.net\/index.php\/wp-json\/wp\/v2\/categories?post=20588"},{"taxonomy":"post_tag","embeddable":true,"href":"https:\/\/www.ladiagonale.net\/index.php\/wp-json\/wp\/v2\/tags?post=20588"}],"curies":[{"name":"wp","href":"https:\/\/api.w.org\/{rel}","templated":true}]}}