{"id":20591,"date":"2024-02-07T16:17:56","date_gmt":"2024-02-07T15:17:56","guid":{"rendered":"https:\/\/www.ladiagonale.net\/?p=20591"},"modified":"2024-02-07T16:17:59","modified_gmt":"2024-02-07T15:17:59","slug":"akliouche-deux-evenements-importants-cette-semaine","status":"publish","type":"post","link":"https:\/\/www.ladiagonale.net\/index.php\/2024\/02\/07\/akliouche-deux-evenements-importants-cette-semaine\/","title":{"rendered":"Akliouche : \u00ab\u00a0Deux \u00e9v\u00e9nements importants cette semaine\u00a0\u00bb"},"content":{"rendered":"\n\n\n<p>Maghnes Akliouche \u00e9tait en conf\u00e9rence de presse ce mercredi avant la rencontre face \u00e0 Rouen en Coupe de France. Le milieu de l\u2019AS Monaco a reconnu \u00eatre personnellement \u00ab\u00a0<em>sur une bonne dynamique<\/em>\u00a0\u00bb \u00e0 l\u2019heure actuelle, lui qui a sorti notamment une belle prestation contre Marseille il y a quinze jours. Akliouche a notamment insist\u00e9 sur le \u00ab <em>travail sur le long terme<\/em>\u00a0\u00bb pour \u00eatre plus d\u00e9cisif. \u00ab\u00a0<em>Un joueur offensif a besoin de buts, pas seulement de passes. J\u2019ai ajout\u00e9 \u00e7a \u00e0 mon jeu et j\u2019esp\u00e8re \u00eatre encore plus d\u00e9cisif<\/em>\u00a0\u00bb, a-t-il comment\u00e9.<\/p>\n\n\n\n<p>L\u2019international Espoirs s\u2019entend bien avec ses co\u00e9quipiers, et m\u00eame si H\u00fctter aime jouer avec plusieurs num\u00e9ros 10 <em>(trois contre Le Havre avec lui, Golovin et Ben Seghir, NDLR)<\/em>, cela ne pose pas de probl\u00e8mes pour se rep\u00e9rer sur le pr\u00e9 : \u00ab\u00a0<em>Sur le terrain, il y a beaucoup d\u2019espaces libres. Golo est un joueur intelligent et le but c\u2019est de trouver les espaces pour pouvoir apporter offensivement, se retourner et \u00eatre plus libre et apporter dans les 30 derniers m\u00e8tres. Sur un terrain, il y a \u00e9norm\u00e9ment de place et il faut juste trouver les bons endroits.<\/em>\u00a0\u00bb<\/p>\n\n\n\n<p>Contre Rouen, Monaco vise une place en quarts de finale de la Coupe, m\u00eame si la dynamique globale de l\u2019\u00e9quipe est d\u00e9cevante depuis plusieurs semaines : \u00ab\u00a0<em>On a eu des petits moments compliqu\u00e9s. On est concentr\u00e9 sur l\u2019avenir mais la saison est longue. Il y a deux \u00e9v\u00e9nements importants cette semaine et on va essayer de faire les choses bien et prendre ce qu\u2019il y a \u00e0 prendre. (\u2026) Rouen sera une rencontre compliqu\u00e9e, contre une \u00e9quipe qui a \u00e9limin\u00e9 une grosse \u00e9quipe de Ligue 1, Toulouse. Mais la Coupe de France est quelque chose de tr\u00e8s important pour nous, donc on va se donner les moyens de passer cette \u00e9tape.<\/em>\u00a0\u00bb<\/p>\n","protected":false},"excerpt":{"rendered":"<p>Maghnes Akliouche \u00e9tait en conf\u00e9rence de presse ce mercredi avant la rencontre face \u00e0 Rouen en Coupe de France. Le milieu de l\u2019AS Monaco a reconnu \u00eatre personnellement \u00ab\u00a0sur une bonne dynamique\u00a0\u00bb \u00e0 l\u2019heure actuelle, lui qui a sorti notamment une belle prestation contre Marseille il y a quinze jours. Akliouche a notamment insist\u00e9 sur [&#8230;]\n","protected":false},"author":2,"featured_media":0,"comment_status":"open","ping_status":"open","sticky":false,"template":"","format":"standard","meta":[],"categories":[6],"tags":[86,232,190,772],"yoast_head":"<!-- This site is optimized with the Yoast SEO plugin v19.8 - https:\/\/yoast.com\/wordpress\/plugins\/seo\/ -->\n<title>Akliouche : \u00ab\u00a0Deux \u00e9v\u00e9nements importants cette semaine\u00a0\u00bb - La Diagonale<\/title>\n<meta name=\"robots\" content=\"index, follow, max-snippet:-1, max-image-preview:large, max-video-preview:-1\" \/>\n<link rel=\"canonical\" href=\"https:\/\/www.ladiagonale.net\/index.php\/2024\/02\/07\/akliouche-deux-evenements-importants-cette-semaine\/\" \/>\n<meta property=\"og:locale\" content=\"fr_FR\" \/>\n<meta property=\"og:type\" content=\"article\" \/>\n<meta property=\"og:title\" content=\"Akliouche : \u00ab\u00a0Deux \u00e9v\u00e9nements importants cette semaine\u00a0\u00bb - La Diagonale\" \/>\n<meta property=\"og:description\" content=\"Maghnes Akliouche \u00e9tait en conf\u00e9rence de presse ce mercredi avant la rencontre face \u00e0 Rouen en Coupe de France. Le milieu de l\u2019AS Monaco a reconnu \u00eatre personnellement \u00ab\u00a0sur une bonne dynamique\u00a0\u00bb \u00e0 l\u2019heure actuelle, lui qui a sorti notamment une belle prestation contre Marseille il y a quinze jours. Akliouche a notamment insist\u00e9 sur [...]\" \/>\n<meta property=\"og:url\" content=\"https:\/\/www.ladiagonale.net\/index.php\/2024\/02\/07\/akliouche-deux-evenements-importants-cette-semaine\/\" \/>\n<meta property=\"og:site_name\" content=\"La Diagonale\" \/>\n<meta property=\"article:published_time\" content=\"2024-02-07T15:17:56+00:00\" \/>\n<meta property=\"article:modified_time\" content=\"2024-02-07T15:17:59+00:00\" \/>\n<meta property=\"og:image\" content=\"https:\/\/www.ladiagonale.net\/wp-content\/uploads\/2023\/10\/akliouche.png\" \/>\n\t<meta property=\"og:image:width\" content=\"1160\" \/>\n\t<meta property=\"og:image:height\" content=\"650\" \/>\n\t<meta property=\"og:image:type\" content=\"image\/png\" \/>\n<meta name=\"author\" content=\"Damien Dellerba\" \/>\n<meta name=\"twitter:card\" content=\"summary_large_image\" \/>\n<meta name=\"twitter:image\" content=\"https:\/\/www.ladiagonale.net\/wp-content\/uploads\/2023\/10\/akliouche.png\" \/>\n<meta name=\"twitter:label1\" content=\"\u00c9crit par\" \/>\n\t<meta name=\"twitter:data1\" content=\"Damien Dellerba\" \/>\n\t<meta name=\"twitter:label2\" content=\"Dur\u00e9e de lecture estim\u00e9e\" \/>\n\t<meta name=\"twitter:data2\" content=\"2 minutes\" \/>\n<script type=\"application\/ld+json\" class=\"yoast-schema-graph\">{\"@context\":\"https:\/\/schema.org\",\"@graph\":[{\"@type\":\"WebPage\",\"@id\":\"https:\/\/www.ladiagonale.net\/index.php\/2024\/02\/07\/akliouche-deux-evenements-importants-cette-semaine\/\",\"url\":\"https:\/\/www.ladiagonale.net\/index.php\/2024\/02\/07\/akliouche-deux-evenements-importants-cette-semaine\/\",\"name\":\"Akliouche : \u00ab\u00a0Deux \u00e9v\u00e9nements importants cette semaine\u00a0\u00bb - La Diagonale\",\"isPartOf\":{\"@id\":\"https:\/\/www.ladiagonale.net\/#website\"},\"datePublished\":\"2024-02-07T15:17:56+00:00\",\"dateModified\":\"2024-02-07T15:17:59+00:00\",\"author\":{\"@id\":\"https:\/\/www.ladiagonale.net\/#\/schema\/person\/79ff1e7b0853ed01b2aa26e64ad300bf\"},\"breadcrumb\":{\"@id\":\"https:\/\/www.ladiagonale.net\/index.php\/2024\/02\/07\/akliouche-deux-evenements-importants-cette-semaine\/#breadcrumb\"},\"inLanguage\":\"fr-FR\",\"potentialAction\":[{\"@type\":\"ReadAction\",\"target\":[\"https:\/\/www.ladiagonale.net\/index.php\/2024\/02\/07\/akliouche-deux-evenements-importants-cette-semaine\/\"]}]},{\"@type\":\"BreadcrumbList\",\"@id\":\"https:\/\/www.ladiagonale.net\/index.php\/2024\/02\/07\/akliouche-deux-evenements-importants-cette-semaine\/#breadcrumb\",\"itemListElement\":[{\"@type\":\"ListItem\",\"position\":1,\"name\":\"Accueil\",\"item\":\"https:\/\/www.ladiagonale.net\/\"},{\"@type\":\"ListItem\",\"position\":2,\"name\":\"Akliouche : \u00ab\u00a0Deux \u00e9v\u00e9nements importants cette semaine\u00a0\u00bb\"}]},{\"@type\":\"WebSite\",\"@id\":\"https:\/\/www.ladiagonale.net\/#website\",\"url\":\"https:\/\/www.ladiagonale.net\/\",\"name\":\"La Diagonale\",\"description\":\"Le site des supporters de l&#039;AS Monaco FC\",\"potentialAction\":[{\"@type\":\"SearchAction\",\"target\":{\"@type\":\"EntryPoint\",\"urlTemplate\":\"https:\/\/www.ladiagonale.net\/?s={search_term_string}\"},\"query-input\":\"required name=search_term_string\"}],\"inLanguage\":\"fr-FR\"},{\"@type\":\"Person\",\"@id\":\"https:\/\/www.ladiagonale.net\/#\/schema\/person\/79ff1e7b0853ed01b2aa26e64ad300bf\",\"name\":\"Damien Dellerba\",\"image\":{\"@type\":\"ImageObject\",\"inLanguage\":\"fr-FR\",\"@id\":\"https:\/\/www.ladiagonale.net\/#\/schema\/person\/image\/\",\"url\":\"https:\/\/secure.gravatar.com\/avatar\/c7850e06d3ff63cdbaee88b7fc16e2f0?s=96&d=mm&r=g\",\"contentUrl\":\"https:\/\/secure.gravatar.com\/avatar\/c7850e06d3ff63cdbaee88b7fc16e2f0?s=96&d=mm&r=g\",\"caption\":\"Damien Dellerba\"},\"url\":\"https:\/\/www.ladiagonale.net\/index.php\/author\/damien\/\"}]}<\/script>\n<!-- \/ Yoast SEO plugin. -->","yoast_head_json":{"title":"Akliouche : \u00ab\u00a0Deux \u00e9v\u00e9nements importants cette semaine\u00a0\u00bb - La Diagonale","robots":{"index":"index","follow":"follow","max-snippet":"max-snippet:-1","max-image-preview":"max-image-preview:large","max-video-preview":"max-video-preview:-1"},"canonical":"https:\/\/www.ladiagonale.net\/index.php\/2024\/02\/07\/akliouche-deux-evenements-importants-cette-semaine\/","og_locale":"fr_FR","og_type":"article","og_title":"Akliouche : \u00ab\u00a0Deux \u00e9v\u00e9nements importants cette semaine\u00a0\u00bb - La Diagonale","og_description":"Maghnes Akliouche \u00e9tait en conf\u00e9rence de presse ce mercredi avant la rencontre face \u00e0 Rouen en Coupe de France. Le milieu de l\u2019AS Monaco a reconnu \u00eatre personnellement \u00ab\u00a0sur une bonne dynamique\u00a0\u00bb \u00e0 l\u2019heure actuelle, lui qui a sorti notamment une belle prestation contre Marseille il y a quinze jours. Akliouche a notamment insist\u00e9 sur [...]","og_url":"https:\/\/www.ladiagonale.net\/index.php\/2024\/02\/07\/akliouche-deux-evenements-importants-cette-semaine\/","og_site_name":"La Diagonale","article_published_time":"2024-02-07T15:17:56+00:00","article_modified_time":"2024-02-07T15:17:59+00:00","og_image":[{"width":1160,"height":650,"url":"https:\/\/www.ladiagonale.net\/wp-content\/uploads\/2023\/10\/akliouche.png","type":"image\/png"}],"author":"Damien Dellerba","twitter_card":"summary_large_image","twitter_image":"https:\/\/www.ladiagonale.net\/wp-content\/uploads\/2023\/10\/akliouche.png","twitter_misc":{"\u00c9crit par":"Damien Dellerba","Dur\u00e9e de lecture estim\u00e9e":"2 minutes"},"schema":{"@context":"https:\/\/schema.org","@graph":[{"@type":"WebPage","@id":"https:\/\/www.ladiagonale.net\/index.php\/2024\/02\/07\/akliouche-deux-evenements-importants-cette-semaine\/","url":"https:\/\/www.ladiagonale.net\/index.php\/2024\/02\/07\/akliouche-deux-evenements-importants-cette-semaine\/","name":"Akliouche : \u00ab\u00a0Deux \u00e9v\u00e9nements importants cette semaine\u00a0\u00bb - La Diagonale","isPartOf":{"@id":"https:\/\/www.ladiagonale.net\/#website"},"datePublished":"2024-02-07T15:17:56+00:00","dateModified":"2024-02-07T15:17:59+00:00","author":{"@id":"https:\/\/www.ladiagonale.net\/#\/schema\/person\/79ff1e7b0853ed01b2aa26e64ad300bf"},"breadcrumb":{"@id":"https:\/\/www.ladiagonale.net\/index.php\/2024\/02\/07\/akliouche-deux-evenements-importants-cette-semaine\/#breadcrumb"},"inLanguage":"fr-FR","potentialAction":[{"@type":"ReadAction","target":["https:\/\/www.ladiagonale.net\/index.php\/2024\/02\/07\/akliouche-deux-evenements-importants-cette-semaine\/"]}]},{"@type":"BreadcrumbList","@id":"https:\/\/www.ladiagonale.net\/index.php\/2024\/02\/07\/akliouche-deux-evenements-importants-cette-semaine\/#breadcrumb","itemListElement":[{"@type":"ListItem","position":1,"name":"Accueil","item":"https:\/\/www.ladiagonale.net\/"},{"@type":"ListItem","position":2,"name":"Akliouche : \u00ab\u00a0Deux \u00e9v\u00e9nements importants cette semaine\u00a0\u00bb"}]},{"@type":"WebSite","@id":"https:\/\/www.ladiagonale.net\/#website","url":"https:\/\/www.ladiagonale.net\/","name":"La Diagonale","description":"Le site des supporters de l&#039;AS Monaco FC","potentialAction":[{"@type":"SearchAction","target":{"@type":"EntryPoint","urlTemplate":"https:\/\/www.ladiagonale.net\/?s={search_term_string}"},"query-input":"required name=search_term_string"}],"inLanguage":"fr-FR"},{"@type":"Person","@id":"https:\/\/www.ladiagonale.net\/#\/schema\/person\/79ff1e7b0853ed01b2aa26e64ad300bf","name":"Damien Dellerba","image":{"@type":"ImageObject","inLanguage":"fr-FR","@id":"https:\/\/www.ladiagonale.net\/#\/schema\/person\/image\/","url":"https:\/\/secure.gravatar.com\/avatar\/c7850e06d3ff63cdbaee88b7fc16e2f0?s=96&d=mm&r=g","contentUrl":"https:\/\/secure.gravatar.com\/avatar\/c7850e06d3ff63cdbaee88b7fc16e2f0?s=96&d=mm&r=g","caption":"Damien Dellerba"},"url":"https:\/\/www.ladiagonale.net\/index.php\/author\/damien\/"}]}},"_links":{"self":[{"href":"https:\/\/www.ladiagonale.net\/index.php\/wp-json\/wp\/v2\/posts\/20591"}],"collection":[{"href":"https:\/\/www.ladiagonale.net\/index.php\/wp-json\/wp\/v2\/posts"}],"about":[{"href":"https:\/\/www.ladiagonale.net\/index.php\/wp-json\/wp\/v2\/types\/post"}],"author":[{"embeddable":true,"href":"https:\/\/www.ladiagonale.net\/index.php\/wp-json\/wp\/v2\/users\/2"}],"replies":[{"embeddable":true,"href":"https:\/\/www.ladiagonale.net\/index.php\/wp-json\/wp\/v2\/comments?post=20591"}],"version-history":[{"count":1,"href":"https:\/\/www.ladiagonale.net\/index.php\/wp-json\/wp\/v2\/posts\/20591\/revisions"}],"predecessor-version":[{"id":20592,"href":"https:\/\/www.ladiagonale.net\/index.php\/wp-json\/wp\/v2\/posts\/20591\/revisions\/20592"}],"wp:attachment":[{"href":"https:\/\/www.ladiagonale.net\/index.php\/wp-json\/wp\/v2\/media?parent=20591"}],"wp:term":[{"taxonomy":"category","embeddable":true,"href":"https:\/\/www.ladiagonale.net\/index.php\/wp-json\/wp\/v2\/categories?post=20591"},{"taxonomy":"post_tag","embeddable":true,"href":"https:\/\/www.ladiagonale.net\/index.php\/wp-json\/wp\/v2\/tags?post=20591"}],"curies":[{"name":"wp","href":"https:\/\/api.w.org\/{rel}","templated":true}]}}