{"id":20595,"date":"2024-02-07T23:58:38","date_gmt":"2024-02-07T22:58:38","guid":{"rendered":"https:\/\/www.ladiagonale.net\/?p=20595"},"modified":"2024-02-08T00:00:53","modified_gmt":"2024-02-07T23:00:53","slug":"singo-en-finale-de-la-can","status":"publish","type":"post","link":"https:\/\/www.ladiagonale.net\/index.php\/2024\/02\/07\/singo-en-finale-de-la-can\/","title":{"rendered":"Singo en finale de la CAN"},"content":{"rendered":"\n<p>Wilfried Singo va vivre sa premi\u00e8re finale d\u2019une comp\u00e9tition internationale majeure. Le d\u00e9fenseur mon\u00e9gasque s\u2019est qualifi\u00e9 avec la C\u00f4te d\u2019Ivoire pour la finale de la Coupe d\u2019Afrique. Les <em>\u00c9l\u00e9phants<\/em> ont pris le dessus sur la RD Congo sur la plus petite des marges (1-0), gr\u00e2ce \u00e0 une r\u00e9alisation de S\u00e9bastien Haller. Singo a disput\u00e9 la rencontre en int\u00e9gralit\u00e9 au poste de lat\u00e9ral droit et a r\u00e9alis\u00e9 une prestation aboutie.<\/p>\n\n\n\n<p>En finale, le Mon\u00e9gasque sera oppos\u00e9 au Nig\u00e9ria qui a d\u00fb attendre les tirs au but pour se d\u00e9faire de l\u2019Afrique du Sud. La rencontre se disputera dimanche soir (21h). Devant leur public, Singo et les siens essaieront de soulever le troph\u00e9e tant convoit\u00e9 apr\u00e8s un parcours assez improbable, o\u00f9 ils avaient \u00e9t\u00e9 rep\u00each\u00e9s des poules comme quatri\u00e8me meilleur troisi\u00e8me et en ayant renvers\u00e9 le S\u00e9n\u00e9gal et le Mali. Cela pourrait \u00eatre le troisi\u00e8me succ\u00e8s de l\u2019histoire de la s\u00e9lection ivoirienne.<\/p>\n\n\n","protected":false},"excerpt":{"rendered":"<p>Wilfried Singo va vivre sa premi\u00e8re finale d\u2019une comp\u00e9tition internationale majeure. Le d\u00e9fenseur mon\u00e9gasque s\u2019est qualifi\u00e9 avec la C\u00f4te d\u2019Ivoire pour la finale de la Coupe d\u2019Afrique. Les \u00c9l\u00e9phants ont pris le dessus sur la RD Congo sur la plus petite des marges (1-0), gr\u00e2ce \u00e0 une r\u00e9alisation de S\u00e9bastien Haller. Singo a disput\u00e9 la [&#8230;]\n","protected":false},"author":2,"featured_media":0,"comment_status":"open","ping_status":"open","sticky":false,"template":"","format":"standard","meta":[],"categories":[6],"tags":[86,745,684,116,665],"yoast_head":"<!-- This site is optimized with the Yoast SEO plugin v19.8 - https:\/\/yoast.com\/wordpress\/plugins\/seo\/ -->\n<title>Singo en finale de la CAN - La Diagonale<\/title>\n<meta name=\"robots\" content=\"index, follow, max-snippet:-1, max-image-preview:large, max-video-preview:-1\" \/>\n<link rel=\"canonical\" href=\"https:\/\/www.ladiagonale.net\/index.php\/2024\/02\/07\/singo-en-finale-de-la-can\/\" \/>\n<meta property=\"og:locale\" content=\"fr_FR\" \/>\n<meta property=\"og:type\" content=\"article\" \/>\n<meta property=\"og:title\" content=\"Singo en finale de la CAN - La Diagonale\" \/>\n<meta property=\"og:description\" content=\"Wilfried Singo va vivre sa premi\u00e8re finale d\u2019une comp\u00e9tition internationale majeure. Le d\u00e9fenseur mon\u00e9gasque s\u2019est qualifi\u00e9 avec la C\u00f4te d\u2019Ivoire pour la finale de la Coupe d\u2019Afrique. Les \u00c9l\u00e9phants ont pris le dessus sur la RD Congo sur la plus petite des marges (1-0), gr\u00e2ce \u00e0 une r\u00e9alisation de S\u00e9bastien Haller. Singo a disput\u00e9 la [...]\" \/>\n<meta property=\"og:url\" content=\"https:\/\/www.ladiagonale.net\/index.php\/2024\/02\/07\/singo-en-finale-de-la-can\/\" \/>\n<meta property=\"og:site_name\" content=\"La Diagonale\" \/>\n<meta property=\"article:published_time\" content=\"2024-02-07T22:58:38+00:00\" \/>\n<meta property=\"article:modified_time\" content=\"2024-02-07T23:00:53+00:00\" \/>\n<meta property=\"og:image\" content=\"https:\/\/www.ladiagonale.net\/wp-content\/uploads\/2023\/12\/singoCI.png\" \/>\n\t<meta property=\"og:image:width\" content=\"1160\" \/>\n\t<meta property=\"og:image:height\" content=\"650\" \/>\n\t<meta property=\"og:image:type\" content=\"image\/png\" \/>\n<meta name=\"author\" content=\"Damien Dellerba\" \/>\n<meta name=\"twitter:card\" content=\"summary_large_image\" \/>\n<meta name=\"twitter:image\" content=\"https:\/\/www.ladiagonale.net\/wp-content\/uploads\/2023\/12\/singoCI.png\" \/>\n<meta name=\"twitter:label1\" content=\"\u00c9crit par\" \/>\n\t<meta name=\"twitter:data1\" content=\"Damien Dellerba\" \/>\n\t<meta name=\"twitter:label2\" content=\"Dur\u00e9e de lecture estim\u00e9e\" \/>\n\t<meta name=\"twitter:data2\" content=\"1 minute\" \/>\n<script type=\"application\/ld+json\" class=\"yoast-schema-graph\">{\"@context\":\"https:\/\/schema.org\",\"@graph\":[{\"@type\":\"WebPage\",\"@id\":\"https:\/\/www.ladiagonale.net\/index.php\/2024\/02\/07\/singo-en-finale-de-la-can\/\",\"url\":\"https:\/\/www.ladiagonale.net\/index.php\/2024\/02\/07\/singo-en-finale-de-la-can\/\",\"name\":\"Singo en finale de la CAN - La Diagonale\",\"isPartOf\":{\"@id\":\"https:\/\/www.ladiagonale.net\/#website\"},\"datePublished\":\"2024-02-07T22:58:38+00:00\",\"dateModified\":\"2024-02-07T23:00:53+00:00\",\"author\":{\"@id\":\"https:\/\/www.ladiagonale.net\/#\/schema\/person\/79ff1e7b0853ed01b2aa26e64ad300bf\"},\"breadcrumb\":{\"@id\":\"https:\/\/www.ladiagonale.net\/index.php\/2024\/02\/07\/singo-en-finale-de-la-can\/#breadcrumb\"},\"inLanguage\":\"fr-FR\",\"potentialAction\":[{\"@type\":\"ReadAction\",\"target\":[\"https:\/\/www.ladiagonale.net\/index.php\/2024\/02\/07\/singo-en-finale-de-la-can\/\"]}]},{\"@type\":\"BreadcrumbList\",\"@id\":\"https:\/\/www.ladiagonale.net\/index.php\/2024\/02\/07\/singo-en-finale-de-la-can\/#breadcrumb\",\"itemListElement\":[{\"@type\":\"ListItem\",\"position\":1,\"name\":\"Accueil\",\"item\":\"https:\/\/www.ladiagonale.net\/\"},{\"@type\":\"ListItem\",\"position\":2,\"name\":\"Singo en finale de la CAN\"}]},{\"@type\":\"WebSite\",\"@id\":\"https:\/\/www.ladiagonale.net\/#website\",\"url\":\"https:\/\/www.ladiagonale.net\/\",\"name\":\"La Diagonale\",\"description\":\"Le site des supporters de l&#039;AS Monaco FC\",\"potentialAction\":[{\"@type\":\"SearchAction\",\"target\":{\"@type\":\"EntryPoint\",\"urlTemplate\":\"https:\/\/www.ladiagonale.net\/?s={search_term_string}\"},\"query-input\":\"required name=search_term_string\"}],\"inLanguage\":\"fr-FR\"},{\"@type\":\"Person\",\"@id\":\"https:\/\/www.ladiagonale.net\/#\/schema\/person\/79ff1e7b0853ed01b2aa26e64ad300bf\",\"name\":\"Damien Dellerba\",\"image\":{\"@type\":\"ImageObject\",\"inLanguage\":\"fr-FR\",\"@id\":\"https:\/\/www.ladiagonale.net\/#\/schema\/person\/image\/\",\"url\":\"https:\/\/secure.gravatar.com\/avatar\/c7850e06d3ff63cdbaee88b7fc16e2f0?s=96&d=mm&r=g\",\"contentUrl\":\"https:\/\/secure.gravatar.com\/avatar\/c7850e06d3ff63cdbaee88b7fc16e2f0?s=96&d=mm&r=g\",\"caption\":\"Damien Dellerba\"},\"url\":\"https:\/\/www.ladiagonale.net\/index.php\/author\/damien\/\"}]}<\/script>\n<!-- \/ Yoast SEO plugin. -->","yoast_head_json":{"title":"Singo en finale de la CAN - La Diagonale","robots":{"index":"index","follow":"follow","max-snippet":"max-snippet:-1","max-image-preview":"max-image-preview:large","max-video-preview":"max-video-preview:-1"},"canonical":"https:\/\/www.ladiagonale.net\/index.php\/2024\/02\/07\/singo-en-finale-de-la-can\/","og_locale":"fr_FR","og_type":"article","og_title":"Singo en finale de la CAN - La Diagonale","og_description":"Wilfried Singo va vivre sa premi\u00e8re finale d\u2019une comp\u00e9tition internationale majeure. Le d\u00e9fenseur mon\u00e9gasque s\u2019est qualifi\u00e9 avec la C\u00f4te d\u2019Ivoire pour la finale de la Coupe d\u2019Afrique. Les \u00c9l\u00e9phants ont pris le dessus sur la RD Congo sur la plus petite des marges (1-0), gr\u00e2ce \u00e0 une r\u00e9alisation de S\u00e9bastien Haller. Singo a disput\u00e9 la [...]","og_url":"https:\/\/www.ladiagonale.net\/index.php\/2024\/02\/07\/singo-en-finale-de-la-can\/","og_site_name":"La Diagonale","article_published_time":"2024-02-07T22:58:38+00:00","article_modified_time":"2024-02-07T23:00:53+00:00","og_image":[{"width":1160,"height":650,"url":"https:\/\/www.ladiagonale.net\/wp-content\/uploads\/2023\/12\/singoCI.png","type":"image\/png"}],"author":"Damien Dellerba","twitter_card":"summary_large_image","twitter_image":"https:\/\/www.ladiagonale.net\/wp-content\/uploads\/2023\/12\/singoCI.png","twitter_misc":{"\u00c9crit par":"Damien Dellerba","Dur\u00e9e de lecture estim\u00e9e":"1 minute"},"schema":{"@context":"https:\/\/schema.org","@graph":[{"@type":"WebPage","@id":"https:\/\/www.ladiagonale.net\/index.php\/2024\/02\/07\/singo-en-finale-de-la-can\/","url":"https:\/\/www.ladiagonale.net\/index.php\/2024\/02\/07\/singo-en-finale-de-la-can\/","name":"Singo en finale de la CAN - La Diagonale","isPartOf":{"@id":"https:\/\/www.ladiagonale.net\/#website"},"datePublished":"2024-02-07T22:58:38+00:00","dateModified":"2024-02-07T23:00:53+00:00","author":{"@id":"https:\/\/www.ladiagonale.net\/#\/schema\/person\/79ff1e7b0853ed01b2aa26e64ad300bf"},"breadcrumb":{"@id":"https:\/\/www.ladiagonale.net\/index.php\/2024\/02\/07\/singo-en-finale-de-la-can\/#breadcrumb"},"inLanguage":"fr-FR","potentialAction":[{"@type":"ReadAction","target":["https:\/\/www.ladiagonale.net\/index.php\/2024\/02\/07\/singo-en-finale-de-la-can\/"]}]},{"@type":"BreadcrumbList","@id":"https:\/\/www.ladiagonale.net\/index.php\/2024\/02\/07\/singo-en-finale-de-la-can\/#breadcrumb","itemListElement":[{"@type":"ListItem","position":1,"name":"Accueil","item":"https:\/\/www.ladiagonale.net\/"},{"@type":"ListItem","position":2,"name":"Singo en finale de la CAN"}]},{"@type":"WebSite","@id":"https:\/\/www.ladiagonale.net\/#website","url":"https:\/\/www.ladiagonale.net\/","name":"La Diagonale","description":"Le site des supporters de l&#039;AS Monaco FC","potentialAction":[{"@type":"SearchAction","target":{"@type":"EntryPoint","urlTemplate":"https:\/\/www.ladiagonale.net\/?s={search_term_string}"},"query-input":"required name=search_term_string"}],"inLanguage":"fr-FR"},{"@type":"Person","@id":"https:\/\/www.ladiagonale.net\/#\/schema\/person\/79ff1e7b0853ed01b2aa26e64ad300bf","name":"Damien Dellerba","image":{"@type":"ImageObject","inLanguage":"fr-FR","@id":"https:\/\/www.ladiagonale.net\/#\/schema\/person\/image\/","url":"https:\/\/secure.gravatar.com\/avatar\/c7850e06d3ff63cdbaee88b7fc16e2f0?s=96&d=mm&r=g","contentUrl":"https:\/\/secure.gravatar.com\/avatar\/c7850e06d3ff63cdbaee88b7fc16e2f0?s=96&d=mm&r=g","caption":"Damien Dellerba"},"url":"https:\/\/www.ladiagonale.net\/index.php\/author\/damien\/"}]}},"_links":{"self":[{"href":"https:\/\/www.ladiagonale.net\/index.php\/wp-json\/wp\/v2\/posts\/20595"}],"collection":[{"href":"https:\/\/www.ladiagonale.net\/index.php\/wp-json\/wp\/v2\/posts"}],"about":[{"href":"https:\/\/www.ladiagonale.net\/index.php\/wp-json\/wp\/v2\/types\/post"}],"author":[{"embeddable":true,"href":"https:\/\/www.ladiagonale.net\/index.php\/wp-json\/wp\/v2\/users\/2"}],"replies":[{"embeddable":true,"href":"https:\/\/www.ladiagonale.net\/index.php\/wp-json\/wp\/v2\/comments?post=20595"}],"version-history":[{"count":4,"href":"https:\/\/www.ladiagonale.net\/index.php\/wp-json\/wp\/v2\/posts\/20595\/revisions"}],"predecessor-version":[{"id":20601,"href":"https:\/\/www.ladiagonale.net\/index.php\/wp-json\/wp\/v2\/posts\/20595\/revisions\/20601"}],"wp:attachment":[{"href":"https:\/\/www.ladiagonale.net\/index.php\/wp-json\/wp\/v2\/media?parent=20595"}],"wp:term":[{"taxonomy":"category","embeddable":true,"href":"https:\/\/www.ladiagonale.net\/index.php\/wp-json\/wp\/v2\/categories?post=20595"},{"taxonomy":"post_tag","embeddable":true,"href":"https:\/\/www.ladiagonale.net\/index.php\/wp-json\/wp\/v2\/tags?post=20595"}],"curies":[{"name":"wp","href":"https:\/\/api.w.org\/{rel}","templated":true}]}}