{"id":20602,"date":"2024-02-08T08:39:00","date_gmt":"2024-02-08T07:39:00","guid":{"rendered":"https:\/\/www.ladiagonale.net\/?p=20602"},"modified":"2024-02-08T04:02:46","modified_gmt":"2024-02-08T03:02:46","slug":"pas-le-droit-a-lerreur-2","status":"publish","type":"post","link":"https:\/\/www.ladiagonale.net\/index.php\/2024\/02\/08\/pas-le-droit-a-lerreur-2\/","title":{"rendered":"Pas le droit \u00e0 l\u2019erreur"},"content":{"rendered":"\n\n\n<p><strong>Ce jeudi, l\u2019AS Monaco rend visite au FC Rouen pour disputer les 8<sup>es<\/sup> de finale de la Coupe de France. Face au 7<sup>e<\/sup> du National, l\u2019ASM devra imp\u00e9rativement faire respecter la hi\u00e9rarchie pour poursuivre sa route et atteindre les quarts de finale.<\/strong><\/p>\n\n\n\n<p>L&rsquo;ann\u00e9e 2024 n&rsquo;est toujours synonyme de red\u00e9marrage pour le club de la Principaut\u00e9. Apr\u00e8s cinq rencontres disput\u00e9es toutes comp\u00e9titions confondues, les Mon\u00e9gasques n&rsquo;ont gagn\u00e9 qu&rsquo;une fois, c&rsquo;\u00e9tait face au 7<sup>e<\/sup> de Ligue 2, Rodez, lors du tour pr\u00e9c\u00e9dent de la Coupe de France. Dans ce m\u00eame laps de temps, Monaco n&rsquo;a perdu qu&rsquo;une seule fois, face \u00e0 Reims <em>(1-3, le 13 janvier)<\/em>, mais a surtout conc\u00e9d\u00e9 quatre nuls, dont un contre Lens l\u00e9g\u00e8rement alt\u00e9r\u00e9 par le go\u00fbt de la qualification aux tirs au but pour le premier match de l&rsquo;ann\u00e9e civile. La r\u00e9alit\u00e9 du terrain, c&rsquo;est que Monaco n&rsquo;avance plus vraiment, pour une raison ou pour une autre, et malgr\u00e9 les belles promesses ne trouve plus son rythme.<\/p>\n\n\n\n<p>Le week-end dernier, c&rsquo;est Le Havre qui est venu accrocher (1-1) une \u00e9quipe trop inconstante avec trois fois rien, puisque l&rsquo;absence de tirs cadr\u00e9s de la part des visiteurs ne les a pas emp\u00each\u00e9s de marquer un but avec l&rsquo;intervention du malheureux Youssouf Fofana. Alors que Monaco pouvait esp\u00e9rer faire une bonne op\u00e9ration en tentant de profiter du nul entre Brest et Nice, elle en a fait une encore plus mauvaise en laissant Lille lui passer devant. Tout cela accentue forc\u00e9ment un peu plus la pression autour d&rsquo;Adi H\u00fctter, dont les interrogations sont d\u00e9j\u00e0 lev\u00e9es en haut lieu. Ainsi pour l&rsquo;entra\u00eeneur autrichien se profile une semaine pas n\u00e9cessairement d\u00e9cisive mais hautement importante avec deux rencontres \u00e0 jouer.<\/p>\n\n\n\n<p>Avant d&rsquo;aller affronter Nice dimanche, un concurrent direct dans un derby qui s&rsquo;annonce \u00e9lectrique, il ne semble pas envisageable pour Monaco de se planter face \u00e0 Rouen. Si le club normand a d\u00e9j\u00e0 eu le scalp de Toulouse au tour pr\u00e9c\u00e9dent, l&rsquo;ASM ne peut pas se permettre de tomber \u00e0 son tour dans le pi\u00e8ge, fut-elle priv\u00e9e de son meilleur buteur Wissam Ben Yedder (neuf buts en six matches), laiss\u00e9 au repos afin d&rsquo;arriver frais lors du match contre Nice, alors que les Rouge et Blanc disposeront d&rsquo;un jour de repos en moins que les Ni\u00e7ois, qui ont rayonn\u00e9 mercredi contre Montpellier (4-1). Pour marquer, l&rsquo;ASM attendra de Folarin Balogun qu&rsquo;il retrouve son efficacit\u00e9 devant les cages, lui qui n&rsquo;a plus marqu\u00e9 depuis le 24 novembre face au PSG, et qui avait manqu\u00e9 les deux derni\u00e8res rencontres \u00e0 cause d&rsquo;une \u00e9paule douloureuse.<\/p>\n","protected":false},"excerpt":{"rendered":"<p>Ce jeudi, l\u2019AS Monaco rend visite au FC Rouen pour disputer les 8es de finale de la Coupe de France. Face au 7e du National, l\u2019ASM devra imp\u00e9rativement faire respecter la hi\u00e9rarchie pour poursuivre sa route et atteindre les quarts de finale. L&rsquo;ann\u00e9e 2024 n&rsquo;est toujours synonyme de red\u00e9marrage pour le club de la Principaut\u00e9. [&#8230;]\n","protected":false},"author":2,"featured_media":20606,"comment_status":"open","ping_status":"open","sticky":false,"template":"","format":"standard","meta":[],"categories":[5,6],"tags":[86,232,772],"yoast_head":"<!-- This site is optimized with the Yoast SEO plugin v19.8 - https:\/\/yoast.com\/wordpress\/plugins\/seo\/ -->\n<title>Pas le droit \u00e0 l\u2019erreur - La Diagonale<\/title>\n<meta name=\"robots\" content=\"index, follow, max-snippet:-1, max-image-preview:large, max-video-preview:-1\" \/>\n<link rel=\"canonical\" href=\"https:\/\/www.ladiagonale.net\/index.php\/2024\/02\/08\/pas-le-droit-a-lerreur-2\/\" \/>\n<meta property=\"og:locale\" content=\"fr_FR\" \/>\n<meta property=\"og:type\" content=\"article\" \/>\n<meta property=\"og:title\" content=\"Pas le droit \u00e0 l\u2019erreur - La Diagonale\" \/>\n<meta property=\"og:description\" content=\"Ce jeudi, l\u2019AS Monaco rend visite au FC Rouen pour disputer les 8es de finale de la Coupe de France. Face au 7e du National, l\u2019ASM devra imp\u00e9rativement faire respecter la hi\u00e9rarchie pour poursuivre sa route et atteindre les quarts de finale. L&rsquo;ann\u00e9e 2024 n&rsquo;est toujours synonyme de red\u00e9marrage pour le club de la Principaut\u00e9. [...]\" \/>\n<meta property=\"og:url\" content=\"https:\/\/www.ladiagonale.net\/index.php\/2024\/02\/08\/pas-le-droit-a-lerreur-2\/\" \/>\n<meta property=\"og:site_name\" content=\"La Diagonale\" \/>\n<meta property=\"article:published_time\" content=\"2024-02-08T07:39:00+00:00\" \/>\n<meta property=\"article:modified_time\" content=\"2024-02-08T03:02:46+00:00\" \/>\n<meta property=\"og:image\" content=\"https:\/\/www.ladiagonale.net\/wp-content\/uploads\/2024\/02\/2024-01-20-cdf16e-rodez-asm-7320-1160x650-1.jpg\" \/>\n\t<meta property=\"og:image:width\" content=\"1160\" \/>\n\t<meta property=\"og:image:height\" content=\"650\" \/>\n\t<meta property=\"og:image:type\" content=\"image\/jpeg\" \/>\n<meta name=\"author\" content=\"Damien Dellerba\" \/>\n<meta name=\"twitter:card\" content=\"summary_large_image\" \/>\n<meta name=\"twitter:image\" content=\"https:\/\/www.ladiagonale.net\/wp-content\/uploads\/2024\/02\/2024-01-20-cdf16e-rodez-asm-7320-1160x650-1.jpg\" \/>\n<meta name=\"twitter:label1\" content=\"\u00c9crit par\" \/>\n\t<meta name=\"twitter:data1\" content=\"Damien Dellerba\" \/>\n\t<meta name=\"twitter:label2\" content=\"Dur\u00e9e de lecture estim\u00e9e\" \/>\n\t<meta name=\"twitter:data2\" content=\"3 minutes\" \/>\n<script type=\"application\/ld+json\" class=\"yoast-schema-graph\">{\"@context\":\"https:\/\/schema.org\",\"@graph\":[{\"@type\":\"WebPage\",\"@id\":\"https:\/\/www.ladiagonale.net\/index.php\/2024\/02\/08\/pas-le-droit-a-lerreur-2\/\",\"url\":\"https:\/\/www.ladiagonale.net\/index.php\/2024\/02\/08\/pas-le-droit-a-lerreur-2\/\",\"name\":\"Pas le droit \u00e0 l\u2019erreur - La Diagonale\",\"isPartOf\":{\"@id\":\"https:\/\/www.ladiagonale.net\/#website\"},\"datePublished\":\"2024-02-08T07:39:00+00:00\",\"dateModified\":\"2024-02-08T03:02:46+00:00\",\"author\":{\"@id\":\"https:\/\/www.ladiagonale.net\/#\/schema\/person\/79ff1e7b0853ed01b2aa26e64ad300bf\"},\"breadcrumb\":{\"@id\":\"https:\/\/www.ladiagonale.net\/index.php\/2024\/02\/08\/pas-le-droit-a-lerreur-2\/#breadcrumb\"},\"inLanguage\":\"fr-FR\",\"potentialAction\":[{\"@type\":\"ReadAction\",\"target\":[\"https:\/\/www.ladiagonale.net\/index.php\/2024\/02\/08\/pas-le-droit-a-lerreur-2\/\"]}]},{\"@type\":\"BreadcrumbList\",\"@id\":\"https:\/\/www.ladiagonale.net\/index.php\/2024\/02\/08\/pas-le-droit-a-lerreur-2\/#breadcrumb\",\"itemListElement\":[{\"@type\":\"ListItem\",\"position\":1,\"name\":\"Accueil\",\"item\":\"https:\/\/www.ladiagonale.net\/\"},{\"@type\":\"ListItem\",\"position\":2,\"name\":\"Pas le droit \u00e0 l\u2019erreur\"}]},{\"@type\":\"WebSite\",\"@id\":\"https:\/\/www.ladiagonale.net\/#website\",\"url\":\"https:\/\/www.ladiagonale.net\/\",\"name\":\"La Diagonale\",\"description\":\"Le site des supporters de l&#039;AS Monaco FC\",\"potentialAction\":[{\"@type\":\"SearchAction\",\"target\":{\"@type\":\"EntryPoint\",\"urlTemplate\":\"https:\/\/www.ladiagonale.net\/?s={search_term_string}\"},\"query-input\":\"required name=search_term_string\"}],\"inLanguage\":\"fr-FR\"},{\"@type\":\"Person\",\"@id\":\"https:\/\/www.ladiagonale.net\/#\/schema\/person\/79ff1e7b0853ed01b2aa26e64ad300bf\",\"name\":\"Damien Dellerba\",\"image\":{\"@type\":\"ImageObject\",\"inLanguage\":\"fr-FR\",\"@id\":\"https:\/\/www.ladiagonale.net\/#\/schema\/person\/image\/\",\"url\":\"https:\/\/secure.gravatar.com\/avatar\/c7850e06d3ff63cdbaee88b7fc16e2f0?s=96&d=mm&r=g\",\"contentUrl\":\"https:\/\/secure.gravatar.com\/avatar\/c7850e06d3ff63cdbaee88b7fc16e2f0?s=96&d=mm&r=g\",\"caption\":\"Damien Dellerba\"},\"url\":\"https:\/\/www.ladiagonale.net\/index.php\/author\/damien\/\"}]}<\/script>\n<!-- \/ Yoast SEO plugin. -->","yoast_head_json":{"title":"Pas le droit \u00e0 l\u2019erreur - La Diagonale","robots":{"index":"index","follow":"follow","max-snippet":"max-snippet:-1","max-image-preview":"max-image-preview:large","max-video-preview":"max-video-preview:-1"},"canonical":"https:\/\/www.ladiagonale.net\/index.php\/2024\/02\/08\/pas-le-droit-a-lerreur-2\/","og_locale":"fr_FR","og_type":"article","og_title":"Pas le droit \u00e0 l\u2019erreur - La Diagonale","og_description":"Ce jeudi, l\u2019AS Monaco rend visite au FC Rouen pour disputer les 8es de finale de la Coupe de France. Face au 7e du National, l\u2019ASM devra imp\u00e9rativement faire respecter la hi\u00e9rarchie pour poursuivre sa route et atteindre les quarts de finale. L&rsquo;ann\u00e9e 2024 n&rsquo;est toujours synonyme de red\u00e9marrage pour le club de la Principaut\u00e9. [...]","og_url":"https:\/\/www.ladiagonale.net\/index.php\/2024\/02\/08\/pas-le-droit-a-lerreur-2\/","og_site_name":"La Diagonale","article_published_time":"2024-02-08T07:39:00+00:00","article_modified_time":"2024-02-08T03:02:46+00:00","og_image":[{"width":1160,"height":650,"url":"https:\/\/www.ladiagonale.net\/wp-content\/uploads\/2024\/02\/2024-01-20-cdf16e-rodez-asm-7320-1160x650-1.jpg","type":"image\/jpeg"}],"author":"Damien Dellerba","twitter_card":"summary_large_image","twitter_image":"https:\/\/www.ladiagonale.net\/wp-content\/uploads\/2024\/02\/2024-01-20-cdf16e-rodez-asm-7320-1160x650-1.jpg","twitter_misc":{"\u00c9crit par":"Damien Dellerba","Dur\u00e9e de lecture estim\u00e9e":"3 minutes"},"schema":{"@context":"https:\/\/schema.org","@graph":[{"@type":"WebPage","@id":"https:\/\/www.ladiagonale.net\/index.php\/2024\/02\/08\/pas-le-droit-a-lerreur-2\/","url":"https:\/\/www.ladiagonale.net\/index.php\/2024\/02\/08\/pas-le-droit-a-lerreur-2\/","name":"Pas le droit \u00e0 l\u2019erreur - La Diagonale","isPartOf":{"@id":"https:\/\/www.ladiagonale.net\/#website"},"datePublished":"2024-02-08T07:39:00+00:00","dateModified":"2024-02-08T03:02:46+00:00","author":{"@id":"https:\/\/www.ladiagonale.net\/#\/schema\/person\/79ff1e7b0853ed01b2aa26e64ad300bf"},"breadcrumb":{"@id":"https:\/\/www.ladiagonale.net\/index.php\/2024\/02\/08\/pas-le-droit-a-lerreur-2\/#breadcrumb"},"inLanguage":"fr-FR","potentialAction":[{"@type":"ReadAction","target":["https:\/\/www.ladiagonale.net\/index.php\/2024\/02\/08\/pas-le-droit-a-lerreur-2\/"]}]},{"@type":"BreadcrumbList","@id":"https:\/\/www.ladiagonale.net\/index.php\/2024\/02\/08\/pas-le-droit-a-lerreur-2\/#breadcrumb","itemListElement":[{"@type":"ListItem","position":1,"name":"Accueil","item":"https:\/\/www.ladiagonale.net\/"},{"@type":"ListItem","position":2,"name":"Pas le droit \u00e0 l\u2019erreur"}]},{"@type":"WebSite","@id":"https:\/\/www.ladiagonale.net\/#website","url":"https:\/\/www.ladiagonale.net\/","name":"La Diagonale","description":"Le site des supporters de l&#039;AS Monaco FC","potentialAction":[{"@type":"SearchAction","target":{"@type":"EntryPoint","urlTemplate":"https:\/\/www.ladiagonale.net\/?s={search_term_string}"},"query-input":"required name=search_term_string"}],"inLanguage":"fr-FR"},{"@type":"Person","@id":"https:\/\/www.ladiagonale.net\/#\/schema\/person\/79ff1e7b0853ed01b2aa26e64ad300bf","name":"Damien Dellerba","image":{"@type":"ImageObject","inLanguage":"fr-FR","@id":"https:\/\/www.ladiagonale.net\/#\/schema\/person\/image\/","url":"https:\/\/secure.gravatar.com\/avatar\/c7850e06d3ff63cdbaee88b7fc16e2f0?s=96&d=mm&r=g","contentUrl":"https:\/\/secure.gravatar.com\/avatar\/c7850e06d3ff63cdbaee88b7fc16e2f0?s=96&d=mm&r=g","caption":"Damien Dellerba"},"url":"https:\/\/www.ladiagonale.net\/index.php\/author\/damien\/"}]}},"_links":{"self":[{"href":"https:\/\/www.ladiagonale.net\/index.php\/wp-json\/wp\/v2\/posts\/20602"}],"collection":[{"href":"https:\/\/www.ladiagonale.net\/index.php\/wp-json\/wp\/v2\/posts"}],"about":[{"href":"https:\/\/www.ladiagonale.net\/index.php\/wp-json\/wp\/v2\/types\/post"}],"author":[{"embeddable":true,"href":"https:\/\/www.ladiagonale.net\/index.php\/wp-json\/wp\/v2\/users\/2"}],"replies":[{"embeddable":true,"href":"https:\/\/www.ladiagonale.net\/index.php\/wp-json\/wp\/v2\/comments?post=20602"}],"version-history":[{"count":1,"href":"https:\/\/www.ladiagonale.net\/index.php\/wp-json\/wp\/v2\/posts\/20602\/revisions"}],"predecessor-version":[{"id":20608,"href":"https:\/\/www.ladiagonale.net\/index.php\/wp-json\/wp\/v2\/posts\/20602\/revisions\/20608"}],"wp:featuredmedia":[{"embeddable":true,"href":"https:\/\/www.ladiagonale.net\/index.php\/wp-json\/wp\/v2\/media\/20606"}],"wp:attachment":[{"href":"https:\/\/www.ladiagonale.net\/index.php\/wp-json\/wp\/v2\/media?parent=20602"}],"wp:term":[{"taxonomy":"category","embeddable":true,"href":"https:\/\/www.ladiagonale.net\/index.php\/wp-json\/wp\/v2\/categories?post=20602"},{"taxonomy":"post_tag","embeddable":true,"href":"https:\/\/www.ladiagonale.net\/index.php\/wp-json\/wp\/v2\/tags?post=20602"}],"curies":[{"name":"wp","href":"https:\/\/api.w.org\/{rel}","templated":true}]}}