{"id":20675,"date":"2024-02-10T18:36:23","date_gmt":"2024-02-10T17:36:23","guid":{"rendered":"https:\/\/www.ladiagonale.net\/?p=20675"},"modified":"2024-02-11T02:11:07","modified_gmt":"2024-02-11T01:11:07","slug":"defaite-spectaculaire-du-groupe-elite-avec-son-nouveau-gardien","status":"publish","type":"post","link":"https:\/\/www.ladiagonale.net\/index.php\/2024\/02\/10\/defaite-spectaculaire-du-groupe-elite-avec-son-nouveau-gardien\/","title":{"rendered":"D\u00e9faite spectaculaire du Groupe \u00c9lite avec son nouveau gardien"},"content":{"rendered":"\n\n\n<p>Apr\u00e8s deux d\u00e9faites la semaine derni\u00e8re, le Groupe \u00c9lite avait l&rsquo;occasion de r\u00e9agir face \u00e0 l&rsquo;\u00e9quipe r\u00e9serve du Como 1907 mais les jeunes Rouge et Blanc se sont inclin\u00e9s sur un score de tennis (3-6). Mayssam Benama, Enzo Baglieri et Valentin Salatiel Decarpentrie ont marqu\u00e9 pour l&rsquo;ASM, tandis que Jules Stawiecki a fait ses premiers pas sous le maillot rouge et blanc. Arriv\u00e9 en janvier pour garnir les rangs du Groupe \u00c9lite, l&rsquo;ancien gardien de Dijon (16 ans) a pris part \u00e0 la premi\u00e8re p\u00e9riode o\u00f9 il a encaiss\u00e9 trois buts, avant de laisser sa place \u00e0 Alain Zadi \u00e0 la pause.<\/p>\n\n\n\n<p>Les Mon\u00e9gasques ont ouvert le score tr\u00e8s t\u00f4t dans cette rencontre gr\u00e2ce \u00e0 Benama (1-0, 8<sup>e<\/sup>), qui a inscrit son second but en deux rencontres apr\u00e8s celui face au Servette FC samedi dernier. Mais en moins de dix minutes, la formation italienne, renforc\u00e9e par quelques joueurs professionnels, a fait basculer le match avec trois buts (22<sup>e<\/sup>, 24<sup>e<\/sup>, 28<sup>e<\/sup>). Et la seconde p\u00e9riode lui a permis de renforcer son avance avec deux buts suppl\u00e9mentaires (55<sup>e<\/sup>, 70<sup>e<\/sup>).<\/p>\n\n\n\n<p>Baglieri a r\u00e9duit l&rsquo;\u00e9cart sur p\u00e9nalty (2-5, 74<sup>e<\/sup>) puis Decarpentrie sur une frappe puissante (3-5, 88<sup>e<\/sup>) mais les hommes de Damien Perrinelle ont finalement encaiss\u00e9 un nouveau but dans le temps additionnel de la rencontre. Priv\u00e9 de plusieurs joueurs pr\u00e9sents avec le groupe professionnel, le Groupe \u00c9lite encha\u00eene une troisi\u00e8me d\u00e9faite de rang et surtout une huiti\u00e8me rencontre sans victoire. Dans une semaine, les jeunes pousses as\u00e9mistes iront en Belgique pour affronter Westerlo.<\/p>\n\n\n\n<p>Source : <a href=\"https:\/\/www.asmonaco.com\/le-groupe-elite-renverse-par-come\/\" target=\"_blank\" rel=\"noreferrer noopener\">AS Monaco<\/a><\/p>\n","protected":false},"excerpt":{"rendered":"<p>Apr\u00e8s deux d\u00e9faites la semaine derni\u00e8re, le Groupe \u00c9lite avait l&rsquo;occasion de r\u00e9agir face \u00e0 l&rsquo;\u00e9quipe r\u00e9serve du Como 1907 mais les jeunes Rouge et Blanc se sont inclin\u00e9s sur un score de tennis (3-6). Mayssam Benama, Enzo Baglieri et Valentin Salatiel Decarpentrie ont marqu\u00e9 pour l&rsquo;ASM, tandis que Jules Stawiecki a fait ses premiers [&#8230;]\n","protected":false},"author":2,"featured_media":0,"comment_status":"open","ping_status":"open","sticky":false,"template":"","format":"standard","meta":[],"categories":[6],"tags":[76,86,228],"yoast_head":"<!-- This site is optimized with the Yoast SEO plugin v19.8 - https:\/\/yoast.com\/wordpress\/plugins\/seo\/ -->\n<title>D\u00e9faite spectaculaire du Groupe \u00c9lite avec son nouveau gardien - La Diagonale<\/title>\n<meta name=\"robots\" content=\"index, follow, max-snippet:-1, max-image-preview:large, max-video-preview:-1\" \/>\n<link rel=\"canonical\" href=\"https:\/\/www.ladiagonale.net\/index.php\/2024\/02\/10\/defaite-spectaculaire-du-groupe-elite-avec-son-nouveau-gardien\/\" \/>\n<meta property=\"og:locale\" content=\"fr_FR\" \/>\n<meta property=\"og:type\" content=\"article\" \/>\n<meta property=\"og:title\" content=\"D\u00e9faite spectaculaire du Groupe \u00c9lite avec son nouveau gardien - La Diagonale\" \/>\n<meta property=\"og:description\" content=\"Apr\u00e8s deux d\u00e9faites la semaine derni\u00e8re, le Groupe \u00c9lite avait l&rsquo;occasion de r\u00e9agir face \u00e0 l&rsquo;\u00e9quipe r\u00e9serve du Como 1907 mais les jeunes Rouge et Blanc se sont inclin\u00e9s sur un score de tennis (3-6). Mayssam Benama, Enzo Baglieri et Valentin Salatiel Decarpentrie ont marqu\u00e9 pour l&rsquo;ASM, tandis que Jules Stawiecki a fait ses premiers [...]\" \/>\n<meta property=\"og:url\" content=\"https:\/\/www.ladiagonale.net\/index.php\/2024\/02\/10\/defaite-spectaculaire-du-groupe-elite-avec-son-nouveau-gardien\/\" \/>\n<meta property=\"og:site_name\" content=\"La Diagonale\" \/>\n<meta property=\"article:published_time\" content=\"2024-02-10T17:36:23+00:00\" \/>\n<meta property=\"article:modified_time\" content=\"2024-02-11T01:11:07+00:00\" \/>\n<meta property=\"og:image\" content=\"https:\/\/www.ladiagonale.net\/wp-content\/uploads\/2024\/02\/stawiecki2.png\" \/>\n\t<meta property=\"og:image:width\" content=\"1160\" \/>\n\t<meta property=\"og:image:height\" content=\"650\" \/>\n\t<meta property=\"og:image:type\" content=\"image\/png\" \/>\n<meta name=\"author\" content=\"Damien Dellerba\" \/>\n<meta name=\"twitter:card\" content=\"summary_large_image\" \/>\n<meta name=\"twitter:image\" content=\"https:\/\/www.ladiagonale.net\/wp-content\/uploads\/2024\/02\/stawiecki2.png\" \/>\n<meta name=\"twitter:label1\" content=\"\u00c9crit par\" \/>\n\t<meta name=\"twitter:data1\" content=\"Damien Dellerba\" \/>\n\t<meta name=\"twitter:label2\" content=\"Dur\u00e9e de lecture estim\u00e9e\" \/>\n\t<meta name=\"twitter:data2\" content=\"2 minutes\" \/>\n<script type=\"application\/ld+json\" class=\"yoast-schema-graph\">{\"@context\":\"https:\/\/schema.org\",\"@graph\":[{\"@type\":\"WebPage\",\"@id\":\"https:\/\/www.ladiagonale.net\/index.php\/2024\/02\/10\/defaite-spectaculaire-du-groupe-elite-avec-son-nouveau-gardien\/\",\"url\":\"https:\/\/www.ladiagonale.net\/index.php\/2024\/02\/10\/defaite-spectaculaire-du-groupe-elite-avec-son-nouveau-gardien\/\",\"name\":\"D\u00e9faite spectaculaire du Groupe \u00c9lite avec son nouveau gardien - La Diagonale\",\"isPartOf\":{\"@id\":\"https:\/\/www.ladiagonale.net\/#website\"},\"datePublished\":\"2024-02-10T17:36:23+00:00\",\"dateModified\":\"2024-02-11T01:11:07+00:00\",\"author\":{\"@id\":\"https:\/\/www.ladiagonale.net\/#\/schema\/person\/79ff1e7b0853ed01b2aa26e64ad300bf\"},\"breadcrumb\":{\"@id\":\"https:\/\/www.ladiagonale.net\/index.php\/2024\/02\/10\/defaite-spectaculaire-du-groupe-elite-avec-son-nouveau-gardien\/#breadcrumb\"},\"inLanguage\":\"fr-FR\",\"potentialAction\":[{\"@type\":\"ReadAction\",\"target\":[\"https:\/\/www.ladiagonale.net\/index.php\/2024\/02\/10\/defaite-spectaculaire-du-groupe-elite-avec-son-nouveau-gardien\/\"]}]},{\"@type\":\"BreadcrumbList\",\"@id\":\"https:\/\/www.ladiagonale.net\/index.php\/2024\/02\/10\/defaite-spectaculaire-du-groupe-elite-avec-son-nouveau-gardien\/#breadcrumb\",\"itemListElement\":[{\"@type\":\"ListItem\",\"position\":1,\"name\":\"Accueil\",\"item\":\"https:\/\/www.ladiagonale.net\/\"},{\"@type\":\"ListItem\",\"position\":2,\"name\":\"D\u00e9faite spectaculaire du Groupe \u00c9lite avec son nouveau gardien\"}]},{\"@type\":\"WebSite\",\"@id\":\"https:\/\/www.ladiagonale.net\/#website\",\"url\":\"https:\/\/www.ladiagonale.net\/\",\"name\":\"La Diagonale\",\"description\":\"Le site des supporters de l&#039;AS Monaco FC\",\"potentialAction\":[{\"@type\":\"SearchAction\",\"target\":{\"@type\":\"EntryPoint\",\"urlTemplate\":\"https:\/\/www.ladiagonale.net\/?s={search_term_string}\"},\"query-input\":\"required name=search_term_string\"}],\"inLanguage\":\"fr-FR\"},{\"@type\":\"Person\",\"@id\":\"https:\/\/www.ladiagonale.net\/#\/schema\/person\/79ff1e7b0853ed01b2aa26e64ad300bf\",\"name\":\"Damien Dellerba\",\"image\":{\"@type\":\"ImageObject\",\"inLanguage\":\"fr-FR\",\"@id\":\"https:\/\/www.ladiagonale.net\/#\/schema\/person\/image\/\",\"url\":\"https:\/\/secure.gravatar.com\/avatar\/c7850e06d3ff63cdbaee88b7fc16e2f0?s=96&d=mm&r=g\",\"contentUrl\":\"https:\/\/secure.gravatar.com\/avatar\/c7850e06d3ff63cdbaee88b7fc16e2f0?s=96&d=mm&r=g\",\"caption\":\"Damien Dellerba\"},\"url\":\"https:\/\/www.ladiagonale.net\/index.php\/author\/damien\/\"}]}<\/script>\n<!-- \/ Yoast SEO plugin. -->","yoast_head_json":{"title":"D\u00e9faite spectaculaire du Groupe \u00c9lite avec son nouveau gardien - La Diagonale","robots":{"index":"index","follow":"follow","max-snippet":"max-snippet:-1","max-image-preview":"max-image-preview:large","max-video-preview":"max-video-preview:-1"},"canonical":"https:\/\/www.ladiagonale.net\/index.php\/2024\/02\/10\/defaite-spectaculaire-du-groupe-elite-avec-son-nouveau-gardien\/","og_locale":"fr_FR","og_type":"article","og_title":"D\u00e9faite spectaculaire du Groupe \u00c9lite avec son nouveau gardien - La Diagonale","og_description":"Apr\u00e8s deux d\u00e9faites la semaine derni\u00e8re, le Groupe \u00c9lite avait l&rsquo;occasion de r\u00e9agir face \u00e0 l&rsquo;\u00e9quipe r\u00e9serve du Como 1907 mais les jeunes Rouge et Blanc se sont inclin\u00e9s sur un score de tennis (3-6). Mayssam Benama, Enzo Baglieri et Valentin Salatiel Decarpentrie ont marqu\u00e9 pour l&rsquo;ASM, tandis que Jules Stawiecki a fait ses premiers [...]","og_url":"https:\/\/www.ladiagonale.net\/index.php\/2024\/02\/10\/defaite-spectaculaire-du-groupe-elite-avec-son-nouveau-gardien\/","og_site_name":"La Diagonale","article_published_time":"2024-02-10T17:36:23+00:00","article_modified_time":"2024-02-11T01:11:07+00:00","og_image":[{"width":1160,"height":650,"url":"https:\/\/www.ladiagonale.net\/wp-content\/uploads\/2024\/02\/stawiecki2.png","type":"image\/png"}],"author":"Damien Dellerba","twitter_card":"summary_large_image","twitter_image":"https:\/\/www.ladiagonale.net\/wp-content\/uploads\/2024\/02\/stawiecki2.png","twitter_misc":{"\u00c9crit par":"Damien Dellerba","Dur\u00e9e de lecture estim\u00e9e":"2 minutes"},"schema":{"@context":"https:\/\/schema.org","@graph":[{"@type":"WebPage","@id":"https:\/\/www.ladiagonale.net\/index.php\/2024\/02\/10\/defaite-spectaculaire-du-groupe-elite-avec-son-nouveau-gardien\/","url":"https:\/\/www.ladiagonale.net\/index.php\/2024\/02\/10\/defaite-spectaculaire-du-groupe-elite-avec-son-nouveau-gardien\/","name":"D\u00e9faite spectaculaire du Groupe \u00c9lite avec son nouveau gardien - La Diagonale","isPartOf":{"@id":"https:\/\/www.ladiagonale.net\/#website"},"datePublished":"2024-02-10T17:36:23+00:00","dateModified":"2024-02-11T01:11:07+00:00","author":{"@id":"https:\/\/www.ladiagonale.net\/#\/schema\/person\/79ff1e7b0853ed01b2aa26e64ad300bf"},"breadcrumb":{"@id":"https:\/\/www.ladiagonale.net\/index.php\/2024\/02\/10\/defaite-spectaculaire-du-groupe-elite-avec-son-nouveau-gardien\/#breadcrumb"},"inLanguage":"fr-FR","potentialAction":[{"@type":"ReadAction","target":["https:\/\/www.ladiagonale.net\/index.php\/2024\/02\/10\/defaite-spectaculaire-du-groupe-elite-avec-son-nouveau-gardien\/"]}]},{"@type":"BreadcrumbList","@id":"https:\/\/www.ladiagonale.net\/index.php\/2024\/02\/10\/defaite-spectaculaire-du-groupe-elite-avec-son-nouveau-gardien\/#breadcrumb","itemListElement":[{"@type":"ListItem","position":1,"name":"Accueil","item":"https:\/\/www.ladiagonale.net\/"},{"@type":"ListItem","position":2,"name":"D\u00e9faite spectaculaire du Groupe \u00c9lite avec son nouveau gardien"}]},{"@type":"WebSite","@id":"https:\/\/www.ladiagonale.net\/#website","url":"https:\/\/www.ladiagonale.net\/","name":"La Diagonale","description":"Le site des supporters de l&#039;AS Monaco FC","potentialAction":[{"@type":"SearchAction","target":{"@type":"EntryPoint","urlTemplate":"https:\/\/www.ladiagonale.net\/?s={search_term_string}"},"query-input":"required name=search_term_string"}],"inLanguage":"fr-FR"},{"@type":"Person","@id":"https:\/\/www.ladiagonale.net\/#\/schema\/person\/79ff1e7b0853ed01b2aa26e64ad300bf","name":"Damien Dellerba","image":{"@type":"ImageObject","inLanguage":"fr-FR","@id":"https:\/\/www.ladiagonale.net\/#\/schema\/person\/image\/","url":"https:\/\/secure.gravatar.com\/avatar\/c7850e06d3ff63cdbaee88b7fc16e2f0?s=96&d=mm&r=g","contentUrl":"https:\/\/secure.gravatar.com\/avatar\/c7850e06d3ff63cdbaee88b7fc16e2f0?s=96&d=mm&r=g","caption":"Damien Dellerba"},"url":"https:\/\/www.ladiagonale.net\/index.php\/author\/damien\/"}]}},"_links":{"self":[{"href":"https:\/\/www.ladiagonale.net\/index.php\/wp-json\/wp\/v2\/posts\/20675"}],"collection":[{"href":"https:\/\/www.ladiagonale.net\/index.php\/wp-json\/wp\/v2\/posts"}],"about":[{"href":"https:\/\/www.ladiagonale.net\/index.php\/wp-json\/wp\/v2\/types\/post"}],"author":[{"embeddable":true,"href":"https:\/\/www.ladiagonale.net\/index.php\/wp-json\/wp\/v2\/users\/2"}],"replies":[{"embeddable":true,"href":"https:\/\/www.ladiagonale.net\/index.php\/wp-json\/wp\/v2\/comments?post=20675"}],"version-history":[{"count":4,"href":"https:\/\/www.ladiagonale.net\/index.php\/wp-json\/wp\/v2\/posts\/20675\/revisions"}],"predecessor-version":[{"id":20713,"href":"https:\/\/www.ladiagonale.net\/index.php\/wp-json\/wp\/v2\/posts\/20675\/revisions\/20713"}],"wp:attachment":[{"href":"https:\/\/www.ladiagonale.net\/index.php\/wp-json\/wp\/v2\/media?parent=20675"}],"wp:term":[{"taxonomy":"category","embeddable":true,"href":"https:\/\/www.ladiagonale.net\/index.php\/wp-json\/wp\/v2\/categories?post=20675"},{"taxonomy":"post_tag","embeddable":true,"href":"https:\/\/www.ladiagonale.net\/index.php\/wp-json\/wp\/v2\/tags?post=20675"}],"curies":[{"name":"wp","href":"https:\/\/api.w.org\/{rel}","templated":true}]}}