{"id":20715,"date":"2024-02-11T08:57:00","date_gmt":"2024-02-11T07:57:00","guid":{"rendered":"https:\/\/www.ladiagonale.net\/?p=20715"},"modified":"2024-02-11T06:16:44","modified_gmt":"2024-02-11T05:16:44","slug":"la-victoire-ou-la-crise","status":"publish","type":"post","link":"https:\/\/www.ladiagonale.net\/index.php\/2024\/02\/11\/la-victoire-ou-la-crise\/","title":{"rendered":"La victoire ou la crise"},"content":{"rendered":"\n\n\n<p><strong>La 21<sup>e<\/sup> journ\u00e9e de Ligue 1 pourrait bien marquer un tournant dans la saison de l&rsquo;AS Monaco, qui se d\u00e9place \u00e0 Nice ce dimanche (20h45). Une d\u00e9faite est \u00e0 proscrire si l&rsquo;ASM ne veut pas perdre pied dans ce championnat. <\/strong><\/p>\n\n\n\n<p>On savait que cette semaine serait importante pour Monaco et elle a tr\u00e8s mal commenc\u00e9. En s&rsquo;inclinant en Coupe de France jeudi \u00e0 Rouen, une \u00e9quipe de National, les Rouge et Blanc ont failli dans un des objectifs qu&rsquo;ils s&rsquo;\u00e9taient fix\u00e9, \u00e0 savoir atteindre au moins la finale de la comp\u00e9tition. Non content d&rsquo;avoir \u00e9t\u00e9 \u00e9limin\u00e9s, c&rsquo;est aussi la mani\u00e8re qui pose probl\u00e8me pour les As\u00e9mistes. Avec quasiment l&rsquo;\u00e9quipe type align\u00e9e, Monaco a \u00e9prouv\u00e9 toutes les peines du monde \u00e0 faire jeu \u00e9gal avec une formation qui \u00e9volue deux \u00e9chelons en dessous, ce qui est \u00e9videmment embarrassant, et en premier lieu pour Adi H\u00fctter. L&rsquo;entra\u00eeneur autrichien, rafra\u00eechissant \u00e0 ses d\u00e9buts apr\u00e8s une \u00e8re Clement qui n&rsquo;inspirait qu&rsquo;ennui et apathie, est en train de rentrer s\u00e9v\u00e8rement dans le rang avec une animation devenue amorphe.<\/p>\n\n\n\n<p>Il y a, dans l&rsquo;air du temps, cette conclusion in\u00e9luctable selon laquelle deux d\u00e9faites dans la m\u00eame semaine sonneraient forc\u00e9ment la fin de son mandat \u00e0 la t\u00eate de l&rsquo;\u00e9quipe. Rien n&rsquo;est moins s\u00fbr en r\u00e9alit\u00e9, mais les doutes s&rsquo;amoncellent sur ses capacit\u00e9s \u00e0 redresser la barre alors que l&rsquo;ASM ne parvient plus \u00e0 gagner en 2024 (une victoire \u00e0 Rodez sur six matches) et le pr\u00e9sident Dmitry Rybolovlev n&rsquo;a jamais \u00e9t\u00e9 r\u00e9put\u00e9 pour sa patience. Le milliardaire russe a surpris tout son monde en se rendant \u00e0 Rouen pour assister \u00e0 la rencontre et il a vu sous ses yeux l&rsquo;ampleur du d\u00e9sastre, m\u00eame si H\u00fctter a expliqu\u00e9 avoir re\u00e7u son soutien. Le cr\u00e9dit de l&rsquo;Autrichien semble d\u00e9sormais bel et bien entam\u00e9 et pour se donner de l&rsquo;air, une victoire contre le voisin ni\u00e7ois devient imp\u00e9rative.<\/p>\n\n\n\n<h3>L&rsquo;interrogation Ben Yedder<\/h3>\n\n\n\n<p>En janvier, les dirigeants mon\u00e9gasques ont fait le choix de pr\u00eater Myron Boadu pour lui permettre de se relancer dans le championnat hollandais avec Twente pendant que Folarin Balogun soignait une \u00e9paule rendue douloureuse par la rudesse ruth\u00e9noise et que le seul Wissam Ben Yedder \u00e9tait en mesure de porter l&rsquo;attaque. Jeudi, le capitaine mon\u00e9gasque manquait \u00e0 l&rsquo;appel contre Rouen, laissant cette fois seul un Balogun enfin revenu. Mis au repos, \u00e9prouvant une fatigue musculaire, Ben Yedder m\u00e9nage encore le suspense quant \u00e0 sa participation au derby dimanche. Adi H\u00fctter attend le feu vert pour savoir s&rsquo;il pourra compter sur le meilleur buteur de l&rsquo;\u00e9quipe, alors que dans le m\u00eame temps, les bruits de couloirs commencent \u00e0 courir pour \u00e9voquer un autre motif d&rsquo;absence moins avouable. \u00c0 tous les niveaux, il y a comme une crise qui couve dans la maison mon\u00e9gasque et nul doute qu&rsquo;une d\u00e9faite \u00e0 Nice la ferait plonger imm\u00e9diatement dedans.<\/p>\n","protected":false},"excerpt":{"rendered":"<p>La 21e journ\u00e9e de Ligue 1 pourrait bien marquer un tournant dans la saison de l&rsquo;AS Monaco, qui se d\u00e9place \u00e0 Nice ce dimanche (20h45). Une d\u00e9faite est \u00e0 proscrire si l&rsquo;ASM ne veut pas perdre pied dans ce championnat. On savait que cette semaine serait importante pour Monaco et elle a tr\u00e8s mal commenc\u00e9. [&#8230;]\n","protected":false},"author":2,"featured_media":20716,"comment_status":"open","ping_status":"open","sticky":false,"template":"","format":"standard","meta":[],"categories":[5,6],"tags":[86,94,774],"yoast_head":"<!-- This site is optimized with the Yoast SEO plugin v19.8 - https:\/\/yoast.com\/wordpress\/plugins\/seo\/ -->\n<title>La victoire ou la crise - La Diagonale<\/title>\n<meta name=\"robots\" content=\"index, follow, max-snippet:-1, max-image-preview:large, max-video-preview:-1\" \/>\n<link rel=\"canonical\" href=\"https:\/\/www.ladiagonale.net\/index.php\/2024\/02\/11\/la-victoire-ou-la-crise\/\" \/>\n<meta property=\"og:locale\" content=\"fr_FR\" \/>\n<meta property=\"og:type\" content=\"article\" \/>\n<meta property=\"og:title\" content=\"La victoire ou la crise - La Diagonale\" \/>\n<meta property=\"og:description\" content=\"La 21e journ\u00e9e de Ligue 1 pourrait bien marquer un tournant dans la saison de l&rsquo;AS Monaco, qui se d\u00e9place \u00e0 Nice ce dimanche (20h45). Une d\u00e9faite est \u00e0 proscrire si l&rsquo;ASM ne veut pas perdre pied dans ce championnat. On savait que cette semaine serait importante pour Monaco et elle a tr\u00e8s mal commenc\u00e9. [...]\" \/>\n<meta property=\"og:url\" content=\"https:\/\/www.ladiagonale.net\/index.php\/2024\/02\/11\/la-victoire-ou-la-crise\/\" \/>\n<meta property=\"og:site_name\" content=\"La Diagonale\" \/>\n<meta property=\"article:published_time\" content=\"2024-02-11T07:57:00+00:00\" \/>\n<meta property=\"article:modified_time\" content=\"2024-02-11T05:16:44+00:00\" \/>\n<meta property=\"og:image\" content=\"https:\/\/www.ladiagonale.net\/wp-content\/uploads\/2024\/02\/hutter-crise.png\" \/>\n\t<meta property=\"og:image:width\" content=\"1160\" \/>\n\t<meta property=\"og:image:height\" content=\"650\" \/>\n\t<meta property=\"og:image:type\" content=\"image\/png\" \/>\n<meta name=\"author\" content=\"Damien Dellerba\" \/>\n<meta name=\"twitter:card\" content=\"summary_large_image\" \/>\n<meta name=\"twitter:image\" content=\"https:\/\/www.ladiagonale.net\/wp-content\/uploads\/2024\/02\/hutter-crise.png\" \/>\n<meta name=\"twitter:label1\" content=\"\u00c9crit par\" \/>\n\t<meta name=\"twitter:data1\" content=\"Damien Dellerba\" \/>\n\t<meta name=\"twitter:label2\" content=\"Dur\u00e9e de lecture estim\u00e9e\" \/>\n\t<meta name=\"twitter:data2\" content=\"3 minutes\" \/>\n<script type=\"application\/ld+json\" class=\"yoast-schema-graph\">{\"@context\":\"https:\/\/schema.org\",\"@graph\":[{\"@type\":\"WebPage\",\"@id\":\"https:\/\/www.ladiagonale.net\/index.php\/2024\/02\/11\/la-victoire-ou-la-crise\/\",\"url\":\"https:\/\/www.ladiagonale.net\/index.php\/2024\/02\/11\/la-victoire-ou-la-crise\/\",\"name\":\"La victoire ou la crise - La Diagonale\",\"isPartOf\":{\"@id\":\"https:\/\/www.ladiagonale.net\/#website\"},\"datePublished\":\"2024-02-11T07:57:00+00:00\",\"dateModified\":\"2024-02-11T05:16:44+00:00\",\"author\":{\"@id\":\"https:\/\/www.ladiagonale.net\/#\/schema\/person\/79ff1e7b0853ed01b2aa26e64ad300bf\"},\"breadcrumb\":{\"@id\":\"https:\/\/www.ladiagonale.net\/index.php\/2024\/02\/11\/la-victoire-ou-la-crise\/#breadcrumb\"},\"inLanguage\":\"fr-FR\",\"potentialAction\":[{\"@type\":\"ReadAction\",\"target\":[\"https:\/\/www.ladiagonale.net\/index.php\/2024\/02\/11\/la-victoire-ou-la-crise\/\"]}]},{\"@type\":\"BreadcrumbList\",\"@id\":\"https:\/\/www.ladiagonale.net\/index.php\/2024\/02\/11\/la-victoire-ou-la-crise\/#breadcrumb\",\"itemListElement\":[{\"@type\":\"ListItem\",\"position\":1,\"name\":\"Accueil\",\"item\":\"https:\/\/www.ladiagonale.net\/\"},{\"@type\":\"ListItem\",\"position\":2,\"name\":\"La victoire ou la crise\"}]},{\"@type\":\"WebSite\",\"@id\":\"https:\/\/www.ladiagonale.net\/#website\",\"url\":\"https:\/\/www.ladiagonale.net\/\",\"name\":\"La Diagonale\",\"description\":\"Le site des supporters de l&#039;AS Monaco FC\",\"potentialAction\":[{\"@type\":\"SearchAction\",\"target\":{\"@type\":\"EntryPoint\",\"urlTemplate\":\"https:\/\/www.ladiagonale.net\/?s={search_term_string}\"},\"query-input\":\"required name=search_term_string\"}],\"inLanguage\":\"fr-FR\"},{\"@type\":\"Person\",\"@id\":\"https:\/\/www.ladiagonale.net\/#\/schema\/person\/79ff1e7b0853ed01b2aa26e64ad300bf\",\"name\":\"Damien Dellerba\",\"image\":{\"@type\":\"ImageObject\",\"inLanguage\":\"fr-FR\",\"@id\":\"https:\/\/www.ladiagonale.net\/#\/schema\/person\/image\/\",\"url\":\"https:\/\/secure.gravatar.com\/avatar\/c7850e06d3ff63cdbaee88b7fc16e2f0?s=96&d=mm&r=g\",\"contentUrl\":\"https:\/\/secure.gravatar.com\/avatar\/c7850e06d3ff63cdbaee88b7fc16e2f0?s=96&d=mm&r=g\",\"caption\":\"Damien Dellerba\"},\"url\":\"https:\/\/www.ladiagonale.net\/index.php\/author\/damien\/\"}]}<\/script>\n<!-- \/ Yoast SEO plugin. -->","yoast_head_json":{"title":"La victoire ou la crise - La Diagonale","robots":{"index":"index","follow":"follow","max-snippet":"max-snippet:-1","max-image-preview":"max-image-preview:large","max-video-preview":"max-video-preview:-1"},"canonical":"https:\/\/www.ladiagonale.net\/index.php\/2024\/02\/11\/la-victoire-ou-la-crise\/","og_locale":"fr_FR","og_type":"article","og_title":"La victoire ou la crise - La Diagonale","og_description":"La 21e journ\u00e9e de Ligue 1 pourrait bien marquer un tournant dans la saison de l&rsquo;AS Monaco, qui se d\u00e9place \u00e0 Nice ce dimanche (20h45). Une d\u00e9faite est \u00e0 proscrire si l&rsquo;ASM ne veut pas perdre pied dans ce championnat. On savait que cette semaine serait importante pour Monaco et elle a tr\u00e8s mal commenc\u00e9. [...]","og_url":"https:\/\/www.ladiagonale.net\/index.php\/2024\/02\/11\/la-victoire-ou-la-crise\/","og_site_name":"La Diagonale","article_published_time":"2024-02-11T07:57:00+00:00","article_modified_time":"2024-02-11T05:16:44+00:00","og_image":[{"width":1160,"height":650,"url":"https:\/\/www.ladiagonale.net\/wp-content\/uploads\/2024\/02\/hutter-crise.png","type":"image\/png"}],"author":"Damien Dellerba","twitter_card":"summary_large_image","twitter_image":"https:\/\/www.ladiagonale.net\/wp-content\/uploads\/2024\/02\/hutter-crise.png","twitter_misc":{"\u00c9crit par":"Damien Dellerba","Dur\u00e9e de lecture estim\u00e9e":"3 minutes"},"schema":{"@context":"https:\/\/schema.org","@graph":[{"@type":"WebPage","@id":"https:\/\/www.ladiagonale.net\/index.php\/2024\/02\/11\/la-victoire-ou-la-crise\/","url":"https:\/\/www.ladiagonale.net\/index.php\/2024\/02\/11\/la-victoire-ou-la-crise\/","name":"La victoire ou la crise - La Diagonale","isPartOf":{"@id":"https:\/\/www.ladiagonale.net\/#website"},"datePublished":"2024-02-11T07:57:00+00:00","dateModified":"2024-02-11T05:16:44+00:00","author":{"@id":"https:\/\/www.ladiagonale.net\/#\/schema\/person\/79ff1e7b0853ed01b2aa26e64ad300bf"},"breadcrumb":{"@id":"https:\/\/www.ladiagonale.net\/index.php\/2024\/02\/11\/la-victoire-ou-la-crise\/#breadcrumb"},"inLanguage":"fr-FR","potentialAction":[{"@type":"ReadAction","target":["https:\/\/www.ladiagonale.net\/index.php\/2024\/02\/11\/la-victoire-ou-la-crise\/"]}]},{"@type":"BreadcrumbList","@id":"https:\/\/www.ladiagonale.net\/index.php\/2024\/02\/11\/la-victoire-ou-la-crise\/#breadcrumb","itemListElement":[{"@type":"ListItem","position":1,"name":"Accueil","item":"https:\/\/www.ladiagonale.net\/"},{"@type":"ListItem","position":2,"name":"La victoire ou la crise"}]},{"@type":"WebSite","@id":"https:\/\/www.ladiagonale.net\/#website","url":"https:\/\/www.ladiagonale.net\/","name":"La Diagonale","description":"Le site des supporters de l&#039;AS Monaco FC","potentialAction":[{"@type":"SearchAction","target":{"@type":"EntryPoint","urlTemplate":"https:\/\/www.ladiagonale.net\/?s={search_term_string}"},"query-input":"required name=search_term_string"}],"inLanguage":"fr-FR"},{"@type":"Person","@id":"https:\/\/www.ladiagonale.net\/#\/schema\/person\/79ff1e7b0853ed01b2aa26e64ad300bf","name":"Damien Dellerba","image":{"@type":"ImageObject","inLanguage":"fr-FR","@id":"https:\/\/www.ladiagonale.net\/#\/schema\/person\/image\/","url":"https:\/\/secure.gravatar.com\/avatar\/c7850e06d3ff63cdbaee88b7fc16e2f0?s=96&d=mm&r=g","contentUrl":"https:\/\/secure.gravatar.com\/avatar\/c7850e06d3ff63cdbaee88b7fc16e2f0?s=96&d=mm&r=g","caption":"Damien Dellerba"},"url":"https:\/\/www.ladiagonale.net\/index.php\/author\/damien\/"}]}},"_links":{"self":[{"href":"https:\/\/www.ladiagonale.net\/index.php\/wp-json\/wp\/v2\/posts\/20715"}],"collection":[{"href":"https:\/\/www.ladiagonale.net\/index.php\/wp-json\/wp\/v2\/posts"}],"about":[{"href":"https:\/\/www.ladiagonale.net\/index.php\/wp-json\/wp\/v2\/types\/post"}],"author":[{"embeddable":true,"href":"https:\/\/www.ladiagonale.net\/index.php\/wp-json\/wp\/v2\/users\/2"}],"replies":[{"embeddable":true,"href":"https:\/\/www.ladiagonale.net\/index.php\/wp-json\/wp\/v2\/comments?post=20715"}],"version-history":[{"count":3,"href":"https:\/\/www.ladiagonale.net\/index.php\/wp-json\/wp\/v2\/posts\/20715\/revisions"}],"predecessor-version":[{"id":20722,"href":"https:\/\/www.ladiagonale.net\/index.php\/wp-json\/wp\/v2\/posts\/20715\/revisions\/20722"}],"wp:featuredmedia":[{"embeddable":true,"href":"https:\/\/www.ladiagonale.net\/index.php\/wp-json\/wp\/v2\/media\/20716"}],"wp:attachment":[{"href":"https:\/\/www.ladiagonale.net\/index.php\/wp-json\/wp\/v2\/media?parent=20715"}],"wp:term":[{"taxonomy":"category","embeddable":true,"href":"https:\/\/www.ladiagonale.net\/index.php\/wp-json\/wp\/v2\/categories?post=20715"},{"taxonomy":"post_tag","embeddable":true,"href":"https:\/\/www.ladiagonale.net\/index.php\/wp-json\/wp\/v2\/tags?post=20715"}],"curies":[{"name":"wp","href":"https:\/\/api.w.org\/{rel}","templated":true}]}}