{"id":20879,"date":"2024-02-17T17:48:06","date_gmt":"2024-02-17T16:48:06","guid":{"rendered":"https:\/\/www.ladiagonale.net\/?p=20879"},"modified":"2024-02-17T19:47:12","modified_gmt":"2024-02-17T18:47:12","slug":"le-groupe-monegasque-singo-present","status":"publish","type":"post","link":"https:\/\/www.ladiagonale.net\/index.php\/2024\/02\/17\/le-groupe-monegasque-singo-present\/","title":{"rendered":"Le groupe mon\u00e9gasque : Singo pr\u00e9sent"},"content":{"rendered":"\n<p>21 joueurs ont \u00e9t\u00e9 convoqu\u00e9s par Adi H\u00fctter pour la r\u00e9ception de Toulouse ce dimanche, \u00e0 l\u2019occasion de la 22e journ\u00e9e de Ligue 1. Rentr\u00e9 bless\u00e9 de la CAN, Wilfried Singo est bien pr\u00e9sent dans le groupe. Mais Aur\u00e9lien Platret et Ritchy Valme sont aussi dans le groupe si le d\u00e9fenseur ivoirien venait \u00e0 ne pas \u00eatre suffisamment remis de sa g\u00eane \u00e0 un ischio-jambier.<\/p>\n\n\n\n<p>Monaco comptera beaucoup d\u2019indisponibles pour cette rencontre puisque Vanderson (quadriceps) et Diatta (psoas) sont bless\u00e9s et Ben Yedder, Golovin et Magassa suspendus.<\/p>\n\n\n\n<h3 class=\"wp-block-heading\">Le groupe mon\u00e9gasque<\/h3>\n\n\n\n<ul>\n\n<li><strong>Gardiens : <\/strong>K\u00f6hn, Lienard, Majecki.<\/li>\n\n\n<li><strong>D\u00e9fenseurs : <\/strong>Kehrer, Jakobs, Maripan, Ouattara, Platret, Salisu, Singo, Valme.<\/li>\n\n\n<li><strong>Milieux : <\/strong>Akliouche, Ben Seghir, Camara, Coulibaly, Diop, Fofana, Minamino, Zakaria.<\/li>\n\n\n<li><strong>Attaquants :<\/strong> Balogun, Michal.<\/li>\n\n<\/ul>\n\n\n\n<p><em>Absents : <\/em>Ben Yedder, Golovin, Magassa (suspendus), C. Henrique, Diatta, Embolo, Vanderson (bless\u00e9s).<\/p>\n","protected":false},"excerpt":{"rendered":"<p>21 joueurs ont \u00e9t\u00e9 convoqu\u00e9s par Adi H\u00fctter pour la r\u00e9ception de Toulouse ce dimanche, \u00e0 l\u2019occasion de la 22e journ\u00e9e de Ligue 1. Rentr\u00e9 bless\u00e9 de la CAN, Wilfried Singo est bien pr\u00e9sent dans le groupe. Mais Aur\u00e9lien Platret et Ritchy Valme sont aussi dans le groupe si le d\u00e9fenseur ivoirien venait \u00e0 ne [&#8230;]\n","protected":false},"author":1,"featured_media":0,"comment_status":"open","ping_status":"open","sticky":false,"template":"","format":"standard","meta":[],"categories":[4,6],"tags":[86,225,94,463],"yoast_head":"<!-- This site is optimized with the Yoast SEO plugin v19.8 - https:\/\/yoast.com\/wordpress\/plugins\/seo\/ -->\n<title>Le groupe mon\u00e9gasque : Singo pr\u00e9sent - La Diagonale<\/title>\n<meta name=\"robots\" content=\"index, follow, max-snippet:-1, max-image-preview:large, max-video-preview:-1\" \/>\n<link rel=\"canonical\" href=\"https:\/\/www.ladiagonale.net\/index.php\/2024\/02\/17\/le-groupe-monegasque-singo-present\/\" \/>\n<meta property=\"og:locale\" content=\"fr_FR\" \/>\n<meta property=\"og:type\" content=\"article\" \/>\n<meta property=\"og:title\" content=\"Le groupe mon\u00e9gasque : Singo pr\u00e9sent - La Diagonale\" \/>\n<meta property=\"og:description\" content=\"21 joueurs ont \u00e9t\u00e9 convoqu\u00e9s par Adi H\u00fctter pour la r\u00e9ception de Toulouse ce dimanche, \u00e0 l\u2019occasion de la 22e journ\u00e9e de Ligue 1. Rentr\u00e9 bless\u00e9 de la CAN, Wilfried Singo est bien pr\u00e9sent dans le groupe. Mais Aur\u00e9lien Platret et Ritchy Valme sont aussi dans le groupe si le d\u00e9fenseur ivoirien venait \u00e0 ne [...]\" \/>\n<meta property=\"og:url\" content=\"https:\/\/www.ladiagonale.net\/index.php\/2024\/02\/17\/le-groupe-monegasque-singo-present\/\" \/>\n<meta property=\"og:site_name\" content=\"La Diagonale\" \/>\n<meta property=\"article:published_time\" content=\"2024-02-17T16:48:06+00:00\" \/>\n<meta property=\"article:modified_time\" content=\"2024-02-17T18:47:12+00:00\" \/>\n<meta property=\"og:image\" content=\"https:\/\/www.ladiagonale.net\/wp-content\/uploads\/2023\/12\/Singo3.png\" \/>\n\t<meta property=\"og:image:width\" content=\"1160\" \/>\n\t<meta property=\"og:image:height\" content=\"650\" \/>\n\t<meta property=\"og:image:type\" content=\"image\/png\" \/>\n<meta name=\"author\" content=\"admin\" \/>\n<meta name=\"twitter:card\" content=\"summary_large_image\" \/>\n<meta name=\"twitter:image\" content=\"https:\/\/www.ladiagonale.net\/wp-content\/uploads\/2023\/12\/Singo3.png\" \/>\n<meta name=\"twitter:label1\" content=\"\u00c9crit par\" \/>\n\t<meta name=\"twitter:data1\" content=\"admin\" \/>\n\t<meta name=\"twitter:label2\" content=\"Dur\u00e9e de lecture estim\u00e9e\" \/>\n\t<meta name=\"twitter:data2\" content=\"1 minute\" \/>\n<script type=\"application\/ld+json\" class=\"yoast-schema-graph\">{\"@context\":\"https:\/\/schema.org\",\"@graph\":[{\"@type\":\"WebPage\",\"@id\":\"https:\/\/www.ladiagonale.net\/index.php\/2024\/02\/17\/le-groupe-monegasque-singo-present\/\",\"url\":\"https:\/\/www.ladiagonale.net\/index.php\/2024\/02\/17\/le-groupe-monegasque-singo-present\/\",\"name\":\"Le groupe mon\u00e9gasque : Singo pr\u00e9sent - La Diagonale\",\"isPartOf\":{\"@id\":\"https:\/\/www.ladiagonale.net\/#website\"},\"datePublished\":\"2024-02-17T16:48:06+00:00\",\"dateModified\":\"2024-02-17T18:47:12+00:00\",\"author\":{\"@id\":\"https:\/\/www.ladiagonale.net\/#\/schema\/person\/03fa041acd51875ece8bf97a37252a4d\"},\"breadcrumb\":{\"@id\":\"https:\/\/www.ladiagonale.net\/index.php\/2024\/02\/17\/le-groupe-monegasque-singo-present\/#breadcrumb\"},\"inLanguage\":\"fr-FR\",\"potentialAction\":[{\"@type\":\"ReadAction\",\"target\":[\"https:\/\/www.ladiagonale.net\/index.php\/2024\/02\/17\/le-groupe-monegasque-singo-present\/\"]}]},{\"@type\":\"BreadcrumbList\",\"@id\":\"https:\/\/www.ladiagonale.net\/index.php\/2024\/02\/17\/le-groupe-monegasque-singo-present\/#breadcrumb\",\"itemListElement\":[{\"@type\":\"ListItem\",\"position\":1,\"name\":\"Accueil\",\"item\":\"https:\/\/www.ladiagonale.net\/\"},{\"@type\":\"ListItem\",\"position\":2,\"name\":\"Le groupe mon\u00e9gasque : Singo pr\u00e9sent\"}]},{\"@type\":\"WebSite\",\"@id\":\"https:\/\/www.ladiagonale.net\/#website\",\"url\":\"https:\/\/www.ladiagonale.net\/\",\"name\":\"La Diagonale\",\"description\":\"Le site des supporters de l&#039;AS Monaco FC\",\"potentialAction\":[{\"@type\":\"SearchAction\",\"target\":{\"@type\":\"EntryPoint\",\"urlTemplate\":\"https:\/\/www.ladiagonale.net\/?s={search_term_string}\"},\"query-input\":\"required name=search_term_string\"}],\"inLanguage\":\"fr-FR\"},{\"@type\":\"Person\",\"@id\":\"https:\/\/www.ladiagonale.net\/#\/schema\/person\/03fa041acd51875ece8bf97a37252a4d\",\"name\":\"admin\",\"image\":{\"@type\":\"ImageObject\",\"inLanguage\":\"fr-FR\",\"@id\":\"https:\/\/www.ladiagonale.net\/#\/schema\/person\/image\/\",\"url\":\"https:\/\/secure.gravatar.com\/avatar\/894b9daaf19cc759b072b6bb09cac5f2?s=96&d=mm&r=g\",\"contentUrl\":\"https:\/\/secure.gravatar.com\/avatar\/894b9daaf19cc759b072b6bb09cac5f2?s=96&d=mm&r=g\",\"caption\":\"admin\"},\"sameAs\":[\"https:\/\/v2.ladiagonale.net\"],\"url\":\"https:\/\/www.ladiagonale.net\/index.php\/author\/admin\/\"}]}<\/script>\n<!-- \/ Yoast SEO plugin. -->","yoast_head_json":{"title":"Le groupe mon\u00e9gasque : Singo pr\u00e9sent - La Diagonale","robots":{"index":"index","follow":"follow","max-snippet":"max-snippet:-1","max-image-preview":"max-image-preview:large","max-video-preview":"max-video-preview:-1"},"canonical":"https:\/\/www.ladiagonale.net\/index.php\/2024\/02\/17\/le-groupe-monegasque-singo-present\/","og_locale":"fr_FR","og_type":"article","og_title":"Le groupe mon\u00e9gasque : Singo pr\u00e9sent - La Diagonale","og_description":"21 joueurs ont \u00e9t\u00e9 convoqu\u00e9s par Adi H\u00fctter pour la r\u00e9ception de Toulouse ce dimanche, \u00e0 l\u2019occasion de la 22e journ\u00e9e de Ligue 1. Rentr\u00e9 bless\u00e9 de la CAN, Wilfried Singo est bien pr\u00e9sent dans le groupe. Mais Aur\u00e9lien Platret et Ritchy Valme sont aussi dans le groupe si le d\u00e9fenseur ivoirien venait \u00e0 ne [...]","og_url":"https:\/\/www.ladiagonale.net\/index.php\/2024\/02\/17\/le-groupe-monegasque-singo-present\/","og_site_name":"La Diagonale","article_published_time":"2024-02-17T16:48:06+00:00","article_modified_time":"2024-02-17T18:47:12+00:00","og_image":[{"width":1160,"height":650,"url":"https:\/\/www.ladiagonale.net\/wp-content\/uploads\/2023\/12\/Singo3.png","type":"image\/png"}],"author":"admin","twitter_card":"summary_large_image","twitter_image":"https:\/\/www.ladiagonale.net\/wp-content\/uploads\/2023\/12\/Singo3.png","twitter_misc":{"\u00c9crit par":"admin","Dur\u00e9e de lecture estim\u00e9e":"1 minute"},"schema":{"@context":"https:\/\/schema.org","@graph":[{"@type":"WebPage","@id":"https:\/\/www.ladiagonale.net\/index.php\/2024\/02\/17\/le-groupe-monegasque-singo-present\/","url":"https:\/\/www.ladiagonale.net\/index.php\/2024\/02\/17\/le-groupe-monegasque-singo-present\/","name":"Le groupe mon\u00e9gasque : Singo pr\u00e9sent - La Diagonale","isPartOf":{"@id":"https:\/\/www.ladiagonale.net\/#website"},"datePublished":"2024-02-17T16:48:06+00:00","dateModified":"2024-02-17T18:47:12+00:00","author":{"@id":"https:\/\/www.ladiagonale.net\/#\/schema\/person\/03fa041acd51875ece8bf97a37252a4d"},"breadcrumb":{"@id":"https:\/\/www.ladiagonale.net\/index.php\/2024\/02\/17\/le-groupe-monegasque-singo-present\/#breadcrumb"},"inLanguage":"fr-FR","potentialAction":[{"@type":"ReadAction","target":["https:\/\/www.ladiagonale.net\/index.php\/2024\/02\/17\/le-groupe-monegasque-singo-present\/"]}]},{"@type":"BreadcrumbList","@id":"https:\/\/www.ladiagonale.net\/index.php\/2024\/02\/17\/le-groupe-monegasque-singo-present\/#breadcrumb","itemListElement":[{"@type":"ListItem","position":1,"name":"Accueil","item":"https:\/\/www.ladiagonale.net\/"},{"@type":"ListItem","position":2,"name":"Le groupe mon\u00e9gasque : Singo pr\u00e9sent"}]},{"@type":"WebSite","@id":"https:\/\/www.ladiagonale.net\/#website","url":"https:\/\/www.ladiagonale.net\/","name":"La Diagonale","description":"Le site des supporters de l&#039;AS Monaco FC","potentialAction":[{"@type":"SearchAction","target":{"@type":"EntryPoint","urlTemplate":"https:\/\/www.ladiagonale.net\/?s={search_term_string}"},"query-input":"required name=search_term_string"}],"inLanguage":"fr-FR"},{"@type":"Person","@id":"https:\/\/www.ladiagonale.net\/#\/schema\/person\/03fa041acd51875ece8bf97a37252a4d","name":"admin","image":{"@type":"ImageObject","inLanguage":"fr-FR","@id":"https:\/\/www.ladiagonale.net\/#\/schema\/person\/image\/","url":"https:\/\/secure.gravatar.com\/avatar\/894b9daaf19cc759b072b6bb09cac5f2?s=96&d=mm&r=g","contentUrl":"https:\/\/secure.gravatar.com\/avatar\/894b9daaf19cc759b072b6bb09cac5f2?s=96&d=mm&r=g","caption":"admin"},"sameAs":["https:\/\/v2.ladiagonale.net"],"url":"https:\/\/www.ladiagonale.net\/index.php\/author\/admin\/"}]}},"_links":{"self":[{"href":"https:\/\/www.ladiagonale.net\/index.php\/wp-json\/wp\/v2\/posts\/20879"}],"collection":[{"href":"https:\/\/www.ladiagonale.net\/index.php\/wp-json\/wp\/v2\/posts"}],"about":[{"href":"https:\/\/www.ladiagonale.net\/index.php\/wp-json\/wp\/v2\/types\/post"}],"author":[{"embeddable":true,"href":"https:\/\/www.ladiagonale.net\/index.php\/wp-json\/wp\/v2\/users\/1"}],"replies":[{"embeddable":true,"href":"https:\/\/www.ladiagonale.net\/index.php\/wp-json\/wp\/v2\/comments?post=20879"}],"version-history":[{"count":3,"href":"https:\/\/www.ladiagonale.net\/index.php\/wp-json\/wp\/v2\/posts\/20879\/revisions"}],"predecessor-version":[{"id":20884,"href":"https:\/\/www.ladiagonale.net\/index.php\/wp-json\/wp\/v2\/posts\/20879\/revisions\/20884"}],"wp:attachment":[{"href":"https:\/\/www.ladiagonale.net\/index.php\/wp-json\/wp\/v2\/media?parent=20879"}],"wp:term":[{"taxonomy":"category","embeddable":true,"href":"https:\/\/www.ladiagonale.net\/index.php\/wp-json\/wp\/v2\/categories?post=20879"},{"taxonomy":"post_tag","embeddable":true,"href":"https:\/\/www.ladiagonale.net\/index.php\/wp-json\/wp\/v2\/tags?post=20879"}],"curies":[{"name":"wp","href":"https:\/\/api.w.org\/{rel}","templated":true}]}}