{"id":20917,"date":"2024-02-18T17:03:12","date_gmt":"2024-02-18T16:03:12","guid":{"rendered":"https:\/\/www.ladiagonale.net\/?p=20917"},"modified":"2024-02-18T19:53:53","modified_gmt":"2024-02-18T18:53:53","slug":"monaco-rechute-contre-toulouse-1-2","status":"publish","type":"post","link":"https:\/\/www.ladiagonale.net\/index.php\/2024\/02\/18\/monaco-rechute-contre-toulouse-1-2\/","title":{"rendered":"Monaco rechute contre Toulouse (1-2)"},"content":{"rendered":"\n\n\n<p>C\u2019est une nouvelle triste prestation qu\u2019a livr\u00e9e Monaco ce dimanche. Face \u00e0 Toulouse, 14<sup>e<\/sup> de Ligue 1 avant le coup d\u2019envoi, les Mon\u00e9gasques se sont inclin\u00e9s (1-2) sans jamais montrer qu\u2019ils m\u00e9ritaient un meilleur r\u00e9sultat. Maghnes Akliouche a marqu\u00e9 pour l\u2019ASM au retour des vestiaires (48<sup>e<\/sup>), r\u00e9pondant \u00e0 une ouverture du score sign\u00e9e Vincent Sierro en fin de premi\u00e8re p\u00e9riode sur un coup franc o\u00f9 Philipp K\u00f6hn s\u2019est trou\u00e9 (41<sup>e<\/sup>). Sur corner, Logan Costa a offert la victoire \u00e0 Toulouse (70<sup>e<\/sup>).<\/p>\n\n\n\n<div class=\"wp-container-1 wp-block-buttons\">\n<div class=\"wp-block-button aligncenter\"><a class=\"wp-block-button__link\" href=\"https:\/\/www.ladiagonale.net\/index.php\/event\/monaco-toulouse-2\/\" target=\"_blank\" rel=\"noreferrer noopener\">Voir la feuille de match<\/a><\/div>\n<\/div>\n\n\n\n<p>Monaco pouvait faire une bonne op\u00e9ration au classement puisqu\u2019un point lui aurait permis de reprendre la seconde place \u00e0 Nice. C&rsquo;est encore rat\u00e9 ! Apr\u00e8s avoir retrouv\u00e9 le podium la semaine derni\u00e8re, les Mon\u00e9gasques retombent au quatri\u00e8me rang et pourraient potentiellement repasser cinqui\u00e8mes en cas de succ\u00e8s de Brest contre Marseille dimanche soir. Pour la prochaine journ\u00e9e, l&rsquo;ASM se rendra \u00e0 Lens.<\/p>\n","protected":false},"excerpt":{"rendered":"<p>C\u2019est une nouvelle triste prestation qu\u2019a livr\u00e9e Monaco ce dimanche. Face \u00e0 Toulouse, 14e de Ligue 1 avant le coup d\u2019envoi, les Mon\u00e9gasques se sont inclin\u00e9s (1-2) sans jamais montrer qu\u2019ils m\u00e9ritaient un meilleur r\u00e9sultat. Maghnes Akliouche a marqu\u00e9 pour l\u2019ASM au retour des vestiaires (48e), r\u00e9pondant \u00e0 une ouverture du score sign\u00e9e Vincent Sierro [&#8230;]\n","protected":false},"author":2,"featured_media":0,"comment_status":"open","ping_status":"open","sticky":false,"template":"","format":"standard","meta":[],"categories":[4,6],"tags":[86,94,463],"yoast_head":"<!-- This site is optimized with the Yoast SEO plugin v19.8 - https:\/\/yoast.com\/wordpress\/plugins\/seo\/ -->\n<title>Monaco rechute contre Toulouse (1-2) - La Diagonale<\/title>\n<meta name=\"robots\" content=\"index, follow, max-snippet:-1, max-image-preview:large, max-video-preview:-1\" \/>\n<link rel=\"canonical\" href=\"https:\/\/www.ladiagonale.net\/index.php\/2024\/02\/18\/monaco-rechute-contre-toulouse-1-2\/\" \/>\n<meta property=\"og:locale\" content=\"fr_FR\" \/>\n<meta property=\"og:type\" content=\"article\" \/>\n<meta property=\"og:title\" content=\"Monaco rechute contre Toulouse (1-2) - La Diagonale\" \/>\n<meta property=\"og:description\" content=\"C\u2019est une nouvelle triste prestation qu\u2019a livr\u00e9e Monaco ce dimanche. Face \u00e0 Toulouse, 14e de Ligue 1 avant le coup d\u2019envoi, les Mon\u00e9gasques se sont inclin\u00e9s (1-2) sans jamais montrer qu\u2019ils m\u00e9ritaient un meilleur r\u00e9sultat. Maghnes Akliouche a marqu\u00e9 pour l\u2019ASM au retour des vestiaires (48e), r\u00e9pondant \u00e0 une ouverture du score sign\u00e9e Vincent Sierro [...]\" \/>\n<meta property=\"og:url\" content=\"https:\/\/www.ladiagonale.net\/index.php\/2024\/02\/18\/monaco-rechute-contre-toulouse-1-2\/\" \/>\n<meta property=\"og:site_name\" content=\"La Diagonale\" \/>\n<meta property=\"article:published_time\" content=\"2024-02-18T16:03:12+00:00\" \/>\n<meta property=\"article:modified_time\" content=\"2024-02-18T18:53:53+00:00\" \/>\n<meta property=\"og:image\" content=\"https:\/\/www.ladiagonale.net\/wp-content\/uploads\/2024\/02\/tfc24.png\" \/>\n\t<meta property=\"og:image:width\" content=\"1160\" \/>\n\t<meta property=\"og:image:height\" content=\"650\" \/>\n\t<meta property=\"og:image:type\" content=\"image\/png\" \/>\n<meta name=\"author\" content=\"Damien Dellerba\" \/>\n<meta name=\"twitter:card\" content=\"summary_large_image\" \/>\n<meta name=\"twitter:image\" content=\"https:\/\/www.ladiagonale.net\/wp-content\/uploads\/2024\/02\/tfc24.png\" \/>\n<meta name=\"twitter:label1\" content=\"\u00c9crit par\" \/>\n\t<meta name=\"twitter:data1\" content=\"Damien Dellerba\" \/>\n\t<meta name=\"twitter:label2\" content=\"Dur\u00e9e de lecture estim\u00e9e\" \/>\n\t<meta name=\"twitter:data2\" content=\"1 minute\" \/>\n<script type=\"application\/ld+json\" class=\"yoast-schema-graph\">{\"@context\":\"https:\/\/schema.org\",\"@graph\":[{\"@type\":\"WebPage\",\"@id\":\"https:\/\/www.ladiagonale.net\/index.php\/2024\/02\/18\/monaco-rechute-contre-toulouse-1-2\/\",\"url\":\"https:\/\/www.ladiagonale.net\/index.php\/2024\/02\/18\/monaco-rechute-contre-toulouse-1-2\/\",\"name\":\"Monaco rechute contre Toulouse (1-2) - La Diagonale\",\"isPartOf\":{\"@id\":\"https:\/\/www.ladiagonale.net\/#website\"},\"datePublished\":\"2024-02-18T16:03:12+00:00\",\"dateModified\":\"2024-02-18T18:53:53+00:00\",\"author\":{\"@id\":\"https:\/\/www.ladiagonale.net\/#\/schema\/person\/79ff1e7b0853ed01b2aa26e64ad300bf\"},\"breadcrumb\":{\"@id\":\"https:\/\/www.ladiagonale.net\/index.php\/2024\/02\/18\/monaco-rechute-contre-toulouse-1-2\/#breadcrumb\"},\"inLanguage\":\"fr-FR\",\"potentialAction\":[{\"@type\":\"ReadAction\",\"target\":[\"https:\/\/www.ladiagonale.net\/index.php\/2024\/02\/18\/monaco-rechute-contre-toulouse-1-2\/\"]}]},{\"@type\":\"BreadcrumbList\",\"@id\":\"https:\/\/www.ladiagonale.net\/index.php\/2024\/02\/18\/monaco-rechute-contre-toulouse-1-2\/#breadcrumb\",\"itemListElement\":[{\"@type\":\"ListItem\",\"position\":1,\"name\":\"Accueil\",\"item\":\"https:\/\/www.ladiagonale.net\/\"},{\"@type\":\"ListItem\",\"position\":2,\"name\":\"Monaco rechute contre Toulouse (1-2)\"}]},{\"@type\":\"WebSite\",\"@id\":\"https:\/\/www.ladiagonale.net\/#website\",\"url\":\"https:\/\/www.ladiagonale.net\/\",\"name\":\"La Diagonale\",\"description\":\"Le site des supporters de l&#039;AS Monaco FC\",\"potentialAction\":[{\"@type\":\"SearchAction\",\"target\":{\"@type\":\"EntryPoint\",\"urlTemplate\":\"https:\/\/www.ladiagonale.net\/?s={search_term_string}\"},\"query-input\":\"required name=search_term_string\"}],\"inLanguage\":\"fr-FR\"},{\"@type\":\"Person\",\"@id\":\"https:\/\/www.ladiagonale.net\/#\/schema\/person\/79ff1e7b0853ed01b2aa26e64ad300bf\",\"name\":\"Damien Dellerba\",\"image\":{\"@type\":\"ImageObject\",\"inLanguage\":\"fr-FR\",\"@id\":\"https:\/\/www.ladiagonale.net\/#\/schema\/person\/image\/\",\"url\":\"https:\/\/secure.gravatar.com\/avatar\/c7850e06d3ff63cdbaee88b7fc16e2f0?s=96&d=mm&r=g\",\"contentUrl\":\"https:\/\/secure.gravatar.com\/avatar\/c7850e06d3ff63cdbaee88b7fc16e2f0?s=96&d=mm&r=g\",\"caption\":\"Damien Dellerba\"},\"url\":\"https:\/\/www.ladiagonale.net\/index.php\/author\/damien\/\"}]}<\/script>\n<!-- \/ Yoast SEO plugin. -->","yoast_head_json":{"title":"Monaco rechute contre Toulouse (1-2) - La Diagonale","robots":{"index":"index","follow":"follow","max-snippet":"max-snippet:-1","max-image-preview":"max-image-preview:large","max-video-preview":"max-video-preview:-1"},"canonical":"https:\/\/www.ladiagonale.net\/index.php\/2024\/02\/18\/monaco-rechute-contre-toulouse-1-2\/","og_locale":"fr_FR","og_type":"article","og_title":"Monaco rechute contre Toulouse (1-2) - La Diagonale","og_description":"C\u2019est une nouvelle triste prestation qu\u2019a livr\u00e9e Monaco ce dimanche. Face \u00e0 Toulouse, 14e de Ligue 1 avant le coup d\u2019envoi, les Mon\u00e9gasques se sont inclin\u00e9s (1-2) sans jamais montrer qu\u2019ils m\u00e9ritaient un meilleur r\u00e9sultat. Maghnes Akliouche a marqu\u00e9 pour l\u2019ASM au retour des vestiaires (48e), r\u00e9pondant \u00e0 une ouverture du score sign\u00e9e Vincent Sierro [...]","og_url":"https:\/\/www.ladiagonale.net\/index.php\/2024\/02\/18\/monaco-rechute-contre-toulouse-1-2\/","og_site_name":"La Diagonale","article_published_time":"2024-02-18T16:03:12+00:00","article_modified_time":"2024-02-18T18:53:53+00:00","og_image":[{"width":1160,"height":650,"url":"https:\/\/www.ladiagonale.net\/wp-content\/uploads\/2024\/02\/tfc24.png","type":"image\/png"}],"author":"Damien Dellerba","twitter_card":"summary_large_image","twitter_image":"https:\/\/www.ladiagonale.net\/wp-content\/uploads\/2024\/02\/tfc24.png","twitter_misc":{"\u00c9crit par":"Damien Dellerba","Dur\u00e9e de lecture estim\u00e9e":"1 minute"},"schema":{"@context":"https:\/\/schema.org","@graph":[{"@type":"WebPage","@id":"https:\/\/www.ladiagonale.net\/index.php\/2024\/02\/18\/monaco-rechute-contre-toulouse-1-2\/","url":"https:\/\/www.ladiagonale.net\/index.php\/2024\/02\/18\/monaco-rechute-contre-toulouse-1-2\/","name":"Monaco rechute contre Toulouse (1-2) - La Diagonale","isPartOf":{"@id":"https:\/\/www.ladiagonale.net\/#website"},"datePublished":"2024-02-18T16:03:12+00:00","dateModified":"2024-02-18T18:53:53+00:00","author":{"@id":"https:\/\/www.ladiagonale.net\/#\/schema\/person\/79ff1e7b0853ed01b2aa26e64ad300bf"},"breadcrumb":{"@id":"https:\/\/www.ladiagonale.net\/index.php\/2024\/02\/18\/monaco-rechute-contre-toulouse-1-2\/#breadcrumb"},"inLanguage":"fr-FR","potentialAction":[{"@type":"ReadAction","target":["https:\/\/www.ladiagonale.net\/index.php\/2024\/02\/18\/monaco-rechute-contre-toulouse-1-2\/"]}]},{"@type":"BreadcrumbList","@id":"https:\/\/www.ladiagonale.net\/index.php\/2024\/02\/18\/monaco-rechute-contre-toulouse-1-2\/#breadcrumb","itemListElement":[{"@type":"ListItem","position":1,"name":"Accueil","item":"https:\/\/www.ladiagonale.net\/"},{"@type":"ListItem","position":2,"name":"Monaco rechute contre Toulouse (1-2)"}]},{"@type":"WebSite","@id":"https:\/\/www.ladiagonale.net\/#website","url":"https:\/\/www.ladiagonale.net\/","name":"La Diagonale","description":"Le site des supporters de l&#039;AS Monaco FC","potentialAction":[{"@type":"SearchAction","target":{"@type":"EntryPoint","urlTemplate":"https:\/\/www.ladiagonale.net\/?s={search_term_string}"},"query-input":"required name=search_term_string"}],"inLanguage":"fr-FR"},{"@type":"Person","@id":"https:\/\/www.ladiagonale.net\/#\/schema\/person\/79ff1e7b0853ed01b2aa26e64ad300bf","name":"Damien Dellerba","image":{"@type":"ImageObject","inLanguage":"fr-FR","@id":"https:\/\/www.ladiagonale.net\/#\/schema\/person\/image\/","url":"https:\/\/secure.gravatar.com\/avatar\/c7850e06d3ff63cdbaee88b7fc16e2f0?s=96&d=mm&r=g","contentUrl":"https:\/\/secure.gravatar.com\/avatar\/c7850e06d3ff63cdbaee88b7fc16e2f0?s=96&d=mm&r=g","caption":"Damien Dellerba"},"url":"https:\/\/www.ladiagonale.net\/index.php\/author\/damien\/"}]}},"_links":{"self":[{"href":"https:\/\/www.ladiagonale.net\/index.php\/wp-json\/wp\/v2\/posts\/20917"}],"collection":[{"href":"https:\/\/www.ladiagonale.net\/index.php\/wp-json\/wp\/v2\/posts"}],"about":[{"href":"https:\/\/www.ladiagonale.net\/index.php\/wp-json\/wp\/v2\/types\/post"}],"author":[{"embeddable":true,"href":"https:\/\/www.ladiagonale.net\/index.php\/wp-json\/wp\/v2\/users\/2"}],"replies":[{"embeddable":true,"href":"https:\/\/www.ladiagonale.net\/index.php\/wp-json\/wp\/v2\/comments?post=20917"}],"version-history":[{"count":6,"href":"https:\/\/www.ladiagonale.net\/index.php\/wp-json\/wp\/v2\/posts\/20917\/revisions"}],"predecessor-version":[{"id":20924,"href":"https:\/\/www.ladiagonale.net\/index.php\/wp-json\/wp\/v2\/posts\/20917\/revisions\/20924"}],"wp:attachment":[{"href":"https:\/\/www.ladiagonale.net\/index.php\/wp-json\/wp\/v2\/media?parent=20917"}],"wp:term":[{"taxonomy":"category","embeddable":true,"href":"https:\/\/www.ladiagonale.net\/index.php\/wp-json\/wp\/v2\/categories?post=20917"},{"taxonomy":"post_tag","embeddable":true,"href":"https:\/\/www.ladiagonale.net\/index.php\/wp-json\/wp\/v2\/tags?post=20917"}],"curies":[{"name":"wp","href":"https:\/\/api.w.org\/{rel}","templated":true}]}}