{"id":21018,"date":"2024-02-22T11:42:50","date_gmt":"2024-02-22T10:42:50","guid":{"rendered":"https:\/\/www.ladiagonale.net\/?p=21018"},"modified":"2024-02-22T15:33:56","modified_gmt":"2024-02-22T14:33:56","slug":"perrinelle-devrait-renforcer-le-staff-de-lequipe-premiere","status":"publish","type":"post","link":"https:\/\/www.ladiagonale.net\/index.php\/2024\/02\/22\/perrinelle-devrait-renforcer-le-staff-de-lequipe-premiere\/","title":{"rendered":"Perrinelle devrait renforcer le staff de l&rsquo;\u00e9quipe premi\u00e8re"},"content":{"rendered":"\n\n\n<p>Arriv\u00e9 \u00e0 l&rsquo;AS Monaco \u00e0 l&rsquo;\u00e9t\u00e9 2020, dans les valises de Paul Mitchell, l&rsquo;entra\u00eeneur du Groupe \u00c9lite Damien Perrinelle devrait int\u00e9grer le staff de l&rsquo;\u00e9quipe premi\u00e8re ce jeudi, r\u00e9v\u00e8le <em>L&rsquo;\u00c9quipe<\/em>. Cette mesure, faite \u00e0 la demande d&rsquo;Adi H\u00fctter et de ses adjoints, serait prise pour essayer de trouver des solutions quant \u00e0 la mauvaise dynamique de l&rsquo;ASM, battue le week-end dernier par Toulouse et qui n&rsquo;a remport\u00e9 que deux rencontres sur les huit matches disput\u00e9s depuis le d\u00e9but de l&rsquo;ann\u00e9e civile.<\/p>\n\n\n\n<p>Ce n&rsquo;est pas la premi\u00e8re fois que Perrinelle fait partie de l&rsquo;encadrement de l&rsquo;\u00e9quipe premi\u00e8re. Sous Niko Kovac puis Philippe Clement, il avait notamment eu pour mission de faire le lien entre le groupe professionnel et l&rsquo;Academy avant de prendre ensuite la t\u00eate du Groupe \u00c9lite au d\u00e9but de la saison 2022-2023, lorsque l&rsquo;\u00e9quipe r\u00e9serve de National 2 avait \u00e9t\u00e9 retir\u00e9e des championnats amateurs. Pour autant, les r\u00e9sultats r\u00e9cents de Perrinelle \u00e0 sa t\u00eate ne sont pas id\u00e9aux puisque l&rsquo;\u00e9quipe est sur une s\u00e9rie de huit rencontres sans succ\u00e8s et trois d\u00e9faites de rang.<\/p>\n\n\n\n<p><em>Get French Football News<\/em> indique que la gestion du Groupe \u00c9lite sera faite pas S\u00e9bastien Muet, le directeur de l&rsquo;Academy et S\u00e9bastien Gimenez, entra\u00eeneur des gardiens au sein du centre de formation.<\/p>\n","protected":false},"excerpt":{"rendered":"<p>Arriv\u00e9 \u00e0 l&rsquo;AS Monaco \u00e0 l&rsquo;\u00e9t\u00e9 2020, dans les valises de Paul Mitchell, l&rsquo;entra\u00eeneur du Groupe \u00c9lite Damien Perrinelle devrait int\u00e9grer le staff de l&rsquo;\u00e9quipe premi\u00e8re ce jeudi, r\u00e9v\u00e8le L&rsquo;\u00c9quipe. Cette mesure, faite \u00e0 la demande d&rsquo;Adi H\u00fctter et de ses adjoints, serait prise pour essayer de trouver des solutions quant \u00e0 la mauvaise dynamique [&#8230;]\n","protected":false},"author":2,"featured_media":0,"comment_status":"open","ping_status":"open","sticky":false,"template":"","format":"standard","meta":[],"categories":[4,6],"tags":[576,86,372,228,187],"yoast_head":"<!-- This site is optimized with the Yoast SEO plugin v19.8 - https:\/\/yoast.com\/wordpress\/plugins\/seo\/ -->\n<title>Perrinelle devrait renforcer le staff de l&#039;\u00e9quipe premi\u00e8re - La Diagonale<\/title>\n<meta name=\"robots\" content=\"index, follow, max-snippet:-1, max-image-preview:large, max-video-preview:-1\" \/>\n<link rel=\"canonical\" href=\"https:\/\/www.ladiagonale.net\/index.php\/2024\/02\/22\/perrinelle-devrait-renforcer-le-staff-de-lequipe-premiere\/\" \/>\n<meta property=\"og:locale\" content=\"fr_FR\" \/>\n<meta property=\"og:type\" content=\"article\" \/>\n<meta property=\"og:title\" content=\"Perrinelle devrait renforcer le staff de l&#039;\u00e9quipe premi\u00e8re - La Diagonale\" \/>\n<meta property=\"og:description\" content=\"Arriv\u00e9 \u00e0 l&rsquo;AS Monaco \u00e0 l&rsquo;\u00e9t\u00e9 2020, dans les valises de Paul Mitchell, l&rsquo;entra\u00eeneur du Groupe \u00c9lite Damien Perrinelle devrait int\u00e9grer le staff de l&rsquo;\u00e9quipe premi\u00e8re ce jeudi, r\u00e9v\u00e8le L&rsquo;\u00c9quipe. Cette mesure, faite \u00e0 la demande d&rsquo;Adi H\u00fctter et de ses adjoints, serait prise pour essayer de trouver des solutions quant \u00e0 la mauvaise dynamique [...]\" \/>\n<meta property=\"og:url\" content=\"https:\/\/www.ladiagonale.net\/index.php\/2024\/02\/22\/perrinelle-devrait-renforcer-le-staff-de-lequipe-premiere\/\" \/>\n<meta property=\"og:site_name\" content=\"La Diagonale\" \/>\n<meta property=\"article:published_time\" content=\"2024-02-22T10:42:50+00:00\" \/>\n<meta property=\"article:modified_time\" content=\"2024-02-22T14:33:56+00:00\" \/>\n<meta property=\"og:image\" content=\"https:\/\/www.ladiagonale.net\/wp-content\/uploads\/2023\/01\/perrinelle.png\" \/>\n\t<meta property=\"og:image:width\" content=\"1160\" \/>\n\t<meta property=\"og:image:height\" content=\"650\" \/>\n\t<meta property=\"og:image:type\" content=\"image\/png\" \/>\n<meta name=\"author\" content=\"Damien Dellerba\" \/>\n<meta name=\"twitter:card\" content=\"summary_large_image\" \/>\n<meta name=\"twitter:image\" content=\"https:\/\/www.ladiagonale.net\/wp-content\/uploads\/2023\/01\/perrinelle.png\" \/>\n<meta name=\"twitter:label1\" content=\"\u00c9crit par\" \/>\n\t<meta name=\"twitter:data1\" content=\"Damien Dellerba\" \/>\n\t<meta name=\"twitter:label2\" content=\"Dur\u00e9e de lecture estim\u00e9e\" \/>\n\t<meta name=\"twitter:data2\" content=\"2 minutes\" \/>\n<script type=\"application\/ld+json\" class=\"yoast-schema-graph\">{\"@context\":\"https:\/\/schema.org\",\"@graph\":[{\"@type\":\"WebPage\",\"@id\":\"https:\/\/www.ladiagonale.net\/index.php\/2024\/02\/22\/perrinelle-devrait-renforcer-le-staff-de-lequipe-premiere\/\",\"url\":\"https:\/\/www.ladiagonale.net\/index.php\/2024\/02\/22\/perrinelle-devrait-renforcer-le-staff-de-lequipe-premiere\/\",\"name\":\"Perrinelle devrait renforcer le staff de l'\u00e9quipe premi\u00e8re - La Diagonale\",\"isPartOf\":{\"@id\":\"https:\/\/www.ladiagonale.net\/#website\"},\"datePublished\":\"2024-02-22T10:42:50+00:00\",\"dateModified\":\"2024-02-22T14:33:56+00:00\",\"author\":{\"@id\":\"https:\/\/www.ladiagonale.net\/#\/schema\/person\/79ff1e7b0853ed01b2aa26e64ad300bf\"},\"breadcrumb\":{\"@id\":\"https:\/\/www.ladiagonale.net\/index.php\/2024\/02\/22\/perrinelle-devrait-renforcer-le-staff-de-lequipe-premiere\/#breadcrumb\"},\"inLanguage\":\"fr-FR\",\"potentialAction\":[{\"@type\":\"ReadAction\",\"target\":[\"https:\/\/www.ladiagonale.net\/index.php\/2024\/02\/22\/perrinelle-devrait-renforcer-le-staff-de-lequipe-premiere\/\"]}]},{\"@type\":\"BreadcrumbList\",\"@id\":\"https:\/\/www.ladiagonale.net\/index.php\/2024\/02\/22\/perrinelle-devrait-renforcer-le-staff-de-lequipe-premiere\/#breadcrumb\",\"itemListElement\":[{\"@type\":\"ListItem\",\"position\":1,\"name\":\"Accueil\",\"item\":\"https:\/\/www.ladiagonale.net\/\"},{\"@type\":\"ListItem\",\"position\":2,\"name\":\"Perrinelle devrait renforcer le staff de l&rsquo;\u00e9quipe premi\u00e8re\"}]},{\"@type\":\"WebSite\",\"@id\":\"https:\/\/www.ladiagonale.net\/#website\",\"url\":\"https:\/\/www.ladiagonale.net\/\",\"name\":\"La Diagonale\",\"description\":\"Le site des supporters de l&#039;AS Monaco FC\",\"potentialAction\":[{\"@type\":\"SearchAction\",\"target\":{\"@type\":\"EntryPoint\",\"urlTemplate\":\"https:\/\/www.ladiagonale.net\/?s={search_term_string}\"},\"query-input\":\"required name=search_term_string\"}],\"inLanguage\":\"fr-FR\"},{\"@type\":\"Person\",\"@id\":\"https:\/\/www.ladiagonale.net\/#\/schema\/person\/79ff1e7b0853ed01b2aa26e64ad300bf\",\"name\":\"Damien Dellerba\",\"image\":{\"@type\":\"ImageObject\",\"inLanguage\":\"fr-FR\",\"@id\":\"https:\/\/www.ladiagonale.net\/#\/schema\/person\/image\/\",\"url\":\"https:\/\/secure.gravatar.com\/avatar\/c7850e06d3ff63cdbaee88b7fc16e2f0?s=96&d=mm&r=g\",\"contentUrl\":\"https:\/\/secure.gravatar.com\/avatar\/c7850e06d3ff63cdbaee88b7fc16e2f0?s=96&d=mm&r=g\",\"caption\":\"Damien Dellerba\"},\"url\":\"https:\/\/www.ladiagonale.net\/index.php\/author\/damien\/\"}]}<\/script>\n<!-- \/ Yoast SEO plugin. -->","yoast_head_json":{"title":"Perrinelle devrait renforcer le staff de l'\u00e9quipe premi\u00e8re - La Diagonale","robots":{"index":"index","follow":"follow","max-snippet":"max-snippet:-1","max-image-preview":"max-image-preview:large","max-video-preview":"max-video-preview:-1"},"canonical":"https:\/\/www.ladiagonale.net\/index.php\/2024\/02\/22\/perrinelle-devrait-renforcer-le-staff-de-lequipe-premiere\/","og_locale":"fr_FR","og_type":"article","og_title":"Perrinelle devrait renforcer le staff de l'\u00e9quipe premi\u00e8re - La Diagonale","og_description":"Arriv\u00e9 \u00e0 l&rsquo;AS Monaco \u00e0 l&rsquo;\u00e9t\u00e9 2020, dans les valises de Paul Mitchell, l&rsquo;entra\u00eeneur du Groupe \u00c9lite Damien Perrinelle devrait int\u00e9grer le staff de l&rsquo;\u00e9quipe premi\u00e8re ce jeudi, r\u00e9v\u00e8le L&rsquo;\u00c9quipe. Cette mesure, faite \u00e0 la demande d&rsquo;Adi H\u00fctter et de ses adjoints, serait prise pour essayer de trouver des solutions quant \u00e0 la mauvaise dynamique [...]","og_url":"https:\/\/www.ladiagonale.net\/index.php\/2024\/02\/22\/perrinelle-devrait-renforcer-le-staff-de-lequipe-premiere\/","og_site_name":"La Diagonale","article_published_time":"2024-02-22T10:42:50+00:00","article_modified_time":"2024-02-22T14:33:56+00:00","og_image":[{"width":1160,"height":650,"url":"https:\/\/www.ladiagonale.net\/wp-content\/uploads\/2023\/01\/perrinelle.png","type":"image\/png"}],"author":"Damien Dellerba","twitter_card":"summary_large_image","twitter_image":"https:\/\/www.ladiagonale.net\/wp-content\/uploads\/2023\/01\/perrinelle.png","twitter_misc":{"\u00c9crit par":"Damien Dellerba","Dur\u00e9e de lecture estim\u00e9e":"2 minutes"},"schema":{"@context":"https:\/\/schema.org","@graph":[{"@type":"WebPage","@id":"https:\/\/www.ladiagonale.net\/index.php\/2024\/02\/22\/perrinelle-devrait-renforcer-le-staff-de-lequipe-premiere\/","url":"https:\/\/www.ladiagonale.net\/index.php\/2024\/02\/22\/perrinelle-devrait-renforcer-le-staff-de-lequipe-premiere\/","name":"Perrinelle devrait renforcer le staff de l'\u00e9quipe premi\u00e8re - La Diagonale","isPartOf":{"@id":"https:\/\/www.ladiagonale.net\/#website"},"datePublished":"2024-02-22T10:42:50+00:00","dateModified":"2024-02-22T14:33:56+00:00","author":{"@id":"https:\/\/www.ladiagonale.net\/#\/schema\/person\/79ff1e7b0853ed01b2aa26e64ad300bf"},"breadcrumb":{"@id":"https:\/\/www.ladiagonale.net\/index.php\/2024\/02\/22\/perrinelle-devrait-renforcer-le-staff-de-lequipe-premiere\/#breadcrumb"},"inLanguage":"fr-FR","potentialAction":[{"@type":"ReadAction","target":["https:\/\/www.ladiagonale.net\/index.php\/2024\/02\/22\/perrinelle-devrait-renforcer-le-staff-de-lequipe-premiere\/"]}]},{"@type":"BreadcrumbList","@id":"https:\/\/www.ladiagonale.net\/index.php\/2024\/02\/22\/perrinelle-devrait-renforcer-le-staff-de-lequipe-premiere\/#breadcrumb","itemListElement":[{"@type":"ListItem","position":1,"name":"Accueil","item":"https:\/\/www.ladiagonale.net\/"},{"@type":"ListItem","position":2,"name":"Perrinelle devrait renforcer le staff de l&rsquo;\u00e9quipe premi\u00e8re"}]},{"@type":"WebSite","@id":"https:\/\/www.ladiagonale.net\/#website","url":"https:\/\/www.ladiagonale.net\/","name":"La Diagonale","description":"Le site des supporters de l&#039;AS Monaco FC","potentialAction":[{"@type":"SearchAction","target":{"@type":"EntryPoint","urlTemplate":"https:\/\/www.ladiagonale.net\/?s={search_term_string}"},"query-input":"required name=search_term_string"}],"inLanguage":"fr-FR"},{"@type":"Person","@id":"https:\/\/www.ladiagonale.net\/#\/schema\/person\/79ff1e7b0853ed01b2aa26e64ad300bf","name":"Damien Dellerba","image":{"@type":"ImageObject","inLanguage":"fr-FR","@id":"https:\/\/www.ladiagonale.net\/#\/schema\/person\/image\/","url":"https:\/\/secure.gravatar.com\/avatar\/c7850e06d3ff63cdbaee88b7fc16e2f0?s=96&d=mm&r=g","contentUrl":"https:\/\/secure.gravatar.com\/avatar\/c7850e06d3ff63cdbaee88b7fc16e2f0?s=96&d=mm&r=g","caption":"Damien Dellerba"},"url":"https:\/\/www.ladiagonale.net\/index.php\/author\/damien\/"}]}},"_links":{"self":[{"href":"https:\/\/www.ladiagonale.net\/index.php\/wp-json\/wp\/v2\/posts\/21018"}],"collection":[{"href":"https:\/\/www.ladiagonale.net\/index.php\/wp-json\/wp\/v2\/posts"}],"about":[{"href":"https:\/\/www.ladiagonale.net\/index.php\/wp-json\/wp\/v2\/types\/post"}],"author":[{"embeddable":true,"href":"https:\/\/www.ladiagonale.net\/index.php\/wp-json\/wp\/v2\/users\/2"}],"replies":[{"embeddable":true,"href":"https:\/\/www.ladiagonale.net\/index.php\/wp-json\/wp\/v2\/comments?post=21018"}],"version-history":[{"count":2,"href":"https:\/\/www.ladiagonale.net\/index.php\/wp-json\/wp\/v2\/posts\/21018\/revisions"}],"predecessor-version":[{"id":21024,"href":"https:\/\/www.ladiagonale.net\/index.php\/wp-json\/wp\/v2\/posts\/21018\/revisions\/21024"}],"wp:attachment":[{"href":"https:\/\/www.ladiagonale.net\/index.php\/wp-json\/wp\/v2\/media?parent=21018"}],"wp:term":[{"taxonomy":"category","embeddable":true,"href":"https:\/\/www.ladiagonale.net\/index.php\/wp-json\/wp\/v2\/categories?post=21018"},{"taxonomy":"post_tag","embeddable":true,"href":"https:\/\/www.ladiagonale.net\/index.php\/wp-json\/wp\/v2\/tags?post=21018"}],"curies":[{"name":"wp","href":"https:\/\/api.w.org\/{rel}","templated":true}]}}