{"id":21067,"date":"2024-02-23T16:43:03","date_gmt":"2024-02-23T15:43:03","guid":{"rendered":"https:\/\/www.ladiagonale.net\/?p=21067"},"modified":"2024-02-23T17:56:10","modified_gmt":"2024-02-23T16:56:10","slug":"entorse-du-genou-gauche-pour-camara-lesion-a-un-ischio-pour-jakobs","status":"publish","type":"post","link":"https:\/\/www.ladiagonale.net\/index.php\/2024\/02\/23\/entorse-du-genou-gauche-pour-camara-lesion-a-un-ischio-pour-jakobs\/","title":{"rendered":"Entorse du genou gauche pour Camara, l\u00e9sion \u00e0 un ischio pour Jakobs"},"content":{"rendered":"\n<p>Les bonnes nouvelles se font rares du c\u00f4t\u00e9 de l&rsquo;infirmerie mon\u00e9gasque. Sorti sur blessure apr\u00e8s seulement 25 minutes de jeu contre Toulouse, Mohamed Camara souffre finalement d&rsquo;une entorse du genou gauche. Une blessure qui devrait le tenir \u00e9loign\u00e9 des terrains pour \u00ab <em>quelques semaines<\/em> \u00bb, selon Adi H\u00fctter, mais qui n&rsquo;est finalement pas aussi grave que redout\u00e9e. <\/p>\n\n\n\n<p>Le milieu de terrain malien semble cependant dans un \u00e9tat d&rsquo;esprit positif et d\u00e9termin\u00e9 \u00e0 revenir vite selon les dires de son entra\u00eeneur : \u00ab&nbsp;<em>J\u2019ai parl\u00e9 avec lui aujourd\u2019hui (vendredi), il donne le sentiment qu\u2019il peut jouer la semaine prochaine mais nous devons faire attention avec ces blessures. Mais j\u2019aime quand les joueurs montrent cette volont\u00e9 de revenir le plus vite possible. Tout le monde voit cette envie d\u2019aider chez les joueurs.<\/em>&nbsp;\u00bb<\/p>\n\n\n\n<p>L&rsquo;entra\u00eeneur autrichien a \u00e9galement annonc\u00e9 une autre blessure, moins attendue celle-ci, puisqu&rsquo;Ismail Jakobs souffre d&rsquo;une l\u00e9sion \u00e0 un ischio-jambier. La dur\u00e9e de son indisponibilit\u00e9 n&rsquo;a pas \u00e9t\u00e9 pr\u00e9cis\u00e9e mais elle pourrait \u00e9galement s&rsquo;\u00e9tendre \u00e0 plusieurs semaines en fonction de la gravit\u00e9 de la l\u00e9sion. L&rsquo;international s\u00e9n\u00e9galais avait notamment \u00e9t\u00e9 vu au Centre d&rsquo;imagerie m\u00e9dicale de Monaco mardi.<\/p>\n\n\n\n<p>Deux forfaits qui s&rsquo;ajoutent donc aux indisponibilit\u00e9s de Vanderson, qui souffre d&rsquo;une g\u00eane \u00e0 un quadriceps, et de Kr\u00e9pin Diatta, qui pr\u00e9sente une l\u00e9sion du psoas droit. Pour ce qui est de Wilfried Singo, il devrait faire son retour contre Lens mais H\u00fctter s&rsquo;est dit \u00ab <em>pr\u00e9occup\u00e9<\/em> \u00bb sur ses capacit\u00e9s \u00e0 pouvoir disputer l&rsquo;int\u00e9gralit\u00e9 de la rencontre.<\/p>\n","protected":false},"excerpt":{"rendered":"<p>Les bonnes nouvelles se font rares du c\u00f4t\u00e9 de l&rsquo;infirmerie mon\u00e9gasque. Sorti sur blessure apr\u00e8s seulement 25 minutes de jeu contre Toulouse, Mohamed Camara souffre finalement d&rsquo;une entorse du genou gauche. Une blessure qui devrait le tenir \u00e9loign\u00e9 des terrains pour \u00ab quelques semaines \u00bb, selon Adi H\u00fctter, mais qui n&rsquo;est finalement pas aussi grave [&#8230;]\n","protected":false},"author":2,"featured_media":0,"comment_status":"open","ping_status":"open","sticky":false,"template":"","format":"standard","meta":[],"categories":[4,6],"tags":[86,196,162,163,143,125],"yoast_head":"<!-- This site is optimized with the Yoast SEO plugin v19.8 - https:\/\/yoast.com\/wordpress\/plugins\/seo\/ -->\n<title>Entorse du genou gauche pour Camara, l\u00e9sion \u00e0 un ischio pour Jakobs - La Diagonale<\/title>\n<meta name=\"robots\" content=\"index, follow, max-snippet:-1, max-image-preview:large, max-video-preview:-1\" \/>\n<link rel=\"canonical\" href=\"https:\/\/www.ladiagonale.net\/index.php\/2024\/02\/23\/entorse-du-genou-gauche-pour-camara-lesion-a-un-ischio-pour-jakobs\/\" \/>\n<meta property=\"og:locale\" content=\"fr_FR\" \/>\n<meta property=\"og:type\" content=\"article\" \/>\n<meta property=\"og:title\" content=\"Entorse du genou gauche pour Camara, l\u00e9sion \u00e0 un ischio pour Jakobs - La Diagonale\" \/>\n<meta property=\"og:description\" content=\"Les bonnes nouvelles se font rares du c\u00f4t\u00e9 de l&rsquo;infirmerie mon\u00e9gasque. Sorti sur blessure apr\u00e8s seulement 25 minutes de jeu contre Toulouse, Mohamed Camara souffre finalement d&rsquo;une entorse du genou gauche. Une blessure qui devrait le tenir \u00e9loign\u00e9 des terrains pour \u00ab quelques semaines \u00bb, selon Adi H\u00fctter, mais qui n&rsquo;est finalement pas aussi grave [...]\" \/>\n<meta property=\"og:url\" content=\"https:\/\/www.ladiagonale.net\/index.php\/2024\/02\/23\/entorse-du-genou-gauche-pour-camara-lesion-a-un-ischio-pour-jakobs\/\" \/>\n<meta property=\"og:site_name\" content=\"La Diagonale\" \/>\n<meta property=\"article:published_time\" content=\"2024-02-23T15:43:03+00:00\" \/>\n<meta property=\"article:modified_time\" content=\"2024-02-23T16:56:10+00:00\" \/>\n<meta property=\"og:image\" content=\"https:\/\/www.ladiagonale.net\/wp-content\/uploads\/2023\/11\/CamaraAM.png\" \/>\n\t<meta property=\"og:image:width\" content=\"1160\" \/>\n\t<meta property=\"og:image:height\" content=\"650\" \/>\n\t<meta property=\"og:image:type\" content=\"image\/png\" \/>\n<meta name=\"author\" content=\"Damien Dellerba\" \/>\n<meta name=\"twitter:card\" content=\"summary_large_image\" \/>\n<meta name=\"twitter:image\" content=\"https:\/\/www.ladiagonale.net\/wp-content\/uploads\/2023\/11\/CamaraAM.png\" \/>\n<meta name=\"twitter:label1\" content=\"\u00c9crit par\" \/>\n\t<meta name=\"twitter:data1\" content=\"Damien Dellerba\" \/>\n\t<meta name=\"twitter:label2\" content=\"Dur\u00e9e de lecture estim\u00e9e\" \/>\n\t<meta name=\"twitter:data2\" content=\"2 minutes\" \/>\n<script type=\"application\/ld+json\" class=\"yoast-schema-graph\">{\"@context\":\"https:\/\/schema.org\",\"@graph\":[{\"@type\":\"WebPage\",\"@id\":\"https:\/\/www.ladiagonale.net\/index.php\/2024\/02\/23\/entorse-du-genou-gauche-pour-camara-lesion-a-un-ischio-pour-jakobs\/\",\"url\":\"https:\/\/www.ladiagonale.net\/index.php\/2024\/02\/23\/entorse-du-genou-gauche-pour-camara-lesion-a-un-ischio-pour-jakobs\/\",\"name\":\"Entorse du genou gauche pour Camara, l\u00e9sion \u00e0 un ischio pour Jakobs - La Diagonale\",\"isPartOf\":{\"@id\":\"https:\/\/www.ladiagonale.net\/#website\"},\"datePublished\":\"2024-02-23T15:43:03+00:00\",\"dateModified\":\"2024-02-23T16:56:10+00:00\",\"author\":{\"@id\":\"https:\/\/www.ladiagonale.net\/#\/schema\/person\/79ff1e7b0853ed01b2aa26e64ad300bf\"},\"breadcrumb\":{\"@id\":\"https:\/\/www.ladiagonale.net\/index.php\/2024\/02\/23\/entorse-du-genou-gauche-pour-camara-lesion-a-un-ischio-pour-jakobs\/#breadcrumb\"},\"inLanguage\":\"fr-FR\",\"potentialAction\":[{\"@type\":\"ReadAction\",\"target\":[\"https:\/\/www.ladiagonale.net\/index.php\/2024\/02\/23\/entorse-du-genou-gauche-pour-camara-lesion-a-un-ischio-pour-jakobs\/\"]}]},{\"@type\":\"BreadcrumbList\",\"@id\":\"https:\/\/www.ladiagonale.net\/index.php\/2024\/02\/23\/entorse-du-genou-gauche-pour-camara-lesion-a-un-ischio-pour-jakobs\/#breadcrumb\",\"itemListElement\":[{\"@type\":\"ListItem\",\"position\":1,\"name\":\"Accueil\",\"item\":\"https:\/\/www.ladiagonale.net\/\"},{\"@type\":\"ListItem\",\"position\":2,\"name\":\"Entorse du genou gauche pour Camara, l\u00e9sion \u00e0 un ischio pour Jakobs\"}]},{\"@type\":\"WebSite\",\"@id\":\"https:\/\/www.ladiagonale.net\/#website\",\"url\":\"https:\/\/www.ladiagonale.net\/\",\"name\":\"La Diagonale\",\"description\":\"Le site des supporters de l&#039;AS Monaco FC\",\"potentialAction\":[{\"@type\":\"SearchAction\",\"target\":{\"@type\":\"EntryPoint\",\"urlTemplate\":\"https:\/\/www.ladiagonale.net\/?s={search_term_string}\"},\"query-input\":\"required name=search_term_string\"}],\"inLanguage\":\"fr-FR\"},{\"@type\":\"Person\",\"@id\":\"https:\/\/www.ladiagonale.net\/#\/schema\/person\/79ff1e7b0853ed01b2aa26e64ad300bf\",\"name\":\"Damien Dellerba\",\"image\":{\"@type\":\"ImageObject\",\"inLanguage\":\"fr-FR\",\"@id\":\"https:\/\/www.ladiagonale.net\/#\/schema\/person\/image\/\",\"url\":\"https:\/\/secure.gravatar.com\/avatar\/c7850e06d3ff63cdbaee88b7fc16e2f0?s=96&d=mm&r=g\",\"contentUrl\":\"https:\/\/secure.gravatar.com\/avatar\/c7850e06d3ff63cdbaee88b7fc16e2f0?s=96&d=mm&r=g\",\"caption\":\"Damien Dellerba\"},\"url\":\"https:\/\/www.ladiagonale.net\/index.php\/author\/damien\/\"}]}<\/script>\n<!-- \/ Yoast SEO plugin. -->","yoast_head_json":{"title":"Entorse du genou gauche pour Camara, l\u00e9sion \u00e0 un ischio pour Jakobs - La Diagonale","robots":{"index":"index","follow":"follow","max-snippet":"max-snippet:-1","max-image-preview":"max-image-preview:large","max-video-preview":"max-video-preview:-1"},"canonical":"https:\/\/www.ladiagonale.net\/index.php\/2024\/02\/23\/entorse-du-genou-gauche-pour-camara-lesion-a-un-ischio-pour-jakobs\/","og_locale":"fr_FR","og_type":"article","og_title":"Entorse du genou gauche pour Camara, l\u00e9sion \u00e0 un ischio pour Jakobs - La Diagonale","og_description":"Les bonnes nouvelles se font rares du c\u00f4t\u00e9 de l&rsquo;infirmerie mon\u00e9gasque. Sorti sur blessure apr\u00e8s seulement 25 minutes de jeu contre Toulouse, Mohamed Camara souffre finalement d&rsquo;une entorse du genou gauche. Une blessure qui devrait le tenir \u00e9loign\u00e9 des terrains pour \u00ab quelques semaines \u00bb, selon Adi H\u00fctter, mais qui n&rsquo;est finalement pas aussi grave [...]","og_url":"https:\/\/www.ladiagonale.net\/index.php\/2024\/02\/23\/entorse-du-genou-gauche-pour-camara-lesion-a-un-ischio-pour-jakobs\/","og_site_name":"La Diagonale","article_published_time":"2024-02-23T15:43:03+00:00","article_modified_time":"2024-02-23T16:56:10+00:00","og_image":[{"width":1160,"height":650,"url":"https:\/\/www.ladiagonale.net\/wp-content\/uploads\/2023\/11\/CamaraAM.png","type":"image\/png"}],"author":"Damien Dellerba","twitter_card":"summary_large_image","twitter_image":"https:\/\/www.ladiagonale.net\/wp-content\/uploads\/2023\/11\/CamaraAM.png","twitter_misc":{"\u00c9crit par":"Damien Dellerba","Dur\u00e9e de lecture estim\u00e9e":"2 minutes"},"schema":{"@context":"https:\/\/schema.org","@graph":[{"@type":"WebPage","@id":"https:\/\/www.ladiagonale.net\/index.php\/2024\/02\/23\/entorse-du-genou-gauche-pour-camara-lesion-a-un-ischio-pour-jakobs\/","url":"https:\/\/www.ladiagonale.net\/index.php\/2024\/02\/23\/entorse-du-genou-gauche-pour-camara-lesion-a-un-ischio-pour-jakobs\/","name":"Entorse du genou gauche pour Camara, l\u00e9sion \u00e0 un ischio pour Jakobs - La Diagonale","isPartOf":{"@id":"https:\/\/www.ladiagonale.net\/#website"},"datePublished":"2024-02-23T15:43:03+00:00","dateModified":"2024-02-23T16:56:10+00:00","author":{"@id":"https:\/\/www.ladiagonale.net\/#\/schema\/person\/79ff1e7b0853ed01b2aa26e64ad300bf"},"breadcrumb":{"@id":"https:\/\/www.ladiagonale.net\/index.php\/2024\/02\/23\/entorse-du-genou-gauche-pour-camara-lesion-a-un-ischio-pour-jakobs\/#breadcrumb"},"inLanguage":"fr-FR","potentialAction":[{"@type":"ReadAction","target":["https:\/\/www.ladiagonale.net\/index.php\/2024\/02\/23\/entorse-du-genou-gauche-pour-camara-lesion-a-un-ischio-pour-jakobs\/"]}]},{"@type":"BreadcrumbList","@id":"https:\/\/www.ladiagonale.net\/index.php\/2024\/02\/23\/entorse-du-genou-gauche-pour-camara-lesion-a-un-ischio-pour-jakobs\/#breadcrumb","itemListElement":[{"@type":"ListItem","position":1,"name":"Accueil","item":"https:\/\/www.ladiagonale.net\/"},{"@type":"ListItem","position":2,"name":"Entorse du genou gauche pour Camara, l\u00e9sion \u00e0 un ischio pour Jakobs"}]},{"@type":"WebSite","@id":"https:\/\/www.ladiagonale.net\/#website","url":"https:\/\/www.ladiagonale.net\/","name":"La Diagonale","description":"Le site des supporters de l&#039;AS Monaco FC","potentialAction":[{"@type":"SearchAction","target":{"@type":"EntryPoint","urlTemplate":"https:\/\/www.ladiagonale.net\/?s={search_term_string}"},"query-input":"required name=search_term_string"}],"inLanguage":"fr-FR"},{"@type":"Person","@id":"https:\/\/www.ladiagonale.net\/#\/schema\/person\/79ff1e7b0853ed01b2aa26e64ad300bf","name":"Damien Dellerba","image":{"@type":"ImageObject","inLanguage":"fr-FR","@id":"https:\/\/www.ladiagonale.net\/#\/schema\/person\/image\/","url":"https:\/\/secure.gravatar.com\/avatar\/c7850e06d3ff63cdbaee88b7fc16e2f0?s=96&d=mm&r=g","contentUrl":"https:\/\/secure.gravatar.com\/avatar\/c7850e06d3ff63cdbaee88b7fc16e2f0?s=96&d=mm&r=g","caption":"Damien Dellerba"},"url":"https:\/\/www.ladiagonale.net\/index.php\/author\/damien\/"}]}},"_links":{"self":[{"href":"https:\/\/www.ladiagonale.net\/index.php\/wp-json\/wp\/v2\/posts\/21067"}],"collection":[{"href":"https:\/\/www.ladiagonale.net\/index.php\/wp-json\/wp\/v2\/posts"}],"about":[{"href":"https:\/\/www.ladiagonale.net\/index.php\/wp-json\/wp\/v2\/types\/post"}],"author":[{"embeddable":true,"href":"https:\/\/www.ladiagonale.net\/index.php\/wp-json\/wp\/v2\/users\/2"}],"replies":[{"embeddable":true,"href":"https:\/\/www.ladiagonale.net\/index.php\/wp-json\/wp\/v2\/comments?post=21067"}],"version-history":[{"count":2,"href":"https:\/\/www.ladiagonale.net\/index.php\/wp-json\/wp\/v2\/posts\/21067\/revisions"}],"predecessor-version":[{"id":21083,"href":"https:\/\/www.ladiagonale.net\/index.php\/wp-json\/wp\/v2\/posts\/21067\/revisions\/21083"}],"wp:attachment":[{"href":"https:\/\/www.ladiagonale.net\/index.php\/wp-json\/wp\/v2\/media?parent=21067"}],"wp:term":[{"taxonomy":"category","embeddable":true,"href":"https:\/\/www.ladiagonale.net\/index.php\/wp-json\/wp\/v2\/categories?post=21067"},{"taxonomy":"post_tag","embeddable":true,"href":"https:\/\/www.ladiagonale.net\/index.php\/wp-json\/wp\/v2\/tags?post=21067"}],"curies":[{"name":"wp","href":"https:\/\/api.w.org\/{rel}","templated":true}]}}