{"id":21072,"date":"2024-02-23T17:11:02","date_gmt":"2024-02-23T16:11:02","guid":{"rendered":"https:\/\/www.ladiagonale.net\/?p=21072"},"modified":"2024-02-23T17:11:06","modified_gmt":"2024-02-23T16:11:06","slug":"hutter-confirme-avoir-voulu-perrinelle-dans-son-staff","status":"publish","type":"post","link":"https:\/\/www.ladiagonale.net\/index.php\/2024\/02\/23\/hutter-confirme-avoir-voulu-perrinelle-dans-son-staff\/","title":{"rendered":"H\u00fctter confirme avoir voulu Perrinelle dans son staff"},"content":{"rendered":"\n<p>Jeudi, le quotidien <em>L&rsquo;\u00c9quipe<\/em> avait annonc\u00e9 l&rsquo;int\u00e9gration de Damien Perrinelle au staff d&rsquo;Adi H\u00fctter pour le jour m\u00eame. En conf\u00e9rence de presse, H\u00fctter a forc\u00e9ment \u00e9t\u00e9 questionn\u00e9 sur le sujet et il a confirm\u00e9 la pr\u00e9cision qui avait \u00e9t\u00e9 faite par le quotidien sportif, \u00e0 savoir que cela avait \u00e9t\u00e9 fait \u00e0 sa demande : \u00ab\u00a0<em>C\u2019\u00e9tait mon id\u00e9e depuis quelques semaines de l\u2019avoir dans notre staff. Depuis cet \u00e9t\u00e9, nous avons toujours eu de bons \u00e9changes, il a un bon \u00e9tat d\u2019esprit, comprend notre style de jeu, et nous avons beaucoup de jeunes joueurs en ce moment dans le groupe et nous devons partager nos plans de matches. <\/em>\u00bb<\/p>\n\n\n\n<p>Aux dires de l&rsquo;ancien entra\u00eeneur de Francfort et du Borussia M\u00f6nchengladbach, Damien Perrinelle sera int\u00e9gr\u00e9 pleinement \u00e0 l&rsquo;\u00e9quipe en place. L&rsquo;entra\u00eeneur du Groupe \u00c9lite depuis 2022 \u00e9tait arriv\u00e9 \u00e0 l&rsquo;AS Monaco en 2020, o\u00f9 il avait trouv\u00e9 une place dans les pr\u00e9c\u00e9dents staffs : \u00ab <em>Ce n\u2019est pas simplement un traducteur, c\u2019est un membre \u00e0 part enti\u00e8re de notre staff, comme il l\u2019avait \u00e9t\u00e9 avec Niko (Kovac) et Philippe (Clement). C\u2019\u00e9tait mon id\u00e9e de penser qu\u2019il pouvait peut-\u00eatre nous apporter de l\u2019aide, partager notre travail. C\u2019est un jeune coach qui a faim. Il a un bon impact et de bonnes id\u00e9es.<\/em>\u00a0\u00bb<\/p>\n\n\n\n<p>La place exacte de Damien Perrinelle pendant la rencontre ne semble toutefois pas avoir encore \u00e9t\u00e9 d\u00e9finie avec pr\u00e9cision. Mais il devrait \u00eatre proche de l&rsquo;entra\u00eeneur autrichien sur le banc de touche : \u00ab <em>Il a aussi une bonne relation avec mes adjoints Christian Peintinger et Klaus Schmidt. Il est int\u00e9gr\u00e9 \u00e0 nos plans de matches et les analyses individuelles. Parfois, il pourra faire comprendre plus rapidement certaines consignes aux joueurs. Pour sa place, on en parlera, selon ce qu\u2019il peut nous apporter pendant une rencontre. Il pourrait \u00eatre proche de moi sur le banc, on discutera de \u00e7a avec le staff technique.<\/em> \u00bb<\/p>\n\n\n","protected":false},"excerpt":{"rendered":"<p>Jeudi, le quotidien L&rsquo;\u00c9quipe avait annonc\u00e9 l&rsquo;int\u00e9gration de Damien Perrinelle au staff d&rsquo;Adi H\u00fctter pour le jour m\u00eame. En conf\u00e9rence de presse, H\u00fctter a forc\u00e9ment \u00e9t\u00e9 questionn\u00e9 sur le sujet et il a confirm\u00e9 la pr\u00e9cision qui avait \u00e9t\u00e9 faite par le quotidien sportif, \u00e0 savoir que cela avait \u00e9t\u00e9 fait \u00e0 sa demande : [&#8230;]\n","protected":false},"author":2,"featured_media":0,"comment_status":"open","ping_status":"open","sticky":false,"template":"","format":"standard","meta":[],"categories":[6],"tags":[576,86,372,187],"yoast_head":"<!-- This site is optimized with the Yoast SEO plugin v19.8 - https:\/\/yoast.com\/wordpress\/plugins\/seo\/ -->\n<title>H\u00fctter confirme avoir voulu Perrinelle dans son staff - La Diagonale<\/title>\n<meta name=\"robots\" content=\"index, follow, max-snippet:-1, max-image-preview:large, max-video-preview:-1\" \/>\n<link rel=\"canonical\" href=\"https:\/\/www.ladiagonale.net\/index.php\/2024\/02\/23\/hutter-confirme-avoir-voulu-perrinelle-dans-son-staff\/\" \/>\n<meta property=\"og:locale\" content=\"fr_FR\" \/>\n<meta property=\"og:type\" content=\"article\" \/>\n<meta property=\"og:title\" content=\"H\u00fctter confirme avoir voulu Perrinelle dans son staff - La Diagonale\" \/>\n<meta property=\"og:description\" content=\"Jeudi, le quotidien L&rsquo;\u00c9quipe avait annonc\u00e9 l&rsquo;int\u00e9gration de Damien Perrinelle au staff d&rsquo;Adi H\u00fctter pour le jour m\u00eame. En conf\u00e9rence de presse, H\u00fctter a forc\u00e9ment \u00e9t\u00e9 questionn\u00e9 sur le sujet et il a confirm\u00e9 la pr\u00e9cision qui avait \u00e9t\u00e9 faite par le quotidien sportif, \u00e0 savoir que cela avait \u00e9t\u00e9 fait \u00e0 sa demande : [...]\" \/>\n<meta property=\"og:url\" content=\"https:\/\/www.ladiagonale.net\/index.php\/2024\/02\/23\/hutter-confirme-avoir-voulu-perrinelle-dans-son-staff\/\" \/>\n<meta property=\"og:site_name\" content=\"La Diagonale\" \/>\n<meta property=\"article:published_time\" content=\"2024-02-23T16:11:02+00:00\" \/>\n<meta property=\"article:modified_time\" content=\"2024-02-23T16:11:06+00:00\" \/>\n<meta property=\"og:image\" content=\"https:\/\/www.ladiagonale.net\/wp-content\/uploads\/2024\/02\/perrnielle-hutter.jpg\" \/>\n\t<meta property=\"og:image:width\" content=\"1160\" \/>\n\t<meta property=\"og:image:height\" content=\"650\" \/>\n\t<meta property=\"og:image:type\" content=\"image\/jpeg\" \/>\n<meta name=\"author\" content=\"Damien Dellerba\" \/>\n<meta name=\"twitter:card\" content=\"summary_large_image\" \/>\n<meta name=\"twitter:image\" content=\"https:\/\/www.ladiagonale.net\/wp-content\/uploads\/2024\/02\/perrnielle-hutter.jpg\" \/>\n<meta name=\"twitter:label1\" content=\"\u00c9crit par\" \/>\n\t<meta name=\"twitter:data1\" content=\"Damien Dellerba\" \/>\n\t<meta name=\"twitter:label2\" content=\"Dur\u00e9e de lecture estim\u00e9e\" \/>\n\t<meta name=\"twitter:data2\" content=\"2 minutes\" \/>\n<script type=\"application\/ld+json\" class=\"yoast-schema-graph\">{\"@context\":\"https:\/\/schema.org\",\"@graph\":[{\"@type\":\"WebPage\",\"@id\":\"https:\/\/www.ladiagonale.net\/index.php\/2024\/02\/23\/hutter-confirme-avoir-voulu-perrinelle-dans-son-staff\/\",\"url\":\"https:\/\/www.ladiagonale.net\/index.php\/2024\/02\/23\/hutter-confirme-avoir-voulu-perrinelle-dans-son-staff\/\",\"name\":\"H\u00fctter confirme avoir voulu Perrinelle dans son staff - La Diagonale\",\"isPartOf\":{\"@id\":\"https:\/\/www.ladiagonale.net\/#website\"},\"datePublished\":\"2024-02-23T16:11:02+00:00\",\"dateModified\":\"2024-02-23T16:11:06+00:00\",\"author\":{\"@id\":\"https:\/\/www.ladiagonale.net\/#\/schema\/person\/79ff1e7b0853ed01b2aa26e64ad300bf\"},\"breadcrumb\":{\"@id\":\"https:\/\/www.ladiagonale.net\/index.php\/2024\/02\/23\/hutter-confirme-avoir-voulu-perrinelle-dans-son-staff\/#breadcrumb\"},\"inLanguage\":\"fr-FR\",\"potentialAction\":[{\"@type\":\"ReadAction\",\"target\":[\"https:\/\/www.ladiagonale.net\/index.php\/2024\/02\/23\/hutter-confirme-avoir-voulu-perrinelle-dans-son-staff\/\"]}]},{\"@type\":\"BreadcrumbList\",\"@id\":\"https:\/\/www.ladiagonale.net\/index.php\/2024\/02\/23\/hutter-confirme-avoir-voulu-perrinelle-dans-son-staff\/#breadcrumb\",\"itemListElement\":[{\"@type\":\"ListItem\",\"position\":1,\"name\":\"Accueil\",\"item\":\"https:\/\/www.ladiagonale.net\/\"},{\"@type\":\"ListItem\",\"position\":2,\"name\":\"H\u00fctter confirme avoir voulu Perrinelle dans son staff\"}]},{\"@type\":\"WebSite\",\"@id\":\"https:\/\/www.ladiagonale.net\/#website\",\"url\":\"https:\/\/www.ladiagonale.net\/\",\"name\":\"La Diagonale\",\"description\":\"Le site des supporters de l&#039;AS Monaco FC\",\"potentialAction\":[{\"@type\":\"SearchAction\",\"target\":{\"@type\":\"EntryPoint\",\"urlTemplate\":\"https:\/\/www.ladiagonale.net\/?s={search_term_string}\"},\"query-input\":\"required name=search_term_string\"}],\"inLanguage\":\"fr-FR\"},{\"@type\":\"Person\",\"@id\":\"https:\/\/www.ladiagonale.net\/#\/schema\/person\/79ff1e7b0853ed01b2aa26e64ad300bf\",\"name\":\"Damien Dellerba\",\"image\":{\"@type\":\"ImageObject\",\"inLanguage\":\"fr-FR\",\"@id\":\"https:\/\/www.ladiagonale.net\/#\/schema\/person\/image\/\",\"url\":\"https:\/\/secure.gravatar.com\/avatar\/c7850e06d3ff63cdbaee88b7fc16e2f0?s=96&d=mm&r=g\",\"contentUrl\":\"https:\/\/secure.gravatar.com\/avatar\/c7850e06d3ff63cdbaee88b7fc16e2f0?s=96&d=mm&r=g\",\"caption\":\"Damien Dellerba\"},\"url\":\"https:\/\/www.ladiagonale.net\/index.php\/author\/damien\/\"}]}<\/script>\n<!-- \/ Yoast SEO plugin. -->","yoast_head_json":{"title":"H\u00fctter confirme avoir voulu Perrinelle dans son staff - La Diagonale","robots":{"index":"index","follow":"follow","max-snippet":"max-snippet:-1","max-image-preview":"max-image-preview:large","max-video-preview":"max-video-preview:-1"},"canonical":"https:\/\/www.ladiagonale.net\/index.php\/2024\/02\/23\/hutter-confirme-avoir-voulu-perrinelle-dans-son-staff\/","og_locale":"fr_FR","og_type":"article","og_title":"H\u00fctter confirme avoir voulu Perrinelle dans son staff - La Diagonale","og_description":"Jeudi, le quotidien L&rsquo;\u00c9quipe avait annonc\u00e9 l&rsquo;int\u00e9gration de Damien Perrinelle au staff d&rsquo;Adi H\u00fctter pour le jour m\u00eame. En conf\u00e9rence de presse, H\u00fctter a forc\u00e9ment \u00e9t\u00e9 questionn\u00e9 sur le sujet et il a confirm\u00e9 la pr\u00e9cision qui avait \u00e9t\u00e9 faite par le quotidien sportif, \u00e0 savoir que cela avait \u00e9t\u00e9 fait \u00e0 sa demande : [...]","og_url":"https:\/\/www.ladiagonale.net\/index.php\/2024\/02\/23\/hutter-confirme-avoir-voulu-perrinelle-dans-son-staff\/","og_site_name":"La Diagonale","article_published_time":"2024-02-23T16:11:02+00:00","article_modified_time":"2024-02-23T16:11:06+00:00","og_image":[{"width":1160,"height":650,"url":"https:\/\/www.ladiagonale.net\/wp-content\/uploads\/2024\/02\/perrnielle-hutter.jpg","type":"image\/jpeg"}],"author":"Damien Dellerba","twitter_card":"summary_large_image","twitter_image":"https:\/\/www.ladiagonale.net\/wp-content\/uploads\/2024\/02\/perrnielle-hutter.jpg","twitter_misc":{"\u00c9crit par":"Damien Dellerba","Dur\u00e9e de lecture estim\u00e9e":"2 minutes"},"schema":{"@context":"https:\/\/schema.org","@graph":[{"@type":"WebPage","@id":"https:\/\/www.ladiagonale.net\/index.php\/2024\/02\/23\/hutter-confirme-avoir-voulu-perrinelle-dans-son-staff\/","url":"https:\/\/www.ladiagonale.net\/index.php\/2024\/02\/23\/hutter-confirme-avoir-voulu-perrinelle-dans-son-staff\/","name":"H\u00fctter confirme avoir voulu Perrinelle dans son staff - La Diagonale","isPartOf":{"@id":"https:\/\/www.ladiagonale.net\/#website"},"datePublished":"2024-02-23T16:11:02+00:00","dateModified":"2024-02-23T16:11:06+00:00","author":{"@id":"https:\/\/www.ladiagonale.net\/#\/schema\/person\/79ff1e7b0853ed01b2aa26e64ad300bf"},"breadcrumb":{"@id":"https:\/\/www.ladiagonale.net\/index.php\/2024\/02\/23\/hutter-confirme-avoir-voulu-perrinelle-dans-son-staff\/#breadcrumb"},"inLanguage":"fr-FR","potentialAction":[{"@type":"ReadAction","target":["https:\/\/www.ladiagonale.net\/index.php\/2024\/02\/23\/hutter-confirme-avoir-voulu-perrinelle-dans-son-staff\/"]}]},{"@type":"BreadcrumbList","@id":"https:\/\/www.ladiagonale.net\/index.php\/2024\/02\/23\/hutter-confirme-avoir-voulu-perrinelle-dans-son-staff\/#breadcrumb","itemListElement":[{"@type":"ListItem","position":1,"name":"Accueil","item":"https:\/\/www.ladiagonale.net\/"},{"@type":"ListItem","position":2,"name":"H\u00fctter confirme avoir voulu Perrinelle dans son staff"}]},{"@type":"WebSite","@id":"https:\/\/www.ladiagonale.net\/#website","url":"https:\/\/www.ladiagonale.net\/","name":"La Diagonale","description":"Le site des supporters de l&#039;AS Monaco FC","potentialAction":[{"@type":"SearchAction","target":{"@type":"EntryPoint","urlTemplate":"https:\/\/www.ladiagonale.net\/?s={search_term_string}"},"query-input":"required name=search_term_string"}],"inLanguage":"fr-FR"},{"@type":"Person","@id":"https:\/\/www.ladiagonale.net\/#\/schema\/person\/79ff1e7b0853ed01b2aa26e64ad300bf","name":"Damien Dellerba","image":{"@type":"ImageObject","inLanguage":"fr-FR","@id":"https:\/\/www.ladiagonale.net\/#\/schema\/person\/image\/","url":"https:\/\/secure.gravatar.com\/avatar\/c7850e06d3ff63cdbaee88b7fc16e2f0?s=96&d=mm&r=g","contentUrl":"https:\/\/secure.gravatar.com\/avatar\/c7850e06d3ff63cdbaee88b7fc16e2f0?s=96&d=mm&r=g","caption":"Damien Dellerba"},"url":"https:\/\/www.ladiagonale.net\/index.php\/author\/damien\/"}]}},"_links":{"self":[{"href":"https:\/\/www.ladiagonale.net\/index.php\/wp-json\/wp\/v2\/posts\/21072"}],"collection":[{"href":"https:\/\/www.ladiagonale.net\/index.php\/wp-json\/wp\/v2\/posts"}],"about":[{"href":"https:\/\/www.ladiagonale.net\/index.php\/wp-json\/wp\/v2\/types\/post"}],"author":[{"embeddable":true,"href":"https:\/\/www.ladiagonale.net\/index.php\/wp-json\/wp\/v2\/users\/2"}],"replies":[{"embeddable":true,"href":"https:\/\/www.ladiagonale.net\/index.php\/wp-json\/wp\/v2\/comments?post=21072"}],"version-history":[{"count":1,"href":"https:\/\/www.ladiagonale.net\/index.php\/wp-json\/wp\/v2\/posts\/21072\/revisions"}],"predecessor-version":[{"id":21074,"href":"https:\/\/www.ladiagonale.net\/index.php\/wp-json\/wp\/v2\/posts\/21072\/revisions\/21074"}],"wp:attachment":[{"href":"https:\/\/www.ladiagonale.net\/index.php\/wp-json\/wp\/v2\/media?parent=21072"}],"wp:term":[{"taxonomy":"category","embeddable":true,"href":"https:\/\/www.ladiagonale.net\/index.php\/wp-json\/wp\/v2\/categories?post=21072"},{"taxonomy":"post_tag","embeddable":true,"href":"https:\/\/www.ladiagonale.net\/index.php\/wp-json\/wp\/v2\/tags?post=21072"}],"curies":[{"name":"wp","href":"https:\/\/api.w.org\/{rel}","templated":true}]}}