{"id":21075,"date":"2024-02-23T17:25:07","date_gmt":"2024-02-23T16:25:07","guid":{"rendered":"https:\/\/www.ladiagonale.net\/?p=21075"},"modified":"2024-02-23T17:25:10","modified_gmt":"2024-02-23T16:25:10","slug":"hutter-explique-le-capitanat-de-zakaria-contre-toulouse","status":"publish","type":"post","link":"https:\/\/www.ladiagonale.net\/index.php\/2024\/02\/23\/hutter-explique-le-capitanat-de-zakaria-contre-toulouse\/","title":{"rendered":"H\u00fctter explique le capitanat de Zakaria contre Toulouse"},"content":{"rendered":"\n<p>C&rsquo;\u00e9tait la surprise de la feuille de match dimanche dernier. Wissam Ben Yedder absent, le brassard de capitaine aurait normalement d\u00fb \u00e9choir \u00e0 Youssouf Fofana voire Guillermo Maripan. Mais c&rsquo;est finalement Denis Zakaria qui l&rsquo;a port\u00e9 face \u00e0 Toulouse. H\u00fctter a rendu compte devant la presse de cette d\u00e9cision, pris en concertation avec le Directeur g\u00e9n\u00e9ral Thiago Scuro et Youssouf Fofana. <\/p>\n\n\n\n<p>\u00ab\u00a0<em>C\u2019\u00e9tait notre id\u00e9e. Zakaria est un joueur qui, je l\u2019esp\u00e8re, sera \u00e0 Monaco pour les prochaines ann\u00e9es, vu qu\u2019il a un long contrat. C\u2019\u00e9tait notre d\u00e9cision, Thiago et moi, et nous avons \u00e9galement inclus Youssouf Fofana dans cette discussion, pour qui ce n\u2019\u00e9tait pas un probl\u00e8me. Il n\u2019\u00e9tait pas d\u00e9\u00e7u de cette d\u00e9cision car \u00e0 mon sens il a fait un gros match contre Toulouse.<\/em>\u00a0\u00bb<\/p>\n\n\n\n<p>L&rsquo;entra\u00eeneur autrichien a cependant tenu \u00e0 pr\u00e9ciser qu&rsquo;il ne s&rsquo;agissait l\u00e0 que du vice-capitanat et que le capitaine restait Ben Yedder.<\/p>\n\n\n","protected":false},"excerpt":{"rendered":"<p>C&rsquo;\u00e9tait la surprise de la feuille de match dimanche dernier. Wissam Ben Yedder absent, le brassard de capitaine aurait normalement d\u00fb \u00e9choir \u00e0 Youssouf Fofana voire Guillermo Maripan. Mais c&rsquo;est finalement Denis Zakaria qui l&rsquo;a port\u00e9 face \u00e0 Toulouse. H\u00fctter a rendu compte devant la presse de cette d\u00e9cision, pris en concertation avec le Directeur [&#8230;]\n","protected":false},"author":2,"featured_media":0,"comment_status":"open","ping_status":"open","sticky":false,"template":"","format":"standard","meta":[],"categories":[6],"tags":[576,86,790,631,479,176],"yoast_head":"<!-- This site is optimized with the Yoast SEO plugin v19.8 - https:\/\/yoast.com\/wordpress\/plugins\/seo\/ -->\n<title>H\u00fctter explique le capitanat de Zakaria contre Toulouse - La Diagonale<\/title>\n<meta name=\"robots\" content=\"index, follow, max-snippet:-1, max-image-preview:large, max-video-preview:-1\" \/>\n<link rel=\"canonical\" href=\"https:\/\/www.ladiagonale.net\/index.php\/2024\/02\/23\/hutter-explique-le-capitanat-de-zakaria-contre-toulouse\/\" \/>\n<meta property=\"og:locale\" content=\"fr_FR\" \/>\n<meta property=\"og:type\" content=\"article\" \/>\n<meta property=\"og:title\" content=\"H\u00fctter explique le capitanat de Zakaria contre Toulouse - La Diagonale\" \/>\n<meta property=\"og:description\" content=\"C&rsquo;\u00e9tait la surprise de la feuille de match dimanche dernier. Wissam Ben Yedder absent, le brassard de capitaine aurait normalement d\u00fb \u00e9choir \u00e0 Youssouf Fofana voire Guillermo Maripan. Mais c&rsquo;est finalement Denis Zakaria qui l&rsquo;a port\u00e9 face \u00e0 Toulouse. H\u00fctter a rendu compte devant la presse de cette d\u00e9cision, pris en concertation avec le Directeur [...]\" \/>\n<meta property=\"og:url\" content=\"https:\/\/www.ladiagonale.net\/index.php\/2024\/02\/23\/hutter-explique-le-capitanat-de-zakaria-contre-toulouse\/\" \/>\n<meta property=\"og:site_name\" content=\"La Diagonale\" \/>\n<meta property=\"article:published_time\" content=\"2024-02-23T16:25:07+00:00\" \/>\n<meta property=\"article:modified_time\" content=\"2024-02-23T16:25:10+00:00\" \/>\n<meta property=\"og:image\" content=\"https:\/\/www.ladiagonale.net\/wp-content\/uploads\/2024\/02\/1200-L-denis-zakaria-monaco-aprs-son-doubl-contre-nice-je-suis-content-pour-adi-htter.jpg\" \/>\n\t<meta property=\"og:image:width\" content=\"1200\" \/>\n\t<meta property=\"og:image:height\" content=\"640\" \/>\n\t<meta property=\"og:image:type\" content=\"image\/jpeg\" \/>\n<meta name=\"author\" content=\"Damien Dellerba\" \/>\n<meta name=\"twitter:card\" content=\"summary_large_image\" \/>\n<meta name=\"twitter:image\" content=\"https:\/\/www.ladiagonale.net\/wp-content\/uploads\/2024\/02\/1200-L-denis-zakaria-monaco-aprs-son-doubl-contre-nice-je-suis-content-pour-adi-htter.jpg\" \/>\n<meta name=\"twitter:label1\" content=\"\u00c9crit par\" \/>\n\t<meta name=\"twitter:data1\" content=\"Damien Dellerba\" \/>\n\t<meta name=\"twitter:label2\" content=\"Dur\u00e9e de lecture estim\u00e9e\" \/>\n\t<meta name=\"twitter:data2\" content=\"1 minute\" \/>\n<script type=\"application\/ld+json\" class=\"yoast-schema-graph\">{\"@context\":\"https:\/\/schema.org\",\"@graph\":[{\"@type\":\"WebPage\",\"@id\":\"https:\/\/www.ladiagonale.net\/index.php\/2024\/02\/23\/hutter-explique-le-capitanat-de-zakaria-contre-toulouse\/\",\"url\":\"https:\/\/www.ladiagonale.net\/index.php\/2024\/02\/23\/hutter-explique-le-capitanat-de-zakaria-contre-toulouse\/\",\"name\":\"H\u00fctter explique le capitanat de Zakaria contre Toulouse - La Diagonale\",\"isPartOf\":{\"@id\":\"https:\/\/www.ladiagonale.net\/#website\"},\"datePublished\":\"2024-02-23T16:25:07+00:00\",\"dateModified\":\"2024-02-23T16:25:10+00:00\",\"author\":{\"@id\":\"https:\/\/www.ladiagonale.net\/#\/schema\/person\/79ff1e7b0853ed01b2aa26e64ad300bf\"},\"breadcrumb\":{\"@id\":\"https:\/\/www.ladiagonale.net\/index.php\/2024\/02\/23\/hutter-explique-le-capitanat-de-zakaria-contre-toulouse\/#breadcrumb\"},\"inLanguage\":\"fr-FR\",\"potentialAction\":[{\"@type\":\"ReadAction\",\"target\":[\"https:\/\/www.ladiagonale.net\/index.php\/2024\/02\/23\/hutter-explique-le-capitanat-de-zakaria-contre-toulouse\/\"]}]},{\"@type\":\"BreadcrumbList\",\"@id\":\"https:\/\/www.ladiagonale.net\/index.php\/2024\/02\/23\/hutter-explique-le-capitanat-de-zakaria-contre-toulouse\/#breadcrumb\",\"itemListElement\":[{\"@type\":\"ListItem\",\"position\":1,\"name\":\"Accueil\",\"item\":\"https:\/\/www.ladiagonale.net\/\"},{\"@type\":\"ListItem\",\"position\":2,\"name\":\"H\u00fctter explique le capitanat de Zakaria contre Toulouse\"}]},{\"@type\":\"WebSite\",\"@id\":\"https:\/\/www.ladiagonale.net\/#website\",\"url\":\"https:\/\/www.ladiagonale.net\/\",\"name\":\"La Diagonale\",\"description\":\"Le site des supporters de l&#039;AS Monaco FC\",\"potentialAction\":[{\"@type\":\"SearchAction\",\"target\":{\"@type\":\"EntryPoint\",\"urlTemplate\":\"https:\/\/www.ladiagonale.net\/?s={search_term_string}\"},\"query-input\":\"required name=search_term_string\"}],\"inLanguage\":\"fr-FR\"},{\"@type\":\"Person\",\"@id\":\"https:\/\/www.ladiagonale.net\/#\/schema\/person\/79ff1e7b0853ed01b2aa26e64ad300bf\",\"name\":\"Damien Dellerba\",\"image\":{\"@type\":\"ImageObject\",\"inLanguage\":\"fr-FR\",\"@id\":\"https:\/\/www.ladiagonale.net\/#\/schema\/person\/image\/\",\"url\":\"https:\/\/secure.gravatar.com\/avatar\/c7850e06d3ff63cdbaee88b7fc16e2f0?s=96&d=mm&r=g\",\"contentUrl\":\"https:\/\/secure.gravatar.com\/avatar\/c7850e06d3ff63cdbaee88b7fc16e2f0?s=96&d=mm&r=g\",\"caption\":\"Damien Dellerba\"},\"url\":\"https:\/\/www.ladiagonale.net\/index.php\/author\/damien\/\"}]}<\/script>\n<!-- \/ Yoast SEO plugin. -->","yoast_head_json":{"title":"H\u00fctter explique le capitanat de Zakaria contre Toulouse - La Diagonale","robots":{"index":"index","follow":"follow","max-snippet":"max-snippet:-1","max-image-preview":"max-image-preview:large","max-video-preview":"max-video-preview:-1"},"canonical":"https:\/\/www.ladiagonale.net\/index.php\/2024\/02\/23\/hutter-explique-le-capitanat-de-zakaria-contre-toulouse\/","og_locale":"fr_FR","og_type":"article","og_title":"H\u00fctter explique le capitanat de Zakaria contre Toulouse - La Diagonale","og_description":"C&rsquo;\u00e9tait la surprise de la feuille de match dimanche dernier. Wissam Ben Yedder absent, le brassard de capitaine aurait normalement d\u00fb \u00e9choir \u00e0 Youssouf Fofana voire Guillermo Maripan. Mais c&rsquo;est finalement Denis Zakaria qui l&rsquo;a port\u00e9 face \u00e0 Toulouse. H\u00fctter a rendu compte devant la presse de cette d\u00e9cision, pris en concertation avec le Directeur [...]","og_url":"https:\/\/www.ladiagonale.net\/index.php\/2024\/02\/23\/hutter-explique-le-capitanat-de-zakaria-contre-toulouse\/","og_site_name":"La Diagonale","article_published_time":"2024-02-23T16:25:07+00:00","article_modified_time":"2024-02-23T16:25:10+00:00","og_image":[{"width":1200,"height":640,"url":"https:\/\/www.ladiagonale.net\/wp-content\/uploads\/2024\/02\/1200-L-denis-zakaria-monaco-aprs-son-doubl-contre-nice-je-suis-content-pour-adi-htter.jpg","type":"image\/jpeg"}],"author":"Damien Dellerba","twitter_card":"summary_large_image","twitter_image":"https:\/\/www.ladiagonale.net\/wp-content\/uploads\/2024\/02\/1200-L-denis-zakaria-monaco-aprs-son-doubl-contre-nice-je-suis-content-pour-adi-htter.jpg","twitter_misc":{"\u00c9crit par":"Damien Dellerba","Dur\u00e9e de lecture estim\u00e9e":"1 minute"},"schema":{"@context":"https:\/\/schema.org","@graph":[{"@type":"WebPage","@id":"https:\/\/www.ladiagonale.net\/index.php\/2024\/02\/23\/hutter-explique-le-capitanat-de-zakaria-contre-toulouse\/","url":"https:\/\/www.ladiagonale.net\/index.php\/2024\/02\/23\/hutter-explique-le-capitanat-de-zakaria-contre-toulouse\/","name":"H\u00fctter explique le capitanat de Zakaria contre Toulouse - La Diagonale","isPartOf":{"@id":"https:\/\/www.ladiagonale.net\/#website"},"datePublished":"2024-02-23T16:25:07+00:00","dateModified":"2024-02-23T16:25:10+00:00","author":{"@id":"https:\/\/www.ladiagonale.net\/#\/schema\/person\/79ff1e7b0853ed01b2aa26e64ad300bf"},"breadcrumb":{"@id":"https:\/\/www.ladiagonale.net\/index.php\/2024\/02\/23\/hutter-explique-le-capitanat-de-zakaria-contre-toulouse\/#breadcrumb"},"inLanguage":"fr-FR","potentialAction":[{"@type":"ReadAction","target":["https:\/\/www.ladiagonale.net\/index.php\/2024\/02\/23\/hutter-explique-le-capitanat-de-zakaria-contre-toulouse\/"]}]},{"@type":"BreadcrumbList","@id":"https:\/\/www.ladiagonale.net\/index.php\/2024\/02\/23\/hutter-explique-le-capitanat-de-zakaria-contre-toulouse\/#breadcrumb","itemListElement":[{"@type":"ListItem","position":1,"name":"Accueil","item":"https:\/\/www.ladiagonale.net\/"},{"@type":"ListItem","position":2,"name":"H\u00fctter explique le capitanat de Zakaria contre Toulouse"}]},{"@type":"WebSite","@id":"https:\/\/www.ladiagonale.net\/#website","url":"https:\/\/www.ladiagonale.net\/","name":"La Diagonale","description":"Le site des supporters de l&#039;AS Monaco FC","potentialAction":[{"@type":"SearchAction","target":{"@type":"EntryPoint","urlTemplate":"https:\/\/www.ladiagonale.net\/?s={search_term_string}"},"query-input":"required name=search_term_string"}],"inLanguage":"fr-FR"},{"@type":"Person","@id":"https:\/\/www.ladiagonale.net\/#\/schema\/person\/79ff1e7b0853ed01b2aa26e64ad300bf","name":"Damien Dellerba","image":{"@type":"ImageObject","inLanguage":"fr-FR","@id":"https:\/\/www.ladiagonale.net\/#\/schema\/person\/image\/","url":"https:\/\/secure.gravatar.com\/avatar\/c7850e06d3ff63cdbaee88b7fc16e2f0?s=96&d=mm&r=g","contentUrl":"https:\/\/secure.gravatar.com\/avatar\/c7850e06d3ff63cdbaee88b7fc16e2f0?s=96&d=mm&r=g","caption":"Damien Dellerba"},"url":"https:\/\/www.ladiagonale.net\/index.php\/author\/damien\/"}]}},"_links":{"self":[{"href":"https:\/\/www.ladiagonale.net\/index.php\/wp-json\/wp\/v2\/posts\/21075"}],"collection":[{"href":"https:\/\/www.ladiagonale.net\/index.php\/wp-json\/wp\/v2\/posts"}],"about":[{"href":"https:\/\/www.ladiagonale.net\/index.php\/wp-json\/wp\/v2\/types\/post"}],"author":[{"embeddable":true,"href":"https:\/\/www.ladiagonale.net\/index.php\/wp-json\/wp\/v2\/users\/2"}],"replies":[{"embeddable":true,"href":"https:\/\/www.ladiagonale.net\/index.php\/wp-json\/wp\/v2\/comments?post=21075"}],"version-history":[{"count":2,"href":"https:\/\/www.ladiagonale.net\/index.php\/wp-json\/wp\/v2\/posts\/21075\/revisions"}],"predecessor-version":[{"id":21079,"href":"https:\/\/www.ladiagonale.net\/index.php\/wp-json\/wp\/v2\/posts\/21075\/revisions\/21079"}],"wp:attachment":[{"href":"https:\/\/www.ladiagonale.net\/index.php\/wp-json\/wp\/v2\/media?parent=21075"}],"wp:term":[{"taxonomy":"category","embeddable":true,"href":"https:\/\/www.ladiagonale.net\/index.php\/wp-json\/wp\/v2\/categories?post=21075"},{"taxonomy":"post_tag","embeddable":true,"href":"https:\/\/www.ladiagonale.net\/index.php\/wp-json\/wp\/v2\/tags?post=21075"}],"curies":[{"name":"wp","href":"https:\/\/api.w.org\/{rel}","templated":true}]}}