{"id":21087,"date":"2024-02-23T22:48:19","date_gmt":"2024-02-23T21:48:19","guid":{"rendered":"https:\/\/www.ladiagonale.net\/?p=21087"},"modified":"2024-02-23T22:48:23","modified_gmt":"2024-02-23T21:48:23","slug":"singo-je-ne-suis-pas-le-messie-en-defense","status":"publish","type":"post","link":"https:\/\/www.ladiagonale.net\/index.php\/2024\/02\/23\/singo-je-ne-suis-pas-le-messie-en-defense\/","title":{"rendered":"Singo : \u00ab&nbsp;Je ne suis pas le Messie en d\u00e9fense&nbsp;\u00bb"},"content":{"rendered":"\n<p>Champion d&rsquo;Afrique avec la C\u00f4te d&rsquo;Ivoire, Wilfried Singo a fait son retour \u00e0 Monaco la semaine derni\u00e8re, mais sans jouer. Touch\u00e9 \u00e0 un ischio-jambier, il avait finalement \u00e9t\u00e9 laiss\u00e9 au repos par Adi H\u00fctter. Cette semaine, il devrait faire son retour sur le terrain, m\u00eame si <a href=\"https:\/\/www.ladiagonale.net\/index.php\/2024\/02\/23\/entorse-du-genou-gauche-pour-camara-lesion-a-un-ischio-pour-jakobs\/\" target=\"_blank\" rel=\"noreferrer noopener\">son entra\u00eeneur n&rsquo;est pas totalement certain qu&rsquo;il puisse disputer la rencontre en int\u00e9gralit\u00e9<\/a>. Le d\u00e9fenseur ivoirien s&rsquo;estime pr\u00eat et se met \u00e0 disposition d&rsquo;H\u00fctter : \u00ab\u00a0<em>J\u2019ai repris avec le groupe, tout se passe bien. Je pense que je suis pr\u00eat pour ce week-end. 90 Minutes ? Je ne sais pas \u00e7a d\u00e9pendra du coach. Je suis \u00e0 sa disposition.<\/em>\u00a0\u00bb<\/p>\n\n\n\n<p>H\u00fctter attend tout de m\u00eame avec beaucoup d&rsquo;impatience de pouvoir compter sur Singo pour rassurer une d\u00e9fense instable. Lorsqu&rsquo;on lui dit qu&rsquo;il est attendu comme le Messie, il pr\u00e9f\u00e8re en rire, m\u00eame s&rsquo;il reconna\u00eet les difficult\u00e9s actuelles de l&rsquo;\u00e9quipe : \u00ab <em>Il y a des moments difficiles, \u00e7a arrive. On a besoin de travailler comme on le fait tous les jours. On a besoin de plus de concentration et de d\u00e9termination derri\u00e8re et je pense que \u00e7a ira. Le Messie ? Je pense pas (rires).<\/em> \u00bb Singo assure toutefois que l&rsquo;\u00e9quipe \u00ab <em>ne choisit aucun match<\/em> \u00bb et veut profiter du d\u00e9placement \u00e0 Lens pour se relancer. \u00ab <em>On doit rester dans un \u00e9tat d\u2019esprit de vainqueur. Si on reste concentr\u00e9 et appliqu\u00e9, \u00e7a va bien se passer<\/em>\u00a0\u00bb, a-t-il d\u00e9clar\u00e9.<\/p>\n\n\n\n<p>Il a enfin eu mot sur la promotion de Damien Perrinelle, qui a <a href=\"https:\/\/www.ladiagonale.net\/index.php\/2024\/02\/23\/hutter-confirme-avoir-voulu-perrinelle-dans-son-staff\/\" target=\"_blank\" rel=\"noreferrer noopener\">int\u00e9gr\u00e9 le staff de l&rsquo;\u00e9quipe premi\u00e8re<\/a> ce jeudi. Singo admet le conna\u00eetre assez peu mais il a rapidement pu constater la proximit\u00e9 et le lien qu&rsquo;il pouvait cr\u00e9er avec les joueurs : \u00ab <em>Je le sens bien. Il va nous apporter un petit plus dans le travail du coach. Comme je viens d\u2019arriver, je ne vais pas trop me prononcer, mais il est chez lui, c&rsquo;est comme sa maison et \u00e7a se passe bien.\u00a0Il parle et communique beaucoup avec les joueurs, il est proche des joueurs, comme le coach. Il va apporter un plus \u00e0 l\u2019\u00e9quipe. Il communique beaucoup, nous donne des conseils, nous replace et nous encadre, \u00e7a va beaucoup nous aider.<\/em> \u00bb<\/p>\n\n\n","protected":false},"excerpt":{"rendered":"<p>Champion d&rsquo;Afrique avec la C\u00f4te d&rsquo;Ivoire, Wilfried Singo a fait son retour \u00e0 Monaco la semaine derni\u00e8re, mais sans jouer. Touch\u00e9 \u00e0 un ischio-jambier, il avait finalement \u00e9t\u00e9 laiss\u00e9 au repos par Adi H\u00fctter. Cette semaine, il devrait faire son retour sur le terrain, m\u00eame si son entra\u00eeneur n&rsquo;est pas totalement certain qu&rsquo;il puisse disputer [&#8230;]\n","protected":false},"author":2,"featured_media":0,"comment_status":"open","ping_status":"open","sticky":false,"template":"","format":"standard","meta":[],"categories":[6],"tags":[86,499,94,665],"yoast_head":"<!-- This site is optimized with the Yoast SEO plugin v19.8 - https:\/\/yoast.com\/wordpress\/plugins\/seo\/ -->\n<title>Singo : \u00ab&nbsp;Je ne suis pas le Messie en d\u00e9fense&nbsp;\u00bb - La Diagonale<\/title>\n<meta name=\"robots\" content=\"index, follow, max-snippet:-1, max-image-preview:large, max-video-preview:-1\" \/>\n<link rel=\"canonical\" href=\"https:\/\/www.ladiagonale.net\/index.php\/2024\/02\/23\/singo-je-ne-suis-pas-le-messie-en-defense\/\" \/>\n<meta property=\"og:locale\" content=\"fr_FR\" \/>\n<meta property=\"og:type\" content=\"article\" \/>\n<meta property=\"og:title\" content=\"Singo : \u00ab&nbsp;Je ne suis pas le Messie en d\u00e9fense&nbsp;\u00bb - La Diagonale\" \/>\n<meta property=\"og:description\" content=\"Champion d&rsquo;Afrique avec la C\u00f4te d&rsquo;Ivoire, Wilfried Singo a fait son retour \u00e0 Monaco la semaine derni\u00e8re, mais sans jouer. Touch\u00e9 \u00e0 un ischio-jambier, il avait finalement \u00e9t\u00e9 laiss\u00e9 au repos par Adi H\u00fctter. Cette semaine, il devrait faire son retour sur le terrain, m\u00eame si son entra\u00eeneur n&rsquo;est pas totalement certain qu&rsquo;il puisse disputer [...]\" \/>\n<meta property=\"og:url\" content=\"https:\/\/www.ladiagonale.net\/index.php\/2024\/02\/23\/singo-je-ne-suis-pas-le-messie-en-defense\/\" \/>\n<meta property=\"og:site_name\" content=\"La Diagonale\" \/>\n<meta property=\"article:published_time\" content=\"2024-02-23T21:48:19+00:00\" \/>\n<meta property=\"article:modified_time\" content=\"2024-02-23T21:48:23+00:00\" \/>\n<meta property=\"og:image\" content=\"https:\/\/www.ladiagonale.net\/wp-content\/uploads\/2023\/12\/Singo3.png\" \/>\n\t<meta property=\"og:image:width\" content=\"1160\" \/>\n\t<meta property=\"og:image:height\" content=\"650\" \/>\n\t<meta property=\"og:image:type\" content=\"image\/png\" \/>\n<meta name=\"author\" content=\"Damien Dellerba\" \/>\n<meta name=\"twitter:card\" content=\"summary_large_image\" \/>\n<meta name=\"twitter:image\" content=\"https:\/\/www.ladiagonale.net\/wp-content\/uploads\/2023\/12\/Singo3.png\" \/>\n<meta name=\"twitter:label1\" content=\"\u00c9crit par\" \/>\n\t<meta name=\"twitter:data1\" content=\"Damien Dellerba\" \/>\n\t<meta name=\"twitter:label2\" content=\"Dur\u00e9e de lecture estim\u00e9e\" \/>\n\t<meta name=\"twitter:data2\" content=\"2 minutes\" \/>\n<script type=\"application\/ld+json\" class=\"yoast-schema-graph\">{\"@context\":\"https:\/\/schema.org\",\"@graph\":[{\"@type\":\"WebPage\",\"@id\":\"https:\/\/www.ladiagonale.net\/index.php\/2024\/02\/23\/singo-je-ne-suis-pas-le-messie-en-defense\/\",\"url\":\"https:\/\/www.ladiagonale.net\/index.php\/2024\/02\/23\/singo-je-ne-suis-pas-le-messie-en-defense\/\",\"name\":\"Singo : \u00ab&nbsp;Je ne suis pas le Messie en d\u00e9fense&nbsp;\u00bb - La Diagonale\",\"isPartOf\":{\"@id\":\"https:\/\/www.ladiagonale.net\/#website\"},\"datePublished\":\"2024-02-23T21:48:19+00:00\",\"dateModified\":\"2024-02-23T21:48:23+00:00\",\"author\":{\"@id\":\"https:\/\/www.ladiagonale.net\/#\/schema\/person\/79ff1e7b0853ed01b2aa26e64ad300bf\"},\"breadcrumb\":{\"@id\":\"https:\/\/www.ladiagonale.net\/index.php\/2024\/02\/23\/singo-je-ne-suis-pas-le-messie-en-defense\/#breadcrumb\"},\"inLanguage\":\"fr-FR\",\"potentialAction\":[{\"@type\":\"ReadAction\",\"target\":[\"https:\/\/www.ladiagonale.net\/index.php\/2024\/02\/23\/singo-je-ne-suis-pas-le-messie-en-defense\/\"]}]},{\"@type\":\"BreadcrumbList\",\"@id\":\"https:\/\/www.ladiagonale.net\/index.php\/2024\/02\/23\/singo-je-ne-suis-pas-le-messie-en-defense\/#breadcrumb\",\"itemListElement\":[{\"@type\":\"ListItem\",\"position\":1,\"name\":\"Accueil\",\"item\":\"https:\/\/www.ladiagonale.net\/\"},{\"@type\":\"ListItem\",\"position\":2,\"name\":\"Singo : \u00ab&nbsp;Je ne suis pas le Messie en d\u00e9fense&nbsp;\u00bb\"}]},{\"@type\":\"WebSite\",\"@id\":\"https:\/\/www.ladiagonale.net\/#website\",\"url\":\"https:\/\/www.ladiagonale.net\/\",\"name\":\"La Diagonale\",\"description\":\"Le site des supporters de l&#039;AS Monaco FC\",\"potentialAction\":[{\"@type\":\"SearchAction\",\"target\":{\"@type\":\"EntryPoint\",\"urlTemplate\":\"https:\/\/www.ladiagonale.net\/?s={search_term_string}\"},\"query-input\":\"required name=search_term_string\"}],\"inLanguage\":\"fr-FR\"},{\"@type\":\"Person\",\"@id\":\"https:\/\/www.ladiagonale.net\/#\/schema\/person\/79ff1e7b0853ed01b2aa26e64ad300bf\",\"name\":\"Damien Dellerba\",\"image\":{\"@type\":\"ImageObject\",\"inLanguage\":\"fr-FR\",\"@id\":\"https:\/\/www.ladiagonale.net\/#\/schema\/person\/image\/\",\"url\":\"https:\/\/secure.gravatar.com\/avatar\/c7850e06d3ff63cdbaee88b7fc16e2f0?s=96&d=mm&r=g\",\"contentUrl\":\"https:\/\/secure.gravatar.com\/avatar\/c7850e06d3ff63cdbaee88b7fc16e2f0?s=96&d=mm&r=g\",\"caption\":\"Damien Dellerba\"},\"url\":\"https:\/\/www.ladiagonale.net\/index.php\/author\/damien\/\"}]}<\/script>\n<!-- \/ Yoast SEO plugin. -->","yoast_head_json":{"title":"Singo : \u00ab&nbsp;Je ne suis pas le Messie en d\u00e9fense&nbsp;\u00bb - La Diagonale","robots":{"index":"index","follow":"follow","max-snippet":"max-snippet:-1","max-image-preview":"max-image-preview:large","max-video-preview":"max-video-preview:-1"},"canonical":"https:\/\/www.ladiagonale.net\/index.php\/2024\/02\/23\/singo-je-ne-suis-pas-le-messie-en-defense\/","og_locale":"fr_FR","og_type":"article","og_title":"Singo : \u00ab&nbsp;Je ne suis pas le Messie en d\u00e9fense&nbsp;\u00bb - La Diagonale","og_description":"Champion d&rsquo;Afrique avec la C\u00f4te d&rsquo;Ivoire, Wilfried Singo a fait son retour \u00e0 Monaco la semaine derni\u00e8re, mais sans jouer. Touch\u00e9 \u00e0 un ischio-jambier, il avait finalement \u00e9t\u00e9 laiss\u00e9 au repos par Adi H\u00fctter. Cette semaine, il devrait faire son retour sur le terrain, m\u00eame si son entra\u00eeneur n&rsquo;est pas totalement certain qu&rsquo;il puisse disputer [...]","og_url":"https:\/\/www.ladiagonale.net\/index.php\/2024\/02\/23\/singo-je-ne-suis-pas-le-messie-en-defense\/","og_site_name":"La Diagonale","article_published_time":"2024-02-23T21:48:19+00:00","article_modified_time":"2024-02-23T21:48:23+00:00","og_image":[{"width":1160,"height":650,"url":"https:\/\/www.ladiagonale.net\/wp-content\/uploads\/2023\/12\/Singo3.png","type":"image\/png"}],"author":"Damien Dellerba","twitter_card":"summary_large_image","twitter_image":"https:\/\/www.ladiagonale.net\/wp-content\/uploads\/2023\/12\/Singo3.png","twitter_misc":{"\u00c9crit par":"Damien Dellerba","Dur\u00e9e de lecture estim\u00e9e":"2 minutes"},"schema":{"@context":"https:\/\/schema.org","@graph":[{"@type":"WebPage","@id":"https:\/\/www.ladiagonale.net\/index.php\/2024\/02\/23\/singo-je-ne-suis-pas-le-messie-en-defense\/","url":"https:\/\/www.ladiagonale.net\/index.php\/2024\/02\/23\/singo-je-ne-suis-pas-le-messie-en-defense\/","name":"Singo : \u00ab&nbsp;Je ne suis pas le Messie en d\u00e9fense&nbsp;\u00bb - La Diagonale","isPartOf":{"@id":"https:\/\/www.ladiagonale.net\/#website"},"datePublished":"2024-02-23T21:48:19+00:00","dateModified":"2024-02-23T21:48:23+00:00","author":{"@id":"https:\/\/www.ladiagonale.net\/#\/schema\/person\/79ff1e7b0853ed01b2aa26e64ad300bf"},"breadcrumb":{"@id":"https:\/\/www.ladiagonale.net\/index.php\/2024\/02\/23\/singo-je-ne-suis-pas-le-messie-en-defense\/#breadcrumb"},"inLanguage":"fr-FR","potentialAction":[{"@type":"ReadAction","target":["https:\/\/www.ladiagonale.net\/index.php\/2024\/02\/23\/singo-je-ne-suis-pas-le-messie-en-defense\/"]}]},{"@type":"BreadcrumbList","@id":"https:\/\/www.ladiagonale.net\/index.php\/2024\/02\/23\/singo-je-ne-suis-pas-le-messie-en-defense\/#breadcrumb","itemListElement":[{"@type":"ListItem","position":1,"name":"Accueil","item":"https:\/\/www.ladiagonale.net\/"},{"@type":"ListItem","position":2,"name":"Singo : \u00ab&nbsp;Je ne suis pas le Messie en d\u00e9fense&nbsp;\u00bb"}]},{"@type":"WebSite","@id":"https:\/\/www.ladiagonale.net\/#website","url":"https:\/\/www.ladiagonale.net\/","name":"La Diagonale","description":"Le site des supporters de l&#039;AS Monaco FC","potentialAction":[{"@type":"SearchAction","target":{"@type":"EntryPoint","urlTemplate":"https:\/\/www.ladiagonale.net\/?s={search_term_string}"},"query-input":"required name=search_term_string"}],"inLanguage":"fr-FR"},{"@type":"Person","@id":"https:\/\/www.ladiagonale.net\/#\/schema\/person\/79ff1e7b0853ed01b2aa26e64ad300bf","name":"Damien Dellerba","image":{"@type":"ImageObject","inLanguage":"fr-FR","@id":"https:\/\/www.ladiagonale.net\/#\/schema\/person\/image\/","url":"https:\/\/secure.gravatar.com\/avatar\/c7850e06d3ff63cdbaee88b7fc16e2f0?s=96&d=mm&r=g","contentUrl":"https:\/\/secure.gravatar.com\/avatar\/c7850e06d3ff63cdbaee88b7fc16e2f0?s=96&d=mm&r=g","caption":"Damien Dellerba"},"url":"https:\/\/www.ladiagonale.net\/index.php\/author\/damien\/"}]}},"_links":{"self":[{"href":"https:\/\/www.ladiagonale.net\/index.php\/wp-json\/wp\/v2\/posts\/21087"}],"collection":[{"href":"https:\/\/www.ladiagonale.net\/index.php\/wp-json\/wp\/v2\/posts"}],"about":[{"href":"https:\/\/www.ladiagonale.net\/index.php\/wp-json\/wp\/v2\/types\/post"}],"author":[{"embeddable":true,"href":"https:\/\/www.ladiagonale.net\/index.php\/wp-json\/wp\/v2\/users\/2"}],"replies":[{"embeddable":true,"href":"https:\/\/www.ladiagonale.net\/index.php\/wp-json\/wp\/v2\/comments?post=21087"}],"version-history":[{"count":1,"href":"https:\/\/www.ladiagonale.net\/index.php\/wp-json\/wp\/v2\/posts\/21087\/revisions"}],"predecessor-version":[{"id":21088,"href":"https:\/\/www.ladiagonale.net\/index.php\/wp-json\/wp\/v2\/posts\/21087\/revisions\/21088"}],"wp:attachment":[{"href":"https:\/\/www.ladiagonale.net\/index.php\/wp-json\/wp\/v2\/media?parent=21087"}],"wp:term":[{"taxonomy":"category","embeddable":true,"href":"https:\/\/www.ladiagonale.net\/index.php\/wp-json\/wp\/v2\/categories?post=21087"},{"taxonomy":"post_tag","embeddable":true,"href":"https:\/\/www.ladiagonale.net\/index.php\/wp-json\/wp\/v2\/tags?post=21087"}],"curies":[{"name":"wp","href":"https:\/\/api.w.org\/{rel}","templated":true}]}}