{"id":21089,"date":"2024-02-23T23:33:14","date_gmt":"2024-02-23T22:33:14","guid":{"rendered":"https:\/\/www.ladiagonale.net\/?p=21089"},"modified":"2024-02-23T23:33:19","modified_gmt":"2024-02-23T22:33:19","slug":"monaco-enchainera-un-second-multiplex-pour-la-26e-journee","status":"publish","type":"post","link":"https:\/\/www.ladiagonale.net\/index.php\/2024\/02\/23\/monaco-enchainera-un-second-multiplex-pour-la-26e-journee\/","title":{"rendered":"Monaco encha\u00eenera un second multiplex pour la 26e journ\u00e9e"},"content":{"rendered":"\n\n\n<p>Ce vendredi, la LFP a donc d\u00e9voil\u00e9 la programmation de deux journ\u00e9es de Ligue 1. Programm\u00e9 dans le multiplex du 10 mars pour sa rencontre de la 25<sup>e<\/sup> journ\u00e9e contre Strasbourg, Monaco sera \u00e9galement sur ce m\u00eame cr\u00e9neau horaire une semaine plus tard. Lors de la 26<sup>e<\/sup> journ\u00e9e, le club de la Principaut\u00e9 recevra Lorient le 17 mars, \u00e0 15 heures. Une rencontre qui sera toujours \u00e0 voir sur <em>Prime Video<\/em>.<\/p>\n\n\n\n<h3>La programmation compl\u00e8te de la 26<sup>e<\/sup> journ\u00e9e<\/h3>\n\n\n\n<p><strong>Vendredi 15 mars 2024 \u00e0 21h00 sur <em>Prime Video<\/em><\/strong><\/p>\n\n\n\n<ul><li>Toulouse FC &#8211; Olympique Lyonnais<\/li><\/ul>\n\n\n\n<p><strong>Samedi 16 mars 2024 \u00e0 17h00 sur <em>Prime Video<\/em><\/strong><\/p>\n\n\n\n<ul><li>FC Nantes &#8211; RC Strasbourg Alsace<\/li><\/ul>\n\n\n\n<p><strong>Samedi 16 mars 2024 \u00e0 21h00 sur <em>Canal+ Sport 360<\/em> et <em>Canal+ Foot<\/em><\/strong><\/p>\n\n\n\n<ul><li>RC Lens &#8211; OGC Nice<\/li><\/ul>\n\n\n\n<p><strong>Dimanche 17 mars 2024 \u00e0 13h00 sur <em>Prime Video<\/em><\/strong><\/p>\n\n\n\n<ul><li>Stade Brestois 29 &#8211; LOSC Lille<\/li><\/ul>\n\n\n\n<p><strong>Dimanche 17 mars 2024 \u00e0 15h00 sur <em>Prime Video<\/em><\/strong><\/p>\n\n\n\n<ul><li>Clermont Foot 63 &#8211; Havre AC<\/li><li><strong>AS Monaco &#8211; FC Lorient<\/strong><\/li><li>Stade de Reims &#8211; FC Metz<\/li><\/ul>\n\n\n\n<p><strong>Dimanche 17 mars 2024 \u00e0 17h05 sur <em>Canal+ Foot<\/em><\/strong><\/p>\n\n\n\n<ul><li>Stade Rennais FC &#8211; Olympique de Marseille<\/li><\/ul>\n\n\n\n<p><strong>Dimanche 17 mars 2024 \u00e0 20h45 sur <em>Prime Video<\/em><\/strong><\/p>\n\n\n\n<ul><li>Montpellier H\u00e9rault SC &#8211; Paris Saint-Germain<\/li><\/ul>\n\n\n\n<h3>Les autres journ\u00e9es<\/h3>\n\n\n\n<ul><li>24<sup>e<\/sup>\u00a0journ\u00e9e :\u00a0<a href=\"https:\/\/www.ladiagonale.net\/index.php\/2024\/02\/09\/le-choc-face-au-psg-pour-ouvrir-la-24e-journee\/\" target=\"_blank\" rel=\"noreferrer noopener\">Monaco-Paris SG<\/a><\/li><li>25<sup>e<\/sup> journ\u00e9e : <a href=\"https:\/\/www.ladiagonale.net\/index.php\/2024\/02\/23\/strasbourg-monaco-dans-le-multiplex-de-la-25e-journee\/\" target=\"_blank\" rel=\"noreferrer noopener\">Strasbourg-Monaco<\/a><\/li><\/ul>\n","protected":false},"excerpt":{"rendered":"<p>Ce vendredi, la LFP a donc d\u00e9voil\u00e9 la programmation de deux journ\u00e9es de Ligue 1. Programm\u00e9 dans le multiplex du 10 mars pour sa rencontre de la 25e journ\u00e9e contre Strasbourg, Monaco sera \u00e9galement sur ce m\u00eame cr\u00e9neau horaire une semaine plus tard. Lors de la 26e journ\u00e9e, le club de la Principaut\u00e9 recevra Lorient [&#8230;]\n","protected":false},"author":2,"featured_media":0,"comment_status":"open","ping_status":"open","sticky":false,"template":"","format":"standard","meta":[],"categories":[4,6],"tags":[86,433,94,452,172],"yoast_head":"<!-- This site is optimized with the Yoast SEO plugin v19.8 - https:\/\/yoast.com\/wordpress\/plugins\/seo\/ -->\n<title>Monaco encha\u00eenera un second multiplex pour la 26e journ\u00e9e - La Diagonale<\/title>\n<meta name=\"robots\" content=\"index, follow, max-snippet:-1, max-image-preview:large, max-video-preview:-1\" \/>\n<link rel=\"canonical\" href=\"https:\/\/www.ladiagonale.net\/index.php\/2024\/02\/23\/monaco-enchainera-un-second-multiplex-pour-la-26e-journee\/\" \/>\n<meta property=\"og:locale\" content=\"fr_FR\" \/>\n<meta property=\"og:type\" content=\"article\" \/>\n<meta property=\"og:title\" content=\"Monaco encha\u00eenera un second multiplex pour la 26e journ\u00e9e - La Diagonale\" \/>\n<meta property=\"og:description\" content=\"Ce vendredi, la LFP a donc d\u00e9voil\u00e9 la programmation de deux journ\u00e9es de Ligue 1. Programm\u00e9 dans le multiplex du 10 mars pour sa rencontre de la 25e journ\u00e9e contre Strasbourg, Monaco sera \u00e9galement sur ce m\u00eame cr\u00e9neau horaire une semaine plus tard. Lors de la 26e journ\u00e9e, le club de la Principaut\u00e9 recevra Lorient [...]\" \/>\n<meta property=\"og:url\" content=\"https:\/\/www.ladiagonale.net\/index.php\/2024\/02\/23\/monaco-enchainera-un-second-multiplex-pour-la-26e-journee\/\" \/>\n<meta property=\"og:site_name\" content=\"La Diagonale\" \/>\n<meta property=\"article:published_time\" content=\"2024-02-23T22:33:14+00:00\" \/>\n<meta property=\"article:modified_time\" content=\"2024-02-23T22:33:19+00:00\" \/>\n<meta property=\"og:image\" content=\"https:\/\/www.ladiagonale.net\/wp-content\/uploads\/2022\/10\/ligue1.png\" \/>\n\t<meta property=\"og:image:width\" content=\"1160\" \/>\n\t<meta property=\"og:image:height\" content=\"650\" \/>\n\t<meta property=\"og:image:type\" content=\"image\/png\" \/>\n<meta name=\"author\" content=\"Damien Dellerba\" \/>\n<meta name=\"twitter:card\" content=\"summary_large_image\" \/>\n<meta name=\"twitter:image\" content=\"https:\/\/www.ladiagonale.net\/wp-content\/uploads\/2022\/10\/ligue1.png\" \/>\n<meta name=\"twitter:label1\" content=\"\u00c9crit par\" \/>\n\t<meta name=\"twitter:data1\" content=\"Damien Dellerba\" \/>\n\t<meta name=\"twitter:label2\" content=\"Dur\u00e9e de lecture estim\u00e9e\" \/>\n\t<meta name=\"twitter:data2\" content=\"2 minutes\" \/>\n<script type=\"application\/ld+json\" class=\"yoast-schema-graph\">{\"@context\":\"https:\/\/schema.org\",\"@graph\":[{\"@type\":\"WebPage\",\"@id\":\"https:\/\/www.ladiagonale.net\/index.php\/2024\/02\/23\/monaco-enchainera-un-second-multiplex-pour-la-26e-journee\/\",\"url\":\"https:\/\/www.ladiagonale.net\/index.php\/2024\/02\/23\/monaco-enchainera-un-second-multiplex-pour-la-26e-journee\/\",\"name\":\"Monaco encha\u00eenera un second multiplex pour la 26e journ\u00e9e - La Diagonale\",\"isPartOf\":{\"@id\":\"https:\/\/www.ladiagonale.net\/#website\"},\"datePublished\":\"2024-02-23T22:33:14+00:00\",\"dateModified\":\"2024-02-23T22:33:19+00:00\",\"author\":{\"@id\":\"https:\/\/www.ladiagonale.net\/#\/schema\/person\/79ff1e7b0853ed01b2aa26e64ad300bf\"},\"breadcrumb\":{\"@id\":\"https:\/\/www.ladiagonale.net\/index.php\/2024\/02\/23\/monaco-enchainera-un-second-multiplex-pour-la-26e-journee\/#breadcrumb\"},\"inLanguage\":\"fr-FR\",\"potentialAction\":[{\"@type\":\"ReadAction\",\"target\":[\"https:\/\/www.ladiagonale.net\/index.php\/2024\/02\/23\/monaco-enchainera-un-second-multiplex-pour-la-26e-journee\/\"]}]},{\"@type\":\"BreadcrumbList\",\"@id\":\"https:\/\/www.ladiagonale.net\/index.php\/2024\/02\/23\/monaco-enchainera-un-second-multiplex-pour-la-26e-journee\/#breadcrumb\",\"itemListElement\":[{\"@type\":\"ListItem\",\"position\":1,\"name\":\"Accueil\",\"item\":\"https:\/\/www.ladiagonale.net\/\"},{\"@type\":\"ListItem\",\"position\":2,\"name\":\"Monaco encha\u00eenera un second multiplex pour la 26e journ\u00e9e\"}]},{\"@type\":\"WebSite\",\"@id\":\"https:\/\/www.ladiagonale.net\/#website\",\"url\":\"https:\/\/www.ladiagonale.net\/\",\"name\":\"La Diagonale\",\"description\":\"Le site des supporters de l&#039;AS Monaco FC\",\"potentialAction\":[{\"@type\":\"SearchAction\",\"target\":{\"@type\":\"EntryPoint\",\"urlTemplate\":\"https:\/\/www.ladiagonale.net\/?s={search_term_string}\"},\"query-input\":\"required name=search_term_string\"}],\"inLanguage\":\"fr-FR\"},{\"@type\":\"Person\",\"@id\":\"https:\/\/www.ladiagonale.net\/#\/schema\/person\/79ff1e7b0853ed01b2aa26e64ad300bf\",\"name\":\"Damien Dellerba\",\"image\":{\"@type\":\"ImageObject\",\"inLanguage\":\"fr-FR\",\"@id\":\"https:\/\/www.ladiagonale.net\/#\/schema\/person\/image\/\",\"url\":\"https:\/\/secure.gravatar.com\/avatar\/c7850e06d3ff63cdbaee88b7fc16e2f0?s=96&d=mm&r=g\",\"contentUrl\":\"https:\/\/secure.gravatar.com\/avatar\/c7850e06d3ff63cdbaee88b7fc16e2f0?s=96&d=mm&r=g\",\"caption\":\"Damien Dellerba\"},\"url\":\"https:\/\/www.ladiagonale.net\/index.php\/author\/damien\/\"}]}<\/script>\n<!-- \/ Yoast SEO plugin. -->","yoast_head_json":{"title":"Monaco encha\u00eenera un second multiplex pour la 26e journ\u00e9e - La Diagonale","robots":{"index":"index","follow":"follow","max-snippet":"max-snippet:-1","max-image-preview":"max-image-preview:large","max-video-preview":"max-video-preview:-1"},"canonical":"https:\/\/www.ladiagonale.net\/index.php\/2024\/02\/23\/monaco-enchainera-un-second-multiplex-pour-la-26e-journee\/","og_locale":"fr_FR","og_type":"article","og_title":"Monaco encha\u00eenera un second multiplex pour la 26e journ\u00e9e - La Diagonale","og_description":"Ce vendredi, la LFP a donc d\u00e9voil\u00e9 la programmation de deux journ\u00e9es de Ligue 1. Programm\u00e9 dans le multiplex du 10 mars pour sa rencontre de la 25e journ\u00e9e contre Strasbourg, Monaco sera \u00e9galement sur ce m\u00eame cr\u00e9neau horaire une semaine plus tard. Lors de la 26e journ\u00e9e, le club de la Principaut\u00e9 recevra Lorient [...]","og_url":"https:\/\/www.ladiagonale.net\/index.php\/2024\/02\/23\/monaco-enchainera-un-second-multiplex-pour-la-26e-journee\/","og_site_name":"La Diagonale","article_published_time":"2024-02-23T22:33:14+00:00","article_modified_time":"2024-02-23T22:33:19+00:00","og_image":[{"width":1160,"height":650,"url":"https:\/\/www.ladiagonale.net\/wp-content\/uploads\/2022\/10\/ligue1.png","type":"image\/png"}],"author":"Damien Dellerba","twitter_card":"summary_large_image","twitter_image":"https:\/\/www.ladiagonale.net\/wp-content\/uploads\/2022\/10\/ligue1.png","twitter_misc":{"\u00c9crit par":"Damien Dellerba","Dur\u00e9e de lecture estim\u00e9e":"2 minutes"},"schema":{"@context":"https:\/\/schema.org","@graph":[{"@type":"WebPage","@id":"https:\/\/www.ladiagonale.net\/index.php\/2024\/02\/23\/monaco-enchainera-un-second-multiplex-pour-la-26e-journee\/","url":"https:\/\/www.ladiagonale.net\/index.php\/2024\/02\/23\/monaco-enchainera-un-second-multiplex-pour-la-26e-journee\/","name":"Monaco encha\u00eenera un second multiplex pour la 26e journ\u00e9e - La Diagonale","isPartOf":{"@id":"https:\/\/www.ladiagonale.net\/#website"},"datePublished":"2024-02-23T22:33:14+00:00","dateModified":"2024-02-23T22:33:19+00:00","author":{"@id":"https:\/\/www.ladiagonale.net\/#\/schema\/person\/79ff1e7b0853ed01b2aa26e64ad300bf"},"breadcrumb":{"@id":"https:\/\/www.ladiagonale.net\/index.php\/2024\/02\/23\/monaco-enchainera-un-second-multiplex-pour-la-26e-journee\/#breadcrumb"},"inLanguage":"fr-FR","potentialAction":[{"@type":"ReadAction","target":["https:\/\/www.ladiagonale.net\/index.php\/2024\/02\/23\/monaco-enchainera-un-second-multiplex-pour-la-26e-journee\/"]}]},{"@type":"BreadcrumbList","@id":"https:\/\/www.ladiagonale.net\/index.php\/2024\/02\/23\/monaco-enchainera-un-second-multiplex-pour-la-26e-journee\/#breadcrumb","itemListElement":[{"@type":"ListItem","position":1,"name":"Accueil","item":"https:\/\/www.ladiagonale.net\/"},{"@type":"ListItem","position":2,"name":"Monaco encha\u00eenera un second multiplex pour la 26e journ\u00e9e"}]},{"@type":"WebSite","@id":"https:\/\/www.ladiagonale.net\/#website","url":"https:\/\/www.ladiagonale.net\/","name":"La Diagonale","description":"Le site des supporters de l&#039;AS Monaco FC","potentialAction":[{"@type":"SearchAction","target":{"@type":"EntryPoint","urlTemplate":"https:\/\/www.ladiagonale.net\/?s={search_term_string}"},"query-input":"required name=search_term_string"}],"inLanguage":"fr-FR"},{"@type":"Person","@id":"https:\/\/www.ladiagonale.net\/#\/schema\/person\/79ff1e7b0853ed01b2aa26e64ad300bf","name":"Damien Dellerba","image":{"@type":"ImageObject","inLanguage":"fr-FR","@id":"https:\/\/www.ladiagonale.net\/#\/schema\/person\/image\/","url":"https:\/\/secure.gravatar.com\/avatar\/c7850e06d3ff63cdbaee88b7fc16e2f0?s=96&d=mm&r=g","contentUrl":"https:\/\/secure.gravatar.com\/avatar\/c7850e06d3ff63cdbaee88b7fc16e2f0?s=96&d=mm&r=g","caption":"Damien Dellerba"},"url":"https:\/\/www.ladiagonale.net\/index.php\/author\/damien\/"}]}},"_links":{"self":[{"href":"https:\/\/www.ladiagonale.net\/index.php\/wp-json\/wp\/v2\/posts\/21089"}],"collection":[{"href":"https:\/\/www.ladiagonale.net\/index.php\/wp-json\/wp\/v2\/posts"}],"about":[{"href":"https:\/\/www.ladiagonale.net\/index.php\/wp-json\/wp\/v2\/types\/post"}],"author":[{"embeddable":true,"href":"https:\/\/www.ladiagonale.net\/index.php\/wp-json\/wp\/v2\/users\/2"}],"replies":[{"embeddable":true,"href":"https:\/\/www.ladiagonale.net\/index.php\/wp-json\/wp\/v2\/comments?post=21089"}],"version-history":[{"count":1,"href":"https:\/\/www.ladiagonale.net\/index.php\/wp-json\/wp\/v2\/posts\/21089\/revisions"}],"predecessor-version":[{"id":21091,"href":"https:\/\/www.ladiagonale.net\/index.php\/wp-json\/wp\/v2\/posts\/21089\/revisions\/21091"}],"wp:attachment":[{"href":"https:\/\/www.ladiagonale.net\/index.php\/wp-json\/wp\/v2\/media?parent=21089"}],"wp:term":[{"taxonomy":"category","embeddable":true,"href":"https:\/\/www.ladiagonale.net\/index.php\/wp-json\/wp\/v2\/categories?post=21089"},{"taxonomy":"post_tag","embeddable":true,"href":"https:\/\/www.ladiagonale.net\/index.php\/wp-json\/wp\/v2\/tags?post=21089"}],"curies":[{"name":"wp","href":"https:\/\/api.w.org\/{rel}","templated":true}]}}