{"id":21092,"date":"2024-02-24T09:08:00","date_gmt":"2024-02-24T08:08:00","guid":{"rendered":"https:\/\/www.ladiagonale.net\/?p=21092"},"modified":"2024-02-24T00:36:46","modified_gmt":"2024-02-23T23:36:46","slug":"monaco-a-souvent-perdu-espoir-a-lens","status":"publish","type":"post","link":"https:\/\/www.ladiagonale.net\/index.php\/2024\/02\/24\/monaco-a-souvent-perdu-espoir-a-lens\/","title":{"rendered":"Monaco a souvent perdu espoir \u00e0 Lens"},"content":{"rendered":"\n\n\n<p>Samedi (21h), il s&rsquo;agira de la 53<sup>e<\/sup> confrontation entre l&rsquo;AS Monaco et Lens dans le Pas-de-Calais. Les Lensois ont l&rsquo;avantage sur les Mon\u00e9gasques, avec 21 succ\u00e8s contre 11 pour les joueurs de la Principaut\u00e9. Les deux \u00e9quipes se sont \u00e9galement s\u00e9par\u00e9es sur un score nul \u00e0 vingt reprises et c&rsquo;est notamment le cas de trois des cinq derni\u00e8res confrontations. Les succ\u00e8s des Rouge et Blanc se font rares puisqu&rsquo;il faut remonter \u00e0 la saison 2014-2015 (0-3) pour en trouver trace, et la rencontre ne s&rsquo;\u00e9tait m\u00eame pas d\u00e9roul\u00e9e dans l&rsquo;antre historique des Nordistes mais \u00e0 Amiens.<\/p>\n\n\n\n<p>Ces trois derni\u00e8res saisons, un d\u00e9placement au Stade Bollaert a surtout \u00e9t\u00e9 synonyme de d\u00e9sillusion pour l&rsquo;ASM, qui s&rsquo;est rat\u00e9e deux fois de suite dans l&rsquo;ultime journ\u00e9e de championnat pour obtenir un ticket direct pour la Ligue des champions. La rencontre de la saison derni\u00e8re reste toutefois une humiliation cuisante (0-3). L&rsquo;\u00e9quipe de Philippe Clement, encore convalescente et groggy par son \u00e9limination en barrage de la Ligue Europa par le Bayer Leverkusen, avait totalement d\u00e9viss\u00e9 en un quart d&rsquo;heure, conc\u00e9dant un doubl\u00e9 par Openda. Thomasson avait ensuite enfonc\u00e9 le dernier clou du cercueil, condamnant Monaco \u00e0 une fin de saison d\u00e9sastreuse.<\/p>\n\n\n\n<figure class=\"wp-block-embed is-type-video is-provider-youtube wp-block-embed-youtube wp-embed-aspect-16-9 wp-has-aspect-ratio\"><div class=\"wp-block-embed__wrapper\">\n<iframe loading=\"lazy\" title=\"#AuCharbon #RCLASM\" width=\"1020\" height=\"574\" src=\"https:\/\/www.youtube.com\/embed\/xmhatM42iuk?feature=oembed\" frameborder=\"0\" allow=\"accelerometer; autoplay; clipboard-write; encrypted-media; gyroscope; picture-in-picture; web-share\" allowfullscreen><\/iframe>\n<\/div><\/figure>\n\n\n\n<p><strong>Les cinq derni\u00e8res confrontations en Ligue 1 au stade Bollaert<\/strong><\/p>\n\n\n\n<figure class=\"wp-block-table is-style-stripes\"><table><tbody><tr><td class=\"has-text-align-center\" data-align=\"center\">Saison 2022-2023<\/td><td class=\"has-text-align-center\" data-align=\"center\">32<sup>e<\/sup> journ\u00e9e<\/td><td class=\"has-text-align-right\" data-align=\"right\"><strong>Lens<\/strong><\/td><td class=\"has-text-align-center\" data-align=\"center\">3-0<\/td><td class=\"has-text-align-left\" data-align=\"left\">Monaco<\/td><td class=\"has-text-align-center\" data-align=\"center\">\ud83d\udd34<\/td><\/tr><tr><td class=\"has-text-align-center\" data-align=\"center\">Saison 2021-2022<\/td><td class=\"has-text-align-center\" data-align=\"center\">38<sup>e<\/sup> journ\u00e9e<\/td><td class=\"has-text-align-right\" data-align=\"right\">Lens<\/td><td class=\"has-text-align-center\" data-align=\"center\">2-2<\/td><td class=\"has-text-align-left\" data-align=\"left\">Monaco<\/td><td class=\"has-text-align-center\" data-align=\"center\">\ud83d\udfe1<\/td><\/tr><tr><td class=\"has-text-align-center\" data-align=\"center\">Saison 2020-2021<\/td><td class=\"has-text-align-center\" data-align=\"center\">38<sup>e<\/sup> journ\u00e9e<\/td><td class=\"has-text-align-right\" data-align=\"right\">Lens<\/td><td class=\"has-text-align-center\" data-align=\"center\">0-0<\/td><td class=\"has-text-align-left\" data-align=\"left\">Monaco<\/td><td class=\"has-text-align-center\" data-align=\"center\">\ud83d\udfe1<\/td><\/tr><tr><td class=\"has-text-align-center\" data-align=\"center\">Saison 2014-2015<\/td><td class=\"has-text-align-center\" data-align=\"center\">34<sup>e<\/sup> journ\u00e9e<\/td><td class=\"has-text-align-right\" data-align=\"right\">Lens<\/td><td class=\"has-text-align-center\" data-align=\"center\">0-3<\/td><td class=\"has-text-align-left\" data-align=\"left\"><strong>Monaco<\/strong><\/td><td class=\"has-text-align-center\" data-align=\"center\">\ud83d\udfe2<\/td><\/tr><tr><td class=\"has-text-align-center\" data-align=\"center\">Saison 2010-2011<\/td><td class=\"has-text-align-center\" data-align=\"center\">3<sup>e<\/sup> journ\u00e9e<\/td><td class=\"has-text-align-right\" data-align=\"right\">Lens<\/td><td class=\"has-text-align-center\" data-align=\"center\">2-2<\/td><td class=\"has-text-align-left\" data-align=\"left\">Monaco<\/td><td class=\"has-text-align-center\" data-align=\"center\">\ud83d\udfe1<\/td><\/tr><\/tbody><\/table><\/figure>\n","protected":false},"excerpt":{"rendered":"<p>Samedi (21h), il s&rsquo;agira de la 53e confrontation entre l&rsquo;AS Monaco et Lens dans le Pas-de-Calais. Les Lensois ont l&rsquo;avantage sur les Mon\u00e9gasques, avec 21 succ\u00e8s contre 11 pour les joueurs de la Principaut\u00e9. Les deux \u00e9quipes se sont \u00e9galement s\u00e9par\u00e9es sur un score nul \u00e0 vingt reprises et c&rsquo;est notamment le cas de trois [&#8230;]\n","protected":false},"author":2,"featured_media":0,"comment_status":"open","ping_status":"open","sticky":false,"template":"","format":"standard","meta":[],"categories":[6],"tags":[86,261,499,94],"yoast_head":"<!-- This site is optimized with the Yoast SEO plugin v19.8 - https:\/\/yoast.com\/wordpress\/plugins\/seo\/ -->\n<title>Monaco a souvent perdu espoir \u00e0 Lens - La Diagonale<\/title>\n<meta name=\"robots\" content=\"index, follow, max-snippet:-1, max-image-preview:large, max-video-preview:-1\" \/>\n<link rel=\"canonical\" href=\"https:\/\/www.ladiagonale.net\/index.php\/2024\/02\/24\/monaco-a-souvent-perdu-espoir-a-lens\/\" \/>\n<meta property=\"og:locale\" content=\"fr_FR\" \/>\n<meta property=\"og:type\" content=\"article\" \/>\n<meta property=\"og:title\" content=\"Monaco a souvent perdu espoir \u00e0 Lens - La Diagonale\" \/>\n<meta property=\"og:description\" content=\"Samedi (21h), il s&rsquo;agira de la 53e confrontation entre l&rsquo;AS Monaco et Lens dans le Pas-de-Calais. Les Lensois ont l&rsquo;avantage sur les Mon\u00e9gasques, avec 21 succ\u00e8s contre 11 pour les joueurs de la Principaut\u00e9. Les deux \u00e9quipes se sont \u00e9galement s\u00e9par\u00e9es sur un score nul \u00e0 vingt reprises et c&rsquo;est notamment le cas de trois [...]\" \/>\n<meta property=\"og:url\" content=\"https:\/\/www.ladiagonale.net\/index.php\/2024\/02\/24\/monaco-a-souvent-perdu-espoir-a-lens\/\" \/>\n<meta property=\"og:site_name\" content=\"La Diagonale\" \/>\n<meta property=\"article:published_time\" content=\"2024-02-24T08:08:00+00:00\" \/>\n<meta property=\"article:modified_time\" content=\"2024-02-23T23:36:46+00:00\" \/>\n<meta property=\"og:image\" content=\"https:\/\/www.ladiagonale.net\/wp-content\/uploads\/2024\/02\/lens23.png\" \/>\n\t<meta property=\"og:image:width\" content=\"1160\" \/>\n\t<meta property=\"og:image:height\" content=\"650\" \/>\n\t<meta property=\"og:image:type\" content=\"image\/png\" \/>\n<meta name=\"author\" content=\"Damien Dellerba\" \/>\n<meta name=\"twitter:card\" content=\"summary_large_image\" \/>\n<meta name=\"twitter:image\" content=\"https:\/\/www.ladiagonale.net\/wp-content\/uploads\/2024\/02\/lens23.png\" \/>\n<meta name=\"twitter:label1\" content=\"\u00c9crit par\" \/>\n\t<meta name=\"twitter:data1\" content=\"Damien Dellerba\" \/>\n\t<meta name=\"twitter:label2\" content=\"Dur\u00e9e de lecture estim\u00e9e\" \/>\n\t<meta name=\"twitter:data2\" content=\"2 minutes\" \/>\n<script type=\"application\/ld+json\" class=\"yoast-schema-graph\">{\"@context\":\"https:\/\/schema.org\",\"@graph\":[{\"@type\":\"WebPage\",\"@id\":\"https:\/\/www.ladiagonale.net\/index.php\/2024\/02\/24\/monaco-a-souvent-perdu-espoir-a-lens\/\",\"url\":\"https:\/\/www.ladiagonale.net\/index.php\/2024\/02\/24\/monaco-a-souvent-perdu-espoir-a-lens\/\",\"name\":\"Monaco a souvent perdu espoir \u00e0 Lens - La Diagonale\",\"isPartOf\":{\"@id\":\"https:\/\/www.ladiagonale.net\/#website\"},\"datePublished\":\"2024-02-24T08:08:00+00:00\",\"dateModified\":\"2024-02-23T23:36:46+00:00\",\"author\":{\"@id\":\"https:\/\/www.ladiagonale.net\/#\/schema\/person\/79ff1e7b0853ed01b2aa26e64ad300bf\"},\"breadcrumb\":{\"@id\":\"https:\/\/www.ladiagonale.net\/index.php\/2024\/02\/24\/monaco-a-souvent-perdu-espoir-a-lens\/#breadcrumb\"},\"inLanguage\":\"fr-FR\",\"potentialAction\":[{\"@type\":\"ReadAction\",\"target\":[\"https:\/\/www.ladiagonale.net\/index.php\/2024\/02\/24\/monaco-a-souvent-perdu-espoir-a-lens\/\"]}]},{\"@type\":\"BreadcrumbList\",\"@id\":\"https:\/\/www.ladiagonale.net\/index.php\/2024\/02\/24\/monaco-a-souvent-perdu-espoir-a-lens\/#breadcrumb\",\"itemListElement\":[{\"@type\":\"ListItem\",\"position\":1,\"name\":\"Accueil\",\"item\":\"https:\/\/www.ladiagonale.net\/\"},{\"@type\":\"ListItem\",\"position\":2,\"name\":\"Monaco a souvent perdu espoir \u00e0 Lens\"}]},{\"@type\":\"WebSite\",\"@id\":\"https:\/\/www.ladiagonale.net\/#website\",\"url\":\"https:\/\/www.ladiagonale.net\/\",\"name\":\"La Diagonale\",\"description\":\"Le site des supporters de l&#039;AS Monaco FC\",\"potentialAction\":[{\"@type\":\"SearchAction\",\"target\":{\"@type\":\"EntryPoint\",\"urlTemplate\":\"https:\/\/www.ladiagonale.net\/?s={search_term_string}\"},\"query-input\":\"required name=search_term_string\"}],\"inLanguage\":\"fr-FR\"},{\"@type\":\"Person\",\"@id\":\"https:\/\/www.ladiagonale.net\/#\/schema\/person\/79ff1e7b0853ed01b2aa26e64ad300bf\",\"name\":\"Damien Dellerba\",\"image\":{\"@type\":\"ImageObject\",\"inLanguage\":\"fr-FR\",\"@id\":\"https:\/\/www.ladiagonale.net\/#\/schema\/person\/image\/\",\"url\":\"https:\/\/secure.gravatar.com\/avatar\/c7850e06d3ff63cdbaee88b7fc16e2f0?s=96&d=mm&r=g\",\"contentUrl\":\"https:\/\/secure.gravatar.com\/avatar\/c7850e06d3ff63cdbaee88b7fc16e2f0?s=96&d=mm&r=g\",\"caption\":\"Damien Dellerba\"},\"url\":\"https:\/\/www.ladiagonale.net\/index.php\/author\/damien\/\"}]}<\/script>\n<!-- \/ Yoast SEO plugin. -->","yoast_head_json":{"title":"Monaco a souvent perdu espoir \u00e0 Lens - La Diagonale","robots":{"index":"index","follow":"follow","max-snippet":"max-snippet:-1","max-image-preview":"max-image-preview:large","max-video-preview":"max-video-preview:-1"},"canonical":"https:\/\/www.ladiagonale.net\/index.php\/2024\/02\/24\/monaco-a-souvent-perdu-espoir-a-lens\/","og_locale":"fr_FR","og_type":"article","og_title":"Monaco a souvent perdu espoir \u00e0 Lens - La Diagonale","og_description":"Samedi (21h), il s&rsquo;agira de la 53e confrontation entre l&rsquo;AS Monaco et Lens dans le Pas-de-Calais. Les Lensois ont l&rsquo;avantage sur les Mon\u00e9gasques, avec 21 succ\u00e8s contre 11 pour les joueurs de la Principaut\u00e9. Les deux \u00e9quipes se sont \u00e9galement s\u00e9par\u00e9es sur un score nul \u00e0 vingt reprises et c&rsquo;est notamment le cas de trois [...]","og_url":"https:\/\/www.ladiagonale.net\/index.php\/2024\/02\/24\/monaco-a-souvent-perdu-espoir-a-lens\/","og_site_name":"La Diagonale","article_published_time":"2024-02-24T08:08:00+00:00","article_modified_time":"2024-02-23T23:36:46+00:00","og_image":[{"width":1160,"height":650,"url":"https:\/\/www.ladiagonale.net\/wp-content\/uploads\/2024\/02\/lens23.png","type":"image\/png"}],"author":"Damien Dellerba","twitter_card":"summary_large_image","twitter_image":"https:\/\/www.ladiagonale.net\/wp-content\/uploads\/2024\/02\/lens23.png","twitter_misc":{"\u00c9crit par":"Damien Dellerba","Dur\u00e9e de lecture estim\u00e9e":"2 minutes"},"schema":{"@context":"https:\/\/schema.org","@graph":[{"@type":"WebPage","@id":"https:\/\/www.ladiagonale.net\/index.php\/2024\/02\/24\/monaco-a-souvent-perdu-espoir-a-lens\/","url":"https:\/\/www.ladiagonale.net\/index.php\/2024\/02\/24\/monaco-a-souvent-perdu-espoir-a-lens\/","name":"Monaco a souvent perdu espoir \u00e0 Lens - La Diagonale","isPartOf":{"@id":"https:\/\/www.ladiagonale.net\/#website"},"datePublished":"2024-02-24T08:08:00+00:00","dateModified":"2024-02-23T23:36:46+00:00","author":{"@id":"https:\/\/www.ladiagonale.net\/#\/schema\/person\/79ff1e7b0853ed01b2aa26e64ad300bf"},"breadcrumb":{"@id":"https:\/\/www.ladiagonale.net\/index.php\/2024\/02\/24\/monaco-a-souvent-perdu-espoir-a-lens\/#breadcrumb"},"inLanguage":"fr-FR","potentialAction":[{"@type":"ReadAction","target":["https:\/\/www.ladiagonale.net\/index.php\/2024\/02\/24\/monaco-a-souvent-perdu-espoir-a-lens\/"]}]},{"@type":"BreadcrumbList","@id":"https:\/\/www.ladiagonale.net\/index.php\/2024\/02\/24\/monaco-a-souvent-perdu-espoir-a-lens\/#breadcrumb","itemListElement":[{"@type":"ListItem","position":1,"name":"Accueil","item":"https:\/\/www.ladiagonale.net\/"},{"@type":"ListItem","position":2,"name":"Monaco a souvent perdu espoir \u00e0 Lens"}]},{"@type":"WebSite","@id":"https:\/\/www.ladiagonale.net\/#website","url":"https:\/\/www.ladiagonale.net\/","name":"La Diagonale","description":"Le site des supporters de l&#039;AS Monaco FC","potentialAction":[{"@type":"SearchAction","target":{"@type":"EntryPoint","urlTemplate":"https:\/\/www.ladiagonale.net\/?s={search_term_string}"},"query-input":"required name=search_term_string"}],"inLanguage":"fr-FR"},{"@type":"Person","@id":"https:\/\/www.ladiagonale.net\/#\/schema\/person\/79ff1e7b0853ed01b2aa26e64ad300bf","name":"Damien Dellerba","image":{"@type":"ImageObject","inLanguage":"fr-FR","@id":"https:\/\/www.ladiagonale.net\/#\/schema\/person\/image\/","url":"https:\/\/secure.gravatar.com\/avatar\/c7850e06d3ff63cdbaee88b7fc16e2f0?s=96&d=mm&r=g","contentUrl":"https:\/\/secure.gravatar.com\/avatar\/c7850e06d3ff63cdbaee88b7fc16e2f0?s=96&d=mm&r=g","caption":"Damien Dellerba"},"url":"https:\/\/www.ladiagonale.net\/index.php\/author\/damien\/"}]}},"_links":{"self":[{"href":"https:\/\/www.ladiagonale.net\/index.php\/wp-json\/wp\/v2\/posts\/21092"}],"collection":[{"href":"https:\/\/www.ladiagonale.net\/index.php\/wp-json\/wp\/v2\/posts"}],"about":[{"href":"https:\/\/www.ladiagonale.net\/index.php\/wp-json\/wp\/v2\/types\/post"}],"author":[{"embeddable":true,"href":"https:\/\/www.ladiagonale.net\/index.php\/wp-json\/wp\/v2\/users\/2"}],"replies":[{"embeddable":true,"href":"https:\/\/www.ladiagonale.net\/index.php\/wp-json\/wp\/v2\/comments?post=21092"}],"version-history":[{"count":4,"href":"https:\/\/www.ladiagonale.net\/index.php\/wp-json\/wp\/v2\/posts\/21092\/revisions"}],"predecessor-version":[{"id":21103,"href":"https:\/\/www.ladiagonale.net\/index.php\/wp-json\/wp\/v2\/posts\/21092\/revisions\/21103"}],"wp:attachment":[{"href":"https:\/\/www.ladiagonale.net\/index.php\/wp-json\/wp\/v2\/media?parent=21092"}],"wp:term":[{"taxonomy":"category","embeddable":true,"href":"https:\/\/www.ladiagonale.net\/index.php\/wp-json\/wp\/v2\/categories?post=21092"},{"taxonomy":"post_tag","embeddable":true,"href":"https:\/\/www.ladiagonale.net\/index.php\/wp-json\/wp\/v2\/tags?post=21092"}],"curies":[{"name":"wp","href":"https:\/\/api.w.org\/{rel}","templated":true}]}}