{"id":21111,"date":"2024-02-24T19:57:40","date_gmt":"2024-02-24T18:57:40","guid":{"rendered":"https:\/\/www.ladiagonale.net\/?p=21111"},"modified":"2024-02-24T19:57:45","modified_gmt":"2024-02-24T18:57:45","slug":"le-groupe-monegasque-benama-convoque","status":"publish","type":"post","link":"https:\/\/www.ladiagonale.net\/index.php\/2024\/02\/24\/le-groupe-monegasque-benama-convoque\/","title":{"rendered":"Le groupe mon\u00e9gasque : Benama convoqu\u00e9"},"content":{"rendered":"\n<p>Adi H\u00fctter a d\u00e9cid\u00e9 d&rsquo;appeler 21 joueurs pour faire le d\u00e9placement jusqu&rsquo;\u00e0 Lens ce dimanche (13h). Les absents seront nombreux, puisque Monaco compte deux joueurs suspendus, Thilo Kehrer et Maghnes Akliouche, et surtout une multitude de bless\u00e9s. Mohamed Camara (entorse du genou gauche) et Ismail Jakobs (l\u00e9sion \u00e0 un ischio-jambier) rejoignent une infirmerie qui comptait d\u00e9j\u00e0 Kr\u00e9pin Diatta et Vanderson, en plus des absents longue dur\u00e9e.<\/p>\n\n\n\n<p>Pour faire face \u00e0 cette cascade de forfaits, l&rsquo;entra\u00eeneur autrichien peut se f\u00e9liciter de voir Wissam Ben Yedder, Aleksandr Golovin et Soungoutou Magassa de retour de suspension, mais il devra n\u00e9cessairement piocher dans l&rsquo;Academy pour pouvoir constituer un groupe complet. Mayssam Benama a \u00e9t\u00e9 appel\u00e9 pour la premi\u00e8re fois de la saison pour renforcer les effectifs au milieu de terrain. Aur\u00e9lien Platret, Ritchy Valme et Lucas Michal sont aussi pr\u00e9sents.<\/p>\n\n\n\n<h3>Le groupe mon\u00e9gasque<\/h3>\n\n\n\n<ul><li><strong>Gardiens :<\/strong> K\u00f6hn, Lienard, Majecki.<\/li><li><strong>D\u00e9fenseurs :<\/strong> Magassa, Maripan, Ouattara, Platret, Salisu, Singo, Valme.<\/li><li><strong>Milieux :<\/strong> Benama, Ben Seghir, Coulibaly, Diop, Fofana, Golovin, Minamino, Zakaria.<\/li><li><strong>Attaquants :<\/strong> Balogun, Ben Yedder, Michal.<\/li><\/ul>\n\n\n\n<p><em>Absents :<\/em> Kehrer, Akliouche (suspendus), Embolo (reprise), Camara, Diatta, Jakobs, Vanderson, C. Henrique (bless\u00e9s).<\/p>\n\n\n","protected":false},"excerpt":{"rendered":"<p>Adi H\u00fctter a d\u00e9cid\u00e9 d&rsquo;appeler 21 joueurs pour faire le d\u00e9placement jusqu&rsquo;\u00e0 Lens ce dimanche (13h). Les absents seront nombreux, puisque Monaco compte deux joueurs suspendus, Thilo Kehrer et Maghnes Akliouche, et surtout une multitude de bless\u00e9s. Mohamed Camara (entorse du genou gauche) et Ismail Jakobs (l\u00e9sion \u00e0 un ischio-jambier) rejoignent une infirmerie qui comptait [&#8230;]\n","protected":false},"author":2,"featured_media":0,"comment_status":"open","ping_status":"open","sticky":false,"template":"","format":"standard","meta":[],"categories":[4,6],"tags":[86,225,499,94],"yoast_head":"<!-- This site is optimized with the Yoast SEO plugin v19.8 - https:\/\/yoast.com\/wordpress\/plugins\/seo\/ -->\n<title>Le groupe mon\u00e9gasque : Benama convoqu\u00e9 - La Diagonale<\/title>\n<meta name=\"robots\" content=\"index, follow, max-snippet:-1, max-image-preview:large, max-video-preview:-1\" \/>\n<link rel=\"canonical\" href=\"https:\/\/www.ladiagonale.net\/index.php\/2024\/02\/24\/le-groupe-monegasque-benama-convoque\/\" \/>\n<meta property=\"og:locale\" content=\"fr_FR\" \/>\n<meta property=\"og:type\" content=\"article\" \/>\n<meta property=\"og:title\" content=\"Le groupe mon\u00e9gasque : Benama convoqu\u00e9 - La Diagonale\" \/>\n<meta property=\"og:description\" content=\"Adi H\u00fctter a d\u00e9cid\u00e9 d&rsquo;appeler 21 joueurs pour faire le d\u00e9placement jusqu&rsquo;\u00e0 Lens ce dimanche (13h). Les absents seront nombreux, puisque Monaco compte deux joueurs suspendus, Thilo Kehrer et Maghnes Akliouche, et surtout une multitude de bless\u00e9s. Mohamed Camara (entorse du genou gauche) et Ismail Jakobs (l\u00e9sion \u00e0 un ischio-jambier) rejoignent une infirmerie qui comptait [...]\" \/>\n<meta property=\"og:url\" content=\"https:\/\/www.ladiagonale.net\/index.php\/2024\/02\/24\/le-groupe-monegasque-benama-convoque\/\" \/>\n<meta property=\"og:site_name\" content=\"La Diagonale\" \/>\n<meta property=\"article:published_time\" content=\"2024-02-24T18:57:40+00:00\" \/>\n<meta property=\"article:modified_time\" content=\"2024-02-24T18:57:45+00:00\" \/>\n<meta property=\"og:image\" content=\"https:\/\/www.ladiagonale.net\/wp-content\/uploads\/2023\/05\/benama.png\" \/>\n\t<meta property=\"og:image:width\" content=\"1160\" \/>\n\t<meta property=\"og:image:height\" content=\"650\" \/>\n\t<meta property=\"og:image:type\" content=\"image\/png\" \/>\n<meta name=\"author\" content=\"Damien Dellerba\" \/>\n<meta name=\"twitter:card\" content=\"summary_large_image\" \/>\n<meta name=\"twitter:image\" content=\"https:\/\/www.ladiagonale.net\/wp-content\/uploads\/2023\/05\/benama.png\" \/>\n<meta name=\"twitter:label1\" content=\"\u00c9crit par\" \/>\n\t<meta name=\"twitter:data1\" content=\"Damien Dellerba\" \/>\n\t<meta name=\"twitter:label2\" content=\"Dur\u00e9e de lecture estim\u00e9e\" \/>\n\t<meta name=\"twitter:data2\" content=\"1 minute\" \/>\n<script type=\"application\/ld+json\" class=\"yoast-schema-graph\">{\"@context\":\"https:\/\/schema.org\",\"@graph\":[{\"@type\":\"WebPage\",\"@id\":\"https:\/\/www.ladiagonale.net\/index.php\/2024\/02\/24\/le-groupe-monegasque-benama-convoque\/\",\"url\":\"https:\/\/www.ladiagonale.net\/index.php\/2024\/02\/24\/le-groupe-monegasque-benama-convoque\/\",\"name\":\"Le groupe mon\u00e9gasque : Benama convoqu\u00e9 - La Diagonale\",\"isPartOf\":{\"@id\":\"https:\/\/www.ladiagonale.net\/#website\"},\"datePublished\":\"2024-02-24T18:57:40+00:00\",\"dateModified\":\"2024-02-24T18:57:45+00:00\",\"author\":{\"@id\":\"https:\/\/www.ladiagonale.net\/#\/schema\/person\/79ff1e7b0853ed01b2aa26e64ad300bf\"},\"breadcrumb\":{\"@id\":\"https:\/\/www.ladiagonale.net\/index.php\/2024\/02\/24\/le-groupe-monegasque-benama-convoque\/#breadcrumb\"},\"inLanguage\":\"fr-FR\",\"potentialAction\":[{\"@type\":\"ReadAction\",\"target\":[\"https:\/\/www.ladiagonale.net\/index.php\/2024\/02\/24\/le-groupe-monegasque-benama-convoque\/\"]}]},{\"@type\":\"BreadcrumbList\",\"@id\":\"https:\/\/www.ladiagonale.net\/index.php\/2024\/02\/24\/le-groupe-monegasque-benama-convoque\/#breadcrumb\",\"itemListElement\":[{\"@type\":\"ListItem\",\"position\":1,\"name\":\"Accueil\",\"item\":\"https:\/\/www.ladiagonale.net\/\"},{\"@type\":\"ListItem\",\"position\":2,\"name\":\"Le groupe mon\u00e9gasque : Benama convoqu\u00e9\"}]},{\"@type\":\"WebSite\",\"@id\":\"https:\/\/www.ladiagonale.net\/#website\",\"url\":\"https:\/\/www.ladiagonale.net\/\",\"name\":\"La Diagonale\",\"description\":\"Le site des supporters de l&#039;AS Monaco FC\",\"potentialAction\":[{\"@type\":\"SearchAction\",\"target\":{\"@type\":\"EntryPoint\",\"urlTemplate\":\"https:\/\/www.ladiagonale.net\/?s={search_term_string}\"},\"query-input\":\"required name=search_term_string\"}],\"inLanguage\":\"fr-FR\"},{\"@type\":\"Person\",\"@id\":\"https:\/\/www.ladiagonale.net\/#\/schema\/person\/79ff1e7b0853ed01b2aa26e64ad300bf\",\"name\":\"Damien Dellerba\",\"image\":{\"@type\":\"ImageObject\",\"inLanguage\":\"fr-FR\",\"@id\":\"https:\/\/www.ladiagonale.net\/#\/schema\/person\/image\/\",\"url\":\"https:\/\/secure.gravatar.com\/avatar\/c7850e06d3ff63cdbaee88b7fc16e2f0?s=96&d=mm&r=g\",\"contentUrl\":\"https:\/\/secure.gravatar.com\/avatar\/c7850e06d3ff63cdbaee88b7fc16e2f0?s=96&d=mm&r=g\",\"caption\":\"Damien Dellerba\"},\"url\":\"https:\/\/www.ladiagonale.net\/index.php\/author\/damien\/\"}]}<\/script>\n<!-- \/ Yoast SEO plugin. -->","yoast_head_json":{"title":"Le groupe mon\u00e9gasque : Benama convoqu\u00e9 - La Diagonale","robots":{"index":"index","follow":"follow","max-snippet":"max-snippet:-1","max-image-preview":"max-image-preview:large","max-video-preview":"max-video-preview:-1"},"canonical":"https:\/\/www.ladiagonale.net\/index.php\/2024\/02\/24\/le-groupe-monegasque-benama-convoque\/","og_locale":"fr_FR","og_type":"article","og_title":"Le groupe mon\u00e9gasque : Benama convoqu\u00e9 - La Diagonale","og_description":"Adi H\u00fctter a d\u00e9cid\u00e9 d&rsquo;appeler 21 joueurs pour faire le d\u00e9placement jusqu&rsquo;\u00e0 Lens ce dimanche (13h). Les absents seront nombreux, puisque Monaco compte deux joueurs suspendus, Thilo Kehrer et Maghnes Akliouche, et surtout une multitude de bless\u00e9s. Mohamed Camara (entorse du genou gauche) et Ismail Jakobs (l\u00e9sion \u00e0 un ischio-jambier) rejoignent une infirmerie qui comptait [...]","og_url":"https:\/\/www.ladiagonale.net\/index.php\/2024\/02\/24\/le-groupe-monegasque-benama-convoque\/","og_site_name":"La Diagonale","article_published_time":"2024-02-24T18:57:40+00:00","article_modified_time":"2024-02-24T18:57:45+00:00","og_image":[{"width":1160,"height":650,"url":"https:\/\/www.ladiagonale.net\/wp-content\/uploads\/2023\/05\/benama.png","type":"image\/png"}],"author":"Damien Dellerba","twitter_card":"summary_large_image","twitter_image":"https:\/\/www.ladiagonale.net\/wp-content\/uploads\/2023\/05\/benama.png","twitter_misc":{"\u00c9crit par":"Damien Dellerba","Dur\u00e9e de lecture estim\u00e9e":"1 minute"},"schema":{"@context":"https:\/\/schema.org","@graph":[{"@type":"WebPage","@id":"https:\/\/www.ladiagonale.net\/index.php\/2024\/02\/24\/le-groupe-monegasque-benama-convoque\/","url":"https:\/\/www.ladiagonale.net\/index.php\/2024\/02\/24\/le-groupe-monegasque-benama-convoque\/","name":"Le groupe mon\u00e9gasque : Benama convoqu\u00e9 - La Diagonale","isPartOf":{"@id":"https:\/\/www.ladiagonale.net\/#website"},"datePublished":"2024-02-24T18:57:40+00:00","dateModified":"2024-02-24T18:57:45+00:00","author":{"@id":"https:\/\/www.ladiagonale.net\/#\/schema\/person\/79ff1e7b0853ed01b2aa26e64ad300bf"},"breadcrumb":{"@id":"https:\/\/www.ladiagonale.net\/index.php\/2024\/02\/24\/le-groupe-monegasque-benama-convoque\/#breadcrumb"},"inLanguage":"fr-FR","potentialAction":[{"@type":"ReadAction","target":["https:\/\/www.ladiagonale.net\/index.php\/2024\/02\/24\/le-groupe-monegasque-benama-convoque\/"]}]},{"@type":"BreadcrumbList","@id":"https:\/\/www.ladiagonale.net\/index.php\/2024\/02\/24\/le-groupe-monegasque-benama-convoque\/#breadcrumb","itemListElement":[{"@type":"ListItem","position":1,"name":"Accueil","item":"https:\/\/www.ladiagonale.net\/"},{"@type":"ListItem","position":2,"name":"Le groupe mon\u00e9gasque : Benama convoqu\u00e9"}]},{"@type":"WebSite","@id":"https:\/\/www.ladiagonale.net\/#website","url":"https:\/\/www.ladiagonale.net\/","name":"La Diagonale","description":"Le site des supporters de l&#039;AS Monaco FC","potentialAction":[{"@type":"SearchAction","target":{"@type":"EntryPoint","urlTemplate":"https:\/\/www.ladiagonale.net\/?s={search_term_string}"},"query-input":"required name=search_term_string"}],"inLanguage":"fr-FR"},{"@type":"Person","@id":"https:\/\/www.ladiagonale.net\/#\/schema\/person\/79ff1e7b0853ed01b2aa26e64ad300bf","name":"Damien Dellerba","image":{"@type":"ImageObject","inLanguage":"fr-FR","@id":"https:\/\/www.ladiagonale.net\/#\/schema\/person\/image\/","url":"https:\/\/secure.gravatar.com\/avatar\/c7850e06d3ff63cdbaee88b7fc16e2f0?s=96&d=mm&r=g","contentUrl":"https:\/\/secure.gravatar.com\/avatar\/c7850e06d3ff63cdbaee88b7fc16e2f0?s=96&d=mm&r=g","caption":"Damien Dellerba"},"url":"https:\/\/www.ladiagonale.net\/index.php\/author\/damien\/"}]}},"_links":{"self":[{"href":"https:\/\/www.ladiagonale.net\/index.php\/wp-json\/wp\/v2\/posts\/21111"}],"collection":[{"href":"https:\/\/www.ladiagonale.net\/index.php\/wp-json\/wp\/v2\/posts"}],"about":[{"href":"https:\/\/www.ladiagonale.net\/index.php\/wp-json\/wp\/v2\/types\/post"}],"author":[{"embeddable":true,"href":"https:\/\/www.ladiagonale.net\/index.php\/wp-json\/wp\/v2\/users\/2"}],"replies":[{"embeddable":true,"href":"https:\/\/www.ladiagonale.net\/index.php\/wp-json\/wp\/v2\/comments?post=21111"}],"version-history":[{"count":1,"href":"https:\/\/www.ladiagonale.net\/index.php\/wp-json\/wp\/v2\/posts\/21111\/revisions"}],"predecessor-version":[{"id":21112,"href":"https:\/\/www.ladiagonale.net\/index.php\/wp-json\/wp\/v2\/posts\/21111\/revisions\/21112"}],"wp:attachment":[{"href":"https:\/\/www.ladiagonale.net\/index.php\/wp-json\/wp\/v2\/media?parent=21111"}],"wp:term":[{"taxonomy":"category","embeddable":true,"href":"https:\/\/www.ladiagonale.net\/index.php\/wp-json\/wp\/v2\/categories?post=21111"},{"taxonomy":"post_tag","embeddable":true,"href":"https:\/\/www.ladiagonale.net\/index.php\/wp-json\/wp\/v2\/tags?post=21111"}],"curies":[{"name":"wp","href":"https:\/\/api.w.org\/{rel}","templated":true}]}}