{"id":21153,"date":"2024-02-25T22:51:23","date_gmt":"2024-02-25T21:51:23","guid":{"rendered":"https:\/\/www.ladiagonale.net\/?p=21153"},"modified":"2024-02-25T22:57:56","modified_gmt":"2024-02-25T21:57:56","slug":"les-notes-minamino-a-charbonne","status":"publish","type":"post","link":"https:\/\/www.ladiagonale.net\/index.php\/2024\/02\/25\/les-notes-minamino-a-charbonne\/","title":{"rendered":"Les notes : Minamino a charbonn\u00e9"},"content":{"rendered":"\n\n\n<p><strong>Dans une position de piston droit, Takumi Minamino n&rsquo;a jamais cess\u00e9 de faire des efforts pour son \u00e9quipe et son influence dans cette rencontre a \u00e9t\u00e9 grande.<\/strong><\/p>\n\n\n\n<h4 class=\"wp-block-heading has-white-color has-text-color has-background\" style=\"background-color:#4cae47\">TOPS<\/h4>\n\n\n\n<div class=\"wp-block-media-text alignwide is-stacked-on-mobile\" style=\"grid-template-columns:30% auto\"><figure class=\"wp-block-media-text__media\"><img loading=\"lazy\" width=\"400\" height=\"400\" src=\"https:\/\/www.ladiagonale.net\/wp-content\/uploads\/2023\/08\/mina8.png\" alt=\"\" class=\"wp-image-15358 size-full\" srcset=\"https:\/\/www.ladiagonale.net\/wp-content\/uploads\/2023\/08\/mina8.png 400w, https:\/\/www.ladiagonale.net\/wp-content\/uploads\/2023\/08\/mina8-300x300.png 300w, https:\/\/www.ladiagonale.net\/wp-content\/uploads\/2023\/08\/mina8-150x150.png 150w, https:\/\/www.ladiagonale.net\/wp-content\/uploads\/2023\/08\/mina8-128x128.png 128w, https:\/\/www.ladiagonale.net\/wp-content\/uploads\/2023\/08\/mina8-32x32.png 32w\" sizes=\"(max-width: 400px) 100vw, 400px\" \/><\/figure><div class=\"wp-block-media-text__content\">\n<p style=\"font-size:16px\"><strong>Takumi Minamino<\/strong><\/p>\n\n\n\n<p style=\"font-size:15px\">Brice Samba fera probablement des cauchemars \u00e0 cause de lui. Il a d&rsquo;abord provoqu\u00e9 le but contre son camp du portier lensois (30<sup>e<\/sup>) avant de lui faire commettre une faute et d&rsquo;obtenir un p\u00e9nalty (78<sup>e<\/sup>) puis de donner la victoire \u00e0 l&rsquo;ASM d&rsquo;une superbe frappe filet oppos\u00e9 (90<sup>e<\/sup>+2). Il lui a fallu un peu de temps pour s&rsquo;habituer \u00e0 ce r\u00f4le un peu particulier et hybride de piston droit, et la sortie de Chavez sur blessure l&rsquo;a probablement lib\u00e9r\u00e9. Un peu trop altruiste par moments, ce qui l&#8217;emp\u00eache de faire le bon choix (39<sup>e<\/sup>).<\/p>\n<\/div><\/div>\n\n\n\n<div style=\"height:50px\" aria-hidden=\"true\" class=\"wp-block-spacer\"><\/div>\n\n\n\n<div class=\"wp-block-media-text alignwide is-stacked-on-mobile is-vertically-aligned-center\" style=\"grid-template-columns:30% auto\"><figure class=\"wp-block-media-text__media\"><img loading=\"lazy\" width=\"400\" height=\"400\" src=\"https:\/\/www.ladiagonale.net\/wp-content\/uploads\/2024\/01\/Majecki6.png\" alt=\"\" class=\"wp-image-19880 size-full\" srcset=\"https:\/\/www.ladiagonale.net\/wp-content\/uploads\/2024\/01\/Majecki6.png 400w, https:\/\/www.ladiagonale.net\/wp-content\/uploads\/2024\/01\/Majecki6-300x300.png 300w, https:\/\/www.ladiagonale.net\/wp-content\/uploads\/2024\/01\/Majecki6-150x150.png 150w, https:\/\/www.ladiagonale.net\/wp-content\/uploads\/2024\/01\/Majecki6-128x128.png 128w, https:\/\/www.ladiagonale.net\/wp-content\/uploads\/2024\/01\/Majecki6-32x32.png 32w\" sizes=\"(max-width: 400px) 100vw, 400px\" \/><\/figure><div class=\"wp-block-media-text__content\">\n<p style=\"font-size:16px\"><strong>Radoslaw Majecki<\/strong><\/p>\n\n\n\n<p style=\"font-size:15px\">Adi H\u00fctter a choqu\u00e9 en d\u00e9cidant de rel\u00e9guer K\u00f6hn sur le banc et d&rsquo;installer Majecki dans les buts. Le Polonais a globalement bien r\u00e9pondu aux attentes de son entra\u00eeneur. Il a parfois \u00e9t\u00e9 approximatif dans la lecture de certaines trajectoires et ses sorties a\u00e9riennes ont pu \u00eatre hasardeuses \u00e0 certaines reprises, mais sur sa ligne il a r\u00e9alis\u00e9 une bonne performance, malgr\u00e9 deux buts encaiss\u00e9s mais o\u00f9 il ne pouvait pas grand-chose. Il a r\u00e9alis\u00e9 plusieurs arr\u00eats, pas tous difficiles (7<sup>e<\/sup>, 37<sup>e<\/sup>, 51<sup>e<\/sup>, 55<sup>e<\/sup>, 87<sup>e<\/sup>) et a globalement bien capt\u00e9 les ballons. Son attitude et sa fa\u00e7on de communiquer avec sa d\u00e9fense sont aussi int\u00e9ressantes et d&rsquo;une certaine mani\u00e8re, plus incisives que K\u00f6hn.<\/p>\n<\/div><\/div>\n\n\n\n<div style=\"height:50px\" aria-hidden=\"true\" class=\"wp-block-spacer\"><\/div>\n\n\n\n<div class=\"wp-block-media-text alignwide is-stacked-on-mobile\" style=\"grid-template-columns:30% auto\"><figure class=\"wp-block-media-text__media\"><img loading=\"lazy\" width=\"400\" height=\"400\" src=\"https:\/\/www.ladiagonale.net\/wp-content\/uploads\/2023\/12\/Balogun6.png\" alt=\"\" class=\"wp-image-18801 size-full\" srcset=\"https:\/\/www.ladiagonale.net\/wp-content\/uploads\/2023\/12\/Balogun6.png 400w, https:\/\/www.ladiagonale.net\/wp-content\/uploads\/2023\/12\/Balogun6-300x300.png 300w, https:\/\/www.ladiagonale.net\/wp-content\/uploads\/2023\/12\/Balogun6-150x150.png 150w, https:\/\/www.ladiagonale.net\/wp-content\/uploads\/2023\/12\/Balogun6-128x128.png 128w, https:\/\/www.ladiagonale.net\/wp-content\/uploads\/2023\/12\/Balogun6-32x32.png 32w\" sizes=\"(max-width: 400px) 100vw, 400px\" \/><\/figure><div class=\"wp-block-media-text__content\">\n<p style=\"font-size:16px\"><strong>Folarin Balogun<\/strong><\/p>\n\n\n\n<p style=\"font-size:15px\">M\u00eame quand il fait une prestation aboutie, il faut toujours que quelque chose vienne ternir son match. Et comme souvent, c&rsquo;est une histoire de p\u00e9nalty. Pour la quatri\u00e8me fois de la saison, il s&rsquo;est rat\u00e9 dans l&rsquo;exercice (83<sup>e<\/sup>) et cela commence \u00e0 \u00eatre un tr\u00e8s gros probl\u00e8me car ils sont syst\u00e9matiquement mal tir\u00e9s. Mais jusque-l\u00e0, son match \u00e9tait bon, avec un tr\u00e8s beau but qu&rsquo;il est all\u00e9 lui-m\u00eame chercher en dominant Danso de la t\u00eate puis en allant battre Samba (19<sup>e<\/sup>). Accrocheur dans le jeu sans ballon, il s&rsquo;est beaucoup impliqu\u00e9 dans le pressing et a aussi sign\u00e9 un bon retour d\u00e9fensif dans son camp (42<sup>e<\/sup>). On esp\u00e8re le voir comme cela plus souvent.<\/p>\n<\/div><\/div>\n\n\n\n<div style=\"height:50px\" aria-hidden=\"true\" class=\"wp-block-spacer\"><\/div>\n\n\n\n<div class=\"wp-block-media-text alignwide is-stacked-on-mobile\" style=\"grid-template-columns:30% auto\"><figure class=\"wp-block-media-text__media\"><img loading=\"lazy\" width=\"400\" height=\"400\" src=\"https:\/\/www.ladiagonale.net\/wp-content\/uploads\/2023\/09\/Zakaria6.png\" alt=\"\" class=\"wp-image-16508 size-full\" srcset=\"https:\/\/www.ladiagonale.net\/wp-content\/uploads\/2023\/09\/Zakaria6.png 400w, https:\/\/www.ladiagonale.net\/wp-content\/uploads\/2023\/09\/Zakaria6-300x300.png 300w, https:\/\/www.ladiagonale.net\/wp-content\/uploads\/2023\/09\/Zakaria6-150x150.png 150w, https:\/\/www.ladiagonale.net\/wp-content\/uploads\/2023\/09\/Zakaria6-128x128.png 128w, https:\/\/www.ladiagonale.net\/wp-content\/uploads\/2023\/09\/Zakaria6-32x32.png 32w\" sizes=\"(max-width: 400px) 100vw, 400px\" \/><\/figure><div class=\"wp-block-media-text__content\">\n<p style=\"font-size:16px\"><strong>Denis Zakaria<\/strong><\/p>\n\n\n\n<p style=\"font-size:15px\">Il est tr\u00e8s vite bien rentr\u00e9 dans son match en servant id\u00e9alement Ben Yedder qui a croqu\u00e9 la feuille devant Samba (6<sup>e<\/sup>). S&rsquo;il n&rsquo;a pas contr\u00f4l\u00e9 le rythme du match, il a toujours r\u00e9ussi \u00e0 s&rsquo;adapter, \u00e0 jouer plus vite et plus direct quand le jeu le demandait et \u00e0 temporiser lorsque Monaco avait plus de mal \u00e0 ressortir les ballons. Son sens du placement et de l&rsquo;anticipation a \u00e9t\u00e9 pr\u00e9cieux puisqu&rsquo;il a intercept\u00e9 quatre ballons tout en disputant finalement assez peu de duels.<\/p>\n<\/div><\/div>\n\n\n\n<div style=\"height:50px\" aria-hidden=\"true\" class=\"wp-block-spacer\"><\/div>\n\n\n\n<h4 class=\"wp-block-heading has-white-color has-vivid-red-background-color has-text-color has-background\">FLOPS<\/h4>\n\n\n\n<div class=\"wp-block-media-text alignwide is-stacked-on-mobile\" style=\"grid-template-columns:30% auto\"><figure class=\"wp-block-media-text__media\"><img loading=\"lazy\" width=\"400\" height=\"400\" src=\"https:\/\/www.ladiagonale.net\/wp-content\/uploads\/2023\/11\/Fofana4.png\" alt=\"\" class=\"wp-image-18100 size-full\" srcset=\"https:\/\/www.ladiagonale.net\/wp-content\/uploads\/2023\/11\/Fofana4.png 400w, https:\/\/www.ladiagonale.net\/wp-content\/uploads\/2023\/11\/Fofana4-300x300.png 300w, https:\/\/www.ladiagonale.net\/wp-content\/uploads\/2023\/11\/Fofana4-150x150.png 150w, https:\/\/www.ladiagonale.net\/wp-content\/uploads\/2023\/11\/Fofana4-128x128.png 128w, https:\/\/www.ladiagonale.net\/wp-content\/uploads\/2023\/11\/Fofana4-32x32.png 32w\" sizes=\"(max-width: 400px) 100vw, 400px\" \/><\/figure><div class=\"wp-block-media-text__content\">\n<p style=\"font-size:16px\"><strong>Youssouf Fofana<\/strong><\/p>\n\n\n\n<p style=\"font-size:15px\">Sa prestation confirme encore un peu plus que les temps sont durs pour lui en ce moment. On retient difficilement quelque chose de positif ou d&rsquo;impactant de son match. Il a connu un \u00e9norme d\u00e9chet dans l&rsquo;utilisation du ballon (21 ballons perdus) et n&rsquo;a pas non plus brill\u00e9 dans les duels (5\/13 remport\u00e9s). Il a r\u00e9cup\u00e9r\u00e9 le brassard de capitaine \u00e0 la sortie de Wissam Ben Yedder, et contrairement au match de Rouen, il s&rsquo;est comport\u00e9 en vrai taulier pour donner le ballon \u00e0 Balogun sur le p\u00e9nalty.<\/p>\n<\/div><\/div>\n\n\n\n<div style=\"height:50px\" aria-hidden=\"true\" class=\"wp-block-spacer\"><\/div>\n\n\n\n<div class=\"wp-block-media-text alignwide is-stacked-on-mobile\" style=\"grid-template-columns:30% auto\"><figure class=\"wp-block-media-text__media\"><img loading=\"lazy\" width=\"400\" height=\"400\" src=\"https:\/\/www.ladiagonale.net\/wp-content\/uploads\/2023\/08\/Golovin4.png\" alt=\"\" class=\"wp-image-15646 size-full\" srcset=\"https:\/\/www.ladiagonale.net\/wp-content\/uploads\/2023\/08\/Golovin4.png 400w, https:\/\/www.ladiagonale.net\/wp-content\/uploads\/2023\/08\/Golovin4-300x300.png 300w, https:\/\/www.ladiagonale.net\/wp-content\/uploads\/2023\/08\/Golovin4-150x150.png 150w, https:\/\/www.ladiagonale.net\/wp-content\/uploads\/2023\/08\/Golovin4-128x128.png 128w, https:\/\/www.ladiagonale.net\/wp-content\/uploads\/2023\/08\/Golovin4-32x32.png 32w\" sizes=\"(max-width: 400px) 100vw, 400px\" \/><\/figure><div class=\"wp-block-media-text__content\">\n<p style=\"font-size:16px\"><strong>Aleksandr Golovin<\/strong><\/p>\n\n\n\n<p style=\"font-size:15px\">\u00c0 l&rsquo;instar de Fofana, on reconna\u00eet assez peu le Golovin du d\u00e9but de saison depuis le d\u00e9but de l&rsquo;ann\u00e9e civile. Comme Minamino, il a d\u00fb s&rsquo;adapter \u00e0 une position un peu diff\u00e9rente, en couvrant tant\u00f4t le couloir gauche, tant\u00f4t l&rsquo;axe o\u00f9 il avait un r\u00f4le \u00e0 jouer dans le pressing. Dans ce r\u00f4le, il a \u00e9t\u00e9 certes exemplaire et volontaire mais c&rsquo;est surtout dans le jeu avec ballon o\u00f9 on attend beaucoup plus de lui. C&rsquo;est encore insuffisant et il peine \u00e0 influer sur le jeu de l&rsquo;\u00e9quipe. On retiendra aussi qu&rsquo;il joue mal le coup en essayant de donner le ballon \u00e0 Balogun (23<sup>e<\/sup>).<\/p>\n<\/div><\/div>\n\n\n\n<div style=\"height:50px\" aria-hidden=\"true\" class=\"wp-block-spacer\"><\/div>\n\n\n\n<h4 class=\"wp-block-heading has-white-color has-text-color has-background\" style=\"background-color:#303030\">Les autres notes<\/h4>\n\n\n<div class=\"wp-block-image\">\n<figure class=\"aligncenter size-large\"><img loading=\"lazy\" width=\"1024\" height=\"978\" src=\"https:\/\/www.ladiagonale.net\/wp-content\/uploads\/2024\/02\/lineup-builder-5-1024x978.png\" alt=\"\" class=\"wp-image-21165\" srcset=\"https:\/\/www.ladiagonale.net\/wp-content\/uploads\/2024\/02\/lineup-builder-5-1024x978.png 1024w, https:\/\/www.ladiagonale.net\/wp-content\/uploads\/2024\/02\/lineup-builder-5-300x286.png 300w, https:\/\/www.ladiagonale.net\/wp-content\/uploads\/2024\/02\/lineup-builder-5-768x733.png 768w, https:\/\/www.ladiagonale.net\/wp-content\/uploads\/2024\/02\/lineup-builder-5-128x122.png 128w, https:\/\/www.ladiagonale.net\/wp-content\/uploads\/2024\/02\/lineup-builder-5-32x32.png 32w, https:\/\/www.ladiagonale.net\/wp-content\/uploads\/2024\/02\/lineup-builder-5.png 1104w\" sizes=\"(max-width: 1024px) 100vw, 1024px\" \/><figcaption>H\u00fctter : 7 &#8211; Moyenne : 5,5\/10<\/figcaption><\/figure><\/div>","protected":false},"excerpt":{"rendered":"<p>Dans une position de piston droit, Takumi Minamino n&rsquo;a jamais cess\u00e9 de faire des efforts pour son \u00e9quipe et son influence dans cette rencontre a \u00e9t\u00e9 grande. TOPS Takumi Minamino Brice Samba fera probablement des cauchemars \u00e0 cause de lui. Il a d&rsquo;abord provoqu\u00e9 le but contre son camp du portier lensois (30e) avant de [&#8230;]\n","protected":false},"author":2,"featured_media":21161,"comment_status":"open","ping_status":"open","sticky":false,"template":"","format":"standard","meta":[],"categories":[5,6],"tags":[86,499,94,248],"yoast_head":"<!-- This site is optimized with the Yoast SEO plugin v19.8 - https:\/\/yoast.com\/wordpress\/plugins\/seo\/ -->\n<title>Les notes : Minamino a charbonn\u00e9 - La Diagonale<\/title>\n<meta name=\"robots\" content=\"index, follow, max-snippet:-1, max-image-preview:large, max-video-preview:-1\" \/>\n<link rel=\"canonical\" href=\"https:\/\/www.ladiagonale.net\/index.php\/2024\/02\/25\/les-notes-minamino-a-charbonne\/\" \/>\n<meta property=\"og:locale\" content=\"fr_FR\" \/>\n<meta property=\"og:type\" content=\"article\" \/>\n<meta property=\"og:title\" content=\"Les notes : Minamino a charbonn\u00e9 - La Diagonale\" \/>\n<meta property=\"og:description\" content=\"Dans une position de piston droit, Takumi Minamino n&rsquo;a jamais cess\u00e9 de faire des efforts pour son \u00e9quipe et son influence dans cette rencontre a \u00e9t\u00e9 grande. TOPS Takumi Minamino Brice Samba fera probablement des cauchemars \u00e0 cause de lui. Il a d&rsquo;abord provoqu\u00e9 le but contre son camp du portier lensois (30e) avant de [...]\" \/>\n<meta property=\"og:url\" content=\"https:\/\/www.ladiagonale.net\/index.php\/2024\/02\/25\/les-notes-minamino-a-charbonne\/\" \/>\n<meta property=\"og:site_name\" content=\"La Diagonale\" \/>\n<meta property=\"article:published_time\" content=\"2024-02-25T21:51:23+00:00\" \/>\n<meta property=\"article:modified_time\" content=\"2024-02-25T21:57:56+00:00\" \/>\n<meta property=\"og:image\" content=\"https:\/\/www.ladiagonale.net\/wp-content\/uploads\/2024\/02\/minamino-lens-1.png\" \/>\n\t<meta property=\"og:image:width\" content=\"1160\" \/>\n\t<meta property=\"og:image:height\" content=\"650\" \/>\n\t<meta property=\"og:image:type\" content=\"image\/png\" \/>\n<meta name=\"author\" content=\"Damien Dellerba\" \/>\n<meta name=\"twitter:card\" content=\"summary_large_image\" \/>\n<meta name=\"twitter:image\" content=\"https:\/\/www.ladiagonale.net\/wp-content\/uploads\/2024\/02\/minamino-lens-1.png\" \/>\n<meta name=\"twitter:label1\" content=\"\u00c9crit par\" \/>\n\t<meta name=\"twitter:data1\" content=\"Damien Dellerba\" \/>\n\t<meta name=\"twitter:label2\" content=\"Dur\u00e9e de lecture estim\u00e9e\" \/>\n\t<meta name=\"twitter:data2\" content=\"5 minutes\" \/>\n<script type=\"application\/ld+json\" class=\"yoast-schema-graph\">{\"@context\":\"https:\/\/schema.org\",\"@graph\":[{\"@type\":\"WebPage\",\"@id\":\"https:\/\/www.ladiagonale.net\/index.php\/2024\/02\/25\/les-notes-minamino-a-charbonne\/\",\"url\":\"https:\/\/www.ladiagonale.net\/index.php\/2024\/02\/25\/les-notes-minamino-a-charbonne\/\",\"name\":\"Les notes : Minamino a charbonn\u00e9 - La Diagonale\",\"isPartOf\":{\"@id\":\"https:\/\/www.ladiagonale.net\/#website\"},\"datePublished\":\"2024-02-25T21:51:23+00:00\",\"dateModified\":\"2024-02-25T21:57:56+00:00\",\"author\":{\"@id\":\"https:\/\/www.ladiagonale.net\/#\/schema\/person\/79ff1e7b0853ed01b2aa26e64ad300bf\"},\"breadcrumb\":{\"@id\":\"https:\/\/www.ladiagonale.net\/index.php\/2024\/02\/25\/les-notes-minamino-a-charbonne\/#breadcrumb\"},\"inLanguage\":\"fr-FR\",\"potentialAction\":[{\"@type\":\"ReadAction\",\"target\":[\"https:\/\/www.ladiagonale.net\/index.php\/2024\/02\/25\/les-notes-minamino-a-charbonne\/\"]}]},{\"@type\":\"BreadcrumbList\",\"@id\":\"https:\/\/www.ladiagonale.net\/index.php\/2024\/02\/25\/les-notes-minamino-a-charbonne\/#breadcrumb\",\"itemListElement\":[{\"@type\":\"ListItem\",\"position\":1,\"name\":\"Accueil\",\"item\":\"https:\/\/www.ladiagonale.net\/\"},{\"@type\":\"ListItem\",\"position\":2,\"name\":\"Les notes : Minamino a charbonn\u00e9\"}]},{\"@type\":\"WebSite\",\"@id\":\"https:\/\/www.ladiagonale.net\/#website\",\"url\":\"https:\/\/www.ladiagonale.net\/\",\"name\":\"La Diagonale\",\"description\":\"Le site des supporters de l&#039;AS Monaco FC\",\"potentialAction\":[{\"@type\":\"SearchAction\",\"target\":{\"@type\":\"EntryPoint\",\"urlTemplate\":\"https:\/\/www.ladiagonale.net\/?s={search_term_string}\"},\"query-input\":\"required name=search_term_string\"}],\"inLanguage\":\"fr-FR\"},{\"@type\":\"Person\",\"@id\":\"https:\/\/www.ladiagonale.net\/#\/schema\/person\/79ff1e7b0853ed01b2aa26e64ad300bf\",\"name\":\"Damien Dellerba\",\"image\":{\"@type\":\"ImageObject\",\"inLanguage\":\"fr-FR\",\"@id\":\"https:\/\/www.ladiagonale.net\/#\/schema\/person\/image\/\",\"url\":\"https:\/\/secure.gravatar.com\/avatar\/c7850e06d3ff63cdbaee88b7fc16e2f0?s=96&d=mm&r=g\",\"contentUrl\":\"https:\/\/secure.gravatar.com\/avatar\/c7850e06d3ff63cdbaee88b7fc16e2f0?s=96&d=mm&r=g\",\"caption\":\"Damien Dellerba\"},\"url\":\"https:\/\/www.ladiagonale.net\/index.php\/author\/damien\/\"}]}<\/script>\n<!-- \/ Yoast SEO plugin. -->","yoast_head_json":{"title":"Les notes : Minamino a charbonn\u00e9 - La Diagonale","robots":{"index":"index","follow":"follow","max-snippet":"max-snippet:-1","max-image-preview":"max-image-preview:large","max-video-preview":"max-video-preview:-1"},"canonical":"https:\/\/www.ladiagonale.net\/index.php\/2024\/02\/25\/les-notes-minamino-a-charbonne\/","og_locale":"fr_FR","og_type":"article","og_title":"Les notes : Minamino a charbonn\u00e9 - La Diagonale","og_description":"Dans une position de piston droit, Takumi Minamino n&rsquo;a jamais cess\u00e9 de faire des efforts pour son \u00e9quipe et son influence dans cette rencontre a \u00e9t\u00e9 grande. TOPS Takumi Minamino Brice Samba fera probablement des cauchemars \u00e0 cause de lui. Il a d&rsquo;abord provoqu\u00e9 le but contre son camp du portier lensois (30e) avant de [...]","og_url":"https:\/\/www.ladiagonale.net\/index.php\/2024\/02\/25\/les-notes-minamino-a-charbonne\/","og_site_name":"La Diagonale","article_published_time":"2024-02-25T21:51:23+00:00","article_modified_time":"2024-02-25T21:57:56+00:00","og_image":[{"width":1160,"height":650,"url":"https:\/\/www.ladiagonale.net\/wp-content\/uploads\/2024\/02\/minamino-lens-1.png","type":"image\/png"}],"author":"Damien Dellerba","twitter_card":"summary_large_image","twitter_image":"https:\/\/www.ladiagonale.net\/wp-content\/uploads\/2024\/02\/minamino-lens-1.png","twitter_misc":{"\u00c9crit par":"Damien Dellerba","Dur\u00e9e de lecture estim\u00e9e":"5 minutes"},"schema":{"@context":"https:\/\/schema.org","@graph":[{"@type":"WebPage","@id":"https:\/\/www.ladiagonale.net\/index.php\/2024\/02\/25\/les-notes-minamino-a-charbonne\/","url":"https:\/\/www.ladiagonale.net\/index.php\/2024\/02\/25\/les-notes-minamino-a-charbonne\/","name":"Les notes : Minamino a charbonn\u00e9 - La Diagonale","isPartOf":{"@id":"https:\/\/www.ladiagonale.net\/#website"},"datePublished":"2024-02-25T21:51:23+00:00","dateModified":"2024-02-25T21:57:56+00:00","author":{"@id":"https:\/\/www.ladiagonale.net\/#\/schema\/person\/79ff1e7b0853ed01b2aa26e64ad300bf"},"breadcrumb":{"@id":"https:\/\/www.ladiagonale.net\/index.php\/2024\/02\/25\/les-notes-minamino-a-charbonne\/#breadcrumb"},"inLanguage":"fr-FR","potentialAction":[{"@type":"ReadAction","target":["https:\/\/www.ladiagonale.net\/index.php\/2024\/02\/25\/les-notes-minamino-a-charbonne\/"]}]},{"@type":"BreadcrumbList","@id":"https:\/\/www.ladiagonale.net\/index.php\/2024\/02\/25\/les-notes-minamino-a-charbonne\/#breadcrumb","itemListElement":[{"@type":"ListItem","position":1,"name":"Accueil","item":"https:\/\/www.ladiagonale.net\/"},{"@type":"ListItem","position":2,"name":"Les notes : Minamino a charbonn\u00e9"}]},{"@type":"WebSite","@id":"https:\/\/www.ladiagonale.net\/#website","url":"https:\/\/www.ladiagonale.net\/","name":"La Diagonale","description":"Le site des supporters de l&#039;AS Monaco FC","potentialAction":[{"@type":"SearchAction","target":{"@type":"EntryPoint","urlTemplate":"https:\/\/www.ladiagonale.net\/?s={search_term_string}"},"query-input":"required name=search_term_string"}],"inLanguage":"fr-FR"},{"@type":"Person","@id":"https:\/\/www.ladiagonale.net\/#\/schema\/person\/79ff1e7b0853ed01b2aa26e64ad300bf","name":"Damien Dellerba","image":{"@type":"ImageObject","inLanguage":"fr-FR","@id":"https:\/\/www.ladiagonale.net\/#\/schema\/person\/image\/","url":"https:\/\/secure.gravatar.com\/avatar\/c7850e06d3ff63cdbaee88b7fc16e2f0?s=96&d=mm&r=g","contentUrl":"https:\/\/secure.gravatar.com\/avatar\/c7850e06d3ff63cdbaee88b7fc16e2f0?s=96&d=mm&r=g","caption":"Damien Dellerba"},"url":"https:\/\/www.ladiagonale.net\/index.php\/author\/damien\/"}]}},"_links":{"self":[{"href":"https:\/\/www.ladiagonale.net\/index.php\/wp-json\/wp\/v2\/posts\/21153"}],"collection":[{"href":"https:\/\/www.ladiagonale.net\/index.php\/wp-json\/wp\/v2\/posts"}],"about":[{"href":"https:\/\/www.ladiagonale.net\/index.php\/wp-json\/wp\/v2\/types\/post"}],"author":[{"embeddable":true,"href":"https:\/\/www.ladiagonale.net\/index.php\/wp-json\/wp\/v2\/users\/2"}],"replies":[{"embeddable":true,"href":"https:\/\/www.ladiagonale.net\/index.php\/wp-json\/wp\/v2\/comments?post=21153"}],"version-history":[{"count":4,"href":"https:\/\/www.ladiagonale.net\/index.php\/wp-json\/wp\/v2\/posts\/21153\/revisions"}],"predecessor-version":[{"id":21167,"href":"https:\/\/www.ladiagonale.net\/index.php\/wp-json\/wp\/v2\/posts\/21153\/revisions\/21167"}],"wp:featuredmedia":[{"embeddable":true,"href":"https:\/\/www.ladiagonale.net\/index.php\/wp-json\/wp\/v2\/media\/21161"}],"wp:attachment":[{"href":"https:\/\/www.ladiagonale.net\/index.php\/wp-json\/wp\/v2\/media?parent=21153"}],"wp:term":[{"taxonomy":"category","embeddable":true,"href":"https:\/\/www.ladiagonale.net\/index.php\/wp-json\/wp\/v2\/categories?post=21153"},{"taxonomy":"post_tag","embeddable":true,"href":"https:\/\/www.ladiagonale.net\/index.php\/wp-json\/wp\/v2\/tags?post=21153"}],"curies":[{"name":"wp","href":"https:\/\/api.w.org\/{rel}","templated":true}]}}