{"id":21208,"date":"2024-03-01T10:27:53","date_gmt":"2024-03-01T09:27:53","guid":{"rendered":"https:\/\/www.ladiagonale.net\/?p=21208"},"modified":"2024-03-01T11:06:04","modified_gmt":"2024-03-01T10:06:04","slug":"le-groupe-parisien-une-defense-decimee","status":"publish","type":"post","link":"https:\/\/www.ladiagonale.net\/index.php\/2024\/03\/01\/le-groupe-parisien-une-defense-decimee\/","title":{"rendered":"Le groupe parisien : une d\u00e9fense d\u00e9cim\u00e9e"},"content":{"rendered":"\n\n\n<p>21 joueurs parisiens ont \u00e9t\u00e9 convoqu\u00e9s par Luis Enrique pour cette rencontre face \u00e0 l&rsquo;AS Monaco. Le technicien espagnol comptera quatre absents en d\u00e9fense puisque Marquinhos a \u00e9t\u00e9 laiss\u00e9 au repos et que Danilo Pereira est touch\u00e9 \u00e0 une cuisse. Deux absences qui s&rsquo;ajoutent \u00e0 celles de Milan Skriniar et de Presnel Kimpembe, d\u00e9j\u00e0 \u00e9loign\u00e9s des terrains depuis un long moment.<\/p>\n\n\n\n<p>Point positif pour le PSG et sa d\u00e9fense, Nuno Mendes a pu faire son retour la semaine derni\u00e8re et faire sa premi\u00e8re apparition contre Rennes, lui qui \u00e9tait absent depuis le d\u00e9but de la saison, op\u00e9r\u00e9 \u00e0 l&rsquo;ischio droit.<\/p>\n\n\n\n<h3>Le groupe parisien<\/h3>\n\n\n\n<ul><li><strong>Gardiens :<\/strong> Donnarumma, Navas, Tenas.<\/li><li><strong>D\u00e9fenseurs :<\/strong> Beraldo, Gadou, Hakimi, Hernandez, Mukiele, Nuno Mendes.<\/li><li><strong>Milieux :<\/strong> Lee, Ruiz, Soler, Ugarte, Vitinha, Za\u00efre-Emery.<\/li><li><strong>Attaquants :<\/strong> Asensio, Barcola, Demb\u00e9l\u00e9, Kolo Muani, Mbapp\u00e9, Ramos.<\/li><\/ul>\n\n\n\n<p><em>Absents :<\/em> Marquinhos (repos), Danilo, Rico (bless\u00e9), Skriniar, Kimpembe (reprise), Kurzawa (choix). <\/p>\n","protected":false},"excerpt":{"rendered":"<p>21 joueurs parisiens ont \u00e9t\u00e9 convoqu\u00e9s par Luis Enrique pour cette rencontre face \u00e0 l&rsquo;AS Monaco. Le technicien espagnol comptera quatre absents en d\u00e9fense puisque Marquinhos a \u00e9t\u00e9 laiss\u00e9 au repos et que Danilo Pereira est touch\u00e9 \u00e0 une cuisse. Deux absences qui s&rsquo;ajoutent \u00e0 celles de Milan Skriniar et de Presnel Kimpembe, d\u00e9j\u00e0 \u00e9loign\u00e9s [&#8230;]\n","protected":false},"author":2,"featured_media":0,"comment_status":"open","ping_status":"open","sticky":false,"template":"","format":"standard","meta":[],"categories":[6],"tags":[86,225,94,786],"yoast_head":"<!-- This site is optimized with the Yoast SEO plugin v19.8 - https:\/\/yoast.com\/wordpress\/plugins\/seo\/ -->\n<title>Le groupe parisien : une d\u00e9fense d\u00e9cim\u00e9e - La Diagonale<\/title>\n<meta name=\"robots\" content=\"index, follow, max-snippet:-1, max-image-preview:large, max-video-preview:-1\" \/>\n<link rel=\"canonical\" href=\"https:\/\/www.ladiagonale.net\/index.php\/2024\/03\/01\/le-groupe-parisien-une-defense-decimee\/\" \/>\n<meta property=\"og:locale\" content=\"fr_FR\" \/>\n<meta property=\"og:type\" content=\"article\" \/>\n<meta property=\"og:title\" content=\"Le groupe parisien : une d\u00e9fense d\u00e9cim\u00e9e - La Diagonale\" \/>\n<meta property=\"og:description\" content=\"21 joueurs parisiens ont \u00e9t\u00e9 convoqu\u00e9s par Luis Enrique pour cette rencontre face \u00e0 l&rsquo;AS Monaco. Le technicien espagnol comptera quatre absents en d\u00e9fense puisque Marquinhos a \u00e9t\u00e9 laiss\u00e9 au repos et que Danilo Pereira est touch\u00e9 \u00e0 une cuisse. Deux absences qui s&rsquo;ajoutent \u00e0 celles de Milan Skriniar et de Presnel Kimpembe, d\u00e9j\u00e0 \u00e9loign\u00e9s [...]\" \/>\n<meta property=\"og:url\" content=\"https:\/\/www.ladiagonale.net\/index.php\/2024\/03\/01\/le-groupe-parisien-une-defense-decimee\/\" \/>\n<meta property=\"og:site_name\" content=\"La Diagonale\" \/>\n<meta property=\"article:published_time\" content=\"2024-03-01T09:27:53+00:00\" \/>\n<meta property=\"article:modified_time\" content=\"2024-03-01T10:06:04+00:00\" \/>\n<meta property=\"og:image\" content=\"https:\/\/www.ladiagonale.net\/wp-content\/uploads\/2023\/11\/marquinhos.png\" \/>\n\t<meta property=\"og:image:width\" content=\"1160\" \/>\n\t<meta property=\"og:image:height\" content=\"650\" \/>\n\t<meta property=\"og:image:type\" content=\"image\/png\" \/>\n<meta name=\"author\" content=\"Damien Dellerba\" \/>\n<meta name=\"twitter:card\" content=\"summary_large_image\" \/>\n<meta name=\"twitter:image\" content=\"https:\/\/www.ladiagonale.net\/wp-content\/uploads\/2023\/11\/marquinhos.png\" \/>\n<meta name=\"twitter:label1\" content=\"\u00c9crit par\" \/>\n\t<meta name=\"twitter:data1\" content=\"Damien Dellerba\" \/>\n\t<meta name=\"twitter:label2\" content=\"Dur\u00e9e de lecture estim\u00e9e\" \/>\n\t<meta name=\"twitter:data2\" content=\"1 minute\" \/>\n<script type=\"application\/ld+json\" class=\"yoast-schema-graph\">{\"@context\":\"https:\/\/schema.org\",\"@graph\":[{\"@type\":\"WebPage\",\"@id\":\"https:\/\/www.ladiagonale.net\/index.php\/2024\/03\/01\/le-groupe-parisien-une-defense-decimee\/\",\"url\":\"https:\/\/www.ladiagonale.net\/index.php\/2024\/03\/01\/le-groupe-parisien-une-defense-decimee\/\",\"name\":\"Le groupe parisien : une d\u00e9fense d\u00e9cim\u00e9e - La Diagonale\",\"isPartOf\":{\"@id\":\"https:\/\/www.ladiagonale.net\/#website\"},\"datePublished\":\"2024-03-01T09:27:53+00:00\",\"dateModified\":\"2024-03-01T10:06:04+00:00\",\"author\":{\"@id\":\"https:\/\/www.ladiagonale.net\/#\/schema\/person\/79ff1e7b0853ed01b2aa26e64ad300bf\"},\"breadcrumb\":{\"@id\":\"https:\/\/www.ladiagonale.net\/index.php\/2024\/03\/01\/le-groupe-parisien-une-defense-decimee\/#breadcrumb\"},\"inLanguage\":\"fr-FR\",\"potentialAction\":[{\"@type\":\"ReadAction\",\"target\":[\"https:\/\/www.ladiagonale.net\/index.php\/2024\/03\/01\/le-groupe-parisien-une-defense-decimee\/\"]}]},{\"@type\":\"BreadcrumbList\",\"@id\":\"https:\/\/www.ladiagonale.net\/index.php\/2024\/03\/01\/le-groupe-parisien-une-defense-decimee\/#breadcrumb\",\"itemListElement\":[{\"@type\":\"ListItem\",\"position\":1,\"name\":\"Accueil\",\"item\":\"https:\/\/www.ladiagonale.net\/\"},{\"@type\":\"ListItem\",\"position\":2,\"name\":\"Le groupe parisien : une d\u00e9fense d\u00e9cim\u00e9e\"}]},{\"@type\":\"WebSite\",\"@id\":\"https:\/\/www.ladiagonale.net\/#website\",\"url\":\"https:\/\/www.ladiagonale.net\/\",\"name\":\"La Diagonale\",\"description\":\"Le site des supporters de l&#039;AS Monaco FC\",\"potentialAction\":[{\"@type\":\"SearchAction\",\"target\":{\"@type\":\"EntryPoint\",\"urlTemplate\":\"https:\/\/www.ladiagonale.net\/?s={search_term_string}\"},\"query-input\":\"required name=search_term_string\"}],\"inLanguage\":\"fr-FR\"},{\"@type\":\"Person\",\"@id\":\"https:\/\/www.ladiagonale.net\/#\/schema\/person\/79ff1e7b0853ed01b2aa26e64ad300bf\",\"name\":\"Damien Dellerba\",\"image\":{\"@type\":\"ImageObject\",\"inLanguage\":\"fr-FR\",\"@id\":\"https:\/\/www.ladiagonale.net\/#\/schema\/person\/image\/\",\"url\":\"https:\/\/secure.gravatar.com\/avatar\/c7850e06d3ff63cdbaee88b7fc16e2f0?s=96&d=mm&r=g\",\"contentUrl\":\"https:\/\/secure.gravatar.com\/avatar\/c7850e06d3ff63cdbaee88b7fc16e2f0?s=96&d=mm&r=g\",\"caption\":\"Damien Dellerba\"},\"url\":\"https:\/\/www.ladiagonale.net\/index.php\/author\/damien\/\"}]}<\/script>\n<!-- \/ Yoast SEO plugin. -->","yoast_head_json":{"title":"Le groupe parisien : une d\u00e9fense d\u00e9cim\u00e9e - La Diagonale","robots":{"index":"index","follow":"follow","max-snippet":"max-snippet:-1","max-image-preview":"max-image-preview:large","max-video-preview":"max-video-preview:-1"},"canonical":"https:\/\/www.ladiagonale.net\/index.php\/2024\/03\/01\/le-groupe-parisien-une-defense-decimee\/","og_locale":"fr_FR","og_type":"article","og_title":"Le groupe parisien : une d\u00e9fense d\u00e9cim\u00e9e - La Diagonale","og_description":"21 joueurs parisiens ont \u00e9t\u00e9 convoqu\u00e9s par Luis Enrique pour cette rencontre face \u00e0 l&rsquo;AS Monaco. Le technicien espagnol comptera quatre absents en d\u00e9fense puisque Marquinhos a \u00e9t\u00e9 laiss\u00e9 au repos et que Danilo Pereira est touch\u00e9 \u00e0 une cuisse. Deux absences qui s&rsquo;ajoutent \u00e0 celles de Milan Skriniar et de Presnel Kimpembe, d\u00e9j\u00e0 \u00e9loign\u00e9s [...]","og_url":"https:\/\/www.ladiagonale.net\/index.php\/2024\/03\/01\/le-groupe-parisien-une-defense-decimee\/","og_site_name":"La Diagonale","article_published_time":"2024-03-01T09:27:53+00:00","article_modified_time":"2024-03-01T10:06:04+00:00","og_image":[{"width":1160,"height":650,"url":"https:\/\/www.ladiagonale.net\/wp-content\/uploads\/2023\/11\/marquinhos.png","type":"image\/png"}],"author":"Damien Dellerba","twitter_card":"summary_large_image","twitter_image":"https:\/\/www.ladiagonale.net\/wp-content\/uploads\/2023\/11\/marquinhos.png","twitter_misc":{"\u00c9crit par":"Damien Dellerba","Dur\u00e9e de lecture estim\u00e9e":"1 minute"},"schema":{"@context":"https:\/\/schema.org","@graph":[{"@type":"WebPage","@id":"https:\/\/www.ladiagonale.net\/index.php\/2024\/03\/01\/le-groupe-parisien-une-defense-decimee\/","url":"https:\/\/www.ladiagonale.net\/index.php\/2024\/03\/01\/le-groupe-parisien-une-defense-decimee\/","name":"Le groupe parisien : une d\u00e9fense d\u00e9cim\u00e9e - La Diagonale","isPartOf":{"@id":"https:\/\/www.ladiagonale.net\/#website"},"datePublished":"2024-03-01T09:27:53+00:00","dateModified":"2024-03-01T10:06:04+00:00","author":{"@id":"https:\/\/www.ladiagonale.net\/#\/schema\/person\/79ff1e7b0853ed01b2aa26e64ad300bf"},"breadcrumb":{"@id":"https:\/\/www.ladiagonale.net\/index.php\/2024\/03\/01\/le-groupe-parisien-une-defense-decimee\/#breadcrumb"},"inLanguage":"fr-FR","potentialAction":[{"@type":"ReadAction","target":["https:\/\/www.ladiagonale.net\/index.php\/2024\/03\/01\/le-groupe-parisien-une-defense-decimee\/"]}]},{"@type":"BreadcrumbList","@id":"https:\/\/www.ladiagonale.net\/index.php\/2024\/03\/01\/le-groupe-parisien-une-defense-decimee\/#breadcrumb","itemListElement":[{"@type":"ListItem","position":1,"name":"Accueil","item":"https:\/\/www.ladiagonale.net\/"},{"@type":"ListItem","position":2,"name":"Le groupe parisien : une d\u00e9fense d\u00e9cim\u00e9e"}]},{"@type":"WebSite","@id":"https:\/\/www.ladiagonale.net\/#website","url":"https:\/\/www.ladiagonale.net\/","name":"La Diagonale","description":"Le site des supporters de l&#039;AS Monaco FC","potentialAction":[{"@type":"SearchAction","target":{"@type":"EntryPoint","urlTemplate":"https:\/\/www.ladiagonale.net\/?s={search_term_string}"},"query-input":"required name=search_term_string"}],"inLanguage":"fr-FR"},{"@type":"Person","@id":"https:\/\/www.ladiagonale.net\/#\/schema\/person\/79ff1e7b0853ed01b2aa26e64ad300bf","name":"Damien Dellerba","image":{"@type":"ImageObject","inLanguage":"fr-FR","@id":"https:\/\/www.ladiagonale.net\/#\/schema\/person\/image\/","url":"https:\/\/secure.gravatar.com\/avatar\/c7850e06d3ff63cdbaee88b7fc16e2f0?s=96&d=mm&r=g","contentUrl":"https:\/\/secure.gravatar.com\/avatar\/c7850e06d3ff63cdbaee88b7fc16e2f0?s=96&d=mm&r=g","caption":"Damien Dellerba"},"url":"https:\/\/www.ladiagonale.net\/index.php\/author\/damien\/"}]}},"_links":{"self":[{"href":"https:\/\/www.ladiagonale.net\/index.php\/wp-json\/wp\/v2\/posts\/21208"}],"collection":[{"href":"https:\/\/www.ladiagonale.net\/index.php\/wp-json\/wp\/v2\/posts"}],"about":[{"href":"https:\/\/www.ladiagonale.net\/index.php\/wp-json\/wp\/v2\/types\/post"}],"author":[{"embeddable":true,"href":"https:\/\/www.ladiagonale.net\/index.php\/wp-json\/wp\/v2\/users\/2"}],"replies":[{"embeddable":true,"href":"https:\/\/www.ladiagonale.net\/index.php\/wp-json\/wp\/v2\/comments?post=21208"}],"version-history":[{"count":2,"href":"https:\/\/www.ladiagonale.net\/index.php\/wp-json\/wp\/v2\/posts\/21208\/revisions"}],"predecessor-version":[{"id":21210,"href":"https:\/\/www.ladiagonale.net\/index.php\/wp-json\/wp\/v2\/posts\/21208\/revisions\/21210"}],"wp:attachment":[{"href":"https:\/\/www.ladiagonale.net\/index.php\/wp-json\/wp\/v2\/media?parent=21208"}],"wp:term":[{"taxonomy":"category","embeddable":true,"href":"https:\/\/www.ladiagonale.net\/index.php\/wp-json\/wp\/v2\/categories?post=21208"},{"taxonomy":"post_tag","embeddable":true,"href":"https:\/\/www.ladiagonale.net\/index.php\/wp-json\/wp\/v2\/tags?post=21208"}],"curies":[{"name":"wp","href":"https:\/\/api.w.org\/{rel}","templated":true}]}}