{"id":21217,"date":"2024-03-01T12:04:29","date_gmt":"2024-03-01T11:04:29","guid":{"rendered":"https:\/\/www.ladiagonale.net\/?p=21217"},"modified":"2024-03-01T12:17:50","modified_gmt":"2024-03-01T11:17:50","slug":"en-outsider","status":"publish","type":"post","link":"https:\/\/www.ladiagonale.net\/index.php\/2024\/03\/01\/en-outsider\/","title":{"rendered":"En outsider"},"content":{"rendered":"\n<p><strong>Fin novembre, Monaco se rendait au Parc des Princes avec l\u2019ambition de chatouiller Paris dans la course au titre. Une d\u00e9faite retentissante (2-5) et plusieurs contre-performances plus tard ont remis Monaco \u00e0 sa place, c\u2019est-\u00e0-dire loin du leader et champion sortant.<\/strong><\/p>\n\n\n\n<p>Le discours a bien chang\u00e9 en quelques mois. Si les Rouge et Blanc se voulaient prudents en d\u00e9but de saison, pr\u00e9f\u00e9rant attendre la suite de la saison pour savoir s\u2019il y avait une chance de jouer le titre, on sentait toutefois que l\u2019envie de tenter cr\u00e2nement sa chance \u00e9tait pr\u00e9sente. Aujourd\u2019hui, le mot n\u2019est plus \u00e9voqu\u00e9, car Monaco a laiss\u00e9 trop de points en route, accusant d\u00e9sormais un retard de 14 longueurs sur le PSG. Seul l\u2019entra\u00eeneur parisien, Luis Enrique, a parl\u00e9 de l\u2019ASM comme un \u00ab\u00a0<em>concurrent direct<\/em>\u00a0\u00bb pour le titre\u00e0 la veille de la confrontation entre les deux \u00e9quipes, sans que cela ne trompe personne. Pour les Mon\u00e9gasques, la r\u00e9alit\u00e9 s\u2019appelle \u00ab\u00a0podium\u00a0\u00bb et au vu de leurs r\u00e9centes performances, y figurer est encore loin d\u2019\u00eatre une \u00e9vidence. Alors, contre Paris, Monaco va se retrouver dans la position de l\u2019outsider, celui qui n\u2019a rien \u00e0 perdre.<\/p>\n\n\n\n<p>Pour autant, Adi H\u00fctter n\u2019a pas envie de jouer les faire-valoir face \u00e0 la meilleure \u00e9quipe de Ligue 1. Le technicien autrichien a donn\u00e9 quelques indices sur l&rsquo;approche qu&rsquo;il souhaitait avoir face au PSG, et celle-ci ne sera r\u00e9solument pas prudente : \u00ab&nbsp;<em>On voudra jouer assez haut, comme on l\u2019a fait \u00e0 l\u2019aller. (&#8230;) <em>Si nous restons dans notre moiti\u00e9 de terrain \u00e0 les attendre, cela peut mettre une sacr\u00e9e pagaille. Nous sommes convaincus par notre style de jeu, et de les mettre sous pression au bon moment.<\/em><\/em>&nbsp;\u00bb H\u00fctter est convaincu que son \u00e9quipe a les armes pour aller chercher un r\u00e9sultat face \u00e0 l&rsquo;ogre parisien, \u00e0 condition d&rsquo;y mettre les \u00e9l\u00e9ments. Le staff mon\u00e9gasque pourrait d&rsquo;ailleurs r\u00e9server quelques surprises dans son sch\u00e9ma, notamment pour compenser l&rsquo;absence de Denis Zakaria, suspendu.<\/p>\n\n\n\n<p>Si Monaco se pr\u00e9sente face au PSG en n\u2019ayant rien \u00e0 perdre, l\u2019un de ses \u00e9l\u00e9ments va quand m\u00eame jouer gros. Radoslaw Majecki vivra son premier vrai test dans les buts avec le club de la Principaut\u00e9, qui en avait encaiss\u00e9 cinq au Parc des Princes en novembre dernier avec Philipp K\u00f6hn. Auteur d\u2019une boulette lors de cette rencontre, le portier suisse en a commis d&rsquo;autres depuis, ce qui a pr\u00e9cipit\u00e9 son d\u00e9classement et favoris\u00e9 la promotion de l&rsquo;outsider polonais contre Lens le week-end dernier, que personne n&rsquo;attendait. L&rsquo;ancien gardien du Legia Varsovie devrait d\u00e9sormais garder les buts as\u00e9mistes jusqu&rsquo;\u00e0 la fin de la saison, \u00e0 moins de faillir \u00e0 sa mission lui aussi.<\/p>\n\n\n","protected":false},"excerpt":{"rendered":"<p>Fin novembre, Monaco se rendait au Parc des Princes avec l\u2019ambition de chatouiller Paris dans la course au titre. Une d\u00e9faite retentissante (2-5) et plusieurs contre-performances plus tard ont remis Monaco \u00e0 sa place, c\u2019est-\u00e0-dire loin du leader et champion sortant. Le discours a bien chang\u00e9 en quelques mois. Si les Rouge et Blanc se [&#8230;]\n","protected":false},"author":2,"featured_media":21218,"comment_status":"open","ping_status":"open","sticky":false,"template":"","format":"standard","meta":[],"categories":[5,6],"tags":[86,94,786],"yoast_head":"<!-- This site is optimized with the Yoast SEO plugin v19.8 - https:\/\/yoast.com\/wordpress\/plugins\/seo\/ -->\n<title>En outsider - La Diagonale<\/title>\n<meta name=\"robots\" content=\"index, follow, max-snippet:-1, max-image-preview:large, max-video-preview:-1\" \/>\n<link rel=\"canonical\" href=\"https:\/\/www.ladiagonale.net\/index.php\/2024\/03\/01\/en-outsider\/\" \/>\n<meta property=\"og:locale\" content=\"fr_FR\" \/>\n<meta property=\"og:type\" content=\"article\" \/>\n<meta property=\"og:title\" content=\"En outsider - La Diagonale\" \/>\n<meta property=\"og:description\" content=\"Fin novembre, Monaco se rendait au Parc des Princes avec l\u2019ambition de chatouiller Paris dans la course au titre. Une d\u00e9faite retentissante (2-5) et plusieurs contre-performances plus tard ont remis Monaco \u00e0 sa place, c\u2019est-\u00e0-dire loin du leader et champion sortant. Le discours a bien chang\u00e9 en quelques mois. Si les Rouge et Blanc se [...]\" \/>\n<meta property=\"og:url\" content=\"https:\/\/www.ladiagonale.net\/index.php\/2024\/03\/01\/en-outsider\/\" \/>\n<meta property=\"og:site_name\" content=\"La Diagonale\" \/>\n<meta property=\"article:published_time\" content=\"2024-03-01T11:04:29+00:00\" \/>\n<meta property=\"article:modified_time\" content=\"2024-03-01T11:17:50+00:00\" \/>\n<meta property=\"og:image\" content=\"https:\/\/www.ladiagonale.net\/wp-content\/uploads\/2024\/03\/Majecki-Lens.png\" \/>\n\t<meta property=\"og:image:width\" content=\"1160\" \/>\n\t<meta property=\"og:image:height\" content=\"650\" \/>\n\t<meta property=\"og:image:type\" content=\"image\/png\" \/>\n<meta name=\"author\" content=\"Damien Dellerba\" \/>\n<meta name=\"twitter:card\" content=\"summary_large_image\" \/>\n<meta name=\"twitter:image\" content=\"https:\/\/www.ladiagonale.net\/wp-content\/uploads\/2024\/03\/Majecki-Lens.png\" \/>\n<meta name=\"twitter:label1\" content=\"\u00c9crit par\" \/>\n\t<meta name=\"twitter:data1\" content=\"Damien Dellerba\" \/>\n\t<meta name=\"twitter:label2\" content=\"Dur\u00e9e de lecture estim\u00e9e\" \/>\n\t<meta name=\"twitter:data2\" content=\"3 minutes\" \/>\n<script type=\"application\/ld+json\" class=\"yoast-schema-graph\">{\"@context\":\"https:\/\/schema.org\",\"@graph\":[{\"@type\":\"WebPage\",\"@id\":\"https:\/\/www.ladiagonale.net\/index.php\/2024\/03\/01\/en-outsider\/\",\"url\":\"https:\/\/www.ladiagonale.net\/index.php\/2024\/03\/01\/en-outsider\/\",\"name\":\"En outsider - La Diagonale\",\"isPartOf\":{\"@id\":\"https:\/\/www.ladiagonale.net\/#website\"},\"datePublished\":\"2024-03-01T11:04:29+00:00\",\"dateModified\":\"2024-03-01T11:17:50+00:00\",\"author\":{\"@id\":\"https:\/\/www.ladiagonale.net\/#\/schema\/person\/79ff1e7b0853ed01b2aa26e64ad300bf\"},\"breadcrumb\":{\"@id\":\"https:\/\/www.ladiagonale.net\/index.php\/2024\/03\/01\/en-outsider\/#breadcrumb\"},\"inLanguage\":\"fr-FR\",\"potentialAction\":[{\"@type\":\"ReadAction\",\"target\":[\"https:\/\/www.ladiagonale.net\/index.php\/2024\/03\/01\/en-outsider\/\"]}]},{\"@type\":\"BreadcrumbList\",\"@id\":\"https:\/\/www.ladiagonale.net\/index.php\/2024\/03\/01\/en-outsider\/#breadcrumb\",\"itemListElement\":[{\"@type\":\"ListItem\",\"position\":1,\"name\":\"Accueil\",\"item\":\"https:\/\/www.ladiagonale.net\/\"},{\"@type\":\"ListItem\",\"position\":2,\"name\":\"En outsider\"}]},{\"@type\":\"WebSite\",\"@id\":\"https:\/\/www.ladiagonale.net\/#website\",\"url\":\"https:\/\/www.ladiagonale.net\/\",\"name\":\"La Diagonale\",\"description\":\"Le site des supporters de l&#039;AS Monaco FC\",\"potentialAction\":[{\"@type\":\"SearchAction\",\"target\":{\"@type\":\"EntryPoint\",\"urlTemplate\":\"https:\/\/www.ladiagonale.net\/?s={search_term_string}\"},\"query-input\":\"required name=search_term_string\"}],\"inLanguage\":\"fr-FR\"},{\"@type\":\"Person\",\"@id\":\"https:\/\/www.ladiagonale.net\/#\/schema\/person\/79ff1e7b0853ed01b2aa26e64ad300bf\",\"name\":\"Damien Dellerba\",\"image\":{\"@type\":\"ImageObject\",\"inLanguage\":\"fr-FR\",\"@id\":\"https:\/\/www.ladiagonale.net\/#\/schema\/person\/image\/\",\"url\":\"https:\/\/secure.gravatar.com\/avatar\/c7850e06d3ff63cdbaee88b7fc16e2f0?s=96&d=mm&r=g\",\"contentUrl\":\"https:\/\/secure.gravatar.com\/avatar\/c7850e06d3ff63cdbaee88b7fc16e2f0?s=96&d=mm&r=g\",\"caption\":\"Damien Dellerba\"},\"url\":\"https:\/\/www.ladiagonale.net\/index.php\/author\/damien\/\"}]}<\/script>\n<!-- \/ Yoast SEO plugin. -->","yoast_head_json":{"title":"En outsider - La Diagonale","robots":{"index":"index","follow":"follow","max-snippet":"max-snippet:-1","max-image-preview":"max-image-preview:large","max-video-preview":"max-video-preview:-1"},"canonical":"https:\/\/www.ladiagonale.net\/index.php\/2024\/03\/01\/en-outsider\/","og_locale":"fr_FR","og_type":"article","og_title":"En outsider - La Diagonale","og_description":"Fin novembre, Monaco se rendait au Parc des Princes avec l\u2019ambition de chatouiller Paris dans la course au titre. Une d\u00e9faite retentissante (2-5) et plusieurs contre-performances plus tard ont remis Monaco \u00e0 sa place, c\u2019est-\u00e0-dire loin du leader et champion sortant. Le discours a bien chang\u00e9 en quelques mois. Si les Rouge et Blanc se [...]","og_url":"https:\/\/www.ladiagonale.net\/index.php\/2024\/03\/01\/en-outsider\/","og_site_name":"La Diagonale","article_published_time":"2024-03-01T11:04:29+00:00","article_modified_time":"2024-03-01T11:17:50+00:00","og_image":[{"width":1160,"height":650,"url":"https:\/\/www.ladiagonale.net\/wp-content\/uploads\/2024\/03\/Majecki-Lens.png","type":"image\/png"}],"author":"Damien Dellerba","twitter_card":"summary_large_image","twitter_image":"https:\/\/www.ladiagonale.net\/wp-content\/uploads\/2024\/03\/Majecki-Lens.png","twitter_misc":{"\u00c9crit par":"Damien Dellerba","Dur\u00e9e de lecture estim\u00e9e":"3 minutes"},"schema":{"@context":"https:\/\/schema.org","@graph":[{"@type":"WebPage","@id":"https:\/\/www.ladiagonale.net\/index.php\/2024\/03\/01\/en-outsider\/","url":"https:\/\/www.ladiagonale.net\/index.php\/2024\/03\/01\/en-outsider\/","name":"En outsider - La Diagonale","isPartOf":{"@id":"https:\/\/www.ladiagonale.net\/#website"},"datePublished":"2024-03-01T11:04:29+00:00","dateModified":"2024-03-01T11:17:50+00:00","author":{"@id":"https:\/\/www.ladiagonale.net\/#\/schema\/person\/79ff1e7b0853ed01b2aa26e64ad300bf"},"breadcrumb":{"@id":"https:\/\/www.ladiagonale.net\/index.php\/2024\/03\/01\/en-outsider\/#breadcrumb"},"inLanguage":"fr-FR","potentialAction":[{"@type":"ReadAction","target":["https:\/\/www.ladiagonale.net\/index.php\/2024\/03\/01\/en-outsider\/"]}]},{"@type":"BreadcrumbList","@id":"https:\/\/www.ladiagonale.net\/index.php\/2024\/03\/01\/en-outsider\/#breadcrumb","itemListElement":[{"@type":"ListItem","position":1,"name":"Accueil","item":"https:\/\/www.ladiagonale.net\/"},{"@type":"ListItem","position":2,"name":"En outsider"}]},{"@type":"WebSite","@id":"https:\/\/www.ladiagonale.net\/#website","url":"https:\/\/www.ladiagonale.net\/","name":"La Diagonale","description":"Le site des supporters de l&#039;AS Monaco FC","potentialAction":[{"@type":"SearchAction","target":{"@type":"EntryPoint","urlTemplate":"https:\/\/www.ladiagonale.net\/?s={search_term_string}"},"query-input":"required name=search_term_string"}],"inLanguage":"fr-FR"},{"@type":"Person","@id":"https:\/\/www.ladiagonale.net\/#\/schema\/person\/79ff1e7b0853ed01b2aa26e64ad300bf","name":"Damien Dellerba","image":{"@type":"ImageObject","inLanguage":"fr-FR","@id":"https:\/\/www.ladiagonale.net\/#\/schema\/person\/image\/","url":"https:\/\/secure.gravatar.com\/avatar\/c7850e06d3ff63cdbaee88b7fc16e2f0?s=96&d=mm&r=g","contentUrl":"https:\/\/secure.gravatar.com\/avatar\/c7850e06d3ff63cdbaee88b7fc16e2f0?s=96&d=mm&r=g","caption":"Damien Dellerba"},"url":"https:\/\/www.ladiagonale.net\/index.php\/author\/damien\/"}]}},"_links":{"self":[{"href":"https:\/\/www.ladiagonale.net\/index.php\/wp-json\/wp\/v2\/posts\/21217"}],"collection":[{"href":"https:\/\/www.ladiagonale.net\/index.php\/wp-json\/wp\/v2\/posts"}],"about":[{"href":"https:\/\/www.ladiagonale.net\/index.php\/wp-json\/wp\/v2\/types\/post"}],"author":[{"embeddable":true,"href":"https:\/\/www.ladiagonale.net\/index.php\/wp-json\/wp\/v2\/users\/2"}],"replies":[{"embeddable":true,"href":"https:\/\/www.ladiagonale.net\/index.php\/wp-json\/wp\/v2\/comments?post=21217"}],"version-history":[{"count":2,"href":"https:\/\/www.ladiagonale.net\/index.php\/wp-json\/wp\/v2\/posts\/21217\/revisions"}],"predecessor-version":[{"id":21221,"href":"https:\/\/www.ladiagonale.net\/index.php\/wp-json\/wp\/v2\/posts\/21217\/revisions\/21221"}],"wp:featuredmedia":[{"embeddable":true,"href":"https:\/\/www.ladiagonale.net\/index.php\/wp-json\/wp\/v2\/media\/21218"}],"wp:attachment":[{"href":"https:\/\/www.ladiagonale.net\/index.php\/wp-json\/wp\/v2\/media?parent=21217"}],"wp:term":[{"taxonomy":"category","embeddable":true,"href":"https:\/\/www.ladiagonale.net\/index.php\/wp-json\/wp\/v2\/categories?post=21217"},{"taxonomy":"post_tag","embeddable":true,"href":"https:\/\/www.ladiagonale.net\/index.php\/wp-json\/wp\/v2\/tags?post=21217"}],"curies":[{"name":"wp","href":"https:\/\/api.w.org\/{rel}","templated":true}]}}